{"id":9937,"date":"2022-08-23T09:00:00","date_gmt":"2022-08-23T07:00:00","guid":{"rendered":"https:\/\/www.kompetensforetagen.se\/?p=9937"},"modified":"2023-11-29T09:16:29","modified_gmt":"2023-11-29T08:16:29","slug":"kvarttalsrapport-q2","status":"publish","type":"post","link":"https:\/\/www.kompetensforetagen.se\/2022\/08\/kvarttalsrapport-q2\/","title":{"rendered":"Positiv tillv\u00e4xt i kompetens&shy;branschen &#8211; toppnotering f\u00f6r rekrytering."},"content":{"rendered":"\n<p>Trots att tj\u00e4nstesektorn p\u00e5 f\u00f6rsommaren visat tecken p\u00e5 att bromsa in, redovisar insamlingen av oms\u00e4ttningsuppgifter fr\u00e5n Kompetensf\u00f6retagens medlemsf\u00f6retag p\u00e5 en gl\u00e4djande, positiv tillv\u00e4xt. Oms\u00e4ttningen i branschen har \u00f6kat med 17,8 procent under det andra kvartalet 2022, j\u00e4mf\u00f6rt med samma period 2021. I kronor inneb\u00e4r det en oms\u00e4ttning p\u00e5 8,8 miljarder.<\/p>\n\n\n\n<p>Samtliga regioner uppvisade en positiv utveckling under andra kvartalet 2022. S\u00f6dra Sverige var den region som utvecklades starkast med en oms\u00e4ttnings\u00f6kning p\u00e5 28,0 procent j\u00e4mf\u00f6rt med andra kvartalet 2021. Den svagaste oms\u00e4ttningsutvecklingen finns i V\u00e4stra Sverige som \u00f6kade med 4,9 procent.<\/p>\n\n\n\n<p>I n\u00e4rtid har det rapporterats om s\u00e5v\u00e4l minskad ungdomsarbetsl\u00f6shet som att syssels\u00e4ttningsgraden nu \u00e4r h\u00f6gre \u00e4n innan pandemin. Vi har fr\u00e5gat medlemmarna om de tror att det kommer att g\u00e5 b\u00e4ttre eller s\u00e4mre f\u00f6r f\u00f6retaget om ett \u00e5r \u00e4n det g\u00f6r idag. De bekr\u00e4ftar den positiva bilden; sl\u00e5r vi ihop de positiva svarsalternativen uppg\u00e5r andelen som ser positivt p\u00e5 framtiden till 47 procent. Det b\u00e5dar gott f\u00f6r branschen och svensk arbetsmarknad!.<\/p>\n\n\n\n<p><a href=\"https:\/\/www.almega.se\/app\/uploads\/sites\/5\/2022\/08\/kvartalsrapport_2022_q2-1.pdf\">Kvartalsrapport_Q2_2022<\/a><\/p>\n\n\n\n<figure class=\"wp-block-image alignright\"><img decoding=\"async\" src=\"https:\/\/www.almega.se\/app\/uploads\/sites\/5\/2022\/06\/resurs-3mdpi-e1660654097614.png\" alt=\"Snirklig svart pil som pekar upp\u00e5t\" class=\"wp-image-9571\"\/><\/figure>\n","protected":false},"excerpt":{"rendered":"<p>Trots att tj\u00e4nstesektorn p\u00e5 f\u00f6rsommaren visat tecken p\u00e5 att bromsa in, redovisar insamlingen av oms\u00e4ttningsuppgifter fr\u00e5n Kompetensf\u00f6retagens medlemsf\u00f6retag p\u00e5 en gl\u00e4djande, positiv tillv\u00e4xt. Oms\u00e4ttningen i branschen har \u00f6kat med 17,8 procent under det andra kvartalet &hellip;<\/p>\n","protected":false},"author":13369,"featured_media":9963,"comment_status":"closed","ping_status":"closed","sticky":false,"template":"","format":"standard","meta":{"_acf_changed":false,"footnotes":""},"categories":[15],"tags":[],"article_type":[8],"agreement":[],"for-members":[],"class_list":["post-9937","post","type-post","status-publish","format-standard","has-post-thumbnail","hentry","category-statistik","type-aktuellt"],"acf":[],"yoast_head":"<!-- This site is optimized with the Yoast SEO Premium plugin v26.8 (Yoast SEO v26.8) - https:\/\/yoast.com\/product\/yoast-seo-premium-wordpress\/ -->\n<title>Oms\u00e4ttningsstatistik Q2 2022 I Kompetensf\u00f6retagen<\/title>\n<meta name=\"description\" content=\"Oms\u00e4ttningen i branschen har \u00f6kat med 17,8 procent under det andra kvartalet 2022, j\u00e4mf\u00f6rt med samma period 2021.\" \/>\n<meta name=\"robots\" content=\"index, follow, max-snippet:-1, max-image-preview:large, max-video-preview:-1\" \/>\n<link rel=\"canonical\" href=\"https:\/\/www.kompetensforetagen.se\/2022\/08\/kvarttalsrapport-q2\/\" \/>\n<meta property=\"og:locale\" content=\"sv_SE\" \/>\n<meta property=\"og:type\" content=\"article\" \/>\n<meta property=\"og:title\" content=\"Positiv tillv\u00e4xt i kompetensbranschen - toppnotering f\u00f6r rekrytering.\" \/>\n<meta property=\"og:description\" content=\"Oms\u00e4ttningen i branschen har \u00f6kat med 17,8 procent under det andra kvartalet 2022, j\u00e4mf\u00f6rt med samma period 2021.\" \/>\n<meta property=\"og:url\" content=\"https:\/\/www.kompetensforetagen.se\/2022\/08\/kvarttalsrapport-q2\/\" \/>\n<meta property=\"og:site_name\" content=\"Kompetensf\u00f6retagen\" \/>\n<meta property=\"article:published_time\" content=\"2022-08-23T07:00:00+00:00\" \/>\n<meta property=\"article:modified_time\" content=\"2023-11-29T08:16:29+00:00\" \/>\n<meta property=\"og:image\" content=\"https:\/\/www.kompetensforetagen.se\/app\/uploads\/sites\/5\/2022\/08\/kvartalsrapport.png\" \/>\n\t<meta property=\"og:image:width\" content=\"1890\" \/>\n\t<meta property=\"og:image:height\" content=\"1417\" \/>\n\t<meta property=\"og:image:type\" content=\"image\/png\" \/>\n<meta name=\"author\" content=\"Camilla Gunnar\" \/>\n<meta name=\"twitter:card\" content=\"summary_large_image\" \/>\n<meta name=\"twitter:label1\" content=\"Skriven av\" \/>\n\t<meta name=\"twitter:data1\" content=\"Camilla Gunnar\" \/>\n\t<meta name=\"twitter:label2\" content=\"Ber\u00e4knad l\u00e4stid\" \/>\n\t<meta name=\"twitter:data2\" content=\"2 minuter\" \/>\n<!-- \/ Yoast SEO Premium plugin. -->","yoast_head_json":{"title":"Oms\u00e4ttningsstatistik Q2 2022 I Kompetensf\u00f6retagen","description":"Oms\u00e4ttningen i branschen har \u00f6kat med 17,8 procent under det andra kvartalet 2022, j\u00e4mf\u00f6rt med samma period 2021.","robots":{"index":"index","follow":"follow","max-snippet":"max-snippet:-1","max-image-preview":"max-image-preview:large","max-video-preview":"max-video-preview:-1"},"canonical":"https:\/\/www.kompetensforetagen.se\/2022\/08\/kvarttalsrapport-q2\/","og_locale":"sv_SE","og_type":"article","og_title":"Positiv tillv\u00e4xt i kompetensbranschen - toppnotering f\u00f6r rekrytering.","og_description":"Oms\u00e4ttningen i branschen har \u00f6kat med 17,8 procent under det andra kvartalet 2022, j\u00e4mf\u00f6rt med samma period 2021.","og_url":"https:\/\/www.kompetensforetagen.se\/2022\/08\/kvarttalsrapport-q2\/","og_site_name":"Kompetensf\u00f6retagen","article_published_time":"2022-08-23T07:00:00+00:00","article_modified_time":"2023-11-29T08:16:29+00:00","og_image":[{"width":1890,"height":1417,"url":"https:\/\/www.kompetensforetagen.se\/app\/uploads\/sites\/5\/2022\/08\/kvartalsrapport.png","type":"image\/png"}],"author":"Camilla Gunnar","twitter_card":"summary_large_image","twitter_misc":{"Skriven av":"Camilla Gunnar","Ber\u00e4knad l\u00e4stid":"2 minuter"},"schema":{"@context":"https:\/\/schema.org","@graph":[{"@type":"Article","@id":"https:\/\/www.kompetensforetagen.se\/2022\/08\/kvarttalsrapport-q2\/#article","isPartOf":{"@id":"https:\/\/www.kompetensforetagen.se\/2022\/08\/kvarttalsrapport-q2\/"},"author":{"name":"Camilla Gunnar","@id":"https:\/\/www.kompetensforetagen.se\/#\/schema\/person\/c7bba27698c27aaa15cc55986aee8988"},"headline":"Positiv tillv\u00e4xt i kompetens&shy;branschen &#8211; toppnotering f\u00f6r rekrytering.","datePublished":"2022-08-23T07:00:00+00:00","dateModified":"2023-11-29T08:16:29+00:00","mainEntityOfPage":{"@id":"https:\/\/www.kompetensforetagen.se\/2022\/08\/kvarttalsrapport-q2\/"},"wordCount":202,"publisher":{"@id":"https:\/\/www.kompetensforetagen.se\/#organization"},"image":{"@id":"https:\/\/www.kompetensforetagen.se\/2022\/08\/kvarttalsrapport-q2\/#primaryimage"},"thumbnailUrl":"https:\/\/www.kompetensforetagen.se\/app\/uploads\/sites\/5\/2022\/08\/kvartalsrapport.png","articleSection":["Statistik"],"inLanguage":"sv-SE"},{"@type":"WebPage","@id":"https:\/\/www.kompetensforetagen.se\/2022\/08\/kvarttalsrapport-q2\/","url":"https:\/\/www.kompetensforetagen.se\/2022\/08\/kvarttalsrapport-q2\/","name":"Oms\u00e4ttningsstatistik Q2 2022 I Kompetensf\u00f6retagen","isPartOf":{"@id":"https:\/\/www.kompetensforetagen.se\/#website"},"primaryImageOfPage":{"@id":"https:\/\/www.kompetensforetagen.se\/2022\/08\/kvarttalsrapport-q2\/#primaryimage"},"image":{"@id":"https:\/\/www.kompetensforetagen.se\/2022\/08\/kvarttalsrapport-q2\/#primaryimage"},"thumbnailUrl":"https:\/\/www.kompetensforetagen.se\/app\/uploads\/sites\/5\/2022\/08\/kvartalsrapport.png","datePublished":"2022-08-23T07:00:00+00:00","dateModified":"2023-11-29T08:16:29+00:00","description":"Oms\u00e4ttningen i branschen har \u00f6kat med 17,8 procent under det andra kvartalet 2022, j\u00e4mf\u00f6rt med samma period 2021.","breadcrumb":{"@id":"https:\/\/www.kompetensforetagen.se\/2022\/08\/kvarttalsrapport-q2\/#breadcrumb"},"inLanguage":"sv-SE","potentialAction":[{"@type":"ReadAction","target":["https:\/\/www.kompetensforetagen.se\/2022\/08\/kvarttalsrapport-q2\/"]}]},{"@type":"ImageObject","inLanguage":"sv-SE","@id":"https:\/\/www.kompetensforetagen.se\/2022\/08\/kvarttalsrapport-q2\/#primaryimage","url":"https:\/\/www.kompetensforetagen.se\/app\/uploads\/sites\/5\/2022\/08\/kvartalsrapport.png","contentUrl":"https:\/\/www.kompetensforetagen.se\/app\/uploads\/sites\/5\/2022\/08\/kvartalsrapport.png","width":1890,"height":1417,"caption":"Omslag f\u00f6r kvartalsrapport Q2 2022 \u2013 analys av kompetensf\u00f6retagens utveckling."},{"@type":"BreadcrumbList","@id":"https:\/\/www.kompetensforetagen.se\/2022\/08\/kvarttalsrapport-q2\/#breadcrumb","itemListElement":[{"@type":"ListItem","position":1,"name":"Home","item":"https:\/\/www.kompetensforetagen.se\/"},{"@type":"ListItem","position":2,"name":"Positiv tillv\u00e4xt i kompetens&shy;branschen &#8211; toppnotering f\u00f6r rekrytering."}]},{"@type":"WebSite","@id":"https:\/\/www.kompetensforetagen.se\/#website","url":"https:\/\/www.kompetensforetagen.se\/","name":"Kompetensf\u00f6retagen","description":"R\u00e4tt person p\u00e5 r\u00e4tt plats kan f\u00f6r\u00e4ndra v\u00e4rlden","publisher":{"@id":"https:\/\/www.kompetensforetagen.se\/#organization"},"potentialAction":[{"@type":"SearchAction","target":{"@type":"EntryPoint","urlTemplate":"https:\/\/www.kompetensforetagen.se\/?s={search_term_string}"},"query-input":{"@type":"PropertyValueSpecification","valueRequired":true,"valueName":"search_term_string"}}],"inLanguage":"sv-SE"},{"@type":"Organization","@id":"https:\/\/www.kompetensforetagen.se\/#organization","name":"Kompetensf\u00f6retagen","url":"https:\/\/www.kompetensforetagen.se\/","logo":{"@type":"ImageObject","inLanguage":"sv-SE","@id":"https:\/\/www.kompetensforetagen.se\/#\/schema\/logo\/image\/","url":"https:\/\/www.kompetensforetagen.se\/app\/uploads\/sites\/5\/2022\/10\/logga_svart.png","contentUrl":"https:\/\/www.kompetensforetagen.se\/app\/uploads\/sites\/5\/2022\/10\/logga_svart.png","width":752,"height":64,"caption":"Kompetensf\u00f6retagen"},"image":{"@id":"https:\/\/www.kompetensforetagen.se\/#\/schema\/logo\/image\/"},"sameAs":["https:\/\/www.linkedin.com\/company\/10540032\/"]},{"@type":"Person","@id":"https:\/\/www.kompetensforetagen.se\/#\/schema\/person\/c7bba27698c27aaa15cc55986aee8988","name":"Camilla Gunnar","image":{"@type":"ImageObject","inLanguage":"sv-SE","@id":"https:\/\/www.kompetensforetagen.se\/#\/schema\/person\/image\/","url":"https:\/\/secure.gravatar.com\/avatar\/22efdd0a8a6d5ee41af811eb334df2a6e2bf5e0edcf2f39b1e9a2ddf72c7cc68?s=96&d=mm&r=g","contentUrl":"https:\/\/secure.gravatar.com\/avatar\/22efdd0a8a6d5ee41af811eb334df2a6e2bf5e0edcf2f39b1e9a2ddf72c7cc68?s=96&d=mm&r=g","caption":"Camilla Gunnar"},"url":"https:\/\/www.kompetensforetagen.se\/person\/camillagunnar-2\/"}]}},"_links":{"self":[{"href":"https:\/\/www.kompetensforetagen.se\/api\/wp\/v2\/posts\/9937","targetHints":{"allow":["GET"]}}],"collection":[{"href":"https:\/\/www.kompetensforetagen.se\/api\/wp\/v2\/posts"}],"about":[{"href":"https:\/\/www.kompetensforetagen.se\/api\/wp\/v2\/types\/post"}],"author":[{"embeddable":true,"href":"https:\/\/www.kompetensforetagen.se\/api\/wp\/v2\/users\/13369"}],"replies":[{"embeddable":true,"href":"https:\/\/www.kompetensforetagen.se\/api\/wp\/v2\/comments?post=9937"}],"version-history":[{"count":2,"href":"https:\/\/www.kompetensforetagen.se\/api\/wp\/v2\/posts\/9937\/revisions"}],"predecessor-version":[{"id":14647,"href":"https:\/\/www.kompetensforetagen.se\/api\/wp\/v2\/posts\/9937\/revisions\/14647"}],"wp:featuredmedia":[{"embeddable":true,"href":"https:\/\/www.kompetensforetagen.se\/api\/wp\/v2\/media\/9963"}],"wp:attachment":[{"href":"https:\/\/www.kompetensforetagen.se\/api\/wp\/v2\/media?parent=9937"}],"wp:term":[{"taxonomy":"category","embeddable":true,"href":"https:\/\/www.kompetensforetagen.se\/api\/wp\/v2\/categories?post=9937"},{"taxonomy":"post_tag","embeddable":true,"href":"https:\/\/www.kompetensforetagen.se\/api\/wp\/v2\/tags?post=9937"},{"taxonomy":"type","embeddable":true,"href":"https:\/\/www.kompetensforetagen.se\/api\/wp\/v2\/article_type?post=9937"},{"taxonomy":"agreement","embeddable":true,"href":"https:\/\/www.kompetensforetagen.se\/api\/wp\/v2\/agreement?post=9937"},{"taxonomy":"for-members","embeddable":true,"href":"https:\/\/www.kompetensforetagen.se\/api\/wp\/v2\/for-members?post=9937"}],"curies":[{"name":"wp","href":"https:\/\/api.w.org\/{rel}","templated":true}]}}