{"id":9908,"date":"2022-07-07T13:02:38","date_gmt":"2022-07-07T11:02:38","guid":{"rendered":"https:\/\/www.kompetensforetagen.se\/?p=9908"},"modified":"2023-07-13T15:57:43","modified_gmt":"2023-07-13T13:57:43","slug":"bli-mentor-i-spannande-trepartssamarbete","status":"publish","type":"post","link":"https:\/\/www.kompetensforetagen.se\/2022\/07\/bli-mentor-i-spannande-trepartssamarbete\/","title":{"rendered":"Bli mentor i sp\u00e4nnande trepartssamarbete"},"content":{"rendered":"\n<p>Har du funderat p\u00e5 att bli mentor? Nu har du chansen. I h\u00f6st inleder Kompetensf\u00f6retagen och Akademikerf\u00f6rbundet SSR ett sp\u00e4nnande samarbete med den ideella organisationen Nema Problema! Genom att skapa mentorprogram \u00e4r syftet att <a href=\"https:\/\/www.kompetensforetagen.se\/2022\/02\/bemanningsbranschen-stark-integrationsmotor-pa-arbetsmarknaden\/\" target=\"_blank\" rel=\"noreferrer noopener\">hj\u00e4lpa nyanl\u00e4nda<\/a> ta steg mot den svenska arbetsmarknaden.<\/p>\n\n\n\n<h3 class=\"wp-block-heading\">Bli mentor \u00e5t en akademiker<\/h3>\n\n\n\n<p>De nyanl\u00e4nda projektdeltagarna kommer i regel ha akademisk bakgrund inom det samh\u00e4llsvetenskapliga omr\u00e5det. I programmet kommer exempelvis ekonomer, jurister, och personalvetare matchas med mentorer med liknande erfarenhet. Du som l\u00e4ser detta kan g\u00f6ra en insats i projektet genom att agera mentor \u00e5t en nyanl\u00e4nd. Att vara mentor inneb\u00e4r i korthet att du tr\u00e4ffar din adept en g\u00e5ng i m\u00e5naden under \u00e5tta m\u00e5naders tid och med hj\u00e4lp av din erfarenhet och branschk\u00e4nnedom st\u00f6ttar adepten i hens arbetss\u00f6kande.<\/p>\n\n\n\n<p>P\u00e5 Nema Problemas webbplats kan du redan nu<a href=\"https:\/\/www.nemaproblema.se\/mentor\/\" target=\"_blank\" rel=\"noreferrer noopener\"> l\u00e4sa mer och anm\u00e4la intresse.<\/a><\/p>\n\n\n\n<p>Ta chansen att engagera dig!<\/p>\n\n\n\n<p>S\u00e5 h\u00e4r beskriver Nema Problema mentorskapets betydelse:<\/p>\n\n\n\n<ul class=\"wp-block-list\">\n<li>Det st\u00e4rker sociala band mellan nya och etablerade i Sverige.<\/li>\n\n\n\n<li>Det \u00e4r effektivt f\u00f6r att hj\u00e4lpa m\u00e4nniskor till syssels\u00e4ttning och en meningsfull social tillvaro.<\/li>\n\n\n\n<li>Det ger etablerade svenskar viktiga insikter om livet som ny i Sverige.<\/li>\n\n\n\n<li>Det \u00e4r berikande och roligt f\u00f6r b\u00e5de mentor och adept att l\u00e4ra k\u00e4nna en m\u00e4nniska med en bakgrund olik ens egen.<\/li>\n<\/ul>\n","protected":false},"excerpt":{"rendered":"<p>Har du funderat p\u00e5 att bli mentor? Nu har du chansen. I h\u00f6st inleder Kompetensf\u00f6retagen och Akademikerf\u00f6rbundet SSR ett sp\u00e4nnande samarbete med den ideella organisationen Nema Problema! Genom att skapa mentorprogram \u00e4r syftet att hj\u00e4lpa &hellip;<\/p>\n","protected":false},"author":6358,"featured_media":3957,"comment_status":"closed","ping_status":"closed","sticky":false,"template":"","format":"standard","meta":{"_acf_changed":false,"footnotes":""},"categories":[206,1],"tags":[],"article_type":[8],"agreement":[],"for-members":[],"class_list":["post-9908","post","type-post","status-publish","format-standard","has-post-thumbnail","hentry","category-integration","category-okategoriserade","type-aktuellt"],"acf":[],"yoast_head":"<!-- This site is optimized with the Yoast SEO Premium plugin v26.8 (Yoast SEO v26.8) - https:\/\/yoast.com\/product\/yoast-seo-premium-wordpress\/ -->\n<title>Bli mentor i sp\u00e4nnande trepartssamarbete<\/title>\n<meta name=\"description\" content=\"Funderar p\u00e5 att bli mentor ska du ta chansen nu! Kompetensf\u00f6retagen, Akademikerf\u00f6rbundet SSR samarbetar med Nema Problema i ett mentorprogram.\" \/>\n<meta name=\"robots\" content=\"index, follow, max-snippet:-1, max-image-preview:large, max-video-preview:-1\" \/>\n<link rel=\"canonical\" href=\"https:\/\/www.kompetensforetagen.se\/2022\/07\/bli-mentor-i-spannande-trepartssamarbete\/\" \/>\n<meta property=\"og:locale\" content=\"sv_SE\" \/>\n<meta property=\"og:type\" content=\"article\" \/>\n<meta property=\"og:title\" content=\"Bli mentor i sp\u00e4nnande trepartssamarbete\" \/>\n<meta property=\"og:description\" content=\"Funderar p\u00e5 att bli mentor ska du ta chansen nu! Kompetensf\u00f6retagen, Akademikerf\u00f6rbundet SSR samarbetar med Nema Problema i ett mentorprogram.\" \/>\n<meta property=\"og:url\" content=\"https:\/\/www.kompetensforetagen.se\/2022\/07\/bli-mentor-i-spannande-trepartssamarbete\/\" \/>\n<meta property=\"og:site_name\" content=\"Kompetensf\u00f6retagen\" \/>\n<meta property=\"article:published_time\" content=\"2022-07-07T11:02:38+00:00\" \/>\n<meta property=\"article:modified_time\" content=\"2023-07-13T13:57:43+00:00\" \/>\n<meta property=\"og:image\" content=\"https:\/\/www.kompetensforetagen.se\/app\/uploads\/sites\/5\/2019\/08\/skaka-hand-1180x788.jpg\" \/>\n\t<meta property=\"og:image:width\" content=\"1180\" \/>\n\t<meta property=\"og:image:height\" content=\"788\" \/>\n\t<meta property=\"og:image:type\" content=\"image\/jpeg\" \/>\n<meta name=\"twitter:card\" content=\"summary_large_image\" \/>\n<meta name=\"twitter:label1\" content=\"Skriven av\" \/>\n\t<meta name=\"twitter:data1\" content=\"\" \/>\n\t<meta name=\"twitter:label2\" content=\"Ber\u00e4knad l\u00e4stid\" \/>\n\t<meta name=\"twitter:data2\" content=\"2 minuter\" \/>\n<!-- \/ Yoast SEO Premium plugin. -->","yoast_head_json":{"title":"Bli mentor i sp\u00e4nnande trepartssamarbete","description":"Funderar p\u00e5 att bli mentor ska du ta chansen nu! Kompetensf\u00f6retagen, Akademikerf\u00f6rbundet SSR samarbetar med Nema Problema i ett mentorprogram.","robots":{"index":"index","follow":"follow","max-snippet":"max-snippet:-1","max-image-preview":"max-image-preview:large","max-video-preview":"max-video-preview:-1"},"canonical":"https:\/\/www.kompetensforetagen.se\/2022\/07\/bli-mentor-i-spannande-trepartssamarbete\/","og_locale":"sv_SE","og_type":"article","og_title":"Bli mentor i sp\u00e4nnande trepartssamarbete","og_description":"Funderar p\u00e5 att bli mentor ska du ta chansen nu! Kompetensf\u00f6retagen, Akademikerf\u00f6rbundet SSR samarbetar med Nema Problema i ett mentorprogram.","og_url":"https:\/\/www.kompetensforetagen.se\/2022\/07\/bli-mentor-i-spannande-trepartssamarbete\/","og_site_name":"Kompetensf\u00f6retagen","article_published_time":"2022-07-07T11:02:38+00:00","article_modified_time":"2023-07-13T13:57:43+00:00","og_image":[{"width":1180,"height":788,"url":"https:\/\/www.kompetensforetagen.se\/app\/uploads\/sites\/5\/2019\/08\/skaka-hand-1180x788.jpg","type":"image\/jpeg"}],"twitter_card":"summary_large_image","twitter_misc":{"Skriven av":"","Ber\u00e4knad l\u00e4stid":"2 minuter"},"schema":{"@context":"https:\/\/schema.org","@graph":[{"@type":"Article","@id":"https:\/\/www.kompetensforetagen.se\/2022\/07\/bli-mentor-i-spannande-trepartssamarbete\/#article","isPartOf":{"@id":"https:\/\/www.kompetensforetagen.se\/2022\/07\/bli-mentor-i-spannande-trepartssamarbete\/"},"author":{"name":"","@id":""},"headline":"Bli mentor i sp\u00e4nnande trepartssamarbete","datePublished":"2022-07-07T11:02:38+00:00","dateModified":"2023-07-13T13:57:43+00:00","mainEntityOfPage":{"@id":"https:\/\/www.kompetensforetagen.se\/2022\/07\/bli-mentor-i-spannande-trepartssamarbete\/"},"wordCount":245,"publisher":{"@id":"https:\/\/www.kompetensforetagen.se\/#organization"},"image":{"@id":"https:\/\/www.kompetensforetagen.se\/2022\/07\/bli-mentor-i-spannande-trepartssamarbete\/#primaryimage"},"thumbnailUrl":"https:\/\/www.kompetensforetagen.se\/app\/uploads\/sites\/5\/2019\/08\/skaka-hand.jpg","articleSection":["Integration"],"inLanguage":"sv-SE"},{"@type":"WebPage","@id":"https:\/\/www.kompetensforetagen.se\/2022\/07\/bli-mentor-i-spannande-trepartssamarbete\/","url":"https:\/\/www.kompetensforetagen.se\/2022\/07\/bli-mentor-i-spannande-trepartssamarbete\/","name":"Bli mentor i sp\u00e4nnande trepartssamarbete","isPartOf":{"@id":"https:\/\/www.kompetensforetagen.se\/#website"},"primaryImageOfPage":{"@id":"https:\/\/www.kompetensforetagen.se\/2022\/07\/bli-mentor-i-spannande-trepartssamarbete\/#primaryimage"},"image":{"@id":"https:\/\/www.kompetensforetagen.se\/2022\/07\/bli-mentor-i-spannande-trepartssamarbete\/#primaryimage"},"thumbnailUrl":"https:\/\/www.kompetensforetagen.se\/app\/uploads\/sites\/5\/2019\/08\/skaka-hand.jpg","datePublished":"2022-07-07T11:02:38+00:00","dateModified":"2023-07-13T13:57:43+00:00","description":"Funderar p\u00e5 att bli mentor ska du ta chansen nu! Kompetensf\u00f6retagen, Akademikerf\u00f6rbundet SSR samarbetar med Nema Problema i ett mentorprogram.","breadcrumb":{"@id":"https:\/\/www.kompetensforetagen.se\/2022\/07\/bli-mentor-i-spannande-trepartssamarbete\/#breadcrumb"},"inLanguage":"sv-SE","potentialAction":[{"@type":"ReadAction","target":["https:\/\/www.kompetensforetagen.se\/2022\/07\/bli-mentor-i-spannande-trepartssamarbete\/"]}]},{"@type":"ImageObject","inLanguage":"sv-SE","@id":"https:\/\/www.kompetensforetagen.se\/2022\/07\/bli-mentor-i-spannande-trepartssamarbete\/#primaryimage","url":"https:\/\/www.kompetensforetagen.se\/app\/uploads\/sites\/5\/2019\/08\/skaka-hand.jpg","contentUrl":"https:\/\/www.kompetensforetagen.se\/app\/uploads\/sites\/5\/2019\/08\/skaka-hand.jpg","width":6016,"height":4016,"caption":"Handslag som bekr\u00e4ftar ett tryggt avtal om personaluthyrning."},{"@type":"BreadcrumbList","@id":"https:\/\/www.kompetensforetagen.se\/2022\/07\/bli-mentor-i-spannande-trepartssamarbete\/#breadcrumb","itemListElement":[{"@type":"ListItem","position":1,"name":"Home","item":"https:\/\/www.kompetensforetagen.se\/"},{"@type":"ListItem","position":2,"name":"Bli mentor i sp\u00e4nnande trepartssamarbete"}]},{"@type":"WebSite","@id":"https:\/\/www.kompetensforetagen.se\/#website","url":"https:\/\/www.kompetensforetagen.se\/","name":"Kompetensf\u00f6retagen","description":"R\u00e4tt person p\u00e5 r\u00e4tt plats kan f\u00f6r\u00e4ndra v\u00e4rlden","publisher":{"@id":"https:\/\/www.kompetensforetagen.se\/#organization"},"potentialAction":[{"@type":"SearchAction","target":{"@type":"EntryPoint","urlTemplate":"https:\/\/www.kompetensforetagen.se\/?s={search_term_string}"},"query-input":{"@type":"PropertyValueSpecification","valueRequired":true,"valueName":"search_term_string"}}],"inLanguage":"sv-SE"},{"@type":"Organization","@id":"https:\/\/www.kompetensforetagen.se\/#organization","name":"Kompetensf\u00f6retagen","url":"https:\/\/www.kompetensforetagen.se\/","logo":{"@type":"ImageObject","inLanguage":"sv-SE","@id":"https:\/\/www.kompetensforetagen.se\/#\/schema\/logo\/image\/","url":"https:\/\/www.kompetensforetagen.se\/app\/uploads\/sites\/5\/2022\/10\/logga_svart.png","contentUrl":"https:\/\/www.kompetensforetagen.se\/app\/uploads\/sites\/5\/2022\/10\/logga_svart.png","width":752,"height":64,"caption":"Kompetensf\u00f6retagen"},"image":{"@id":"https:\/\/www.kompetensforetagen.se\/#\/schema\/logo\/image\/"},"sameAs":["https:\/\/www.linkedin.com\/company\/10540032\/"]},{"@type":"Person","@id":"","url":"https:\/\/www.kompetensforetagen.se\/person\/"}]}},"_links":{"self":[{"href":"https:\/\/www.kompetensforetagen.se\/api\/wp\/v2\/posts\/9908","targetHints":{"allow":["GET"]}}],"collection":[{"href":"https:\/\/www.kompetensforetagen.se\/api\/wp\/v2\/posts"}],"about":[{"href":"https:\/\/www.kompetensforetagen.se\/api\/wp\/v2\/types\/post"}],"author":[{"embeddable":true,"href":"https:\/\/www.kompetensforetagen.se\/api\/wp\/v2\/users\/6358"}],"replies":[{"embeddable":true,"href":"https:\/\/www.kompetensforetagen.se\/api\/wp\/v2\/comments?post=9908"}],"version-history":[{"count":2,"href":"https:\/\/www.kompetensforetagen.se\/api\/wp\/v2\/posts\/9908\/revisions"}],"predecessor-version":[{"id":14644,"href":"https:\/\/www.kompetensforetagen.se\/api\/wp\/v2\/posts\/9908\/revisions\/14644"}],"wp:featuredmedia":[{"embeddable":true,"href":"https:\/\/www.kompetensforetagen.se\/api\/wp\/v2\/media\/3957"}],"wp:attachment":[{"href":"https:\/\/www.kompetensforetagen.se\/api\/wp\/v2\/media?parent=9908"}],"wp:term":[{"taxonomy":"category","embeddable":true,"href":"https:\/\/www.kompetensforetagen.se\/api\/wp\/v2\/categories?post=9908"},{"taxonomy":"post_tag","embeddable":true,"href":"https:\/\/www.kompetensforetagen.se\/api\/wp\/v2\/tags?post=9908"},{"taxonomy":"type","embeddable":true,"href":"https:\/\/www.kompetensforetagen.se\/api\/wp\/v2\/article_type?post=9908"},{"taxonomy":"agreement","embeddable":true,"href":"https:\/\/www.kompetensforetagen.se\/api\/wp\/v2\/agreement?post=9908"},{"taxonomy":"for-members","embeddable":true,"href":"https:\/\/www.kompetensforetagen.se\/api\/wp\/v2\/for-members?post=9908"}],"curies":[{"name":"wp","href":"https:\/\/api.w.org\/{rel}","templated":true}]}}