{"id":9846,"date":"2022-06-29T11:44:27","date_gmt":"2022-06-29T09:44:27","guid":{"rendered":"https:\/\/www.kompetensforetagen.se\/?p=9846"},"modified":"2023-07-13T15:54:49","modified_gmt":"2023-07-13T13:54:49","slug":"film-om-inhyrningsbegransningarna","status":"publish","type":"post","link":"https:\/\/www.kompetensforetagen.se\/2022\/06\/film-om-inhyrningsbegransningarna\/","title":{"rendered":"Film om inhyrningsbegr\u00e4nsningarna i uthyrningslagen"},"content":{"rendered":"\n<p>Kompetensf\u00f6retagen har vid tv\u00e5 tillf\u00e4llen givit medlemmarna m\u00f6jlighet att delta i webbinarier om inhyrningsbegr\u00e4nsningarna i <a href=\"https:\/\/www.riksdagen.se\/sv\/dokument-lagar\/dokument\/svensk-forfattningssamling\/lag-2012854-om-uthyrning-av-arbetstagare_sfs-2012-854\" target=\"_blank\" rel=\"noopener\">uthyrningslagen<\/a>. Utifr\u00e5n dessa seminarier, och de fr\u00e5gor som st\u00e4lldes, har en film spelats in. Efter att f\u00f6rbundsdirekt\u00f6r Patrik Eidfelt introducerat filmen, g\u00e5r Almegas chefsjurist Jonas Stenmo igenom f\u00f6r\u00e4ndringarna i lagen. Filmen avslutas med en kort fr\u00e5gerunda, ledd av arbetsr\u00e4ttsjurist Freja Linderstam. <a href=\"https:\/\/www.kompetensforetagen.se\/2022\/01\/las-presentation\/\" target=\"_blank\" rel=\"noopener\">&nbsp;Den presentation som visas i filmen kan du ta del av h\u00e4r.<\/a> Patrik Eidfelt har \u00e4ven deltagit i en <a href=\"https:\/\/poddtoppen.se\/podcast\/1617978685\/sweden-hr-group\/7-har-kundforetagen-forstatt-vad-nya-las-innebar\" target=\"_blank\" rel=\"noopener\">podd om begr\u00e4nsningen som du kan lyssna till.<\/a><\/p>\n\n\n\n<p>Du kan ocks\u00e5 ta del av den <a href=\"https:\/\/www.kompetensforetagen.se\/2021\/12\/qa-om-uthyrningslagen-begransning-av-inhyrning\/\" target=\"_blank\" rel=\"noopener\">Q&amp;A<\/a> som skapades efter seminarierna.<\/p>\n\n\n\n<p>F\u00f6r\u00e4ndringarna i uthyrningslagen har kommit till som ett resultat av f\u00f6rhandlingarna kring en ny Lagen om anst\u00e4llningsskydd, LAS. Du som \u00e4r medlem kan g\u00e5 till <a href=\"https:\/\/medlem.arbetsgivarguiden.se\/a-till-o\/23\" target=\"_blank\" rel=\"noopener\">Arbetsgivarguiden<\/a> och l\u00e4sa mer och se filmer om vad nya LAS inneb\u00e4r och vad du som arbetsgivare beh\u00f6ver ha koll p\u00e5.<\/p>\n","protected":false},"excerpt":{"rendered":"<p>Kompetensf\u00f6retagen har vid tv\u00e5 tillf\u00e4llen givit medlemmarna m\u00f6jlighet att delta i webbinarier om inhyrningsbegr\u00e4nsningarna i uthyrningslagen. Utifr\u00e5n dessa seminarier, och de fr\u00e5gor som st\u00e4lldes, har en film spelats in. Efter att f\u00f6rbundsdirekt\u00f6r Patrik Eidfelt introducerat &hellip;<\/p>\n","protected":false},"author":6358,"featured_media":8863,"comment_status":"closed","ping_status":"closed","sticky":false,"template":"","format":"standard","meta":{"_acf_changed":false,"footnotes":""},"categories":[217],"tags":[],"article_type":[8,182],"agreement":[],"for-members":[],"class_list":["post-9846","post","type-post","status-publish","format-standard","has-post-thumbnail","hentry","category-uthyrningslagen","type-aktuellt","type-medlemsnyhet"],"acf":[],"yoast_head":"<!-- This site is optimized with the Yoast SEO Premium plugin v26.8 (Yoast SEO v26.8) - https:\/\/yoast.com\/product\/yoast-seo-premium-wordpress\/ -->\n<title>Film om inhyrningsbegr\u00e4nsningarna i uthyrningslagen<\/title>\n<meta name=\"description\" content=\"Kompetensf\u00f6retagen har spelat in en film om inhyrningsbegr\u00e4nsningarna i uthyrningslagen utifr\u00e5n tv\u00e5 seminarier och de fr\u00e5gor som d\u00e5 st\u00e4lldes.\" \/>\n<meta name=\"robots\" content=\"index, follow, max-snippet:-1, max-image-preview:large, max-video-preview:-1\" \/>\n<link rel=\"canonical\" href=\"https:\/\/www.kompetensforetagen.se\/2022\/06\/film-om-inhyrningsbegransningarna\/\" \/>\n<meta property=\"og:locale\" content=\"sv_SE\" \/>\n<meta property=\"og:type\" content=\"article\" \/>\n<meta property=\"og:title\" content=\"Film om inhyrningsbegr\u00e4nsningarna i uthyrningslagen\" \/>\n<meta property=\"og:description\" content=\"Kompetensf\u00f6retagen har spelat in en film om inhyrningsbegr\u00e4nsningarna i uthyrningslagen utifr\u00e5n tv\u00e5 seminarier och de fr\u00e5gor som d\u00e5 st\u00e4lldes.\" \/>\n<meta property=\"og:url\" content=\"https:\/\/www.kompetensforetagen.se\/2022\/06\/film-om-inhyrningsbegransningarna\/\" \/>\n<meta property=\"og:site_name\" content=\"Kompetensf\u00f6retagen\" \/>\n<meta property=\"article:published_time\" content=\"2022-06-29T09:44:27+00:00\" \/>\n<meta property=\"article:modified_time\" content=\"2023-07-13T13:54:49+00:00\" \/>\n<meta property=\"og:image\" content=\"https:\/\/www.kompetensforetagen.se\/app\/uploads\/sites\/5\/2022\/01\/bild1.png\" \/>\n\t<meta property=\"og:image:width\" content=\"642\" \/>\n\t<meta property=\"og:image:height\" content=\"362\" \/>\n\t<meta property=\"og:image:type\" content=\"image\/png\" \/>\n<meta name=\"twitter:card\" content=\"summary_large_image\" \/>\n<meta name=\"twitter:label1\" content=\"Skriven av\" \/>\n\t<meta name=\"twitter:data1\" content=\"\" \/>\n\t<meta name=\"twitter:label2\" content=\"Ber\u00e4knad l\u00e4stid\" \/>\n\t<meta name=\"twitter:data2\" content=\"1 minut\" \/>\n<!-- \/ Yoast SEO Premium plugin. -->","yoast_head_json":{"title":"Film om inhyrningsbegr\u00e4nsningarna i uthyrningslagen","description":"Kompetensf\u00f6retagen har spelat in en film om inhyrningsbegr\u00e4nsningarna i uthyrningslagen utifr\u00e5n tv\u00e5 seminarier och de fr\u00e5gor som d\u00e5 st\u00e4lldes.","robots":{"index":"index","follow":"follow","max-snippet":"max-snippet:-1","max-image-preview":"max-image-preview:large","max-video-preview":"max-video-preview:-1"},"canonical":"https:\/\/www.kompetensforetagen.se\/2022\/06\/film-om-inhyrningsbegransningarna\/","og_locale":"sv_SE","og_type":"article","og_title":"Film om inhyrningsbegr\u00e4nsningarna i uthyrningslagen","og_description":"Kompetensf\u00f6retagen har spelat in en film om inhyrningsbegr\u00e4nsningarna i uthyrningslagen utifr\u00e5n tv\u00e5 seminarier och de fr\u00e5gor som d\u00e5 st\u00e4lldes.","og_url":"https:\/\/www.kompetensforetagen.se\/2022\/06\/film-om-inhyrningsbegransningarna\/","og_site_name":"Kompetensf\u00f6retagen","article_published_time":"2022-06-29T09:44:27+00:00","article_modified_time":"2023-07-13T13:54:49+00:00","og_image":[{"width":642,"height":362,"url":"https:\/\/www.kompetensforetagen.se\/app\/uploads\/sites\/5\/2022\/01\/bild1.png","type":"image\/png"}],"twitter_card":"summary_large_image","twitter_misc":{"Skriven av":"","Ber\u00e4knad l\u00e4stid":"1 minut"},"schema":{"@context":"https:\/\/schema.org","@graph":[{"@type":"Article","@id":"https:\/\/www.kompetensforetagen.se\/2022\/06\/film-om-inhyrningsbegransningarna\/#article","isPartOf":{"@id":"https:\/\/www.kompetensforetagen.se\/2022\/06\/film-om-inhyrningsbegransningarna\/"},"author":{"name":"","@id":""},"headline":"Film om inhyrningsbegr\u00e4nsningarna i uthyrningslagen","datePublished":"2022-06-29T09:44:27+00:00","dateModified":"2023-07-13T13:54:49+00:00","mainEntityOfPage":{"@id":"https:\/\/www.kompetensforetagen.se\/2022\/06\/film-om-inhyrningsbegransningarna\/"},"wordCount":173,"publisher":{"@id":"https:\/\/www.kompetensforetagen.se\/#organization"},"image":{"@id":"https:\/\/www.kompetensforetagen.se\/2022\/06\/film-om-inhyrningsbegransningarna\/#primaryimage"},"thumbnailUrl":"https:\/\/www.kompetensforetagen.se\/app\/uploads\/sites\/5\/2022\/01\/bild1.png","articleSection":["Uthyrningslagen"],"inLanguage":"sv-SE"},{"@type":"WebPage","@id":"https:\/\/www.kompetensforetagen.se\/2022\/06\/film-om-inhyrningsbegransningarna\/","url":"https:\/\/www.kompetensforetagen.se\/2022\/06\/film-om-inhyrningsbegransningarna\/","name":"Film om inhyrningsbegr\u00e4nsningarna i uthyrningslagen","isPartOf":{"@id":"https:\/\/www.kompetensforetagen.se\/#website"},"primaryImageOfPage":{"@id":"https:\/\/www.kompetensforetagen.se\/2022\/06\/film-om-inhyrningsbegransningarna\/#primaryimage"},"image":{"@id":"https:\/\/www.kompetensforetagen.se\/2022\/06\/film-om-inhyrningsbegransningarna\/#primaryimage"},"thumbnailUrl":"https:\/\/www.kompetensforetagen.se\/app\/uploads\/sites\/5\/2022\/01\/bild1.png","datePublished":"2022-06-29T09:44:27+00:00","dateModified":"2023-07-13T13:54:49+00:00","description":"Kompetensf\u00f6retagen har spelat in en film om inhyrningsbegr\u00e4nsningarna i uthyrningslagen utifr\u00e5n tv\u00e5 seminarier och de fr\u00e5gor som d\u00e5 st\u00e4lldes.","breadcrumb":{"@id":"https:\/\/www.kompetensforetagen.se\/2022\/06\/film-om-inhyrningsbegransningarna\/#breadcrumb"},"inLanguage":"sv-SE","potentialAction":[{"@type":"ReadAction","target":["https:\/\/www.kompetensforetagen.se\/2022\/06\/film-om-inhyrningsbegransningarna\/"]}]},{"@type":"ImageObject","inLanguage":"sv-SE","@id":"https:\/\/www.kompetensforetagen.se\/2022\/06\/film-om-inhyrningsbegransningarna\/#primaryimage","url":"https:\/\/www.kompetensforetagen.se\/app\/uploads\/sites\/5\/2022\/01\/bild1.png","contentUrl":"https:\/\/www.kompetensforetagen.se\/app\/uploads\/sites\/5\/2022\/01\/bild1.png","width":642,"height":362,"caption":"Svart text p\u00e5 gr\u00f6n botten: Inhyrningsbegr\u00e4nsningarna i uthyrningslagen"},{"@type":"BreadcrumbList","@id":"https:\/\/www.kompetensforetagen.se\/2022\/06\/film-om-inhyrningsbegransningarna\/#breadcrumb","itemListElement":[{"@type":"ListItem","position":1,"name":"Home","item":"https:\/\/www.kompetensforetagen.se\/"},{"@type":"ListItem","position":2,"name":"Film om inhyrningsbegr\u00e4nsningarna i uthyrningslagen"}]},{"@type":"WebSite","@id":"https:\/\/www.kompetensforetagen.se\/#website","url":"https:\/\/www.kompetensforetagen.se\/","name":"Kompetensf\u00f6retagen","description":"R\u00e4tt person p\u00e5 r\u00e4tt plats kan f\u00f6r\u00e4ndra v\u00e4rlden","publisher":{"@id":"https:\/\/www.kompetensforetagen.se\/#organization"},"potentialAction":[{"@type":"SearchAction","target":{"@type":"EntryPoint","urlTemplate":"https:\/\/www.kompetensforetagen.se\/?s={search_term_string}"},"query-input":{"@type":"PropertyValueSpecification","valueRequired":true,"valueName":"search_term_string"}}],"inLanguage":"sv-SE"},{"@type":"Organization","@id":"https:\/\/www.kompetensforetagen.se\/#organization","name":"Kompetensf\u00f6retagen","url":"https:\/\/www.kompetensforetagen.se\/","logo":{"@type":"ImageObject","inLanguage":"sv-SE","@id":"https:\/\/www.kompetensforetagen.se\/#\/schema\/logo\/image\/","url":"https:\/\/www.kompetensforetagen.se\/app\/uploads\/sites\/5\/2022\/10\/logga_svart.png","contentUrl":"https:\/\/www.kompetensforetagen.se\/app\/uploads\/sites\/5\/2022\/10\/logga_svart.png","width":752,"height":64,"caption":"Kompetensf\u00f6retagen"},"image":{"@id":"https:\/\/www.kompetensforetagen.se\/#\/schema\/logo\/image\/"},"sameAs":["https:\/\/www.linkedin.com\/company\/10540032\/"]},{"@type":"Person","@id":"","url":"https:\/\/www.kompetensforetagen.se\/person\/"}]}},"_links":{"self":[{"href":"https:\/\/www.kompetensforetagen.se\/api\/wp\/v2\/posts\/9846","targetHints":{"allow":["GET"]}}],"collection":[{"href":"https:\/\/www.kompetensforetagen.se\/api\/wp\/v2\/posts"}],"about":[{"href":"https:\/\/www.kompetensforetagen.se\/api\/wp\/v2\/types\/post"}],"author":[{"embeddable":true,"href":"https:\/\/www.kompetensforetagen.se\/api\/wp\/v2\/users\/6358"}],"replies":[{"embeddable":true,"href":"https:\/\/www.kompetensforetagen.se\/api\/wp\/v2\/comments?post=9846"}],"version-history":[{"count":2,"href":"https:\/\/www.kompetensforetagen.se\/api\/wp\/v2\/posts\/9846\/revisions"}],"predecessor-version":[{"id":14642,"href":"https:\/\/www.kompetensforetagen.se\/api\/wp\/v2\/posts\/9846\/revisions\/14642"}],"wp:featuredmedia":[{"embeddable":true,"href":"https:\/\/www.kompetensforetagen.se\/api\/wp\/v2\/media\/8863"}],"wp:attachment":[{"href":"https:\/\/www.kompetensforetagen.se\/api\/wp\/v2\/media?parent=9846"}],"wp:term":[{"taxonomy":"category","embeddable":true,"href":"https:\/\/www.kompetensforetagen.se\/api\/wp\/v2\/categories?post=9846"},{"taxonomy":"post_tag","embeddable":true,"href":"https:\/\/www.kompetensforetagen.se\/api\/wp\/v2\/tags?post=9846"},{"taxonomy":"type","embeddable":true,"href":"https:\/\/www.kompetensforetagen.se\/api\/wp\/v2\/article_type?post=9846"},{"taxonomy":"agreement","embeddable":true,"href":"https:\/\/www.kompetensforetagen.se\/api\/wp\/v2\/agreement?post=9846"},{"taxonomy":"for-members","embeddable":true,"href":"https:\/\/www.kompetensforetagen.se\/api\/wp\/v2\/for-members?post=9846"}],"curies":[{"name":"wp","href":"https:\/\/api.w.org\/{rel}","templated":true}]}}