{"id":9820,"date":"2022-06-28T09:55:38","date_gmt":"2022-06-28T07:55:38","guid":{"rendered":"https:\/\/www.kompetensforetagen.se\/?p=9820"},"modified":"2023-11-23T15:23:06","modified_gmt":"2023-11-23T14:23:06","slug":"debattreplik-inhyrning-betyder-att-vard-ges-i-stallet-for-att-utebli","status":"publish","type":"post","link":"https:\/\/www.kompetensforetagen.se\/2022\/06\/debattreplik-inhyrning-betyder-att-vard-ges-i-stallet-for-att-utebli\/","title":{"rendered":"Debattreplik: Inhyrning betyder att v\u00e5rd ges i st\u00e4llet f\u00f6r att utebli"},"content":{"rendered":"\n<p><a href=\"https:\/\/www.dn.se\/debatt\/inhyrning-betyder-att-vard-ges-i-stallet-for-att-utebli\/\" target=\"_blank\" rel=\"noreferrer noopener\"><em>Debattrepliken Inhyrning betyder att v\u00e5rd ges i st\u00e4llet f\u00f6r att utebli publicerades p\u00e5 dn.se 28 juni.<\/em><\/a><\/p>\n\n\n\n<p>F\u00f6retr\u00e4dare f\u00f6r bemanningsbranschen: Kvalitetsproblem i v\u00e5rden uppst\u00e5r vid exempelvis sjukfr\u00e5nvaro och storhelger. Det \u00e4r v\u00e5ra f\u00f6retag som l\u00f6ser upp knutarna.<\/p>\n\n\n\n<p>I en <a href=\"https:\/\/www.dn.se\/debatt\/andra-skatteregler-for-att-stoppa-bemanningsbolagen-i-varden\/\" target=\"_blank\" rel=\"noreferrer noopener\">debattartikel g\u00e5r sex regionpolitiker till angrepp<\/a> mot oss som driver bemanningsf\u00f6retag inom v\u00e5rdomr\u00e5det. Debatt\u00f6rerna representerar flera av de regioner som har st\u00f6rst behov av st\u00f6ttning i kompetensf\u00f6rs\u00f6rjningen. Vi vill mana till ett t\u00e4tare samarbete med oss leverant\u00f6rer f\u00f6r att kunna ge medborgarna den v\u00e5rd de har r\u00e4tt till. Men vi vill ocks\u00e5 uppmana dem att n\u00e4rl\u00e4sa det egna systemet.<\/p>\n\n\n\n<h3 class=\"wp-block-heading\">Inhyrning betyder att v\u00e5rd inte uteblir<\/h3>\n\n\n\n<p>Vi, och andra<a href=\"https:\/\/www.kompetensforetagen.se\/auktorisation-for-bemanningsforetag\/\" target=\"_blank\" rel=\"noreferrer noopener\"> auktoriserade<\/a>&nbsp;medlemmar inom arbetsgivar- och branschorganisationen&nbsp;Kompetensf\u00f6retagen, har i m\u00e5nga \u00e5r arbetat inom ramarna f\u00f6r av SKR (Sveriges Kommuner och Regioner) reglerade upphandlingar. Vi levererar mot behoven hos s\u00e5v\u00e4l regioner som patienter. St\u00e4ndigt f\u00f6rb\u00e4ttrad kvalitet, ordning och reda, och kostnadseffektivitet \u00e4r resultatet. Och vi beh\u00f6vs.<\/p>\n\n\n\n<p>Enligt&nbsp;<a href=\"https:\/\/skr.se\/download\/18.eb74a4a17f44902bce40129\/1646720568525\/Kostnader-for-inhyrd-personal-i-halso-och-sjukvarden_2021.pdf\" target=\"_blank\" rel=\"noreferrer noopener\">SKR:s egna siffror<\/a>&nbsp;motsvarade enbart sjukfr\u00e5nvaro l\u00e4ngre \u00e4n 30 dagar i regionerna, p\u00e5 hel- eller deltid, cirka 7&nbsp;200 \u00e5rsarbetare 2019. Sedan tillkommer till exempel kortare sjukfr\u00e5nvaro, semester, utbildning, f\u00f6r\u00e4ldraledighet och byte av arbetsplats. Sjukfr\u00e5nvaron under pandemi\u00e5ret 2020 motsvarade cirka 7&nbsp;500 \u00e5rsarbetare.<\/p>\n\n\n\n<p>Med fr\u00e5nvaron uppst\u00e5r kvalitetsproblem i v\u00e5rden som l\u00e5nga v\u00e5rdk\u00f6er och sv\u00e5righeter att \u00f6ver huvud taget f\u00e5 tr\u00e4ffa en l\u00e4kare. Dessutom m\u00e5ste regionerna lyckas med rekryteringar till glesbygden, tillhandah\u00e5lla specialister d\u00e4r de beh\u00f6vs, och l\u00f6sa bemanning vid semestertider, helger och storhelger.<\/p>\n\n\n\n<p>Dessa knutar l\u00f6ser vi bemanningsf\u00f6retag. Men regionerna beh\u00f6ver m\u00f6ta oss kring sina behov f\u00f6r att vi p\u00e5 b\u00e4sta s\u00e4tt ska uppn\u00e5 optimal v\u00e5rd, i st\u00e4llet f\u00f6r att osk\u00e4ligen och oriktigt angripa oss.<\/p>\n\n\n\n<p>Debatt\u00f6rerna drar en parallell&nbsp;mellan minskad tillg\u00e4nglighet till v\u00e5rd och bemanningsbranschens framv\u00e4xt. Saker kan ske parallellt utan att de har orsakssamband. Bemanningsbranschen betyder inte att cancersjuka blir utan v\u00e5rd; i m\u00e5nga fall betyder inhyrningen att v\u00e5rd ges i st\u00e4llet f\u00f6r att utebli.<\/p>\n\n\n\n<p>Det \u00e4r ocks\u00e5 orimligt att p\u00e5st\u00e5 att bemanningsf\u00f6retagen inte tar ansvar f\u00f6r kompetensf\u00f6rs\u00f6rjningen och att vi har som aff\u00e4rsid\u00e9 att h\u00e5lla ned tillg\u00e5ngen p\u00e5 personal. Regionerna \u2013 liksom de flesta andra arbetsgivare \u2013 beh\u00f6ver ta in extern kompetens n\u00e4r de sj\u00e4lva misslyckas attrahera specifik personal eller n\u00e4r deras egen av olika anledningar \u00e4r fr\u00e5nvarande. H\u00e4r \u00e4r vi i bemanningsbranschen stolta \u00f6ver hur vi med v\u00e5r personalstyrka av legitimerad v\u00e5rdpersonal hj\u00e4lper regionerna att utf\u00f6ra sitt uppdrag.<\/p>\n\n\n\n<p>I sin kompetensf\u00f6rs\u00f6rjningsstrategi&nbsp;kommer regionerna att beh\u00f6va f\u00f6rh\u00e5lla sig till att v\u00e5rdpersonalen \u00e4r r\u00f6rlig, b\u00e5de inom landet och internationellt. S\u00e5v\u00e4l den nuvarande som den framtida situationen kr\u00e4ver innovativa l\u00f6sningar som bryter gamla m\u00f6nster och tar till vara de m\u00f6jligheter som finns f\u00f6r att klara v\u00e5rdf\u00f6rs\u00f6rjningen.<\/p>\n\n\n\n<p>Som leverant\u00f6rer vill vi bidra till god och s\u00e4ker v\u00e5rd med ordning och reda, utan att tumma p\u00e5 patients\u00e4kerheten. Vi hj\u00e4lper till genom att personal blir mer r\u00f6rlig, och d\u00e4rmed tillg\u00e4nglig d\u00e4r den f\u00f6r tillf\u00e4llet b\u00e4st beh\u00f6vs. Bara tillsammans kan vi l\u00f6sa v\u00e5rdens utmaningar.<\/p>\n\n\n\n<p><strong>Camilla Backman,<\/strong>&nbsp;vice vd, Prime Care<\/p>\n\n\n\n<p><strong>\u00c5sa Bj\u00e4llander,<\/strong>&nbsp;vd, Nurse House<\/p>\n\n\n\n<p><strong>Eva Brunnberg,<\/strong>&nbsp;vd, Dedicare Sverige AB<\/p>\n\n\n\n<p><strong>Eva Domanders,<\/strong>&nbsp;vd, Klara, och ordf\u00f6rande i Kompetensf\u00f6retagen<\/p>\n\n\n\n<p><strong>Patrik Eidfelt,<\/strong>&nbsp;f\u00f6rbundsdirekt\u00f6r, Kompetensf\u00f6retagen<\/p>\n\n\n\n<p><strong>Malin Ernestrand,<\/strong>&nbsp;vd, Nurse &amp; Doc Partner Scandinavia AB<\/p>\n\n\n\n<p><strong>Annika H\u00f6gstr\u00f6m,<\/strong>&nbsp;vd, L\u00e4karjouren<\/p>\n\n\n\n<p><strong>Malin Lindley Nord,<\/strong>&nbsp;vd\/koncernchef, Sens Care AB<\/p>\n\n\n\n<p><strong>Johan Sandstr\u00f6m,<\/strong>&nbsp;vd, Hedera Group<\/p>\n\n\n\n<p><strong>Marie \u00d6hrstedt,<\/strong>&nbsp;vd, Skandinavisk H\u00e4lsov\u00e5rd Group<\/p>\n","protected":false},"excerpt":{"rendered":"<p>Debattrepliken Inhyrning betyder att v\u00e5rd ges i st\u00e4llet f\u00f6r att utebli publicerades p\u00e5 dn.se 28 juni. F\u00f6retr\u00e4dare f\u00f6r bemanningsbranschen: Kvalitetsproblem i v\u00e5rden uppst\u00e5r vid exempelvis sjukfr\u00e5nvaro och storhelger. Det \u00e4r v\u00e5ra f\u00f6retag som l\u00f6ser upp &hellip;<\/p>\n","protected":false},"author":6358,"featured_media":6410,"comment_status":"closed","ping_status":"closed","sticky":false,"template":"","format":"standard","meta":{"_acf_changed":false,"footnotes":""},"categories":[5],"tags":[],"article_type":[8,32],"agreement":[],"for-members":[],"class_list":["post-9820","post","type-post","status-publish","format-standard","has-post-thumbnail","hentry","category-vard","type-aktuellt","type-debattartiklar"],"acf":[],"yoast_head":"<!-- This site is optimized with the Yoast SEO Premium plugin v26.8 (Yoast SEO v26.8) - https:\/\/yoast.com\/product\/yoast-seo-premium-wordpress\/ -->\n<title>Inhyrning betyder att v\u00e5rd inte uteblir - debattreplik<\/title>\n<meta name=\"description\" content=\"Kvalitetsproblem i v\u00e5rden uppst\u00e5r vid olika typer av fr\u00e5nvaro. Det \u00e4r v\u00e5ra f\u00f6retag som l\u00f6ser upp knutarna - inhyrning betyder att v\u00e5rd inte uteblir.\" \/>\n<meta name=\"robots\" content=\"index, follow, max-snippet:-1, max-image-preview:large, max-video-preview:-1\" \/>\n<link rel=\"canonical\" href=\"https:\/\/www.kompetensforetagen.se\/2022\/06\/debattreplik-inhyrning-betyder-att-vard-ges-i-stallet-for-att-utebli\/\" \/>\n<meta property=\"og:locale\" content=\"sv_SE\" \/>\n<meta property=\"og:type\" content=\"article\" \/>\n<meta property=\"og:title\" content=\"Debattreplik: Inhyrning betyder att v\u00e5rd ges i st\u00e4llet f\u00f6r att utebli\" \/>\n<meta property=\"og:description\" content=\"Kvalitetsproblem i v\u00e5rden uppst\u00e5r vid olika typer av fr\u00e5nvaro. Det \u00e4r v\u00e5ra f\u00f6retag som l\u00f6ser upp knutarna - inhyrning betyder att v\u00e5rd inte uteblir.\" \/>\n<meta property=\"og:url\" content=\"https:\/\/www.kompetensforetagen.se\/2022\/06\/debattreplik-inhyrning-betyder-att-vard-ges-i-stallet-for-att-utebli\/\" \/>\n<meta property=\"og:site_name\" content=\"Kompetensf\u00f6retagen\" \/>\n<meta property=\"article:published_time\" content=\"2022-06-28T07:55:38+00:00\" \/>\n<meta property=\"article:modified_time\" content=\"2023-11-23T14:23:06+00:00\" \/>\n<meta property=\"og:image\" content=\"https:\/\/www.kompetensforetagen.se\/app\/uploads\/sites\/5\/2021\/02\/gettyimages-1032866544-1-scaled.jpg\" \/>\n\t<meta property=\"og:image:width\" content=\"2560\" \/>\n\t<meta property=\"og:image:height\" content=\"1707\" \/>\n\t<meta property=\"og:image:type\" content=\"image\/jpeg\" \/>\n<meta name=\"twitter:card\" content=\"summary_large_image\" \/>\n<meta name=\"twitter:label1\" content=\"Skriven av\" \/>\n\t<meta name=\"twitter:data1\" content=\"\" \/>\n\t<meta name=\"twitter:label2\" content=\"Ber\u00e4knad l\u00e4stid\" \/>\n\t<meta name=\"twitter:data2\" content=\"3 minuter\" \/>\n<!-- \/ Yoast SEO Premium plugin. -->","yoast_head_json":{"title":"Inhyrning betyder att v\u00e5rd inte uteblir - debattreplik","description":"Kvalitetsproblem i v\u00e5rden uppst\u00e5r vid olika typer av fr\u00e5nvaro. Det \u00e4r v\u00e5ra f\u00f6retag som l\u00f6ser upp knutarna - inhyrning betyder att v\u00e5rd inte uteblir.","robots":{"index":"index","follow":"follow","max-snippet":"max-snippet:-1","max-image-preview":"max-image-preview:large","max-video-preview":"max-video-preview:-1"},"canonical":"https:\/\/www.kompetensforetagen.se\/2022\/06\/debattreplik-inhyrning-betyder-att-vard-ges-i-stallet-for-att-utebli\/","og_locale":"sv_SE","og_type":"article","og_title":"Debattreplik: Inhyrning betyder att v\u00e5rd ges i st\u00e4llet f\u00f6r att utebli","og_description":"Kvalitetsproblem i v\u00e5rden uppst\u00e5r vid olika typer av fr\u00e5nvaro. Det \u00e4r v\u00e5ra f\u00f6retag som l\u00f6ser upp knutarna - inhyrning betyder att v\u00e5rd inte uteblir.","og_url":"https:\/\/www.kompetensforetagen.se\/2022\/06\/debattreplik-inhyrning-betyder-att-vard-ges-i-stallet-for-att-utebli\/","og_site_name":"Kompetensf\u00f6retagen","article_published_time":"2022-06-28T07:55:38+00:00","article_modified_time":"2023-11-23T14:23:06+00:00","og_image":[{"width":2560,"height":1707,"url":"https:\/\/www.kompetensforetagen.se\/app\/uploads\/sites\/5\/2021\/02\/gettyimages-1032866544-1-scaled.jpg","type":"image\/jpeg"}],"twitter_card":"summary_large_image","twitter_misc":{"Skriven av":"","Ber\u00e4knad l\u00e4stid":"3 minuter"},"schema":{"@context":"https:\/\/schema.org","@graph":[{"@type":"Article","@id":"https:\/\/www.kompetensforetagen.se\/2022\/06\/debattreplik-inhyrning-betyder-att-vard-ges-i-stallet-for-att-utebli\/#article","isPartOf":{"@id":"https:\/\/www.kompetensforetagen.se\/2022\/06\/debattreplik-inhyrning-betyder-att-vard-ges-i-stallet-for-att-utebli\/"},"author":{"name":"","@id":""},"headline":"Debattreplik: Inhyrning betyder att v\u00e5rd ges i st\u00e4llet f\u00f6r att utebli","datePublished":"2022-06-28T07:55:38+00:00","dateModified":"2023-11-23T14:23:06+00:00","mainEntityOfPage":{"@id":"https:\/\/www.kompetensforetagen.se\/2022\/06\/debattreplik-inhyrning-betyder-att-vard-ges-i-stallet-for-att-utebli\/"},"wordCount":700,"publisher":{"@id":"https:\/\/www.kompetensforetagen.se\/#organization"},"image":{"@id":"https:\/\/www.kompetensforetagen.se\/2022\/06\/debattreplik-inhyrning-betyder-att-vard-ges-i-stallet-for-att-utebli\/#primaryimage"},"thumbnailUrl":"https:\/\/www.kompetensforetagen.se\/app\/uploads\/sites\/5\/2021\/02\/gettyimages-1032866544-1-scaled.jpg","articleSection":["V\u00e5rdbemanning"],"inLanguage":"sv-SE"},{"@type":"WebPage","@id":"https:\/\/www.kompetensforetagen.se\/2022\/06\/debattreplik-inhyrning-betyder-att-vard-ges-i-stallet-for-att-utebli\/","url":"https:\/\/www.kompetensforetagen.se\/2022\/06\/debattreplik-inhyrning-betyder-att-vard-ges-i-stallet-for-att-utebli\/","name":"Inhyrning betyder att v\u00e5rd inte uteblir - debattreplik","isPartOf":{"@id":"https:\/\/www.kompetensforetagen.se\/#website"},"primaryImageOfPage":{"@id":"https:\/\/www.kompetensforetagen.se\/2022\/06\/debattreplik-inhyrning-betyder-att-vard-ges-i-stallet-for-att-utebli\/#primaryimage"},"image":{"@id":"https:\/\/www.kompetensforetagen.se\/2022\/06\/debattreplik-inhyrning-betyder-att-vard-ges-i-stallet-for-att-utebli\/#primaryimage"},"thumbnailUrl":"https:\/\/www.kompetensforetagen.se\/app\/uploads\/sites\/5\/2021\/02\/gettyimages-1032866544-1-scaled.jpg","datePublished":"2022-06-28T07:55:38+00:00","dateModified":"2023-11-23T14:23:06+00:00","description":"Kvalitetsproblem i v\u00e5rden uppst\u00e5r vid olika typer av fr\u00e5nvaro. Det \u00e4r v\u00e5ra f\u00f6retag som l\u00f6ser upp knutarna - inhyrning betyder att v\u00e5rd inte uteblir.","breadcrumb":{"@id":"https:\/\/www.kompetensforetagen.se\/2022\/06\/debattreplik-inhyrning-betyder-att-vard-ges-i-stallet-for-att-utebli\/#breadcrumb"},"inLanguage":"sv-SE","potentialAction":[{"@type":"ReadAction","target":["https:\/\/www.kompetensforetagen.se\/2022\/06\/debattreplik-inhyrning-betyder-att-vard-ges-i-stallet-for-att-utebli\/"]}]},{"@type":"ImageObject","inLanguage":"sv-SE","@id":"https:\/\/www.kompetensforetagen.se\/2022\/06\/debattreplik-inhyrning-betyder-att-vard-ges-i-stallet-for-att-utebli\/#primaryimage","url":"https:\/\/www.kompetensforetagen.se\/app\/uploads\/sites\/5\/2021\/02\/gettyimages-1032866544-1-scaled.jpg","contentUrl":"https:\/\/www.kompetensforetagen.se\/app\/uploads\/sites\/5\/2021\/02\/gettyimages-1032866544-1-scaled.jpg","width":2560,"height":1707,"caption":"Tv\u00e5 personer i sjukhuskl\u00e4der g\u00e5r i riktning fr\u00e5n kameran"},{"@type":"BreadcrumbList","@id":"https:\/\/www.kompetensforetagen.se\/2022\/06\/debattreplik-inhyrning-betyder-att-vard-ges-i-stallet-for-att-utebli\/#breadcrumb","itemListElement":[{"@type":"ListItem","position":1,"name":"Home","item":"https:\/\/www.kompetensforetagen.se\/"},{"@type":"ListItem","position":2,"name":"Debattreplik: Inhyrning betyder att v\u00e5rd ges i st\u00e4llet f\u00f6r att utebli"}]},{"@type":"WebSite","@id":"https:\/\/www.kompetensforetagen.se\/#website","url":"https:\/\/www.kompetensforetagen.se\/","name":"Kompetensf\u00f6retagen","description":"R\u00e4tt person p\u00e5 r\u00e4tt plats kan f\u00f6r\u00e4ndra v\u00e4rlden","publisher":{"@id":"https:\/\/www.kompetensforetagen.se\/#organization"},"potentialAction":[{"@type":"SearchAction","target":{"@type":"EntryPoint","urlTemplate":"https:\/\/www.kompetensforetagen.se\/?s={search_term_string}"},"query-input":{"@type":"PropertyValueSpecification","valueRequired":true,"valueName":"search_term_string"}}],"inLanguage":"sv-SE"},{"@type":"Organization","@id":"https:\/\/www.kompetensforetagen.se\/#organization","name":"Kompetensf\u00f6retagen","url":"https:\/\/www.kompetensforetagen.se\/","logo":{"@type":"ImageObject","inLanguage":"sv-SE","@id":"https:\/\/www.kompetensforetagen.se\/#\/schema\/logo\/image\/","url":"https:\/\/www.kompetensforetagen.se\/app\/uploads\/sites\/5\/2022\/10\/logga_svart.png","contentUrl":"https:\/\/www.kompetensforetagen.se\/app\/uploads\/sites\/5\/2022\/10\/logga_svart.png","width":752,"height":64,"caption":"Kompetensf\u00f6retagen"},"image":{"@id":"https:\/\/www.kompetensforetagen.se\/#\/schema\/logo\/image\/"},"sameAs":["https:\/\/www.linkedin.com\/company\/10540032\/"]},{"@type":"Person","@id":"","url":"https:\/\/www.kompetensforetagen.se\/person\/"}]}},"_links":{"self":[{"href":"https:\/\/www.kompetensforetagen.se\/api\/wp\/v2\/posts\/9820","targetHints":{"allow":["GET"]}}],"collection":[{"href":"https:\/\/www.kompetensforetagen.se\/api\/wp\/v2\/posts"}],"about":[{"href":"https:\/\/www.kompetensforetagen.se\/api\/wp\/v2\/types\/post"}],"author":[{"embeddable":true,"href":"https:\/\/www.kompetensforetagen.se\/api\/wp\/v2\/users\/6358"}],"replies":[{"embeddable":true,"href":"https:\/\/www.kompetensforetagen.se\/api\/wp\/v2\/comments?post=9820"}],"version-history":[{"count":3,"href":"https:\/\/www.kompetensforetagen.se\/api\/wp\/v2\/posts\/9820\/revisions"}],"predecessor-version":[{"id":15854,"href":"https:\/\/www.kompetensforetagen.se\/api\/wp\/v2\/posts\/9820\/revisions\/15854"}],"wp:featuredmedia":[{"embeddable":true,"href":"https:\/\/www.kompetensforetagen.se\/api\/wp\/v2\/media\/6410"}],"wp:attachment":[{"href":"https:\/\/www.kompetensforetagen.se\/api\/wp\/v2\/media?parent=9820"}],"wp:term":[{"taxonomy":"category","embeddable":true,"href":"https:\/\/www.kompetensforetagen.se\/api\/wp\/v2\/categories?post=9820"},{"taxonomy":"post_tag","embeddable":true,"href":"https:\/\/www.kompetensforetagen.se\/api\/wp\/v2\/tags?post=9820"},{"taxonomy":"type","embeddable":true,"href":"https:\/\/www.kompetensforetagen.se\/api\/wp\/v2\/article_type?post=9820"},{"taxonomy":"agreement","embeddable":true,"href":"https:\/\/www.kompetensforetagen.se\/api\/wp\/v2\/agreement?post=9820"},{"taxonomy":"for-members","embeddable":true,"href":"https:\/\/www.kompetensforetagen.se\/api\/wp\/v2\/for-members?post=9820"}],"curies":[{"name":"wp","href":"https:\/\/api.w.org\/{rel}","templated":true}]}}