{"id":9743,"date":"2022-06-16T13:12:31","date_gmt":"2022-06-16T11:12:31","guid":{"rendered":"https:\/\/www.kompetensforetagen.se\/?p=9743"},"modified":"2025-10-16T09:45:25","modified_gmt":"2025-10-16T07:45:25","slug":"mikael-jansson-ny-ledamot-i-almegas-styrelse","status":"publish","type":"post","link":"https:\/\/www.kompetensforetagen.se\/2022\/06\/mikael-jansson-ny-ledamot-i-almegas-styrelse\/","title":{"rendered":"Mikael Jansson ny ledamot i Almegas styrelse"},"content":{"rendered":"\n<p>Kompetensf\u00f6retagen ing\u00e5r tillsammans med \u00e5tta andra f\u00f6rbund i Almega. Inom Almega finns ett sextiotal olika branscher i tj\u00e4nstesektorn; cirka 11 000 f\u00f6retag som anst\u00e4ller \u00f6ver 550 000 medarbetare. Vid Almegas senaste \u00e5rsm\u00f6te valdes Kompetensf\u00f6retagens Mikael Jansson, ManpowerGroup in i organisationens styrelse. Kompetensf\u00f6retagens ordf\u00f6rande, Eva Domanders, fick rollen som vice ordf\u00f6rande, j\u00e4mte V\u00e5rdf\u00f6retagarnas Peter Seger.<\/p>\n\n\n\n<p>Vid val av kandidater till Almegas styrelse har valberedningen i uppdrag att bland annat ta h\u00e4nsyn till tj\u00e4nstesektorns struktur. Det inneb\u00e4r exempelvis att den ska t\u00e4nka p\u00e5 representativiteten f\u00f6r de olika medlemsf\u00f6rbunden. Innan Mikael Jansson valdes in i Almegas styrelse f\u00f6retr\u00e4ddes Kompetensf\u00f6retagen f\u00f6rutom Eva Domanders \u00e4ven av Jan Bengtsson, Poolia.<\/p>\n\n\n\n<blockquote class=\"wp-block-quote is-layout-flow wp-block-quote-is-layout-flow\">\n<p>Jag \u00e4r glad att f\u00e5 f\u00f6rtroendet att ytterligare bidra till att f\u00f6retagens f\u00f6rm\u00e5ga att st\u00e4lla om och h\u00e5lla sig konkurrenskraftiga<\/p>\n<\/blockquote>\n\n\n\n<p>Mikael Jansson har l\u00e5ng och bred erfarenhet av kompetensbranschen och tj\u00e4nstesektorn efter att ha jobbat i ledande roller i <a href=\"https:\/\/www.manpowergroup.se\/\" target=\"_blank\" rel=\"noopener\">ManpowerGroup<\/a> i \u00f6ver 20 \u00e5r.<\/p>\n\n\n\n<p>&#8211; Tj\u00e4nstesektorn st\u00e5r f\u00f6r de flesta nya jobb som skapas, och blir allt viktigare f\u00f6r b\u00e5de arbetsmarknaden och ekonomin. Jag ser fram emot att delta i arbetet f\u00f6r fortsatt utveckling av svenskt f\u00f6retagande och konkurrenskraft, s\u00e4ger Mikael Jansson.<\/p>\n\n\n\n<p>Mikael Jansson v\u00e4lkomnas ocks\u00e5 av Kompetensf\u00f6retagen som vice ordf\u00f6rande i sin <a href=\"https:\/\/www.kompetensforetagen.se\/kompetensforetagens-styrelse\/\" target=\"_blank\" rel=\"noopener\">styrelse<\/a>, vilket han valdes till under f\u00f6rbundets \u00e5rsm\u00f6te. Kompetensf\u00f6retagen tackar d\u00e4rmed varmt av Jan Bengtsson, Poolia, som haft rollen sedan 2011. Mikael Jansson har suttit i Kompetensf\u00f6retagens styrelse sedan 2018.<\/p>\n\n\n\n<p>&#8211; Oavsett bransch \u00e4r r\u00e4tt kompetens avg\u00f6rande f\u00f6r att f\u00f6retagen ska klara den snabba omst\u00e4llningen av arbetslivet, Kompetensf\u00f6retagens bidrag \u00e4r viktigare \u00e4n n\u00e5gonsin. Jag \u00e4r glad att f\u00e5 f\u00f6rtroendet att ytterligare bidra till att f\u00f6retagens f\u00f6rm\u00e5ga att st\u00e4lla om och h\u00e5lla sig konkurrenskraftiga p\u00e5 dagens och morgondagens marknad, s\u00e4ger Mikael Jansson om sitt ut\u00f6kade styrelseuppdrag.<\/p>\n\n\n\n<p><\/p>\n","protected":false},"excerpt":{"rendered":"<p>Kompetensf\u00f6retagen ing\u00e5r tillsammans med \u00e5tta andra f\u00f6rbund i Almega. Inom Almega finns ett sextiotal olika branscher i tj\u00e4nstesektorn; cirka 11 000 f\u00f6retag som anst\u00e4ller \u00f6ver 550 000 medarbetare. Vid Almegas senaste \u00e5rsm\u00f6te valdes Kompetensf\u00f6retagens Mikael &hellip;<\/p>\n","protected":false},"author":6358,"featured_media":8803,"comment_status":"closed","ping_status":"closed","sticky":false,"template":"","format":"standard","meta":{"_acf_changed":false,"footnotes":""},"categories":[1],"tags":[],"article_type":[8],"agreement":[],"for-members":[],"class_list":["post-9743","post","type-post","status-publish","format-standard","has-post-thumbnail","hentry","category-okategoriserade","type-aktuellt"],"acf":[],"yoast_head":"<!-- This site is optimized with the Yoast SEO Premium plugin v26.8 (Yoast SEO v26.8) - https:\/\/yoast.com\/product\/yoast-seo-premium-wordpress\/ -->\n<title>Mikael Jansson ny ledamot i Almegas styrelse<\/title>\n<meta name=\"description\" content=\"Vid Almegas senaste \u00e5rsm\u00f6te valdes Kompetensf\u00f6retagens Mikael Jansson, Manpower, in i organisationens styrelse. Sedan tidigare ing\u00e5r Eva Domanders.\" \/>\n<meta name=\"robots\" content=\"index, follow, max-snippet:-1, max-image-preview:large, max-video-preview:-1\" \/>\n<link rel=\"canonical\" href=\"https:\/\/www.kompetensforetagen.se\/2022\/06\/mikael-jansson-ny-ledamot-i-almegas-styrelse\/\" \/>\n<meta property=\"og:locale\" content=\"sv_SE\" \/>\n<meta property=\"og:type\" content=\"article\" \/>\n<meta property=\"og:title\" content=\"Mikael Jansson ny ledamot i Almegas styrelse\" \/>\n<meta property=\"og:description\" content=\"Vid Almegas senaste \u00e5rsm\u00f6te valdes Kompetensf\u00f6retagens Mikael Jansson, Manpower, in i organisationens styrelse. Sedan tidigare ing\u00e5r Eva Domanders.\" \/>\n<meta property=\"og:url\" content=\"https:\/\/www.kompetensforetagen.se\/2022\/06\/mikael-jansson-ny-ledamot-i-almegas-styrelse\/\" \/>\n<meta property=\"og:site_name\" content=\"Kompetensf\u00f6retagen\" \/>\n<meta property=\"article:published_time\" content=\"2022-06-16T11:12:31+00:00\" \/>\n<meta property=\"article:modified_time\" content=\"2025-10-16T07:45:25+00:00\" \/>\n<meta property=\"og:image\" content=\"https:\/\/www.kompetensforetagen.se\/app\/uploads\/sites\/5\/2022\/01\/dsc7824-scaled.jpg\" \/>\n\t<meta property=\"og:image:width\" content=\"2560\" \/>\n\t<meta property=\"og:image:height\" content=\"1707\" \/>\n\t<meta property=\"og:image:type\" content=\"image\/jpeg\" \/>\n<meta name=\"twitter:card\" content=\"summary_large_image\" \/>\n<meta name=\"twitter:label1\" content=\"Skriven av\" \/>\n\t<meta name=\"twitter:data1\" content=\"\" \/>\n\t<meta name=\"twitter:label2\" content=\"Ber\u00e4knad l\u00e4stid\" \/>\n\t<meta name=\"twitter:data2\" content=\"2 minuter\" \/>\n<!-- \/ Yoast SEO Premium plugin. -->","yoast_head_json":{"title":"Mikael Jansson ny ledamot i Almegas styrelse","description":"Vid Almegas senaste \u00e5rsm\u00f6te valdes Kompetensf\u00f6retagens Mikael Jansson, Manpower, in i organisationens styrelse. Sedan tidigare ing\u00e5r Eva Domanders.","robots":{"index":"index","follow":"follow","max-snippet":"max-snippet:-1","max-image-preview":"max-image-preview:large","max-video-preview":"max-video-preview:-1"},"canonical":"https:\/\/www.kompetensforetagen.se\/2022\/06\/mikael-jansson-ny-ledamot-i-almegas-styrelse\/","og_locale":"sv_SE","og_type":"article","og_title":"Mikael Jansson ny ledamot i Almegas styrelse","og_description":"Vid Almegas senaste \u00e5rsm\u00f6te valdes Kompetensf\u00f6retagens Mikael Jansson, Manpower, in i organisationens styrelse. Sedan tidigare ing\u00e5r Eva Domanders.","og_url":"https:\/\/www.kompetensforetagen.se\/2022\/06\/mikael-jansson-ny-ledamot-i-almegas-styrelse\/","og_site_name":"Kompetensf\u00f6retagen","article_published_time":"2022-06-16T11:12:31+00:00","article_modified_time":"2025-10-16T07:45:25+00:00","og_image":[{"width":2560,"height":1707,"url":"https:\/\/www.kompetensforetagen.se\/app\/uploads\/sites\/5\/2022\/01\/dsc7824-scaled.jpg","type":"image\/jpeg"}],"twitter_card":"summary_large_image","twitter_misc":{"Skriven av":"","Ber\u00e4knad l\u00e4stid":"2 minuter"},"schema":{"@context":"https:\/\/schema.org","@graph":[{"@type":"Article","@id":"https:\/\/www.kompetensforetagen.se\/2022\/06\/mikael-jansson-ny-ledamot-i-almegas-styrelse\/#article","isPartOf":{"@id":"https:\/\/www.kompetensforetagen.se\/2022\/06\/mikael-jansson-ny-ledamot-i-almegas-styrelse\/"},"author":{"name":"","@id":""},"headline":"Mikael Jansson ny ledamot i Almegas styrelse","datePublished":"2022-06-16T11:12:31+00:00","dateModified":"2025-10-16T07:45:25+00:00","mainEntityOfPage":{"@id":"https:\/\/www.kompetensforetagen.se\/2022\/06\/mikael-jansson-ny-ledamot-i-almegas-styrelse\/"},"wordCount":345,"publisher":{"@id":"https:\/\/www.kompetensforetagen.se\/#organization"},"image":{"@id":"https:\/\/www.kompetensforetagen.se\/2022\/06\/mikael-jansson-ny-ledamot-i-almegas-styrelse\/#primaryimage"},"thumbnailUrl":"https:\/\/www.kompetensforetagen.se\/app\/uploads\/sites\/5\/2022\/01\/dsc7824-scaled.jpg","inLanguage":"sv-SE"},{"@type":"WebPage","@id":"https:\/\/www.kompetensforetagen.se\/2022\/06\/mikael-jansson-ny-ledamot-i-almegas-styrelse\/","url":"https:\/\/www.kompetensforetagen.se\/2022\/06\/mikael-jansson-ny-ledamot-i-almegas-styrelse\/","name":"Mikael Jansson ny ledamot i Almegas styrelse","isPartOf":{"@id":"https:\/\/www.kompetensforetagen.se\/#website"},"primaryImageOfPage":{"@id":"https:\/\/www.kompetensforetagen.se\/2022\/06\/mikael-jansson-ny-ledamot-i-almegas-styrelse\/#primaryimage"},"image":{"@id":"https:\/\/www.kompetensforetagen.se\/2022\/06\/mikael-jansson-ny-ledamot-i-almegas-styrelse\/#primaryimage"},"thumbnailUrl":"https:\/\/www.kompetensforetagen.se\/app\/uploads\/sites\/5\/2022\/01\/dsc7824-scaled.jpg","datePublished":"2022-06-16T11:12:31+00:00","dateModified":"2025-10-16T07:45:25+00:00","description":"Vid Almegas senaste \u00e5rsm\u00f6te valdes Kompetensf\u00f6retagens Mikael Jansson, Manpower, in i organisationens styrelse. Sedan tidigare ing\u00e5r Eva Domanders.","breadcrumb":{"@id":"https:\/\/www.kompetensforetagen.se\/2022\/06\/mikael-jansson-ny-ledamot-i-almegas-styrelse\/#breadcrumb"},"inLanguage":"sv-SE","potentialAction":[{"@type":"ReadAction","target":["https:\/\/www.kompetensforetagen.se\/2022\/06\/mikael-jansson-ny-ledamot-i-almegas-styrelse\/"]}]},{"@type":"ImageObject","inLanguage":"sv-SE","@id":"https:\/\/www.kompetensforetagen.se\/2022\/06\/mikael-jansson-ny-ledamot-i-almegas-styrelse\/#primaryimage","url":"https:\/\/www.kompetensforetagen.se\/app\/uploads\/sites\/5\/2022\/01\/dsc7824-scaled.jpg","contentUrl":"https:\/\/www.kompetensforetagen.se\/app\/uploads\/sites\/5\/2022\/01\/dsc7824-scaled.jpg","width":2560,"height":1707,"caption":"Mikael Jansson, vd Manpowergroup och styrelseledamot Almega och Kompetensf\u00f6retagen"},{"@type":"BreadcrumbList","@id":"https:\/\/www.kompetensforetagen.se\/2022\/06\/mikael-jansson-ny-ledamot-i-almegas-styrelse\/#breadcrumb","itemListElement":[{"@type":"ListItem","position":1,"name":"Home","item":"https:\/\/www.kompetensforetagen.se\/"},{"@type":"ListItem","position":2,"name":"Mikael Jansson ny ledamot i Almegas styrelse"}]},{"@type":"WebSite","@id":"https:\/\/www.kompetensforetagen.se\/#website","url":"https:\/\/www.kompetensforetagen.se\/","name":"Kompetensf\u00f6retagen","description":"R\u00e4tt person p\u00e5 r\u00e4tt plats kan f\u00f6r\u00e4ndra v\u00e4rlden","publisher":{"@id":"https:\/\/www.kompetensforetagen.se\/#organization"},"potentialAction":[{"@type":"SearchAction","target":{"@type":"EntryPoint","urlTemplate":"https:\/\/www.kompetensforetagen.se\/?s={search_term_string}"},"query-input":{"@type":"PropertyValueSpecification","valueRequired":true,"valueName":"search_term_string"}}],"inLanguage":"sv-SE"},{"@type":"Organization","@id":"https:\/\/www.kompetensforetagen.se\/#organization","name":"Kompetensf\u00f6retagen","url":"https:\/\/www.kompetensforetagen.se\/","logo":{"@type":"ImageObject","inLanguage":"sv-SE","@id":"https:\/\/www.kompetensforetagen.se\/#\/schema\/logo\/image\/","url":"https:\/\/www.kompetensforetagen.se\/app\/uploads\/sites\/5\/2022\/10\/logga_svart.png","contentUrl":"https:\/\/www.kompetensforetagen.se\/app\/uploads\/sites\/5\/2022\/10\/logga_svart.png","width":752,"height":64,"caption":"Kompetensf\u00f6retagen"},"image":{"@id":"https:\/\/www.kompetensforetagen.se\/#\/schema\/logo\/image\/"},"sameAs":["https:\/\/www.linkedin.com\/company\/10540032\/"]},{"@type":"Person","@id":"","url":"https:\/\/www.kompetensforetagen.se\/person\/"}]}},"_links":{"self":[{"href":"https:\/\/www.kompetensforetagen.se\/api\/wp\/v2\/posts\/9743","targetHints":{"allow":["GET"]}}],"collection":[{"href":"https:\/\/www.kompetensforetagen.se\/api\/wp\/v2\/posts"}],"about":[{"href":"https:\/\/www.kompetensforetagen.se\/api\/wp\/v2\/types\/post"}],"author":[{"embeddable":true,"href":"https:\/\/www.kompetensforetagen.se\/api\/wp\/v2\/users\/6358"}],"replies":[{"embeddable":true,"href":"https:\/\/www.kompetensforetagen.se\/api\/wp\/v2\/comments?post=9743"}],"version-history":[{"count":4,"href":"https:\/\/www.kompetensforetagen.se\/api\/wp\/v2\/posts\/9743\/revisions"}],"predecessor-version":[{"id":20954,"href":"https:\/\/www.kompetensforetagen.se\/api\/wp\/v2\/posts\/9743\/revisions\/20954"}],"wp:featuredmedia":[{"embeddable":true,"href":"https:\/\/www.kompetensforetagen.se\/api\/wp\/v2\/media\/8803"}],"wp:attachment":[{"href":"https:\/\/www.kompetensforetagen.se\/api\/wp\/v2\/media?parent=9743"}],"wp:term":[{"taxonomy":"category","embeddable":true,"href":"https:\/\/www.kompetensforetagen.se\/api\/wp\/v2\/categories?post=9743"},{"taxonomy":"post_tag","embeddable":true,"href":"https:\/\/www.kompetensforetagen.se\/api\/wp\/v2\/tags?post=9743"},{"taxonomy":"type","embeddable":true,"href":"https:\/\/www.kompetensforetagen.se\/api\/wp\/v2\/article_type?post=9743"},{"taxonomy":"agreement","embeddable":true,"href":"https:\/\/www.kompetensforetagen.se\/api\/wp\/v2\/agreement?post=9743"},{"taxonomy":"for-members","embeddable":true,"href":"https:\/\/www.kompetensforetagen.se\/api\/wp\/v2\/for-members?post=9743"}],"curies":[{"name":"wp","href":"https:\/\/api.w.org\/{rel}","templated":true}]}}