{"id":9719,"date":"2022-06-15T08:39:40","date_gmt":"2022-06-15T06:39:40","guid":{"rendered":"https:\/\/www.kompetensforetagen.se\/?p=9719"},"modified":"2023-03-22T12:27:48","modified_gmt":"2023-03-22T11:27:48","slug":"augusti-2021","status":"publish","type":"post","link":"https:\/\/www.kompetensforetagen.se\/2022\/06\/augusti-2021\/","title":{"rendered":"Augusti 2021 Verksamhetsber\u00e4ttelse"},"content":{"rendered":"\n<h3 class=\"wp-block-heading\">Augusti<\/h3>\n\n\n\n<p>30 augusti styrelsen strategidag. Med blicken mot framtiden, g\u00e4ster och f\u00f6rel\u00e4sare fr\u00e5n b\u00e5de Sverige och Europa samlades styrelsen i Stockholm f\u00f6r en heldag.<\/p>\n\n\n\n<p>17 augusti kommer Kompetensf\u00f6retagens<a href=\"https:\/\/www.almega.se\/app\/uploads\/sites\/5\/2021\/08\/nykvartalsrapport_2021_q2_02.pdf\" target=\"_blank\" rel=\"noopener\"> oms\u00e4ttningsstatistik f\u00f6r Q2<\/a> med positiva signaler fr\u00e5n kompetensbranschen.<\/p>\n\n\n\n<p>25 augusti p\u00e5minner Kompetensf\u00f6retagen om den kommande J\u00e4mst\u00e4lldhetsdagen genom att lyfta <a href=\"https:\/\/www.kompetensforetagen.se\/2021\/08\/ulla-murman-en-kvinnlig-pionjar-i-kompetensbranschen\/\" target=\"_blank\" rel=\"noopener\">Ulla Murman \u2013 en kvinnlig pionj\u00e4r i kompetensbranschen<\/a>.<\/p>\n","protected":false},"excerpt":{"rendered":"<p>Augusti 30 augusti styrelsen strategidag. Med blicken mot framtiden, g\u00e4ster och f\u00f6rel\u00e4sare fr\u00e5n b\u00e5de Sverige och Europa samlades styrelsen i Stockholm f\u00f6r en heldag. 17 augusti kommer Kompetensf\u00f6retagens oms\u00e4ttningsstatistik f\u00f6r Q2 med positiva signaler fr\u00e5n &hellip;<\/p>\n","protected":false},"author":13369,"featured_media":0,"comment_status":"closed","ping_status":"closed","sticky":false,"template":"","format":"standard","meta":{"_acf_changed":false,"footnotes":""},"categories":[1,213],"tags":[],"article_type":[],"agreement":[],"for-members":[],"class_list":["post-9719","post","type-post","status-publish","format-standard","hentry","category-okategoriserade","category-verksamhetsberattelse"],"acf":[],"yoast_head":"<!-- This site is optimized with the Yoast SEO Premium plugin v26.8 (Yoast SEO v26.8) - https:\/\/yoast.com\/product\/yoast-seo-premium-wordpress\/ -->\n<title>Augusti 2021 Verksamhetsber\u00e4ttelse - Kompetensf\u00f6retagen<\/title>\n<meta name=\"description\" content=\"Verksamhetsber\u00e4ttelse f\u00f6r Augusti m\u00e5nad 2021\" \/>\n<meta name=\"robots\" content=\"index, follow, max-snippet:-1, max-image-preview:large, max-video-preview:-1\" \/>\n<link rel=\"canonical\" href=\"https:\/\/www.kompetensforetagen.se\/2022\/06\/augusti-2021\/\" \/>\n<meta property=\"og:locale\" content=\"sv_SE\" \/>\n<meta property=\"og:type\" content=\"article\" \/>\n<meta property=\"og:title\" content=\"Augusti 2021 Verksamhetsber\u00e4ttelse\" \/>\n<meta property=\"og:description\" content=\"Verksamhetsber\u00e4ttelse f\u00f6r Augusti m\u00e5nad 2021\" \/>\n<meta property=\"og:url\" content=\"https:\/\/www.kompetensforetagen.se\/2022\/06\/augusti-2021\/\" \/>\n<meta property=\"og:site_name\" content=\"Kompetensf\u00f6retagen\" \/>\n<meta property=\"article:published_time\" content=\"2022-06-15T06:39:40+00:00\" \/>\n<meta property=\"article:modified_time\" content=\"2023-03-22T11:27:48+00:00\" \/>\n<meta name=\"author\" content=\"Camilla Gunnar\" \/>\n<meta name=\"twitter:card\" content=\"summary_large_image\" \/>\n<meta name=\"twitter:label1\" content=\"Skriven av\" \/>\n\t<meta name=\"twitter:data1\" content=\"Camilla Gunnar\" \/>\n\t<meta name=\"twitter:label2\" content=\"Ber\u00e4knad l\u00e4stid\" \/>\n\t<meta name=\"twitter:data2\" content=\"1 minut\" \/>\n<!-- \/ Yoast SEO Premium plugin. -->","yoast_head_json":{"title":"Augusti 2021 Verksamhetsber\u00e4ttelse - Kompetensf\u00f6retagen","description":"Verksamhetsber\u00e4ttelse f\u00f6r Augusti m\u00e5nad 2021","robots":{"index":"index","follow":"follow","max-snippet":"max-snippet:-1","max-image-preview":"max-image-preview:large","max-video-preview":"max-video-preview:-1"},"canonical":"https:\/\/www.kompetensforetagen.se\/2022\/06\/augusti-2021\/","og_locale":"sv_SE","og_type":"article","og_title":"Augusti 2021 Verksamhetsber\u00e4ttelse","og_description":"Verksamhetsber\u00e4ttelse f\u00f6r Augusti m\u00e5nad 2021","og_url":"https:\/\/www.kompetensforetagen.se\/2022\/06\/augusti-2021\/","og_site_name":"Kompetensf\u00f6retagen","article_published_time":"2022-06-15T06:39:40+00:00","article_modified_time":"2023-03-22T11:27:48+00:00","author":"Camilla Gunnar","twitter_card":"summary_large_image","twitter_misc":{"Skriven av":"Camilla Gunnar","Ber\u00e4knad l\u00e4stid":"1 minut"},"schema":{"@context":"https:\/\/schema.org","@graph":[{"@type":"Article","@id":"https:\/\/www.kompetensforetagen.se\/2022\/06\/augusti-2021\/#article","isPartOf":{"@id":"https:\/\/www.kompetensforetagen.se\/2022\/06\/augusti-2021\/"},"author":{"name":"Camilla Gunnar","@id":"https:\/\/www.kompetensforetagen.se\/#\/schema\/person\/c7bba27698c27aaa15cc55986aee8988"},"headline":"Augusti 2021 Verksamhetsber\u00e4ttelse","datePublished":"2022-06-15T06:39:40+00:00","dateModified":"2023-03-22T11:27:48+00:00","mainEntityOfPage":{"@id":"https:\/\/www.kompetensforetagen.se\/2022\/06\/augusti-2021\/"},"wordCount":69,"publisher":{"@id":"https:\/\/www.kompetensforetagen.se\/#organization"},"articleSection":{"1":"Verksamhetsber\u00e4ttelse"},"inLanguage":"sv-SE"},{"@type":"WebPage","@id":"https:\/\/www.kompetensforetagen.se\/2022\/06\/augusti-2021\/","url":"https:\/\/www.kompetensforetagen.se\/2022\/06\/augusti-2021\/","name":"Augusti 2021 Verksamhetsber\u00e4ttelse - Kompetensf\u00f6retagen","isPartOf":{"@id":"https:\/\/www.kompetensforetagen.se\/#website"},"datePublished":"2022-06-15T06:39:40+00:00","dateModified":"2023-03-22T11:27:48+00:00","description":"Verksamhetsber\u00e4ttelse f\u00f6r Augusti m\u00e5nad 2021","breadcrumb":{"@id":"https:\/\/www.kompetensforetagen.se\/2022\/06\/augusti-2021\/#breadcrumb"},"inLanguage":"sv-SE","potentialAction":[{"@type":"ReadAction","target":["https:\/\/www.kompetensforetagen.se\/2022\/06\/augusti-2021\/"]}]},{"@type":"BreadcrumbList","@id":"https:\/\/www.kompetensforetagen.se\/2022\/06\/augusti-2021\/#breadcrumb","itemListElement":[{"@type":"ListItem","position":1,"name":"Home","item":"https:\/\/www.kompetensforetagen.se\/"},{"@type":"ListItem","position":2,"name":"Augusti 2021 Verksamhetsber\u00e4ttelse"}]},{"@type":"WebSite","@id":"https:\/\/www.kompetensforetagen.se\/#website","url":"https:\/\/www.kompetensforetagen.se\/","name":"Kompetensf\u00f6retagen","description":"R\u00e4tt person p\u00e5 r\u00e4tt plats kan f\u00f6r\u00e4ndra v\u00e4rlden","publisher":{"@id":"https:\/\/www.kompetensforetagen.se\/#organization"},"potentialAction":[{"@type":"SearchAction","target":{"@type":"EntryPoint","urlTemplate":"https:\/\/www.kompetensforetagen.se\/?s={search_term_string}"},"query-input":{"@type":"PropertyValueSpecification","valueRequired":true,"valueName":"search_term_string"}}],"inLanguage":"sv-SE"},{"@type":"Organization","@id":"https:\/\/www.kompetensforetagen.se\/#organization","name":"Kompetensf\u00f6retagen","url":"https:\/\/www.kompetensforetagen.se\/","logo":{"@type":"ImageObject","inLanguage":"sv-SE","@id":"https:\/\/www.kompetensforetagen.se\/#\/schema\/logo\/image\/","url":"https:\/\/www.kompetensforetagen.se\/app\/uploads\/sites\/5\/2022\/10\/logga_svart.png","contentUrl":"https:\/\/www.kompetensforetagen.se\/app\/uploads\/sites\/5\/2022\/10\/logga_svart.png","width":752,"height":64,"caption":"Kompetensf\u00f6retagen"},"image":{"@id":"https:\/\/www.kompetensforetagen.se\/#\/schema\/logo\/image\/"},"sameAs":["https:\/\/www.linkedin.com\/company\/10540032\/"]},{"@type":"Person","@id":"https:\/\/www.kompetensforetagen.se\/#\/schema\/person\/c7bba27698c27aaa15cc55986aee8988","name":"Camilla Gunnar","image":{"@type":"ImageObject","inLanguage":"sv-SE","@id":"https:\/\/www.kompetensforetagen.se\/#\/schema\/person\/image\/","url":"https:\/\/secure.gravatar.com\/avatar\/22efdd0a8a6d5ee41af811eb334df2a6e2bf5e0edcf2f39b1e9a2ddf72c7cc68?s=96&d=mm&r=g","contentUrl":"https:\/\/secure.gravatar.com\/avatar\/22efdd0a8a6d5ee41af811eb334df2a6e2bf5e0edcf2f39b1e9a2ddf72c7cc68?s=96&d=mm&r=g","caption":"Camilla Gunnar"},"url":"https:\/\/www.kompetensforetagen.se\/person\/camillagunnar-2\/"}]}},"_links":{"self":[{"href":"https:\/\/www.kompetensforetagen.se\/api\/wp\/v2\/posts\/9719","targetHints":{"allow":["GET"]}}],"collection":[{"href":"https:\/\/www.kompetensforetagen.se\/api\/wp\/v2\/posts"}],"about":[{"href":"https:\/\/www.kompetensforetagen.se\/api\/wp\/v2\/types\/post"}],"author":[{"embeddable":true,"href":"https:\/\/www.kompetensforetagen.se\/api\/wp\/v2\/users\/13369"}],"replies":[{"embeddable":true,"href":"https:\/\/www.kompetensforetagen.se\/api\/wp\/v2\/comments?post=9719"}],"version-history":[{"count":1,"href":"https:\/\/www.kompetensforetagen.se\/api\/wp\/v2\/posts\/9719\/revisions"}],"predecessor-version":[{"id":11619,"href":"https:\/\/www.kompetensforetagen.se\/api\/wp\/v2\/posts\/9719\/revisions\/11619"}],"wp:attachment":[{"href":"https:\/\/www.kompetensforetagen.se\/api\/wp\/v2\/media?parent=9719"}],"wp:term":[{"taxonomy":"category","embeddable":true,"href":"https:\/\/www.kompetensforetagen.se\/api\/wp\/v2\/categories?post=9719"},{"taxonomy":"post_tag","embeddable":true,"href":"https:\/\/www.kompetensforetagen.se\/api\/wp\/v2\/tags?post=9719"},{"taxonomy":"type","embeddable":true,"href":"https:\/\/www.kompetensforetagen.se\/api\/wp\/v2\/article_type?post=9719"},{"taxonomy":"agreement","embeddable":true,"href":"https:\/\/www.kompetensforetagen.se\/api\/wp\/v2\/agreement?post=9719"},{"taxonomy":"for-members","embeddable":true,"href":"https:\/\/www.kompetensforetagen.se\/api\/wp\/v2\/for-members?post=9719"}],"curies":[{"name":"wp","href":"https:\/\/api.w.org\/{rel}","templated":true}]}}