{"id":9694,"date":"2022-06-14T14:27:12","date_gmt":"2022-06-14T12:27:12","guid":{"rendered":"https:\/\/www.kompetensforetagen.se\/?p=9694"},"modified":"2023-03-22T12:28:01","modified_gmt":"2023-03-22T11:28:01","slug":"vi-mojliggor-for-fler-foretag-och-verksamheter-medlemskap-i-forbundet-med-uppdaterade-stadgar","status":"publish","type":"post","link":"https:\/\/www.kompetensforetagen.se\/2022\/06\/vi-mojliggor-for-fler-foretag-och-verksamheter-medlemskap-i-forbundet-med-uppdaterade-stadgar\/","title":{"rendered":"Kompetens&shy;f\u00f6retagens stadgar uppdaterade"},"content":{"rendered":"\n<p>Kompetensf\u00f6retagens stadgar har f\u00f6r\u00e4ndrats under \u00e5rens lopp. Syftet med f\u00f6r\u00e4ndringarna har varit att Kompetensf\u00f6retagen ska kunna erbjuda fler f\u00f6retag och verksamheter medlemskap i f\u00f6rbundet. Samtidigt \u00e4r det viktigt att v\u00e4rna om <a href=\"https:\/\/www.kompetensforetagen.se\/2021\/06\/auktorisation_viktig\/\" target=\"_blank\" rel=\"noopener\">Kompetensf\u00f6retagens auktorisation<\/a>, uppr\u00e4tth\u00e5llande av branschstandard och ordning och reda. Vid \u00e5rsm\u00f6tet den 16 maj 2022 beslutades om \u00e4ndring i \u00a7 3 om medlemskapets omfattning, som f\u00f6rtydligar vad som g\u00e4ller f\u00f6r f\u00f6retag inom koncern och f\u00f6retagsgrupp. Kravet p\u00e5 anslutning begr\u00e4nsas till de verksamhetsomr\u00e5den som omfattas av f\u00f6rbundets tre olika auktorisationer omst\u00e4llning, personaluthyrning och rekrytering.<\/p>\n\n\n\n<p><a href=\"https:\/\/www.almega.se\/app\/uploads\/sites\/5\/2022\/08\/stadgar_16052022.pdf\">Kompetensf\u00f6retagens_stadgar_20220516<\/a><\/p>\n","protected":false},"excerpt":{"rendered":"<p>Kompetensf\u00f6retagens stadgar har f\u00f6r\u00e4ndrats under \u00e5rens lopp. Syftet med f\u00f6r\u00e4ndringarna har varit att Kompetensf\u00f6retagen ska kunna erbjuda fler f\u00f6retag och verksamheter medlemskap i f\u00f6rbundet. Samtidigt \u00e4r det viktigt att v\u00e4rna om Kompetensf\u00f6retagens auktorisation, uppr\u00e4tth\u00e5llande av &hellip;<\/p>\n","protected":false},"author":13369,"featured_media":9695,"comment_status":"closed","ping_status":"closed","sticky":false,"template":"","format":"standard","meta":{"_acf_changed":false,"footnotes":""},"categories":[17,1],"tags":[],"article_type":[8],"agreement":[],"for-members":[],"class_list":["post-9694","post","type-post","status-publish","format-standard","has-post-thumbnail","hentry","category-auktorisation","category-okategoriserade","type-aktuellt"],"acf":[],"yoast_head":"<!-- This site is optimized with the Yoast SEO Premium plugin v26.8 (Yoast SEO v26.8) - https:\/\/yoast.com\/product\/yoast-seo-premium-wordpress\/ -->\n<title>Kompetensf\u00f6retagens stadgar uppdaterade - Kompetensf\u00f6retagen<\/title>\n<meta name=\"description\" content=\"Syftet med f\u00f6r\u00e4ndringarna har varit att Kompetensf\u00f6retagen ska kunna erbjuda fler f\u00f6retag och verksamheter medlemskap i f\u00f6rbundet\" \/>\n<meta name=\"robots\" content=\"index, follow, max-snippet:-1, max-image-preview:large, max-video-preview:-1\" \/>\n<link rel=\"canonical\" href=\"https:\/\/www.kompetensforetagen.se\/2022\/06\/vi-mojliggor-for-fler-foretag-och-verksamheter-medlemskap-i-forbundet-med-uppdaterade-stadgar\/\" \/>\n<meta property=\"og:locale\" content=\"sv_SE\" \/>\n<meta property=\"og:type\" content=\"article\" \/>\n<meta property=\"og:title\" content=\"Kompetensf\u00f6retagens stadgar uppdaterade\" \/>\n<meta property=\"og:description\" content=\"Syftet med f\u00f6r\u00e4ndringarna har varit att Kompetensf\u00f6retagen ska kunna erbjuda fler f\u00f6retag och verksamheter medlemskap i f\u00f6rbundet\" \/>\n<meta property=\"og:url\" content=\"https:\/\/www.kompetensforetagen.se\/2022\/06\/vi-mojliggor-for-fler-foretag-och-verksamheter-medlemskap-i-forbundet-med-uppdaterade-stadgar\/\" \/>\n<meta property=\"og:site_name\" content=\"Kompetensf\u00f6retagen\" \/>\n<meta property=\"article:published_time\" content=\"2022-06-14T12:27:12+00:00\" \/>\n<meta property=\"article:modified_time\" content=\"2023-03-22T11:28:01+00:00\" \/>\n<meta property=\"og:image\" content=\"https:\/\/www.kompetensforetagen.se\/app\/uploads\/sites\/5\/2022\/06\/stadgar_16-05-2022.png\" \/>\n\t<meta property=\"og:image:width\" content=\"945\" \/>\n\t<meta property=\"og:image:height\" content=\"945\" \/>\n\t<meta property=\"og:image:type\" content=\"image\/png\" \/>\n<meta name=\"author\" content=\"Camilla Gunnar\" \/>\n<meta name=\"twitter:card\" content=\"summary_large_image\" \/>\n<meta name=\"twitter:label1\" content=\"Skriven av\" \/>\n\t<meta name=\"twitter:data1\" content=\"Camilla Gunnar\" \/>\n\t<meta name=\"twitter:label2\" content=\"Ber\u00e4knad l\u00e4stid\" \/>\n\t<meta name=\"twitter:data2\" content=\"1 minut\" \/>\n<!-- \/ Yoast SEO Premium plugin. -->","yoast_head_json":{"title":"Kompetensf\u00f6retagens stadgar uppdaterade - Kompetensf\u00f6retagen","description":"Syftet med f\u00f6r\u00e4ndringarna har varit att Kompetensf\u00f6retagen ska kunna erbjuda fler f\u00f6retag och verksamheter medlemskap i f\u00f6rbundet","robots":{"index":"index","follow":"follow","max-snippet":"max-snippet:-1","max-image-preview":"max-image-preview:large","max-video-preview":"max-video-preview:-1"},"canonical":"https:\/\/www.kompetensforetagen.se\/2022\/06\/vi-mojliggor-for-fler-foretag-och-verksamheter-medlemskap-i-forbundet-med-uppdaterade-stadgar\/","og_locale":"sv_SE","og_type":"article","og_title":"Kompetensf\u00f6retagens stadgar uppdaterade","og_description":"Syftet med f\u00f6r\u00e4ndringarna har varit att Kompetensf\u00f6retagen ska kunna erbjuda fler f\u00f6retag och verksamheter medlemskap i f\u00f6rbundet","og_url":"https:\/\/www.kompetensforetagen.se\/2022\/06\/vi-mojliggor-for-fler-foretag-och-verksamheter-medlemskap-i-forbundet-med-uppdaterade-stadgar\/","og_site_name":"Kompetensf\u00f6retagen","article_published_time":"2022-06-14T12:27:12+00:00","article_modified_time":"2023-03-22T11:28:01+00:00","og_image":[{"width":945,"height":945,"url":"https:\/\/www.kompetensforetagen.se\/app\/uploads\/sites\/5\/2022\/06\/stadgar_16-05-2022.png","type":"image\/png"}],"author":"Camilla Gunnar","twitter_card":"summary_large_image","twitter_misc":{"Skriven av":"Camilla Gunnar","Ber\u00e4knad l\u00e4stid":"1 minut"},"schema":{"@context":"https:\/\/schema.org","@graph":[{"@type":"Article","@id":"https:\/\/www.kompetensforetagen.se\/2022\/06\/vi-mojliggor-for-fler-foretag-och-verksamheter-medlemskap-i-forbundet-med-uppdaterade-stadgar\/#article","isPartOf":{"@id":"https:\/\/www.kompetensforetagen.se\/2022\/06\/vi-mojliggor-for-fler-foretag-och-verksamheter-medlemskap-i-forbundet-med-uppdaterade-stadgar\/"},"author":{"name":"Camilla Gunnar","@id":"https:\/\/www.kompetensforetagen.se\/#\/schema\/person\/c7bba27698c27aaa15cc55986aee8988"},"headline":"Kompetens&shy;f\u00f6retagens stadgar uppdaterade","datePublished":"2022-06-14T12:27:12+00:00","dateModified":"2023-03-22T11:28:01+00:00","mainEntityOfPage":{"@id":"https:\/\/www.kompetensforetagen.se\/2022\/06\/vi-mojliggor-for-fler-foretag-och-verksamheter-medlemskap-i-forbundet-med-uppdaterade-stadgar\/"},"wordCount":109,"publisher":{"@id":"https:\/\/www.kompetensforetagen.se\/#organization"},"image":{"@id":"https:\/\/www.kompetensforetagen.se\/2022\/06\/vi-mojliggor-for-fler-foretag-och-verksamheter-medlemskap-i-forbundet-med-uppdaterade-stadgar\/#primaryimage"},"thumbnailUrl":"https:\/\/www.kompetensforetagen.se\/app\/uploads\/sites\/5\/2022\/06\/stadgar_16-05-2022.png","articleSection":["Auktorisation"],"inLanguage":"sv-SE"},{"@type":"WebPage","@id":"https:\/\/www.kompetensforetagen.se\/2022\/06\/vi-mojliggor-for-fler-foretag-och-verksamheter-medlemskap-i-forbundet-med-uppdaterade-stadgar\/","url":"https:\/\/www.kompetensforetagen.se\/2022\/06\/vi-mojliggor-for-fler-foretag-och-verksamheter-medlemskap-i-forbundet-med-uppdaterade-stadgar\/","name":"Kompetensf\u00f6retagens stadgar uppdaterade - Kompetensf\u00f6retagen","isPartOf":{"@id":"https:\/\/www.kompetensforetagen.se\/#website"},"primaryImageOfPage":{"@id":"https:\/\/www.kompetensforetagen.se\/2022\/06\/vi-mojliggor-for-fler-foretag-och-verksamheter-medlemskap-i-forbundet-med-uppdaterade-stadgar\/#primaryimage"},"image":{"@id":"https:\/\/www.kompetensforetagen.se\/2022\/06\/vi-mojliggor-for-fler-foretag-och-verksamheter-medlemskap-i-forbundet-med-uppdaterade-stadgar\/#primaryimage"},"thumbnailUrl":"https:\/\/www.kompetensforetagen.se\/app\/uploads\/sites\/5\/2022\/06\/stadgar_16-05-2022.png","datePublished":"2022-06-14T12:27:12+00:00","dateModified":"2023-03-22T11:28:01+00:00","description":"Syftet med f\u00f6r\u00e4ndringarna har varit att Kompetensf\u00f6retagen ska kunna erbjuda fler f\u00f6retag och verksamheter medlemskap i f\u00f6rbundet","breadcrumb":{"@id":"https:\/\/www.kompetensforetagen.se\/2022\/06\/vi-mojliggor-for-fler-foretag-och-verksamheter-medlemskap-i-forbundet-med-uppdaterade-stadgar\/#breadcrumb"},"inLanguage":"sv-SE","potentialAction":[{"@type":"ReadAction","target":["https:\/\/www.kompetensforetagen.se\/2022\/06\/vi-mojliggor-for-fler-foretag-och-verksamheter-medlemskap-i-forbundet-med-uppdaterade-stadgar\/"]}]},{"@type":"ImageObject","inLanguage":"sv-SE","@id":"https:\/\/www.kompetensforetagen.se\/2022\/06\/vi-mojliggor-for-fler-foretag-och-verksamheter-medlemskap-i-forbundet-med-uppdaterade-stadgar\/#primaryimage","url":"https:\/\/www.kompetensforetagen.se\/app\/uploads\/sites\/5\/2022\/06\/stadgar_16-05-2022.png","contentUrl":"https:\/\/www.kompetensforetagen.se\/app\/uploads\/sites\/5\/2022\/06\/stadgar_16-05-2022.png","width":945,"height":945,"caption":"Kompetensf\u00f6retagens stadgar och medlemsvillkor (2022)."},{"@type":"BreadcrumbList","@id":"https:\/\/www.kompetensforetagen.se\/2022\/06\/vi-mojliggor-for-fler-foretag-och-verksamheter-medlemskap-i-forbundet-med-uppdaterade-stadgar\/#breadcrumb","itemListElement":[{"@type":"ListItem","position":1,"name":"Home","item":"https:\/\/www.kompetensforetagen.se\/"},{"@type":"ListItem","position":2,"name":"Kompetens&shy;f\u00f6retagens stadgar uppdaterade"}]},{"@type":"WebSite","@id":"https:\/\/www.kompetensforetagen.se\/#website","url":"https:\/\/www.kompetensforetagen.se\/","name":"Kompetensf\u00f6retagen","description":"R\u00e4tt person p\u00e5 r\u00e4tt plats kan f\u00f6r\u00e4ndra v\u00e4rlden","publisher":{"@id":"https:\/\/www.kompetensforetagen.se\/#organization"},"potentialAction":[{"@type":"SearchAction","target":{"@type":"EntryPoint","urlTemplate":"https:\/\/www.kompetensforetagen.se\/?s={search_term_string}"},"query-input":{"@type":"PropertyValueSpecification","valueRequired":true,"valueName":"search_term_string"}}],"inLanguage":"sv-SE"},{"@type":"Organization","@id":"https:\/\/www.kompetensforetagen.se\/#organization","name":"Kompetensf\u00f6retagen","url":"https:\/\/www.kompetensforetagen.se\/","logo":{"@type":"ImageObject","inLanguage":"sv-SE","@id":"https:\/\/www.kompetensforetagen.se\/#\/schema\/logo\/image\/","url":"https:\/\/www.kompetensforetagen.se\/app\/uploads\/sites\/5\/2022\/10\/logga_svart.png","contentUrl":"https:\/\/www.kompetensforetagen.se\/app\/uploads\/sites\/5\/2022\/10\/logga_svart.png","width":752,"height":64,"caption":"Kompetensf\u00f6retagen"},"image":{"@id":"https:\/\/www.kompetensforetagen.se\/#\/schema\/logo\/image\/"},"sameAs":["https:\/\/www.linkedin.com\/company\/10540032\/"]},{"@type":"Person","@id":"https:\/\/www.kompetensforetagen.se\/#\/schema\/person\/c7bba27698c27aaa15cc55986aee8988","name":"Camilla Gunnar","image":{"@type":"ImageObject","inLanguage":"sv-SE","@id":"https:\/\/www.kompetensforetagen.se\/#\/schema\/person\/image\/","url":"https:\/\/secure.gravatar.com\/avatar\/22efdd0a8a6d5ee41af811eb334df2a6e2bf5e0edcf2f39b1e9a2ddf72c7cc68?s=96&d=mm&r=g","contentUrl":"https:\/\/secure.gravatar.com\/avatar\/22efdd0a8a6d5ee41af811eb334df2a6e2bf5e0edcf2f39b1e9a2ddf72c7cc68?s=96&d=mm&r=g","caption":"Camilla Gunnar"},"url":"https:\/\/www.kompetensforetagen.se\/person\/camillagunnar-2\/"}]}},"_links":{"self":[{"href":"https:\/\/www.kompetensforetagen.se\/api\/wp\/v2\/posts\/9694","targetHints":{"allow":["GET"]}}],"collection":[{"href":"https:\/\/www.kompetensforetagen.se\/api\/wp\/v2\/posts"}],"about":[{"href":"https:\/\/www.kompetensforetagen.se\/api\/wp\/v2\/types\/post"}],"author":[{"embeddable":true,"href":"https:\/\/www.kompetensforetagen.se\/api\/wp\/v2\/users\/13369"}],"replies":[{"embeddable":true,"href":"https:\/\/www.kompetensforetagen.se\/api\/wp\/v2\/comments?post=9694"}],"version-history":[{"count":1,"href":"https:\/\/www.kompetensforetagen.se\/api\/wp\/v2\/posts\/9694\/revisions"}],"predecessor-version":[{"id":11620,"href":"https:\/\/www.kompetensforetagen.se\/api\/wp\/v2\/posts\/9694\/revisions\/11620"}],"wp:featuredmedia":[{"embeddable":true,"href":"https:\/\/www.kompetensforetagen.se\/api\/wp\/v2\/media\/9695"}],"wp:attachment":[{"href":"https:\/\/www.kompetensforetagen.se\/api\/wp\/v2\/media?parent=9694"}],"wp:term":[{"taxonomy":"category","embeddable":true,"href":"https:\/\/www.kompetensforetagen.se\/api\/wp\/v2\/categories?post=9694"},{"taxonomy":"post_tag","embeddable":true,"href":"https:\/\/www.kompetensforetagen.se\/api\/wp\/v2\/tags?post=9694"},{"taxonomy":"type","embeddable":true,"href":"https:\/\/www.kompetensforetagen.se\/api\/wp\/v2\/article_type?post=9694"},{"taxonomy":"agreement","embeddable":true,"href":"https:\/\/www.kompetensforetagen.se\/api\/wp\/v2\/agreement?post=9694"},{"taxonomy":"for-members","embeddable":true,"href":"https:\/\/www.kompetensforetagen.se\/api\/wp\/v2\/for-members?post=9694"}],"curies":[{"name":"wp","href":"https:\/\/api.w.org\/{rel}","templated":true}]}}