{"id":9654,"date":"2022-06-13T15:59:16","date_gmt":"2022-06-13T13:59:16","guid":{"rendered":"https:\/\/www.kompetensforetagen.se\/?p=9654"},"modified":"2023-03-22T12:28:28","modified_gmt":"2023-03-22T11:28:28","slug":"april-2022","status":"publish","type":"post","link":"https:\/\/www.kompetensforetagen.se\/2022\/06\/april-2022\/","title":{"rendered":"April 2022 Verksamhetsber\u00e4ttelse"},"content":{"rendered":"\n<p>5 april meddelar Kompetensf\u00f6retagen att de <a href=\"https:\/\/www.kompetensforetagen.se\/2022\/04\/nytt-rorande-tillgang-till-kompetensforetagens-allmanna-bestammelser\/\" target=\"_blank\" rel=\"noopener\">allm\u00e4nna best\u00e4mmelserna<\/a> fr\u00e5n och med 10 april blir en medlemsf\u00f6rm\u00e5n.<\/p>\n\n\n\n<p>7 april debatterat Patrik Eidfelt tillsammans med Almega och Utbildningsf\u00f6retagen p\u00e5 dagenssamh\u00e4lle.se: <a href=\"https:\/\/www.kompetensforetagen.se\/2022\/04\/debatt-adressen-avgor-vem-som-far-hjalp-av-fristaende-jobbformedlare\/\" target=\"_blank\" rel=\"noopener\">Adressen avg\u00f6r vem som f\u00e5r hj\u00e4lp av frist\u00e5ende jobbf\u00f6rmedlare.<\/a><\/p>\n\n\n\n<p><span style=\"font-family: 'Arial',sans-serif;color: black\">Den 23 april startade <a href=\"https:\/\/www.kompetensforetagen.se\/internationellt\/\" target=\"_blank\" rel=\"noopener\">WEC<\/a> en \u201dLegal Taskforce\u201d med syfte att <\/span><span style=\"font-family: 'Arial',sans-serif;color: #202124\">\u00f6vervaka, bed\u00f6ma och diskutera EG-domstolens r\u00e4ttspraxis och dess inverkan p\u00e5 branschens reglering.&nbsp;<\/span><\/p>\n\n\n\n<p>12 april bloggar Patrik Eidfelt: <a href=\"https:\/\/www.kompetensforetagen.se\/2022\/04\/bemanningsbranschen-viktigaste-vagen-till-kollektivavtalade-jobb-for-unga\/\" target=\"_blank\" rel=\"noopener\">Bemanningsbranschen viktigaste v\u00e4gen till kollektivavtalade jobb f\u00f6r unga.<\/a><\/p>\n","protected":false},"excerpt":{"rendered":"<p>5 april meddelar Kompetensf\u00f6retagen att de allm\u00e4nna best\u00e4mmelserna fr\u00e5n och med 10 april blir en medlemsf\u00f6rm\u00e5n. 7 april debatterat Patrik Eidfelt tillsammans med Almega och Utbildningsf\u00f6retagen p\u00e5 dagenssamh\u00e4lle.se: Adressen avg\u00f6r vem som f\u00e5r hj\u00e4lp av &hellip;<\/p>\n","protected":false},"author":6358,"featured_media":0,"comment_status":"closed","ping_status":"closed","sticky":false,"template":"","format":"standard","meta":{"_acf_changed":false,"footnotes":""},"categories":[213],"tags":[],"article_type":[],"agreement":[],"for-members":[],"class_list":["post-9654","post","type-post","status-publish","format-standard","hentry","category-verksamhetsberattelse"],"acf":[],"yoast_head":"<!-- This site is optimized with the Yoast SEO Premium plugin v26.8 (Yoast SEO v26.8) - https:\/\/yoast.com\/product\/yoast-seo-premium-wordpress\/ -->\n<title>April 2022 I Verksamhetsber\u00e4ttelse I Kompetensf\u00f6retagen<\/title>\n<meta name=\"description\" content=\"En stor f\u00f6r\u00e4ndring under april 2022 \u00e4r att Kompetensf\u00f6retagens allm\u00e4nna best\u00e4mmelser blir en medlemsf\u00f6rm\u00e5n, och kr\u00e4ver prenumeration av \u00f6vriga.\" \/>\n<meta name=\"robots\" content=\"index, follow, max-snippet:-1, max-image-preview:large, max-video-preview:-1\" \/>\n<link rel=\"canonical\" href=\"https:\/\/www.kompetensforetagen.se\/2022\/06\/april-2022\/\" \/>\n<meta property=\"og:locale\" content=\"sv_SE\" \/>\n<meta property=\"og:type\" content=\"article\" \/>\n<meta property=\"og:title\" content=\"April 2022 Verksamhetsber\u00e4ttelse\" \/>\n<meta property=\"og:description\" content=\"En stor f\u00f6r\u00e4ndring under april 2022 \u00e4r att Kompetensf\u00f6retagens allm\u00e4nna best\u00e4mmelser blir en medlemsf\u00f6rm\u00e5n, och kr\u00e4ver prenumeration av \u00f6vriga.\" \/>\n<meta property=\"og:url\" content=\"https:\/\/www.kompetensforetagen.se\/2022\/06\/april-2022\/\" \/>\n<meta property=\"og:site_name\" content=\"Kompetensf\u00f6retagen\" \/>\n<meta property=\"article:published_time\" content=\"2022-06-13T13:59:16+00:00\" \/>\n<meta property=\"article:modified_time\" content=\"2023-03-22T11:28:28+00:00\" \/>\n<meta name=\"twitter:card\" content=\"summary_large_image\" \/>\n<meta name=\"twitter:label1\" content=\"Skriven av\" \/>\n\t<meta name=\"twitter:data1\" content=\"\" \/>\n\t<meta name=\"twitter:label2\" content=\"Ber\u00e4knad l\u00e4stid\" \/>\n\t<meta name=\"twitter:data2\" content=\"1 minut\" \/>\n<!-- \/ Yoast SEO Premium plugin. -->","yoast_head_json":{"title":"April 2022 I Verksamhetsber\u00e4ttelse I Kompetensf\u00f6retagen","description":"En stor f\u00f6r\u00e4ndring under april 2022 \u00e4r att Kompetensf\u00f6retagens allm\u00e4nna best\u00e4mmelser blir en medlemsf\u00f6rm\u00e5n, och kr\u00e4ver prenumeration av \u00f6vriga.","robots":{"index":"index","follow":"follow","max-snippet":"max-snippet:-1","max-image-preview":"max-image-preview:large","max-video-preview":"max-video-preview:-1"},"canonical":"https:\/\/www.kompetensforetagen.se\/2022\/06\/april-2022\/","og_locale":"sv_SE","og_type":"article","og_title":"April 2022 Verksamhetsber\u00e4ttelse","og_description":"En stor f\u00f6r\u00e4ndring under april 2022 \u00e4r att Kompetensf\u00f6retagens allm\u00e4nna best\u00e4mmelser blir en medlemsf\u00f6rm\u00e5n, och kr\u00e4ver prenumeration av \u00f6vriga.","og_url":"https:\/\/www.kompetensforetagen.se\/2022\/06\/april-2022\/","og_site_name":"Kompetensf\u00f6retagen","article_published_time":"2022-06-13T13:59:16+00:00","article_modified_time":"2023-03-22T11:28:28+00:00","twitter_card":"summary_large_image","twitter_misc":{"Skriven av":"","Ber\u00e4knad l\u00e4stid":"1 minut"},"schema":{"@context":"https:\/\/schema.org","@graph":[{"@type":"Article","@id":"https:\/\/www.kompetensforetagen.se\/2022\/06\/april-2022\/#article","isPartOf":{"@id":"https:\/\/www.kompetensforetagen.se\/2022\/06\/april-2022\/"},"author":{"name":"","@id":""},"headline":"April 2022 Verksamhetsber\u00e4ttelse","datePublished":"2022-06-13T13:59:16+00:00","dateModified":"2023-03-22T11:28:28+00:00","mainEntityOfPage":{"@id":"https:\/\/www.kompetensforetagen.se\/2022\/06\/april-2022\/"},"wordCount":90,"publisher":{"@id":"https:\/\/www.kompetensforetagen.se\/#organization"},"articleSection":["Verksamhetsber\u00e4ttelse"],"inLanguage":"sv-SE"},{"@type":"WebPage","@id":"https:\/\/www.kompetensforetagen.se\/2022\/06\/april-2022\/","url":"https:\/\/www.kompetensforetagen.se\/2022\/06\/april-2022\/","name":"April 2022 I Verksamhetsber\u00e4ttelse I Kompetensf\u00f6retagen","isPartOf":{"@id":"https:\/\/www.kompetensforetagen.se\/#website"},"datePublished":"2022-06-13T13:59:16+00:00","dateModified":"2023-03-22T11:28:28+00:00","description":"En stor f\u00f6r\u00e4ndring under april 2022 \u00e4r att Kompetensf\u00f6retagens allm\u00e4nna best\u00e4mmelser blir en medlemsf\u00f6rm\u00e5n, och kr\u00e4ver prenumeration av \u00f6vriga.","breadcrumb":{"@id":"https:\/\/www.kompetensforetagen.se\/2022\/06\/april-2022\/#breadcrumb"},"inLanguage":"sv-SE","potentialAction":[{"@type":"ReadAction","target":["https:\/\/www.kompetensforetagen.se\/2022\/06\/april-2022\/"]}]},{"@type":"BreadcrumbList","@id":"https:\/\/www.kompetensforetagen.se\/2022\/06\/april-2022\/#breadcrumb","itemListElement":[{"@type":"ListItem","position":1,"name":"Home","item":"https:\/\/www.kompetensforetagen.se\/"},{"@type":"ListItem","position":2,"name":"April 2022 Verksamhetsber\u00e4ttelse"}]},{"@type":"WebSite","@id":"https:\/\/www.kompetensforetagen.se\/#website","url":"https:\/\/www.kompetensforetagen.se\/","name":"Kompetensf\u00f6retagen","description":"R\u00e4tt person p\u00e5 r\u00e4tt plats kan f\u00f6r\u00e4ndra v\u00e4rlden","publisher":{"@id":"https:\/\/www.kompetensforetagen.se\/#organization"},"potentialAction":[{"@type":"SearchAction","target":{"@type":"EntryPoint","urlTemplate":"https:\/\/www.kompetensforetagen.se\/?s={search_term_string}"},"query-input":{"@type":"PropertyValueSpecification","valueRequired":true,"valueName":"search_term_string"}}],"inLanguage":"sv-SE"},{"@type":"Organization","@id":"https:\/\/www.kompetensforetagen.se\/#organization","name":"Kompetensf\u00f6retagen","url":"https:\/\/www.kompetensforetagen.se\/","logo":{"@type":"ImageObject","inLanguage":"sv-SE","@id":"https:\/\/www.kompetensforetagen.se\/#\/schema\/logo\/image\/","url":"https:\/\/www.kompetensforetagen.se\/app\/uploads\/sites\/5\/2022\/10\/logga_svart.png","contentUrl":"https:\/\/www.kompetensforetagen.se\/app\/uploads\/sites\/5\/2022\/10\/logga_svart.png","width":752,"height":64,"caption":"Kompetensf\u00f6retagen"},"image":{"@id":"https:\/\/www.kompetensforetagen.se\/#\/schema\/logo\/image\/"},"sameAs":["https:\/\/www.linkedin.com\/company\/10540032\/"]},{"@type":"Person","@id":"","url":"https:\/\/www.kompetensforetagen.se\/person\/"}]}},"_links":{"self":[{"href":"https:\/\/www.kompetensforetagen.se\/api\/wp\/v2\/posts\/9654","targetHints":{"allow":["GET"]}}],"collection":[{"href":"https:\/\/www.kompetensforetagen.se\/api\/wp\/v2\/posts"}],"about":[{"href":"https:\/\/www.kompetensforetagen.se\/api\/wp\/v2\/types\/post"}],"author":[{"embeddable":true,"href":"https:\/\/www.kompetensforetagen.se\/api\/wp\/v2\/users\/6358"}],"replies":[{"embeddable":true,"href":"https:\/\/www.kompetensforetagen.se\/api\/wp\/v2\/comments?post=9654"}],"version-history":[{"count":1,"href":"https:\/\/www.kompetensforetagen.se\/api\/wp\/v2\/posts\/9654\/revisions"}],"predecessor-version":[{"id":11622,"href":"https:\/\/www.kompetensforetagen.se\/api\/wp\/v2\/posts\/9654\/revisions\/11622"}],"wp:attachment":[{"href":"https:\/\/www.kompetensforetagen.se\/api\/wp\/v2\/media?parent=9654"}],"wp:term":[{"taxonomy":"category","embeddable":true,"href":"https:\/\/www.kompetensforetagen.se\/api\/wp\/v2\/categories?post=9654"},{"taxonomy":"post_tag","embeddable":true,"href":"https:\/\/www.kompetensforetagen.se\/api\/wp\/v2\/tags?post=9654"},{"taxonomy":"type","embeddable":true,"href":"https:\/\/www.kompetensforetagen.se\/api\/wp\/v2\/article_type?post=9654"},{"taxonomy":"agreement","embeddable":true,"href":"https:\/\/www.kompetensforetagen.se\/api\/wp\/v2\/agreement?post=9654"},{"taxonomy":"for-members","embeddable":true,"href":"https:\/\/www.kompetensforetagen.se\/api\/wp\/v2\/for-members?post=9654"}],"curies":[{"name":"wp","href":"https:\/\/api.w.org\/{rel}","templated":true}]}}