{"id":9652,"date":"2022-06-13T15:54:25","date_gmt":"2022-06-13T13:54:25","guid":{"rendered":"https:\/\/www.kompetensforetagen.se\/?p=9652"},"modified":"2023-07-13T15:33:58","modified_gmt":"2023-07-13T13:33:58","slug":"mars-2022","status":"publish","type":"post","link":"https:\/\/www.kompetensforetagen.se\/2022\/06\/mars-2022\/","title":{"rendered":"Mars 2022 Verksamhetsber\u00e4ttelse"},"content":{"rendered":"\n<p>Under mars m\u00e5nad introducerades e-utbildning f\u00f6r<a href=\"https:\/\/www.kompetensforetagen.se\/aktiviteter\/kompetensforetagen-introduktion-till-tjanstemannavtalet-nya-medlemmar\/\" target=\"_blank\" rel=\"noopener\"> introduktion till tj\u00e4nstemanna\u00adavtalet<\/a>, f\u00f6r att nya medlemmar enklare ska kunna delta i den obligatoriska kursen.<\/p>\n\n\n\n<p>4 mars kom<a href=\"https:\/\/www.almega.se\/app\/uploads\/sites\/5\/2022\/03\/kvartalsrapport_2021_q4_03.pdf\" target=\"_blank\" rel=\"noopener\"> oms\u00e4ttningsstatistiken f\u00f6r Q4 2021,<\/a> d\u00e4r oms\u00e4ttningen i branschen \u00f6kade med 28,4 procent fr\u00e5n motsvarande kvartal 2020.<\/p>\n\n\n\n<p>21 mars kom Kompetensf\u00f6retagens <a href=\"https:\/\/www.almega.se\/app\/uploads\/sites\/5\/2022\/05\/arsrapport_2021_07.pdf\" target=\"_blank\" rel=\"noopener\">\u00c5rsrapport 2021<\/a> \u2013 \u00f6kad oms\u00e4ttning och fler arbetstillf\u00e4llen i kompetensbranschen.<\/p>\n\n\n\n<p>24 mars debatterar Patrik Eidfelt och ordf\u00f6rande Eva Domanders p\u00e5 dagensmedicin.se: <a href=\"https:\/\/www.dagensmedicin.se\/opinion\/debatt\/skr-gor-en-tankevurpa-om-inhyrd-vardpersonal\/\" target=\"_blank\" rel=\"noopener\">SKR g\u00f6r en tankevurpa om inhyrd v\u00e5rdpersonal.<\/a><\/p>\n","protected":false},"excerpt":{"rendered":"<p>Under mars m\u00e5nad introducerades e-utbildning f\u00f6r introduktion till tj\u00e4nstemanna\u00adavtalet, f\u00f6r att nya medlemmar enklare ska kunna delta i den obligatoriska kursen. 4 mars kom oms\u00e4ttningsstatistiken f\u00f6r Q4 2021, d\u00e4r oms\u00e4ttningen i branschen \u00f6kade med 28,4 &hellip;<\/p>\n","protected":false},"author":6358,"featured_media":0,"comment_status":"closed","ping_status":"closed","sticky":false,"template":"","format":"standard","meta":{"_acf_changed":false,"footnotes":""},"categories":[213],"tags":[],"article_type":[],"agreement":[],"for-members":[],"class_list":["post-9652","post","type-post","status-publish","format-standard","hentry","category-verksamhetsberattelse"],"acf":[],"yoast_head":"<!-- This site is optimized with the Yoast SEO Premium plugin v26.8 (Yoast SEO v26.8) - https:\/\/yoast.com\/product\/yoast-seo-premium-wordpress\/ -->\n<title>Mars 2022 I Verksamhetsber\u00e4ttelse I Kompetensf\u00f6retagen<\/title>\n<meta name=\"description\" content=\"Verksamheten i mars 2022 dominerades av oms\u00e4ttningsstatistik, d\u00e5 s\u00e5v\u00e4l Q4 och \u00c5rsrapporten f\u00f6r 2021 publicerades d\u00e5.\" \/>\n<meta name=\"robots\" content=\"index, follow, max-snippet:-1, max-image-preview:large, max-video-preview:-1\" \/>\n<link rel=\"canonical\" href=\"https:\/\/www.kompetensforetagen.se\/2022\/06\/mars-2022\/\" \/>\n<meta property=\"og:locale\" content=\"sv_SE\" \/>\n<meta property=\"og:type\" content=\"article\" \/>\n<meta property=\"og:title\" content=\"Mars 2022 Verksamhetsber\u00e4ttelse\" \/>\n<meta property=\"og:description\" content=\"Verksamheten i mars 2022 dominerades av oms\u00e4ttningsstatistik, d\u00e5 s\u00e5v\u00e4l Q4 och \u00c5rsrapporten f\u00f6r 2021 publicerades d\u00e5.\" \/>\n<meta property=\"og:url\" content=\"https:\/\/www.kompetensforetagen.se\/2022\/06\/mars-2022\/\" \/>\n<meta property=\"og:site_name\" content=\"Kompetensf\u00f6retagen\" \/>\n<meta property=\"article:published_time\" content=\"2022-06-13T13:54:25+00:00\" \/>\n<meta property=\"article:modified_time\" content=\"2023-07-13T13:33:58+00:00\" \/>\n<meta name=\"twitter:card\" content=\"summary_large_image\" \/>\n<meta name=\"twitter:label1\" content=\"Skriven av\" \/>\n\t<meta name=\"twitter:data1\" content=\"\" \/>\n\t<meta name=\"twitter:label2\" content=\"Ber\u00e4knad l\u00e4stid\" \/>\n\t<meta name=\"twitter:data2\" content=\"1 minut\" \/>\n<!-- \/ Yoast SEO Premium plugin. -->","yoast_head_json":{"title":"Mars 2022 I Verksamhetsber\u00e4ttelse I Kompetensf\u00f6retagen","description":"Verksamheten i mars 2022 dominerades av oms\u00e4ttningsstatistik, d\u00e5 s\u00e5v\u00e4l Q4 och \u00c5rsrapporten f\u00f6r 2021 publicerades d\u00e5.","robots":{"index":"index","follow":"follow","max-snippet":"max-snippet:-1","max-image-preview":"max-image-preview:large","max-video-preview":"max-video-preview:-1"},"canonical":"https:\/\/www.kompetensforetagen.se\/2022\/06\/mars-2022\/","og_locale":"sv_SE","og_type":"article","og_title":"Mars 2022 Verksamhetsber\u00e4ttelse","og_description":"Verksamheten i mars 2022 dominerades av oms\u00e4ttningsstatistik, d\u00e5 s\u00e5v\u00e4l Q4 och \u00c5rsrapporten f\u00f6r 2021 publicerades d\u00e5.","og_url":"https:\/\/www.kompetensforetagen.se\/2022\/06\/mars-2022\/","og_site_name":"Kompetensf\u00f6retagen","article_published_time":"2022-06-13T13:54:25+00:00","article_modified_time":"2023-07-13T13:33:58+00:00","twitter_card":"summary_large_image","twitter_misc":{"Skriven av":"","Ber\u00e4knad l\u00e4stid":"1 minut"},"schema":{"@context":"https:\/\/schema.org","@graph":[{"@type":"Article","@id":"https:\/\/www.kompetensforetagen.se\/2022\/06\/mars-2022\/#article","isPartOf":{"@id":"https:\/\/www.kompetensforetagen.se\/2022\/06\/mars-2022\/"},"author":{"name":"","@id":""},"headline":"Mars 2022 Verksamhetsber\u00e4ttelse","datePublished":"2022-06-13T13:54:25+00:00","dateModified":"2023-07-13T13:33:58+00:00","mainEntityOfPage":{"@id":"https:\/\/www.kompetensforetagen.se\/2022\/06\/mars-2022\/"},"wordCount":84,"publisher":{"@id":"https:\/\/www.kompetensforetagen.se\/#organization"},"articleSection":["Verksamhetsber\u00e4ttelse"],"inLanguage":"sv-SE"},{"@type":"WebPage","@id":"https:\/\/www.kompetensforetagen.se\/2022\/06\/mars-2022\/","url":"https:\/\/www.kompetensforetagen.se\/2022\/06\/mars-2022\/","name":"Mars 2022 I Verksamhetsber\u00e4ttelse I Kompetensf\u00f6retagen","isPartOf":{"@id":"https:\/\/www.kompetensforetagen.se\/#website"},"datePublished":"2022-06-13T13:54:25+00:00","dateModified":"2023-07-13T13:33:58+00:00","description":"Verksamheten i mars 2022 dominerades av oms\u00e4ttningsstatistik, d\u00e5 s\u00e5v\u00e4l Q4 och \u00c5rsrapporten f\u00f6r 2021 publicerades d\u00e5.","breadcrumb":{"@id":"https:\/\/www.kompetensforetagen.se\/2022\/06\/mars-2022\/#breadcrumb"},"inLanguage":"sv-SE","potentialAction":[{"@type":"ReadAction","target":["https:\/\/www.kompetensforetagen.se\/2022\/06\/mars-2022\/"]}]},{"@type":"BreadcrumbList","@id":"https:\/\/www.kompetensforetagen.se\/2022\/06\/mars-2022\/#breadcrumb","itemListElement":[{"@type":"ListItem","position":1,"name":"Home","item":"https:\/\/www.kompetensforetagen.se\/"},{"@type":"ListItem","position":2,"name":"Mars 2022 Verksamhetsber\u00e4ttelse"}]},{"@type":"WebSite","@id":"https:\/\/www.kompetensforetagen.se\/#website","url":"https:\/\/www.kompetensforetagen.se\/","name":"Kompetensf\u00f6retagen","description":"R\u00e4tt person p\u00e5 r\u00e4tt plats kan f\u00f6r\u00e4ndra v\u00e4rlden","publisher":{"@id":"https:\/\/www.kompetensforetagen.se\/#organization"},"potentialAction":[{"@type":"SearchAction","target":{"@type":"EntryPoint","urlTemplate":"https:\/\/www.kompetensforetagen.se\/?s={search_term_string}"},"query-input":{"@type":"PropertyValueSpecification","valueRequired":true,"valueName":"search_term_string"}}],"inLanguage":"sv-SE"},{"@type":"Organization","@id":"https:\/\/www.kompetensforetagen.se\/#organization","name":"Kompetensf\u00f6retagen","url":"https:\/\/www.kompetensforetagen.se\/","logo":{"@type":"ImageObject","inLanguage":"sv-SE","@id":"https:\/\/www.kompetensforetagen.se\/#\/schema\/logo\/image\/","url":"https:\/\/www.kompetensforetagen.se\/app\/uploads\/sites\/5\/2022\/10\/logga_svart.png","contentUrl":"https:\/\/www.kompetensforetagen.se\/app\/uploads\/sites\/5\/2022\/10\/logga_svart.png","width":752,"height":64,"caption":"Kompetensf\u00f6retagen"},"image":{"@id":"https:\/\/www.kompetensforetagen.se\/#\/schema\/logo\/image\/"},"sameAs":["https:\/\/www.linkedin.com\/company\/10540032\/"]},{"@type":"Person","@id":"","url":"https:\/\/www.kompetensforetagen.se\/person\/"}]}},"_links":{"self":[{"href":"https:\/\/www.kompetensforetagen.se\/api\/wp\/v2\/posts\/9652","targetHints":{"allow":["GET"]}}],"collection":[{"href":"https:\/\/www.kompetensforetagen.se\/api\/wp\/v2\/posts"}],"about":[{"href":"https:\/\/www.kompetensforetagen.se\/api\/wp\/v2\/types\/post"}],"author":[{"embeddable":true,"href":"https:\/\/www.kompetensforetagen.se\/api\/wp\/v2\/users\/6358"}],"replies":[{"embeddable":true,"href":"https:\/\/www.kompetensforetagen.se\/api\/wp\/v2\/comments?post=9652"}],"version-history":[{"count":2,"href":"https:\/\/www.kompetensforetagen.se\/api\/wp\/v2\/posts\/9652\/revisions"}],"predecessor-version":[{"id":14635,"href":"https:\/\/www.kompetensforetagen.se\/api\/wp\/v2\/posts\/9652\/revisions\/14635"}],"wp:attachment":[{"href":"https:\/\/www.kompetensforetagen.se\/api\/wp\/v2\/media?parent=9652"}],"wp:term":[{"taxonomy":"category","embeddable":true,"href":"https:\/\/www.kompetensforetagen.se\/api\/wp\/v2\/categories?post=9652"},{"taxonomy":"post_tag","embeddable":true,"href":"https:\/\/www.kompetensforetagen.se\/api\/wp\/v2\/tags?post=9652"},{"taxonomy":"type","embeddable":true,"href":"https:\/\/www.kompetensforetagen.se\/api\/wp\/v2\/article_type?post=9652"},{"taxonomy":"agreement","embeddable":true,"href":"https:\/\/www.kompetensforetagen.se\/api\/wp\/v2\/agreement?post=9652"},{"taxonomy":"for-members","embeddable":true,"href":"https:\/\/www.kompetensforetagen.se\/api\/wp\/v2\/for-members?post=9652"}],"curies":[{"name":"wp","href":"https:\/\/api.w.org\/{rel}","templated":true}]}}