{"id":9649,"date":"2022-06-13T15:49:35","date_gmt":"2022-06-13T13:49:35","guid":{"rendered":"https:\/\/www.kompetensforetagen.se\/?p=9649"},"modified":"2023-03-22T12:28:55","modified_gmt":"2023-03-22T11:28:55","slug":"februari-2022","status":"publish","type":"post","link":"https:\/\/www.kompetensforetagen.se\/2022\/06\/februari-2022\/","title":{"rendered":"Februari 2022 Verksamhetsber\u00e4ttelse"},"content":{"rendered":"\n<p>10 februari bloggar Patrik Eidfelt om <a href=\"https:\/\/www.kompetensforetagen.se\/2022\/02\/bemanningsbranschen-stark-integrationsmotor-pa-arbetsmarknaden\/\" target=\"_blank\" rel=\"noopener\">bemanningsbranschens styrka som integrationsmotor p\u00e5 arbetsmarknaden.<\/a><\/p>\n\n\n\n<p>18 februari kommenterar Patrik Eidfelt tillsammans med Kompetensf\u00f6retagens ordf\u00f6rande Eva Domanders p\u00e5 webben det behov som finnas av att <a href=\"https:\/\/www.kompetensforetagen.se\/2022\/02\/diskussionen-om-karenstid-for-vardbemanningspersonal-maste-nyanseras\/\" target=\"_blank\" rel=\"noopener\">nyansera diskussionen om karens f\u00f6r inhyrd v\u00e5rdpersonal.<\/a><\/p>\n\n\n\n<p>22 februari debattreplikerar Patrik Eidfelt med flera p\u00e5 dagenssamh\u00e4lle.se till Skoopi och Fremia: <a href=\"https:\/\/www.dagenssamhalle.se\/opinion\/debatt\/replik-privata-aktorer-behovs-for-att-stotta-arbetssokande\/\" target=\"_blank\" rel=\"noopener\">Frist\u00e5ende akt\u00f6rer beh\u00f6vs f\u00f6r att st\u00f6tta arbetss\u00f6kande.<\/a><\/p>\n","protected":false},"excerpt":{"rendered":"<p>10 februari bloggar Patrik Eidfelt om bemanningsbranschens styrka som integrationsmotor p\u00e5 arbetsmarknaden. 18 februari kommenterar Patrik Eidfelt tillsammans med Kompetensf\u00f6retagens ordf\u00f6rande Eva Domanders p\u00e5 webben det behov som finnas av att nyansera diskussionen om karens &hellip;<\/p>\n","protected":false},"author":6358,"featured_media":0,"comment_status":"closed","ping_status":"closed","sticky":false,"template":"","format":"standard","meta":{"_acf_changed":false,"footnotes":""},"categories":[213],"tags":[],"article_type":[],"agreement":[],"for-members":[],"class_list":["post-9649","post","type-post","status-publish","format-standard","hentry","category-verksamhetsberattelse"],"acf":[],"yoast_head":"<!-- This site is optimized with the Yoast SEO Premium plugin v26.8 (Yoast SEO v26.8) - https:\/\/yoast.com\/product\/yoast-seo-premium-wordpress\/ -->\n<title>Februari 2022 I Verksamhetsber\u00e4ttelse I Kompetensf\u00f6retagen<\/title>\n<meta name=\"description\" content=\"I februari 2022 redog\u00f6r verksamhetsber\u00e4ttelsen f\u00f6r bl a hur Patrik Eidfelt tillsammans med ordf\u00f6rande argumenterar f\u00f6r nyansering av v\u00e5rdkarensen.\" \/>\n<meta name=\"robots\" content=\"index, follow, max-snippet:-1, max-image-preview:large, max-video-preview:-1\" \/>\n<link rel=\"canonical\" href=\"https:\/\/www.kompetensforetagen.se\/2022\/06\/februari-2022\/\" \/>\n<meta property=\"og:locale\" content=\"sv_SE\" \/>\n<meta property=\"og:type\" content=\"article\" \/>\n<meta property=\"og:title\" content=\"Februari 2022 Verksamhetsber\u00e4ttelse\" \/>\n<meta property=\"og:description\" content=\"I februari 2022 redog\u00f6r verksamhetsber\u00e4ttelsen f\u00f6r bl a hur Patrik Eidfelt tillsammans med ordf\u00f6rande argumenterar f\u00f6r nyansering av v\u00e5rdkarensen.\" \/>\n<meta property=\"og:url\" content=\"https:\/\/www.kompetensforetagen.se\/2022\/06\/februari-2022\/\" \/>\n<meta property=\"og:site_name\" content=\"Kompetensf\u00f6retagen\" \/>\n<meta property=\"article:published_time\" content=\"2022-06-13T13:49:35+00:00\" \/>\n<meta property=\"article:modified_time\" content=\"2023-03-22T11:28:55+00:00\" \/>\n<meta name=\"twitter:card\" content=\"summary_large_image\" \/>\n<meta name=\"twitter:label1\" content=\"Skriven av\" \/>\n\t<meta name=\"twitter:data1\" content=\"\" \/>\n\t<meta name=\"twitter:label2\" content=\"Ber\u00e4knad l\u00e4stid\" \/>\n\t<meta name=\"twitter:data2\" content=\"1 minut\" \/>\n<!-- \/ Yoast SEO Premium plugin. -->","yoast_head_json":{"title":"Februari 2022 I Verksamhetsber\u00e4ttelse I Kompetensf\u00f6retagen","description":"I februari 2022 redog\u00f6r verksamhetsber\u00e4ttelsen f\u00f6r bl a hur Patrik Eidfelt tillsammans med ordf\u00f6rande argumenterar f\u00f6r nyansering av v\u00e5rdkarensen.","robots":{"index":"index","follow":"follow","max-snippet":"max-snippet:-1","max-image-preview":"max-image-preview:large","max-video-preview":"max-video-preview:-1"},"canonical":"https:\/\/www.kompetensforetagen.se\/2022\/06\/februari-2022\/","og_locale":"sv_SE","og_type":"article","og_title":"Februari 2022 Verksamhetsber\u00e4ttelse","og_description":"I februari 2022 redog\u00f6r verksamhetsber\u00e4ttelsen f\u00f6r bl a hur Patrik Eidfelt tillsammans med ordf\u00f6rande argumenterar f\u00f6r nyansering av v\u00e5rdkarensen.","og_url":"https:\/\/www.kompetensforetagen.se\/2022\/06\/februari-2022\/","og_site_name":"Kompetensf\u00f6retagen","article_published_time":"2022-06-13T13:49:35+00:00","article_modified_time":"2023-03-22T11:28:55+00:00","twitter_card":"summary_large_image","twitter_misc":{"Skriven av":"","Ber\u00e4knad l\u00e4stid":"1 minut"},"schema":{"@context":"https:\/\/schema.org","@graph":[{"@type":"Article","@id":"https:\/\/www.kompetensforetagen.se\/2022\/06\/februari-2022\/#article","isPartOf":{"@id":"https:\/\/www.kompetensforetagen.se\/2022\/06\/februari-2022\/"},"author":{"name":"","@id":""},"headline":"Februari 2022 Verksamhetsber\u00e4ttelse","datePublished":"2022-06-13T13:49:35+00:00","dateModified":"2023-03-22T11:28:55+00:00","mainEntityOfPage":{"@id":"https:\/\/www.kompetensforetagen.se\/2022\/06\/februari-2022\/"},"wordCount":70,"publisher":{"@id":"https:\/\/www.kompetensforetagen.se\/#organization"},"articleSection":["Verksamhetsber\u00e4ttelse"],"inLanguage":"sv-SE"},{"@type":"WebPage","@id":"https:\/\/www.kompetensforetagen.se\/2022\/06\/februari-2022\/","url":"https:\/\/www.kompetensforetagen.se\/2022\/06\/februari-2022\/","name":"Februari 2022 I Verksamhetsber\u00e4ttelse I Kompetensf\u00f6retagen","isPartOf":{"@id":"https:\/\/www.kompetensforetagen.se\/#website"},"datePublished":"2022-06-13T13:49:35+00:00","dateModified":"2023-03-22T11:28:55+00:00","description":"I februari 2022 redog\u00f6r verksamhetsber\u00e4ttelsen f\u00f6r bl a hur Patrik Eidfelt tillsammans med ordf\u00f6rande argumenterar f\u00f6r nyansering av v\u00e5rdkarensen.","breadcrumb":{"@id":"https:\/\/www.kompetensforetagen.se\/2022\/06\/februari-2022\/#breadcrumb"},"inLanguage":"sv-SE","potentialAction":[{"@type":"ReadAction","target":["https:\/\/www.kompetensforetagen.se\/2022\/06\/februari-2022\/"]}]},{"@type":"BreadcrumbList","@id":"https:\/\/www.kompetensforetagen.se\/2022\/06\/februari-2022\/#breadcrumb","itemListElement":[{"@type":"ListItem","position":1,"name":"Home","item":"https:\/\/www.kompetensforetagen.se\/"},{"@type":"ListItem","position":2,"name":"Februari 2022 Verksamhetsber\u00e4ttelse"}]},{"@type":"WebSite","@id":"https:\/\/www.kompetensforetagen.se\/#website","url":"https:\/\/www.kompetensforetagen.se\/","name":"Kompetensf\u00f6retagen","description":"R\u00e4tt person p\u00e5 r\u00e4tt plats kan f\u00f6r\u00e4ndra v\u00e4rlden","publisher":{"@id":"https:\/\/www.kompetensforetagen.se\/#organization"},"potentialAction":[{"@type":"SearchAction","target":{"@type":"EntryPoint","urlTemplate":"https:\/\/www.kompetensforetagen.se\/?s={search_term_string}"},"query-input":{"@type":"PropertyValueSpecification","valueRequired":true,"valueName":"search_term_string"}}],"inLanguage":"sv-SE"},{"@type":"Organization","@id":"https:\/\/www.kompetensforetagen.se\/#organization","name":"Kompetensf\u00f6retagen","url":"https:\/\/www.kompetensforetagen.se\/","logo":{"@type":"ImageObject","inLanguage":"sv-SE","@id":"https:\/\/www.kompetensforetagen.se\/#\/schema\/logo\/image\/","url":"https:\/\/www.kompetensforetagen.se\/app\/uploads\/sites\/5\/2022\/10\/logga_svart.png","contentUrl":"https:\/\/www.kompetensforetagen.se\/app\/uploads\/sites\/5\/2022\/10\/logga_svart.png","width":752,"height":64,"caption":"Kompetensf\u00f6retagen"},"image":{"@id":"https:\/\/www.kompetensforetagen.se\/#\/schema\/logo\/image\/"},"sameAs":["https:\/\/www.linkedin.com\/company\/10540032\/"]},{"@type":"Person","@id":"","url":"https:\/\/www.kompetensforetagen.se\/person\/"}]}},"_links":{"self":[{"href":"https:\/\/www.kompetensforetagen.se\/api\/wp\/v2\/posts\/9649","targetHints":{"allow":["GET"]}}],"collection":[{"href":"https:\/\/www.kompetensforetagen.se\/api\/wp\/v2\/posts"}],"about":[{"href":"https:\/\/www.kompetensforetagen.se\/api\/wp\/v2\/types\/post"}],"author":[{"embeddable":true,"href":"https:\/\/www.kompetensforetagen.se\/api\/wp\/v2\/users\/6358"}],"replies":[{"embeddable":true,"href":"https:\/\/www.kompetensforetagen.se\/api\/wp\/v2\/comments?post=9649"}],"version-history":[{"count":1,"href":"https:\/\/www.kompetensforetagen.se\/api\/wp\/v2\/posts\/9649\/revisions"}],"predecessor-version":[{"id":11624,"href":"https:\/\/www.kompetensforetagen.se\/api\/wp\/v2\/posts\/9649\/revisions\/11624"}],"wp:attachment":[{"href":"https:\/\/www.kompetensforetagen.se\/api\/wp\/v2\/media?parent=9649"}],"wp:term":[{"taxonomy":"category","embeddable":true,"href":"https:\/\/www.kompetensforetagen.se\/api\/wp\/v2\/categories?post=9649"},{"taxonomy":"post_tag","embeddable":true,"href":"https:\/\/www.kompetensforetagen.se\/api\/wp\/v2\/tags?post=9649"},{"taxonomy":"type","embeddable":true,"href":"https:\/\/www.kompetensforetagen.se\/api\/wp\/v2\/article_type?post=9649"},{"taxonomy":"agreement","embeddable":true,"href":"https:\/\/www.kompetensforetagen.se\/api\/wp\/v2\/agreement?post=9649"},{"taxonomy":"for-members","embeddable":true,"href":"https:\/\/www.kompetensforetagen.se\/api\/wp\/v2\/for-members?post=9649"}],"curies":[{"name":"wp","href":"https:\/\/api.w.org\/{rel}","templated":true}]}}