{"id":9647,"date":"2022-06-13T15:38:26","date_gmt":"2022-06-13T13:38:26","guid":{"rendered":"https:\/\/www.kompetensforetagen.se\/?p=9647"},"modified":"2023-03-22T12:29:09","modified_gmt":"2023-03-22T11:29:09","slug":"januari-2022","status":"publish","type":"post","link":"https:\/\/www.kompetensforetagen.se\/2022\/06\/januari-2022\/","title":{"rendered":"Januari 2022 Verksamhetsber\u00e4ttelse"},"content":{"rendered":"\n<p>I januari <a href=\"https:\/\/www.kompetensforetagen.se\/2022\/01\/kompetensforetagens-mest-lasta-nyheter-2021\/\" target=\"_blank\" rel=\"noopener\">summerades<\/a> att bes\u00f6ken till webbplatsen \u00f6kat med 20 procent under 2021 j\u00e4mf\u00f6rt med \u00e5ret innan, och att den mest l\u00e4sta nyheten handlat om kompetensbranschens bidrag under coronapandemin.<\/p>\n\n\n\n<p>12 januari <a href=\"https:\/\/www.kompetensforetagen.se\/2022\/01\/bemanningsbranschen-viktig-vag-till-jobb-for-unga\/\" target=\"_blank\" rel=\"noopener\">presenterar Kompetensf\u00f6retagen nya siffror fr\u00e5n SCB<\/a> som visar att bemanningsbranschen \u00e4r en viktig v\u00e4g till jobb f\u00f6r unga. Det \u00e4r mer \u00e4n dubbelt s\u00e5 m\u00e5nga under 30 \u00e5r som jobbar d\u00e4r (43 %) j\u00e4mf\u00f6rt med arbetsmarknaden som helhet (20 %).<\/p>\n\n\n\n<p>20 januari har Kompetensf\u00f6retagen intervjuat Almegas arbetsmilj\u00f6expert Maria Morberg om de <a href=\"https:\/\/www.kompetensforetagen.se\/2022\/01\/expertens-fem-tips-for-lyckad-arbetsmiljointroduktion-av-konsulter\/\" target=\"_blank\" rel=\"noopener\">fem viktigaste tipsen f\u00f6r en lyckad arbetsmilj\u00f6introduktion.<\/a><\/p>\n\n\n\n<p>26 januari h\u00f6lls ett andra seminarium med information till medlemmarna om<a href=\"https:\/\/www.kompetensforetagen.se\/2022\/06\/faktablad-om-forandringarna-i-uthyrningslagen\/\" target=\"_blank\" rel=\"noopener\"> f\u00f6r\u00e4ndringarna i uthyrningslagen.<\/a><\/p>\n\n\n\n<p>27 januari presenterar Kompetensf\u00f6retagen <a href=\"https:\/\/www.kompetensforetagen.se\/2022\/01\/partsgemensamt-arbete-for-god-arbetsmiljointroduktion\/\" target=\"_blank\" rel=\"noopener\">ett partsgemensamt arbete f\u00f6r god arbetsmilj\u00f6introduktion i bemanningsbranschen.<\/a><\/p>\n","protected":false},"excerpt":{"rendered":"<p>I januari summerades att bes\u00f6ken till webbplatsen \u00f6kat med 20 procent under 2021 j\u00e4mf\u00f6rt med \u00e5ret innan, och att den mest l\u00e4sta nyheten handlat om kompetensbranschens bidrag under coronapandemin. 12 januari presenterar Kompetensf\u00f6retagen nya siffror &hellip;<\/p>\n","protected":false},"author":6358,"featured_media":0,"comment_status":"closed","ping_status":"closed","sticky":false,"template":"","format":"standard","meta":{"_acf_changed":false,"footnotes":""},"categories":[213],"tags":[],"article_type":[],"agreement":[],"for-members":[],"class_list":["post-9647","post","type-post","status-publish","format-standard","hentry","category-verksamhetsberattelse"],"acf":[],"yoast_head":"<!-- This site is optimized with the Yoast SEO Premium plugin v26.8 (Yoast SEO v26.8) - https:\/\/yoast.com\/product\/yoast-seo-premium-wordpress\/ -->\n<title>Januari 2022 I Verksamhetsber\u00e4ttelse I Kompetensf\u00f6retagen<\/title>\n<meta name=\"description\" content=\"I verksamhetsber\u00e4ttelsens del f\u00f6r januari \u00e4r det f\u00e5 men viktiga punkter, som r\u00f6r arbetsmilj\u00f6 och siffror \u00f6ver antalet unga i bemanningsbranschen.\" \/>\n<meta name=\"robots\" content=\"index, follow, max-snippet:-1, max-image-preview:large, max-video-preview:-1\" \/>\n<link rel=\"canonical\" href=\"https:\/\/www.kompetensforetagen.se\/2022\/06\/januari-2022\/\" \/>\n<meta property=\"og:locale\" content=\"sv_SE\" \/>\n<meta property=\"og:type\" content=\"article\" \/>\n<meta property=\"og:title\" content=\"Januari 2022 Verksamhetsber\u00e4ttelse\" \/>\n<meta property=\"og:description\" content=\"I verksamhetsber\u00e4ttelsens del f\u00f6r januari \u00e4r det f\u00e5 men viktiga punkter, som r\u00f6r arbetsmilj\u00f6 och siffror \u00f6ver antalet unga i bemanningsbranschen.\" \/>\n<meta property=\"og:url\" content=\"https:\/\/www.kompetensforetagen.se\/2022\/06\/januari-2022\/\" \/>\n<meta property=\"og:site_name\" content=\"Kompetensf\u00f6retagen\" \/>\n<meta property=\"article:published_time\" content=\"2022-06-13T13:38:26+00:00\" \/>\n<meta property=\"article:modified_time\" content=\"2023-03-22T11:29:09+00:00\" \/>\n<meta name=\"twitter:card\" content=\"summary_large_image\" \/>\n<meta name=\"twitter:label1\" content=\"Skriven av\" \/>\n\t<meta name=\"twitter:data1\" content=\"\" \/>\n\t<meta name=\"twitter:label2\" content=\"Ber\u00e4knad l\u00e4stid\" \/>\n\t<meta name=\"twitter:data2\" content=\"1 minut\" \/>\n<!-- \/ Yoast SEO Premium plugin. -->","yoast_head_json":{"title":"Januari 2022 I Verksamhetsber\u00e4ttelse I Kompetensf\u00f6retagen","description":"I verksamhetsber\u00e4ttelsens del f\u00f6r januari \u00e4r det f\u00e5 men viktiga punkter, som r\u00f6r arbetsmilj\u00f6 och siffror \u00f6ver antalet unga i bemanningsbranschen.","robots":{"index":"index","follow":"follow","max-snippet":"max-snippet:-1","max-image-preview":"max-image-preview:large","max-video-preview":"max-video-preview:-1"},"canonical":"https:\/\/www.kompetensforetagen.se\/2022\/06\/januari-2022\/","og_locale":"sv_SE","og_type":"article","og_title":"Januari 2022 Verksamhetsber\u00e4ttelse","og_description":"I verksamhetsber\u00e4ttelsens del f\u00f6r januari \u00e4r det f\u00e5 men viktiga punkter, som r\u00f6r arbetsmilj\u00f6 och siffror \u00f6ver antalet unga i bemanningsbranschen.","og_url":"https:\/\/www.kompetensforetagen.se\/2022\/06\/januari-2022\/","og_site_name":"Kompetensf\u00f6retagen","article_published_time":"2022-06-13T13:38:26+00:00","article_modified_time":"2023-03-22T11:29:09+00:00","twitter_card":"summary_large_image","twitter_misc":{"Skriven av":"","Ber\u00e4knad l\u00e4stid":"1 minut"},"schema":{"@context":"https:\/\/schema.org","@graph":[{"@type":"Article","@id":"https:\/\/www.kompetensforetagen.se\/2022\/06\/januari-2022\/#article","isPartOf":{"@id":"https:\/\/www.kompetensforetagen.se\/2022\/06\/januari-2022\/"},"author":{"name":"","@id":""},"headline":"Januari 2022 Verksamhetsber\u00e4ttelse","datePublished":"2022-06-13T13:38:26+00:00","dateModified":"2023-03-22T11:29:09+00:00","mainEntityOfPage":{"@id":"https:\/\/www.kompetensforetagen.se\/2022\/06\/januari-2022\/"},"wordCount":129,"publisher":{"@id":"https:\/\/www.kompetensforetagen.se\/#organization"},"articleSection":["Verksamhetsber\u00e4ttelse"],"inLanguage":"sv-SE"},{"@type":"WebPage","@id":"https:\/\/www.kompetensforetagen.se\/2022\/06\/januari-2022\/","url":"https:\/\/www.kompetensforetagen.se\/2022\/06\/januari-2022\/","name":"Januari 2022 I Verksamhetsber\u00e4ttelse I Kompetensf\u00f6retagen","isPartOf":{"@id":"https:\/\/www.kompetensforetagen.se\/#website"},"datePublished":"2022-06-13T13:38:26+00:00","dateModified":"2023-03-22T11:29:09+00:00","description":"I verksamhetsber\u00e4ttelsens del f\u00f6r januari \u00e4r det f\u00e5 men viktiga punkter, som r\u00f6r arbetsmilj\u00f6 och siffror \u00f6ver antalet unga i bemanningsbranschen.","breadcrumb":{"@id":"https:\/\/www.kompetensforetagen.se\/2022\/06\/januari-2022\/#breadcrumb"},"inLanguage":"sv-SE","potentialAction":[{"@type":"ReadAction","target":["https:\/\/www.kompetensforetagen.se\/2022\/06\/januari-2022\/"]}]},{"@type":"BreadcrumbList","@id":"https:\/\/www.kompetensforetagen.se\/2022\/06\/januari-2022\/#breadcrumb","itemListElement":[{"@type":"ListItem","position":1,"name":"Home","item":"https:\/\/www.kompetensforetagen.se\/"},{"@type":"ListItem","position":2,"name":"Januari 2022 Verksamhetsber\u00e4ttelse"}]},{"@type":"WebSite","@id":"https:\/\/www.kompetensforetagen.se\/#website","url":"https:\/\/www.kompetensforetagen.se\/","name":"Kompetensf\u00f6retagen","description":"R\u00e4tt person p\u00e5 r\u00e4tt plats kan f\u00f6r\u00e4ndra v\u00e4rlden","publisher":{"@id":"https:\/\/www.kompetensforetagen.se\/#organization"},"potentialAction":[{"@type":"SearchAction","target":{"@type":"EntryPoint","urlTemplate":"https:\/\/www.kompetensforetagen.se\/?s={search_term_string}"},"query-input":{"@type":"PropertyValueSpecification","valueRequired":true,"valueName":"search_term_string"}}],"inLanguage":"sv-SE"},{"@type":"Organization","@id":"https:\/\/www.kompetensforetagen.se\/#organization","name":"Kompetensf\u00f6retagen","url":"https:\/\/www.kompetensforetagen.se\/","logo":{"@type":"ImageObject","inLanguage":"sv-SE","@id":"https:\/\/www.kompetensforetagen.se\/#\/schema\/logo\/image\/","url":"https:\/\/www.kompetensforetagen.se\/app\/uploads\/sites\/5\/2022\/10\/logga_svart.png","contentUrl":"https:\/\/www.kompetensforetagen.se\/app\/uploads\/sites\/5\/2022\/10\/logga_svart.png","width":752,"height":64,"caption":"Kompetensf\u00f6retagen"},"image":{"@id":"https:\/\/www.kompetensforetagen.se\/#\/schema\/logo\/image\/"},"sameAs":["https:\/\/www.linkedin.com\/company\/10540032\/"]},{"@type":"Person","@id":"","url":"https:\/\/www.kompetensforetagen.se\/person\/"}]}},"_links":{"self":[{"href":"https:\/\/www.kompetensforetagen.se\/api\/wp\/v2\/posts\/9647","targetHints":{"allow":["GET"]}}],"collection":[{"href":"https:\/\/www.kompetensforetagen.se\/api\/wp\/v2\/posts"}],"about":[{"href":"https:\/\/www.kompetensforetagen.se\/api\/wp\/v2\/types\/post"}],"author":[{"embeddable":true,"href":"https:\/\/www.kompetensforetagen.se\/api\/wp\/v2\/users\/6358"}],"replies":[{"embeddable":true,"href":"https:\/\/www.kompetensforetagen.se\/api\/wp\/v2\/comments?post=9647"}],"version-history":[{"count":1,"href":"https:\/\/www.kompetensforetagen.se\/api\/wp\/v2\/posts\/9647\/revisions"}],"predecessor-version":[{"id":11625,"href":"https:\/\/www.kompetensforetagen.se\/api\/wp\/v2\/posts\/9647\/revisions\/11625"}],"wp:attachment":[{"href":"https:\/\/www.kompetensforetagen.se\/api\/wp\/v2\/media?parent=9647"}],"wp:term":[{"taxonomy":"category","embeddable":true,"href":"https:\/\/www.kompetensforetagen.se\/api\/wp\/v2\/categories?post=9647"},{"taxonomy":"post_tag","embeddable":true,"href":"https:\/\/www.kompetensforetagen.se\/api\/wp\/v2\/tags?post=9647"},{"taxonomy":"type","embeddable":true,"href":"https:\/\/www.kompetensforetagen.se\/api\/wp\/v2\/article_type?post=9647"},{"taxonomy":"agreement","embeddable":true,"href":"https:\/\/www.kompetensforetagen.se\/api\/wp\/v2\/agreement?post=9647"},{"taxonomy":"for-members","embeddable":true,"href":"https:\/\/www.kompetensforetagen.se\/api\/wp\/v2\/for-members?post=9647"}],"curies":[{"name":"wp","href":"https:\/\/api.w.org\/{rel}","templated":true}]}}