{"id":9645,"date":"2022-06-13T15:32:15","date_gmt":"2022-06-13T13:32:15","guid":{"rendered":"https:\/\/www.kompetensforetagen.se\/?p=9645"},"modified":"2023-07-10T10:21:33","modified_gmt":"2023-07-10T08:21:33","slug":"december-2021","status":"publish","type":"post","link":"https:\/\/www.kompetensforetagen.se\/2022\/06\/december-2021\/","title":{"rendered":"December 2021"},"content":{"rendered":"\n<p>I december beslutade Kompetensf\u00f6retagen att byta leverant\u00f6r av sin <a href=\"https:\/\/www.kompetensforetagen.se\/kompetensforetagens-rapporter-och-statistik\/kompetensforetagens-rapporter-och-statistik-2-3\/\">oms\u00e4ttningsstatistik<\/a> till <a href=\"https:\/\/demoskop.se\/\" target=\"_blank\" rel=\"noopener\">Demoskop<\/a>.<\/p>\n\n\n\n<p>2 december kommenterar d\u00e5varande f\u00f6rhandlingschef Anna Varg\u00f6 p\u00e5 webben en artikel i tidningen Arbetet och <a href=\"https:\/\/www.kompetensforetagen.se\/2021\/12\/annan-huvudsaklig-sysselsattning-och-studerandeanstallningar-i-bemanningsavtalet-med-lo-forbunden\/\">f\u00f6rtydligar AHS, annan huvudsaklig syssels\u00e4ttning som finns i Kompetensf\u00f6retagens avtal med f\u00f6rbunden inom LO.<\/a><\/p>\n\n\n\n<p>7 december h\u00f6lls ett f\u00f6rsta seminarium med information till medlemmarna om<a href=\"https:\/\/www.kompetensforetagen.se\/2022\/06\/faktablad-om-forandringarna-i-uthyrningslagen\/\"> f\u00f6r\u00e4ndringarna i uthyrningslagen.<\/a><\/p>\n\n\n\n<p>7 december kommenterar Kompetensf\u00f6retagen p\u00e5 webben det faktum att KROM nu inf\u00f6rts i hela landet.<\/p>\n\n\n\n<p>9 december publicerar Kompetensf\u00f6retagen en artikel om<a href=\"https:\/\/www.kompetensforetagen.se\/2021\/12\/bemanningsforetag-stottar-kompetensforsorjningen\/\" target=\"_blank\" rel=\"noopener\"> en ny unders\u00f6kning som man l\u00e5tit Svenskt N\u00e4ringsliv l\u00e5tit g\u00f6ra om inhyrning <\/a>. I unders\u00f6kningen angav 88 procent att det var mycket eller ganska viktigt att kunna hyra in medarbetare.<\/p>\n\n\n\n<p>22 december bloggar Patrik Eidfelt om <a href=\"https:\/\/www.kompetensforetagen.se\/2021\/12\/fem-fordelar-med-att-jobba-som-konsult\/\" target=\"_blank\" rel=\"noopener\">fem f\u00f6rdelar med att jobba som konsult!<\/a><\/p>\n","protected":false},"excerpt":{"rendered":"<p>I december beslutade Kompetensf\u00f6retagen att byta leverant\u00f6r av sin oms\u00e4ttningsstatistik till Demoskop. 2 december kommenterar d\u00e5varande f\u00f6rhandlingschef Anna Varg\u00f6 p\u00e5 webben en artikel i tidningen Arbetet och f\u00f6rtydligar AHS, annan huvudsaklig syssels\u00e4ttning som finns i &hellip;<\/p>\n","protected":false},"author":6358,"featured_media":0,"comment_status":"closed","ping_status":"closed","sticky":false,"template":"","format":"standard","meta":{"_acf_changed":false,"footnotes":""},"categories":[213],"tags":[],"article_type":[],"agreement":[],"for-members":[],"class_list":["post-9645","post","type-post","status-publish","format-standard","hentry","category-verksamhetsberattelse"],"acf":[],"yoast_head":"<!-- This site is optimized with the Yoast SEO Premium plugin v26.8 (Yoast SEO v26.8) - https:\/\/yoast.com\/product\/yoast-seo-premium-wordpress\/ -->\n<title>December 2021 I Verksamhetsber\u00e4ttelse<\/title>\n<meta name=\"description\" content=\"En ny rapport presenteras i december 2021 som redog\u00f6r f\u00f6r hur de medlemsf\u00f6retag inom Svenskt N\u00e4ringsliv som hyr in ser p\u00e5 behovet.\" \/>\n<meta name=\"robots\" content=\"index, follow, max-snippet:-1, max-image-preview:large, max-video-preview:-1\" \/>\n<link rel=\"canonical\" href=\"https:\/\/www.kompetensforetagen.se\/2022\/06\/december-2021\/\" \/>\n<meta property=\"og:locale\" content=\"sv_SE\" \/>\n<meta property=\"og:type\" content=\"article\" \/>\n<meta property=\"og:title\" content=\"December 2021\" \/>\n<meta property=\"og:description\" content=\"En ny rapport presenteras i december 2021 som redog\u00f6r f\u00f6r hur de medlemsf\u00f6retag inom Svenskt N\u00e4ringsliv som hyr in ser p\u00e5 behovet.\" \/>\n<meta property=\"og:url\" content=\"https:\/\/www.kompetensforetagen.se\/2022\/06\/december-2021\/\" \/>\n<meta property=\"og:site_name\" content=\"Kompetensf\u00f6retagen\" \/>\n<meta property=\"article:published_time\" content=\"2022-06-13T13:32:15+00:00\" \/>\n<meta property=\"article:modified_time\" content=\"2023-07-10T08:21:33+00:00\" \/>\n<meta name=\"twitter:card\" content=\"summary_large_image\" \/>\n<meta name=\"twitter:label1\" content=\"Skriven av\" \/>\n\t<meta name=\"twitter:data1\" content=\"\" \/>\n\t<meta name=\"twitter:label2\" content=\"Ber\u00e4knad l\u00e4stid\" \/>\n\t<meta name=\"twitter:data2\" content=\"1 minut\" \/>\n<!-- \/ Yoast SEO Premium plugin. -->","yoast_head_json":{"title":"December 2021 I Verksamhetsber\u00e4ttelse","description":"En ny rapport presenteras i december 2021 som redog\u00f6r f\u00f6r hur de medlemsf\u00f6retag inom Svenskt N\u00e4ringsliv som hyr in ser p\u00e5 behovet.","robots":{"index":"index","follow":"follow","max-snippet":"max-snippet:-1","max-image-preview":"max-image-preview:large","max-video-preview":"max-video-preview:-1"},"canonical":"https:\/\/www.kompetensforetagen.se\/2022\/06\/december-2021\/","og_locale":"sv_SE","og_type":"article","og_title":"December 2021","og_description":"En ny rapport presenteras i december 2021 som redog\u00f6r f\u00f6r hur de medlemsf\u00f6retag inom Svenskt N\u00e4ringsliv som hyr in ser p\u00e5 behovet.","og_url":"https:\/\/www.kompetensforetagen.se\/2022\/06\/december-2021\/","og_site_name":"Kompetensf\u00f6retagen","article_published_time":"2022-06-13T13:32:15+00:00","article_modified_time":"2023-07-10T08:21:33+00:00","twitter_card":"summary_large_image","twitter_misc":{"Skriven av":"","Ber\u00e4knad l\u00e4stid":"1 minut"},"schema":{"@context":"https:\/\/schema.org","@graph":[{"@type":"Article","@id":"https:\/\/www.kompetensforetagen.se\/2022\/06\/december-2021\/#article","isPartOf":{"@id":"https:\/\/www.kompetensforetagen.se\/2022\/06\/december-2021\/"},"author":{"name":"","@id":""},"headline":"December 2021","datePublished":"2022-06-13T13:32:15+00:00","dateModified":"2023-07-10T08:21:33+00:00","mainEntityOfPage":{"@id":"https:\/\/www.kompetensforetagen.se\/2022\/06\/december-2021\/"},"wordCount":137,"publisher":{"@id":"https:\/\/www.kompetensforetagen.se\/#organization"},"articleSection":["Verksamhetsber\u00e4ttelse"],"inLanguage":"sv-SE"},{"@type":"WebPage","@id":"https:\/\/www.kompetensforetagen.se\/2022\/06\/december-2021\/","url":"https:\/\/www.kompetensforetagen.se\/2022\/06\/december-2021\/","name":"December 2021 I Verksamhetsber\u00e4ttelse","isPartOf":{"@id":"https:\/\/www.kompetensforetagen.se\/#website"},"datePublished":"2022-06-13T13:32:15+00:00","dateModified":"2023-07-10T08:21:33+00:00","description":"En ny rapport presenteras i december 2021 som redog\u00f6r f\u00f6r hur de medlemsf\u00f6retag inom Svenskt N\u00e4ringsliv som hyr in ser p\u00e5 behovet.","breadcrumb":{"@id":"https:\/\/www.kompetensforetagen.se\/2022\/06\/december-2021\/#breadcrumb"},"inLanguage":"sv-SE","potentialAction":[{"@type":"ReadAction","target":["https:\/\/www.kompetensforetagen.se\/2022\/06\/december-2021\/"]}]},{"@type":"BreadcrumbList","@id":"https:\/\/www.kompetensforetagen.se\/2022\/06\/december-2021\/#breadcrumb","itemListElement":[{"@type":"ListItem","position":1,"name":"Home","item":"https:\/\/www.kompetensforetagen.se\/"},{"@type":"ListItem","position":2,"name":"December 2021"}]},{"@type":"WebSite","@id":"https:\/\/www.kompetensforetagen.se\/#website","url":"https:\/\/www.kompetensforetagen.se\/","name":"Kompetensf\u00f6retagen","description":"R\u00e4tt person p\u00e5 r\u00e4tt plats kan f\u00f6r\u00e4ndra v\u00e4rlden","publisher":{"@id":"https:\/\/www.kompetensforetagen.se\/#organization"},"potentialAction":[{"@type":"SearchAction","target":{"@type":"EntryPoint","urlTemplate":"https:\/\/www.kompetensforetagen.se\/?s={search_term_string}"},"query-input":{"@type":"PropertyValueSpecification","valueRequired":true,"valueName":"search_term_string"}}],"inLanguage":"sv-SE"},{"@type":"Organization","@id":"https:\/\/www.kompetensforetagen.se\/#organization","name":"Kompetensf\u00f6retagen","url":"https:\/\/www.kompetensforetagen.se\/","logo":{"@type":"ImageObject","inLanguage":"sv-SE","@id":"https:\/\/www.kompetensforetagen.se\/#\/schema\/logo\/image\/","url":"https:\/\/www.kompetensforetagen.se\/app\/uploads\/sites\/5\/2022\/10\/logga_svart.png","contentUrl":"https:\/\/www.kompetensforetagen.se\/app\/uploads\/sites\/5\/2022\/10\/logga_svart.png","width":752,"height":64,"caption":"Kompetensf\u00f6retagen"},"image":{"@id":"https:\/\/www.kompetensforetagen.se\/#\/schema\/logo\/image\/"},"sameAs":["https:\/\/www.linkedin.com\/company\/10540032\/"]},{"@type":"Person","@id":"","url":"https:\/\/www.kompetensforetagen.se\/person\/"}]}},"_links":{"self":[{"href":"https:\/\/www.kompetensforetagen.se\/api\/wp\/v2\/posts\/9645","targetHints":{"allow":["GET"]}}],"collection":[{"href":"https:\/\/www.kompetensforetagen.se\/api\/wp\/v2\/posts"}],"about":[{"href":"https:\/\/www.kompetensforetagen.se\/api\/wp\/v2\/types\/post"}],"author":[{"embeddable":true,"href":"https:\/\/www.kompetensforetagen.se\/api\/wp\/v2\/users\/6358"}],"replies":[{"embeddable":true,"href":"https:\/\/www.kompetensforetagen.se\/api\/wp\/v2\/comments?post=9645"}],"version-history":[{"count":2,"href":"https:\/\/www.kompetensforetagen.se\/api\/wp\/v2\/posts\/9645\/revisions"}],"predecessor-version":[{"id":14398,"href":"https:\/\/www.kompetensforetagen.se\/api\/wp\/v2\/posts\/9645\/revisions\/14398"}],"wp:attachment":[{"href":"https:\/\/www.kompetensforetagen.se\/api\/wp\/v2\/media?parent=9645"}],"wp:term":[{"taxonomy":"category","embeddable":true,"href":"https:\/\/www.kompetensforetagen.se\/api\/wp\/v2\/categories?post=9645"},{"taxonomy":"post_tag","embeddable":true,"href":"https:\/\/www.kompetensforetagen.se\/api\/wp\/v2\/tags?post=9645"},{"taxonomy":"type","embeddable":true,"href":"https:\/\/www.kompetensforetagen.se\/api\/wp\/v2\/article_type?post=9645"},{"taxonomy":"agreement","embeddable":true,"href":"https:\/\/www.kompetensforetagen.se\/api\/wp\/v2\/agreement?post=9645"},{"taxonomy":"for-members","embeddable":true,"href":"https:\/\/www.kompetensforetagen.se\/api\/wp\/v2\/for-members?post=9645"}],"curies":[{"name":"wp","href":"https:\/\/api.w.org\/{rel}","templated":true}]}}