{"id":9613,"date":"2022-06-13T11:55:51","date_gmt":"2022-06-13T09:55:51","guid":{"rendered":"https:\/\/www.kompetensforetagen.se\/?p=9613"},"modified":"2023-03-22T12:29:49","modified_gmt":"2023-03-22T11:29:49","slug":"oktober-2021","status":"publish","type":"post","link":"https:\/\/www.kompetensforetagen.se\/2022\/06\/oktober-2021\/","title":{"rendered":"Oktober 2021 Verksamhetsber\u00e4ttelse"},"content":{"rendered":"\n<p>15 oktober g\u00f6r Patrik Eidfelt bloggdebut med en <a href=\"https:\/\/www.kompetensforetagen.se\/2021\/10\/framtidsspaning-konkurrensen-om-kompetens\/\" target=\"_blank\" rel=\"noopener\">framtidsspaning om den globala konkurrensen om kompetens.<\/a><\/p>\n\n\n\n<p>21 oktober h\u00e5lls Kompetensf\u00f6retagens branschdag, \u00e4ntligen live! <a href=\"https:\/\/www.kompetensforetagen.se\/2021\/10\/arets-konsult-2021-sandra-gardberg-2\/\" target=\"_blank\" rel=\"noopener\">\u00c5rets konsult 2021 koras under eventet \u2013 Sandra Gardberg<\/a>.<\/p>\n\n\n\n<p>26 oktober kommenterar Kompetensf\u00f6retagen och <a href=\"https:\/\/www.kompetensforetagen.se\/2021\/10\/valkommen-analys-av-forutsattningar-for-vidareutvecklade-matchningstjanster\/\" target=\"_blank\" rel=\"noopener\">v\u00e4lkomnar att regeringen ger Arbetsf\u00f6rmedlingen uppgiften att analysera f\u00f6ruts\u00e4ttningarna f\u00f6r vidareutvecklade matchningstj\u00e4nster.<\/a><\/p>\n","protected":false},"excerpt":{"rendered":"<p>15 oktober g\u00f6r Patrik Eidfelt bloggdebut med en framtidsspaning om den globala konkurrensen om kompetens. 21 oktober h\u00e5lls Kompetensf\u00f6retagens branschdag, \u00e4ntligen live! \u00c5rets konsult 2021 koras under eventet \u2013 Sandra Gardberg. 26 oktober kommenterar Kompetensf\u00f6retagen &hellip;<\/p>\n","protected":false},"author":6358,"featured_media":0,"comment_status":"closed","ping_status":"closed","sticky":false,"template":"","format":"standard","meta":{"_acf_changed":false,"footnotes":""},"categories":[213],"tags":[],"article_type":[],"agreement":[],"for-members":[],"class_list":["post-9613","post","type-post","status-publish","format-standard","hentry","category-verksamhetsberattelse"],"acf":[],"yoast_head":"<!-- This site is optimized with the Yoast SEO Premium plugin v26.8 (Yoast SEO v26.8) - https:\/\/yoast.com\/product\/yoast-seo-premium-wordpress\/ -->\n<title>Oktober 2021 I Verksamhetsber\u00e4ttelse I Kompetensf\u00f6retagen<\/title>\n<meta name=\"description\" content=\"I verksamhetsber\u00e4ttelsen f\u00f6r oktober 2021 \u00e5terfinns till exempel \u00c5rets konsult och Patrik Eidfelts bloggdebut.\" \/>\n<meta name=\"robots\" content=\"index, follow, max-snippet:-1, max-image-preview:large, max-video-preview:-1\" \/>\n<link rel=\"canonical\" href=\"https:\/\/www.kompetensforetagen.se\/2022\/06\/oktober-2021\/\" \/>\n<meta property=\"og:locale\" content=\"sv_SE\" \/>\n<meta property=\"og:type\" content=\"article\" \/>\n<meta property=\"og:title\" content=\"Oktober 2021 Verksamhetsber\u00e4ttelse\" \/>\n<meta property=\"og:description\" content=\"I verksamhetsber\u00e4ttelsen f\u00f6r oktober 2021 \u00e5terfinns till exempel \u00c5rets konsult och Patrik Eidfelts bloggdebut.\" \/>\n<meta property=\"og:url\" content=\"https:\/\/www.kompetensforetagen.se\/2022\/06\/oktober-2021\/\" \/>\n<meta property=\"og:site_name\" content=\"Kompetensf\u00f6retagen\" \/>\n<meta property=\"article:published_time\" content=\"2022-06-13T09:55:51+00:00\" \/>\n<meta property=\"article:modified_time\" content=\"2023-03-22T11:29:49+00:00\" \/>\n<meta name=\"twitter:card\" content=\"summary_large_image\" \/>\n<meta name=\"twitter:label1\" content=\"Skriven av\" \/>\n\t<meta name=\"twitter:data1\" content=\"\" \/>\n\t<meta name=\"twitter:label2\" content=\"Ber\u00e4knad l\u00e4stid\" \/>\n\t<meta name=\"twitter:data2\" content=\"1 minut\" \/>\n<!-- \/ Yoast SEO Premium plugin. -->","yoast_head_json":{"title":"Oktober 2021 I Verksamhetsber\u00e4ttelse I Kompetensf\u00f6retagen","description":"I verksamhetsber\u00e4ttelsen f\u00f6r oktober 2021 \u00e5terfinns till exempel \u00c5rets konsult och Patrik Eidfelts bloggdebut.","robots":{"index":"index","follow":"follow","max-snippet":"max-snippet:-1","max-image-preview":"max-image-preview:large","max-video-preview":"max-video-preview:-1"},"canonical":"https:\/\/www.kompetensforetagen.se\/2022\/06\/oktober-2021\/","og_locale":"sv_SE","og_type":"article","og_title":"Oktober 2021 Verksamhetsber\u00e4ttelse","og_description":"I verksamhetsber\u00e4ttelsen f\u00f6r oktober 2021 \u00e5terfinns till exempel \u00c5rets konsult och Patrik Eidfelts bloggdebut.","og_url":"https:\/\/www.kompetensforetagen.se\/2022\/06\/oktober-2021\/","og_site_name":"Kompetensf\u00f6retagen","article_published_time":"2022-06-13T09:55:51+00:00","article_modified_time":"2023-03-22T11:29:49+00:00","twitter_card":"summary_large_image","twitter_misc":{"Skriven av":"","Ber\u00e4knad l\u00e4stid":"1 minut"},"schema":{"@context":"https:\/\/schema.org","@graph":[{"@type":"Article","@id":"https:\/\/www.kompetensforetagen.se\/2022\/06\/oktober-2021\/#article","isPartOf":{"@id":"https:\/\/www.kompetensforetagen.se\/2022\/06\/oktober-2021\/"},"author":{"name":"","@id":""},"headline":"Oktober 2021 Verksamhetsber\u00e4ttelse","datePublished":"2022-06-13T09:55:51+00:00","dateModified":"2023-03-22T11:29:49+00:00","mainEntityOfPage":{"@id":"https:\/\/www.kompetensforetagen.se\/2022\/06\/oktober-2021\/"},"wordCount":56,"publisher":{"@id":"https:\/\/www.kompetensforetagen.se\/#organization"},"articleSection":["Verksamhetsber\u00e4ttelse"],"inLanguage":"sv-SE"},{"@type":"WebPage","@id":"https:\/\/www.kompetensforetagen.se\/2022\/06\/oktober-2021\/","url":"https:\/\/www.kompetensforetagen.se\/2022\/06\/oktober-2021\/","name":"Oktober 2021 I Verksamhetsber\u00e4ttelse I Kompetensf\u00f6retagen","isPartOf":{"@id":"https:\/\/www.kompetensforetagen.se\/#website"},"datePublished":"2022-06-13T09:55:51+00:00","dateModified":"2023-03-22T11:29:49+00:00","description":"I verksamhetsber\u00e4ttelsen f\u00f6r oktober 2021 \u00e5terfinns till exempel \u00c5rets konsult och Patrik Eidfelts bloggdebut.","breadcrumb":{"@id":"https:\/\/www.kompetensforetagen.se\/2022\/06\/oktober-2021\/#breadcrumb"},"inLanguage":"sv-SE","potentialAction":[{"@type":"ReadAction","target":["https:\/\/www.kompetensforetagen.se\/2022\/06\/oktober-2021\/"]}]},{"@type":"BreadcrumbList","@id":"https:\/\/www.kompetensforetagen.se\/2022\/06\/oktober-2021\/#breadcrumb","itemListElement":[{"@type":"ListItem","position":1,"name":"Home","item":"https:\/\/www.kompetensforetagen.se\/"},{"@type":"ListItem","position":2,"name":"Oktober 2021 Verksamhetsber\u00e4ttelse"}]},{"@type":"WebSite","@id":"https:\/\/www.kompetensforetagen.se\/#website","url":"https:\/\/www.kompetensforetagen.se\/","name":"Kompetensf\u00f6retagen","description":"R\u00e4tt person p\u00e5 r\u00e4tt plats kan f\u00f6r\u00e4ndra v\u00e4rlden","publisher":{"@id":"https:\/\/www.kompetensforetagen.se\/#organization"},"potentialAction":[{"@type":"SearchAction","target":{"@type":"EntryPoint","urlTemplate":"https:\/\/www.kompetensforetagen.se\/?s={search_term_string}"},"query-input":{"@type":"PropertyValueSpecification","valueRequired":true,"valueName":"search_term_string"}}],"inLanguage":"sv-SE"},{"@type":"Organization","@id":"https:\/\/www.kompetensforetagen.se\/#organization","name":"Kompetensf\u00f6retagen","url":"https:\/\/www.kompetensforetagen.se\/","logo":{"@type":"ImageObject","inLanguage":"sv-SE","@id":"https:\/\/www.kompetensforetagen.se\/#\/schema\/logo\/image\/","url":"https:\/\/www.kompetensforetagen.se\/app\/uploads\/sites\/5\/2022\/10\/logga_svart.png","contentUrl":"https:\/\/www.kompetensforetagen.se\/app\/uploads\/sites\/5\/2022\/10\/logga_svart.png","width":752,"height":64,"caption":"Kompetensf\u00f6retagen"},"image":{"@id":"https:\/\/www.kompetensforetagen.se\/#\/schema\/logo\/image\/"},"sameAs":["https:\/\/www.linkedin.com\/company\/10540032\/"]},{"@type":"Person","@id":"","url":"https:\/\/www.kompetensforetagen.se\/person\/"}]}},"_links":{"self":[{"href":"https:\/\/www.kompetensforetagen.se\/api\/wp\/v2\/posts\/9613","targetHints":{"allow":["GET"]}}],"collection":[{"href":"https:\/\/www.kompetensforetagen.se\/api\/wp\/v2\/posts"}],"about":[{"href":"https:\/\/www.kompetensforetagen.se\/api\/wp\/v2\/types\/post"}],"author":[{"embeddable":true,"href":"https:\/\/www.kompetensforetagen.se\/api\/wp\/v2\/users\/6358"}],"replies":[{"embeddable":true,"href":"https:\/\/www.kompetensforetagen.se\/api\/wp\/v2\/comments?post=9613"}],"version-history":[{"count":1,"href":"https:\/\/www.kompetensforetagen.se\/api\/wp\/v2\/posts\/9613\/revisions"}],"predecessor-version":[{"id":11628,"href":"https:\/\/www.kompetensforetagen.se\/api\/wp\/v2\/posts\/9613\/revisions\/11628"}],"wp:attachment":[{"href":"https:\/\/www.kompetensforetagen.se\/api\/wp\/v2\/media?parent=9613"}],"wp:term":[{"taxonomy":"category","embeddable":true,"href":"https:\/\/www.kompetensforetagen.se\/api\/wp\/v2\/categories?post=9613"},{"taxonomy":"post_tag","embeddable":true,"href":"https:\/\/www.kompetensforetagen.se\/api\/wp\/v2\/tags?post=9613"},{"taxonomy":"type","embeddable":true,"href":"https:\/\/www.kompetensforetagen.se\/api\/wp\/v2\/article_type?post=9613"},{"taxonomy":"agreement","embeddable":true,"href":"https:\/\/www.kompetensforetagen.se\/api\/wp\/v2\/agreement?post=9613"},{"taxonomy":"for-members","embeddable":true,"href":"https:\/\/www.kompetensforetagen.se\/api\/wp\/v2\/for-members?post=9613"}],"curies":[{"name":"wp","href":"https:\/\/api.w.org\/{rel}","templated":true}]}}