{"id":9606,"date":"2022-06-13T11:51:37","date_gmt":"2022-06-13T09:51:37","guid":{"rendered":"https:\/\/www.kompetensforetagen.se\/?p=9606"},"modified":"2023-11-24T15:03:07","modified_gmt":"2023-11-24T14:03:07","slug":"september-2021","status":"publish","type":"post","link":"https:\/\/www.kompetensforetagen.se\/2022\/06\/september-2021\/","title":{"rendered":"September 2021 Verksamhetsber\u00e4ttelse"},"content":{"rendered":"\n<p>8 september, p\u00e5 Yrkeschauff\u00f6rens dag, presenterar Kompetensf\u00f6retagen Henrik \u2013 59 \u00e5r: \u00c5lder \u00e4r inget problem f\u00f6r bemanningsf\u00f6retaget.<\/p>\n\n\n\n<p>9 september debatterar Patrik Eidfelt med flera i Ny Teknik: <a href=\"https:\/\/www.kompetensforetagen.se\/2021\/09\/debatt-rakna-inte-bort-tjansteinnovationerna-stall-om-politiken\/\" target=\"_blank\" rel=\"noopener\">\u201dR\u00e4kna inte bort tj\u00e4nsteinnovationerna \u2013 st\u00e4ll om politiken\u201d.<\/a><\/p>\n\n\n\n<p>14 september kommenterar Kompetensf\u00f6retagen p\u00e5 webbplatsen att det \u00e4r <a href=\"https:\/\/www.kompetensforetagen.se\/2021\/09\/anmarkningsvart-att-kompetensforetag-utesluts-ur-satsningen-pa-etableringsjobben\/\" target=\"_blank\" rel=\"noopener\">anm\u00e4rkningsv\u00e4rt att bemannings\u00adf\u00f6retag utesluts ur satsningen p\u00e5 etableringsjobben.<\/a><\/p>\n\n\n\n<p>15 september presenterar Kompetensf\u00f6retagen sin nya konsultrapport, som bland annat visar att tre av fyra rekommenderar jobbet som konsult.<\/p>\n\n\n\n<p>16 september publicerar Kompetensf\u00f6retagen sitt <a href=\"https:\/\/www.kompetensforetagen.se\/2021\/09\/kompetensforetagens-svar-pa-remiss-kring-las\/\" target=\"_blank\" rel=\"noopener\">remissvar kring LAS-reformen.<\/a><\/p>\n\n\n\n<p>20 september kan Kompetensf\u00f6retagen delge medlemmarna en ny medlemsf\u00f6rm\u00e5n \u2013 <a href=\"https:\/\/www.kompetensforetagen.se\/2021\/09\/ny-medlemsforman-fri-radgivning-kring-ansvarsforsakring\/\" target=\"_blank\" rel=\"noopener\">fri r\u00e5dgivning kring ansvarsf\u00f6rs\u00e4kring.<\/a><\/p>\n\n\n\n<p>22 september publicerar Kompetensf\u00f6retagen en annan viktig nyhet fr\u00e5n konsultunders\u00f6kningen: F\u00f6r mer \u00e4n h\u00e4lften av de svarande i Kompetensf\u00f6retagens senaste konsultunders\u00f6kning var jobbet som konsult just ett s\u00e4tt att f\u00e5 jobb.<\/p>\n","protected":false},"excerpt":{"rendered":"<p>8 september, p\u00e5 Yrkeschauff\u00f6rens dag, presenterar Kompetensf\u00f6retagen Henrik \u2013 59 \u00e5r: \u00c5lder \u00e4r inget problem f\u00f6r bemanningsf\u00f6retaget. 9 september debatterar Patrik Eidfelt med flera i Ny Teknik: \u201dR\u00e4kna inte bort tj\u00e4nsteinnovationerna \u2013 st\u00e4ll om politiken\u201d. &hellip;<\/p>\n","protected":false},"author":6358,"featured_media":0,"comment_status":"closed","ping_status":"closed","sticky":false,"template":"","format":"standard","meta":{"_acf_changed":false,"footnotes":""},"categories":[1,213],"tags":[],"article_type":[],"agreement":[],"for-members":[],"class_list":["post-9606","post","type-post","status-publish","format-standard","hentry","category-okategoriserade","category-verksamhetsberattelse"],"acf":[],"yoast_head":"<!-- This site is optimized with the Yoast SEO Premium plugin v26.8 (Yoast SEO v26.8) - https:\/\/yoast.com\/product\/yoast-seo-premium-wordpress\/ -->\n<title>September 2021 - Verksamhetsber\u00e4ttelse I Kompetensf\u00f6retagen<\/title>\n<meta name=\"description\" content=\"I verksamhetsber\u00e4ttelsen f\u00f6r september 2021 kan du bland annat hitta l\u00e4nk till Kompetensf\u00f6retagens remissvar till LAS-reformen.\" \/>\n<meta name=\"robots\" content=\"index, follow, max-snippet:-1, max-image-preview:large, max-video-preview:-1\" \/>\n<link rel=\"canonical\" href=\"https:\/\/www.kompetensforetagen.se\/2022\/06\/september-2021\/\" \/>\n<meta property=\"og:locale\" content=\"sv_SE\" \/>\n<meta property=\"og:type\" content=\"article\" \/>\n<meta property=\"og:title\" content=\"September 2021 Verksamhetsber\u00e4ttelse\" \/>\n<meta property=\"og:description\" content=\"I verksamhetsber\u00e4ttelsen f\u00f6r september 2021 kan du bland annat hitta l\u00e4nk till Kompetensf\u00f6retagens remissvar till LAS-reformen.\" \/>\n<meta property=\"og:url\" content=\"https:\/\/www.kompetensforetagen.se\/2022\/06\/september-2021\/\" \/>\n<meta property=\"og:site_name\" content=\"Kompetensf\u00f6retagen\" \/>\n<meta property=\"article:published_time\" content=\"2022-06-13T09:51:37+00:00\" \/>\n<meta property=\"article:modified_time\" content=\"2023-11-24T14:03:07+00:00\" \/>\n<meta name=\"twitter:card\" content=\"summary_large_image\" \/>\n<meta name=\"twitter:label1\" content=\"Skriven av\" \/>\n\t<meta name=\"twitter:data1\" content=\"\" \/>\n\t<meta name=\"twitter:label2\" content=\"Ber\u00e4knad l\u00e4stid\" \/>\n\t<meta name=\"twitter:data2\" content=\"1 minut\" \/>\n<!-- \/ Yoast SEO Premium plugin. -->","yoast_head_json":{"title":"September 2021 - Verksamhetsber\u00e4ttelse I Kompetensf\u00f6retagen","description":"I verksamhetsber\u00e4ttelsen f\u00f6r september 2021 kan du bland annat hitta l\u00e4nk till Kompetensf\u00f6retagens remissvar till LAS-reformen.","robots":{"index":"index","follow":"follow","max-snippet":"max-snippet:-1","max-image-preview":"max-image-preview:large","max-video-preview":"max-video-preview:-1"},"canonical":"https:\/\/www.kompetensforetagen.se\/2022\/06\/september-2021\/","og_locale":"sv_SE","og_type":"article","og_title":"September 2021 Verksamhetsber\u00e4ttelse","og_description":"I verksamhetsber\u00e4ttelsen f\u00f6r september 2021 kan du bland annat hitta l\u00e4nk till Kompetensf\u00f6retagens remissvar till LAS-reformen.","og_url":"https:\/\/www.kompetensforetagen.se\/2022\/06\/september-2021\/","og_site_name":"Kompetensf\u00f6retagen","article_published_time":"2022-06-13T09:51:37+00:00","article_modified_time":"2023-11-24T14:03:07+00:00","twitter_card":"summary_large_image","twitter_misc":{"Skriven av":"","Ber\u00e4knad l\u00e4stid":"1 minut"},"schema":{"@context":"https:\/\/schema.org","@graph":[{"@type":"Article","@id":"https:\/\/www.kompetensforetagen.se\/2022\/06\/september-2021\/#article","isPartOf":{"@id":"https:\/\/www.kompetensforetagen.se\/2022\/06\/september-2021\/"},"author":{"name":"","@id":""},"headline":"September 2021 Verksamhetsber\u00e4ttelse","datePublished":"2022-06-13T09:51:37+00:00","dateModified":"2023-11-24T14:03:07+00:00","mainEntityOfPage":{"@id":"https:\/\/www.kompetensforetagen.se\/2022\/06\/september-2021\/"},"wordCount":144,"publisher":{"@id":"https:\/\/www.kompetensforetagen.se\/#organization"},"articleSection":{"1":"Verksamhetsber\u00e4ttelse"},"inLanguage":"sv-SE"},{"@type":"WebPage","@id":"https:\/\/www.kompetensforetagen.se\/2022\/06\/september-2021\/","url":"https:\/\/www.kompetensforetagen.se\/2022\/06\/september-2021\/","name":"September 2021 - Verksamhetsber\u00e4ttelse I Kompetensf\u00f6retagen","isPartOf":{"@id":"https:\/\/www.kompetensforetagen.se\/#website"},"datePublished":"2022-06-13T09:51:37+00:00","dateModified":"2023-11-24T14:03:07+00:00","description":"I verksamhetsber\u00e4ttelsen f\u00f6r september 2021 kan du bland annat hitta l\u00e4nk till Kompetensf\u00f6retagens remissvar till LAS-reformen.","breadcrumb":{"@id":"https:\/\/www.kompetensforetagen.se\/2022\/06\/september-2021\/#breadcrumb"},"inLanguage":"sv-SE","potentialAction":[{"@type":"ReadAction","target":["https:\/\/www.kompetensforetagen.se\/2022\/06\/september-2021\/"]}]},{"@type":"BreadcrumbList","@id":"https:\/\/www.kompetensforetagen.se\/2022\/06\/september-2021\/#breadcrumb","itemListElement":[{"@type":"ListItem","position":1,"name":"Home","item":"https:\/\/www.kompetensforetagen.se\/"},{"@type":"ListItem","position":2,"name":"September 2021 Verksamhetsber\u00e4ttelse"}]},{"@type":"WebSite","@id":"https:\/\/www.kompetensforetagen.se\/#website","url":"https:\/\/www.kompetensforetagen.se\/","name":"Kompetensf\u00f6retagen","description":"R\u00e4tt person p\u00e5 r\u00e4tt plats kan f\u00f6r\u00e4ndra v\u00e4rlden","publisher":{"@id":"https:\/\/www.kompetensforetagen.se\/#organization"},"potentialAction":[{"@type":"SearchAction","target":{"@type":"EntryPoint","urlTemplate":"https:\/\/www.kompetensforetagen.se\/?s={search_term_string}"},"query-input":{"@type":"PropertyValueSpecification","valueRequired":true,"valueName":"search_term_string"}}],"inLanguage":"sv-SE"},{"@type":"Organization","@id":"https:\/\/www.kompetensforetagen.se\/#organization","name":"Kompetensf\u00f6retagen","url":"https:\/\/www.kompetensforetagen.se\/","logo":{"@type":"ImageObject","inLanguage":"sv-SE","@id":"https:\/\/www.kompetensforetagen.se\/#\/schema\/logo\/image\/","url":"https:\/\/www.kompetensforetagen.se\/app\/uploads\/sites\/5\/2022\/10\/logga_svart.png","contentUrl":"https:\/\/www.kompetensforetagen.se\/app\/uploads\/sites\/5\/2022\/10\/logga_svart.png","width":752,"height":64,"caption":"Kompetensf\u00f6retagen"},"image":{"@id":"https:\/\/www.kompetensforetagen.se\/#\/schema\/logo\/image\/"},"sameAs":["https:\/\/www.linkedin.com\/company\/10540032\/"]},{"@type":"Person","@id":"","url":"https:\/\/www.kompetensforetagen.se\/person\/"}]}},"_links":{"self":[{"href":"https:\/\/www.kompetensforetagen.se\/api\/wp\/v2\/posts\/9606","targetHints":{"allow":["GET"]}}],"collection":[{"href":"https:\/\/www.kompetensforetagen.se\/api\/wp\/v2\/posts"}],"about":[{"href":"https:\/\/www.kompetensforetagen.se\/api\/wp\/v2\/types\/post"}],"author":[{"embeddable":true,"href":"https:\/\/www.kompetensforetagen.se\/api\/wp\/v2\/users\/6358"}],"replies":[{"embeddable":true,"href":"https:\/\/www.kompetensforetagen.se\/api\/wp\/v2\/comments?post=9606"}],"version-history":[{"count":4,"href":"https:\/\/www.kompetensforetagen.se\/api\/wp\/v2\/posts\/9606\/revisions"}],"predecessor-version":[{"id":15883,"href":"https:\/\/www.kompetensforetagen.se\/api\/wp\/v2\/posts\/9606\/revisions\/15883"}],"wp:attachment":[{"href":"https:\/\/www.kompetensforetagen.se\/api\/wp\/v2\/media?parent=9606"}],"wp:term":[{"taxonomy":"category","embeddable":true,"href":"https:\/\/www.kompetensforetagen.se\/api\/wp\/v2\/categories?post=9606"},{"taxonomy":"post_tag","embeddable":true,"href":"https:\/\/www.kompetensforetagen.se\/api\/wp\/v2\/tags?post=9606"},{"taxonomy":"type","embeddable":true,"href":"https:\/\/www.kompetensforetagen.se\/api\/wp\/v2\/article_type?post=9606"},{"taxonomy":"agreement","embeddable":true,"href":"https:\/\/www.kompetensforetagen.se\/api\/wp\/v2\/agreement?post=9606"},{"taxonomy":"for-members","embeddable":true,"href":"https:\/\/www.kompetensforetagen.se\/api\/wp\/v2\/for-members?post=9606"}],"curies":[{"name":"wp","href":"https:\/\/api.w.org\/{rel}","templated":true}]}}