{"id":9579,"date":"2022-06-10T15:11:12","date_gmt":"2022-06-10T13:11:12","guid":{"rendered":"https:\/\/www.kompetensforetagen.se\/?p=9579"},"modified":"2025-10-16T12:36:47","modified_gmt":"2025-10-16T10:36:47","slug":"juli-2021","status":"publish","type":"post","link":"https:\/\/www.kompetensforetagen.se\/2022\/06\/juli-2021\/","title":{"rendered":"Juli 2021"},"content":{"rendered":"\n<h3 class=\"wp-block-heading\" id=\"h-juli\">Juli<\/h3>\n\n\n\n<p>1 juli kommenterar Kompetensf\u00f6retagen en ny rapport fr\u00e5n Arbetsf\u00f6rmedlingen om KROM.<\/p>\n\n\n\n<p>2 juli <a href=\"https:\/\/www.kompetensforetagen.se\/2021\/07\/debatt-feltankt-av-sandviken-att-starta-kommunal-arbetsformedling\/\" target=\"_blank\" rel=\"noopener\">debatterar<\/a> Patrik Eidfelt tillsammans med Almega och Utbildningsf\u00f6retagen i Arbetarbladet: Felt\u00e4nkt av Sandviken att starta kommunal arbetsf\u00f6rmedling.<\/p>\n\n\n\n<p>5 juli publiceras en<a href=\"https:\/\/www.kompetensforetagen.se\/2021\/07\/sammanfattning-av-rapporten-tillsammans-for-en-battre-arbetsmiljo\/\" target=\"_blank\" rel=\"noopener\"> sammanfattning av rapporten<\/a> \u201dTillsammans f\u00f6r en b\u00e4ttre arbetsmilj\u00f6\u201d.<\/p>\n\n\n\n<p>9 juli deltar f\u00f6rbundsdirekt\u00f6r<a href=\"https:\/\/www.kompetensforetagen.se\/2021\/07\/forbundsdirektor-patrik-eidfelt-i-unionens-youtube-serie\/\" target=\"_blank\" rel=\"noopener\"> Patrik Eidfelt i Unionens Youtube-serie<\/a> \u201dJakten p\u00e5 makten\u201d, om den svenska modellen.<\/p>\n","protected":false},"excerpt":{"rendered":"<p>Juli 1 juli kommenterar Kompetensf\u00f6retagen en ny rapport fr\u00e5n Arbetsf\u00f6rmedlingen om KROM. 2 juli debatterar Patrik Eidfelt tillsammans med Almega och Utbildningsf\u00f6retagen i Arbetarbladet: Felt\u00e4nkt av Sandviken att starta kommunal arbetsf\u00f6rmedling. 5 juli publiceras en &hellip;<\/p>\n","protected":false},"author":6358,"featured_media":0,"comment_status":"closed","ping_status":"closed","sticky":false,"template":"","format":"standard","meta":{"_acf_changed":false,"footnotes":""},"categories":[1],"tags":[],"article_type":[],"agreement":[],"for-members":[],"class_list":["post-9579","post","type-post","status-publish","format-standard","hentry","category-okategoriserade"],"acf":[],"yoast_head":"<!-- This site is optimized with the Yoast SEO Premium plugin v26.8 (Yoast SEO v26.8) - https:\/\/yoast.com\/product\/yoast-seo-premium-wordpress\/ -->\n<title>Juli 2021 I Verksamhetsber\u00e4ttelse I Kompetensf\u00f6retagen<\/title>\n<meta name=\"description\" content=\"I verksamhetsber\u00e4ttelsen juli\/augusti 2021 kan en bl a l\u00e4sa att f\u00f6rbundsdirekt\u00f6r Patrik Eidfelt i Unionens Youtube-serie \u201dJakten p\u00e5 makten\u201d.\" \/>\n<meta name=\"robots\" content=\"index, follow, max-snippet:-1, max-image-preview:large, max-video-preview:-1\" \/>\n<link rel=\"canonical\" href=\"https:\/\/www.kompetensforetagen.se\/2022\/06\/juli-2021\/\" \/>\n<meta property=\"og:locale\" content=\"sv_SE\" \/>\n<meta property=\"og:type\" content=\"article\" \/>\n<meta property=\"og:title\" content=\"Juli 2021\" \/>\n<meta property=\"og:description\" content=\"I verksamhetsber\u00e4ttelsen juli\/augusti 2021 kan en bl a l\u00e4sa att f\u00f6rbundsdirekt\u00f6r Patrik Eidfelt i Unionens Youtube-serie \u201dJakten p\u00e5 makten\u201d.\" \/>\n<meta property=\"og:url\" content=\"https:\/\/www.kompetensforetagen.se\/2022\/06\/juli-2021\/\" \/>\n<meta property=\"og:site_name\" content=\"Kompetensf\u00f6retagen\" \/>\n<meta property=\"article:published_time\" content=\"2022-06-10T13:11:12+00:00\" \/>\n<meta property=\"article:modified_time\" content=\"2025-10-16T10:36:47+00:00\" \/>\n<meta name=\"twitter:card\" content=\"summary_large_image\" \/>\n<meta name=\"twitter:label1\" content=\"Skriven av\" \/>\n\t<meta name=\"twitter:data1\" content=\"\" \/>\n\t<meta name=\"twitter:label2\" content=\"Ber\u00e4knad l\u00e4stid\" \/>\n\t<meta name=\"twitter:data2\" content=\"1 minut\" \/>\n<!-- \/ Yoast SEO Premium plugin. -->","yoast_head_json":{"title":"Juli 2021 I Verksamhetsber\u00e4ttelse I Kompetensf\u00f6retagen","description":"I verksamhetsber\u00e4ttelsen juli\/augusti 2021 kan en bl a l\u00e4sa att f\u00f6rbundsdirekt\u00f6r Patrik Eidfelt i Unionens Youtube-serie \u201dJakten p\u00e5 makten\u201d.","robots":{"index":"index","follow":"follow","max-snippet":"max-snippet:-1","max-image-preview":"max-image-preview:large","max-video-preview":"max-video-preview:-1"},"canonical":"https:\/\/www.kompetensforetagen.se\/2022\/06\/juli-2021\/","og_locale":"sv_SE","og_type":"article","og_title":"Juli 2021","og_description":"I verksamhetsber\u00e4ttelsen juli\/augusti 2021 kan en bl a l\u00e4sa att f\u00f6rbundsdirekt\u00f6r Patrik Eidfelt i Unionens Youtube-serie \u201dJakten p\u00e5 makten\u201d.","og_url":"https:\/\/www.kompetensforetagen.se\/2022\/06\/juli-2021\/","og_site_name":"Kompetensf\u00f6retagen","article_published_time":"2022-06-10T13:11:12+00:00","article_modified_time":"2025-10-16T10:36:47+00:00","twitter_card":"summary_large_image","twitter_misc":{"Skriven av":"","Ber\u00e4knad l\u00e4stid":"1 minut"},"schema":{"@context":"https:\/\/schema.org","@graph":[{"@type":"Article","@id":"https:\/\/www.kompetensforetagen.se\/2022\/06\/juli-2021\/#article","isPartOf":{"@id":"https:\/\/www.kompetensforetagen.se\/2022\/06\/juli-2021\/"},"author":{"name":"","@id":""},"headline":"Juli 2021","datePublished":"2022-06-10T13:11:12+00:00","dateModified":"2025-10-16T10:36:47+00:00","mainEntityOfPage":{"@id":"https:\/\/www.kompetensforetagen.se\/2022\/06\/juli-2021\/"},"wordCount":66,"publisher":{"@id":"https:\/\/www.kompetensforetagen.se\/#organization"},"inLanguage":"sv-SE"},{"@type":"WebPage","@id":"https:\/\/www.kompetensforetagen.se\/2022\/06\/juli-2021\/","url":"https:\/\/www.kompetensforetagen.se\/2022\/06\/juli-2021\/","name":"Juli 2021 I Verksamhetsber\u00e4ttelse I Kompetensf\u00f6retagen","isPartOf":{"@id":"https:\/\/www.kompetensforetagen.se\/#website"},"datePublished":"2022-06-10T13:11:12+00:00","dateModified":"2025-10-16T10:36:47+00:00","description":"I verksamhetsber\u00e4ttelsen juli\/augusti 2021 kan en bl a l\u00e4sa att f\u00f6rbundsdirekt\u00f6r Patrik Eidfelt i Unionens Youtube-serie \u201dJakten p\u00e5 makten\u201d.","breadcrumb":{"@id":"https:\/\/www.kompetensforetagen.se\/2022\/06\/juli-2021\/#breadcrumb"},"inLanguage":"sv-SE","potentialAction":[{"@type":"ReadAction","target":["https:\/\/www.kompetensforetagen.se\/2022\/06\/juli-2021\/"]}]},{"@type":"BreadcrumbList","@id":"https:\/\/www.kompetensforetagen.se\/2022\/06\/juli-2021\/#breadcrumb","itemListElement":[{"@type":"ListItem","position":1,"name":"Home","item":"https:\/\/www.kompetensforetagen.se\/"},{"@type":"ListItem","position":2,"name":"Juli 2021"}]},{"@type":"WebSite","@id":"https:\/\/www.kompetensforetagen.se\/#website","url":"https:\/\/www.kompetensforetagen.se\/","name":"Kompetensf\u00f6retagen","description":"R\u00e4tt person p\u00e5 r\u00e4tt plats kan f\u00f6r\u00e4ndra v\u00e4rlden","publisher":{"@id":"https:\/\/www.kompetensforetagen.se\/#organization"},"potentialAction":[{"@type":"SearchAction","target":{"@type":"EntryPoint","urlTemplate":"https:\/\/www.kompetensforetagen.se\/?s={search_term_string}"},"query-input":{"@type":"PropertyValueSpecification","valueRequired":true,"valueName":"search_term_string"}}],"inLanguage":"sv-SE"},{"@type":"Organization","@id":"https:\/\/www.kompetensforetagen.se\/#organization","name":"Kompetensf\u00f6retagen","url":"https:\/\/www.kompetensforetagen.se\/","logo":{"@type":"ImageObject","inLanguage":"sv-SE","@id":"https:\/\/www.kompetensforetagen.se\/#\/schema\/logo\/image\/","url":"https:\/\/www.kompetensforetagen.se\/app\/uploads\/sites\/5\/2022\/10\/logga_svart.png","contentUrl":"https:\/\/www.kompetensforetagen.se\/app\/uploads\/sites\/5\/2022\/10\/logga_svart.png","width":752,"height":64,"caption":"Kompetensf\u00f6retagen"},"image":{"@id":"https:\/\/www.kompetensforetagen.se\/#\/schema\/logo\/image\/"},"sameAs":["https:\/\/www.linkedin.com\/company\/10540032\/"]},{"@type":"Person","@id":"","url":"https:\/\/www.kompetensforetagen.se\/person\/"}]}},"_links":{"self":[{"href":"https:\/\/www.kompetensforetagen.se\/api\/wp\/v2\/posts\/9579","targetHints":{"allow":["GET"]}}],"collection":[{"href":"https:\/\/www.kompetensforetagen.se\/api\/wp\/v2\/posts"}],"about":[{"href":"https:\/\/www.kompetensforetagen.se\/api\/wp\/v2\/types\/post"}],"author":[{"embeddable":true,"href":"https:\/\/www.kompetensforetagen.se\/api\/wp\/v2\/users\/6358"}],"replies":[{"embeddable":true,"href":"https:\/\/www.kompetensforetagen.se\/api\/wp\/v2\/comments?post=9579"}],"version-history":[{"count":2,"href":"https:\/\/www.kompetensforetagen.se\/api\/wp\/v2\/posts\/9579\/revisions"}],"predecessor-version":[{"id":21003,"href":"https:\/\/www.kompetensforetagen.se\/api\/wp\/v2\/posts\/9579\/revisions\/21003"}],"wp:attachment":[{"href":"https:\/\/www.kompetensforetagen.se\/api\/wp\/v2\/media?parent=9579"}],"wp:term":[{"taxonomy":"category","embeddable":true,"href":"https:\/\/www.kompetensforetagen.se\/api\/wp\/v2\/categories?post=9579"},{"taxonomy":"post_tag","embeddable":true,"href":"https:\/\/www.kompetensforetagen.se\/api\/wp\/v2\/tags?post=9579"},{"taxonomy":"type","embeddable":true,"href":"https:\/\/www.kompetensforetagen.se\/api\/wp\/v2\/article_type?post=9579"},{"taxonomy":"agreement","embeddable":true,"href":"https:\/\/www.kompetensforetagen.se\/api\/wp\/v2\/agreement?post=9579"},{"taxonomy":"for-members","embeddable":true,"href":"https:\/\/www.kompetensforetagen.se\/api\/wp\/v2\/for-members?post=9579"}],"curies":[{"name":"wp","href":"https:\/\/api.w.org\/{rel}","templated":true}]}}