{"id":9577,"date":"2022-06-10T14:52:38","date_gmt":"2022-06-10T12:52:38","guid":{"rendered":"https:\/\/www.kompetensforetagen.se\/?p=9577"},"modified":"2023-07-07T15:03:03","modified_gmt":"2023-07-07T13:03:03","slug":"juni-2021","status":"publish","type":"post","link":"https:\/\/www.kompetensforetagen.se\/2022\/06\/juni-2021\/","title":{"rendered":"Juni 2021 I Verksamhetsber\u00e4ttelse"},"content":{"rendered":"\n<p>2 juni publiceras<a href=\"https:\/\/www.kompetensforetagen.se\/2021\/06\/domanders-oroad-over-vardens-kompetensforsorjningen-i-sommar\/\" target=\"_blank\" rel=\"noopener\"> en artikel i Dagens Medicin<\/a> d\u00e4r Eva Domanders uttrycker oro \u00f6ver v\u00e5rdens kompetensf\u00f6rs\u00f6rjning den kommande sommaren.<\/p>\n\n\n\n<p>2 juni publiceras<a href=\"https:\/\/www.kompetensforetagen.se\/2021\/06\/debatt-dorren-till-de-kommunala-arbetsformedlingarna-maste-stangas\/\" target=\"_blank\" rel=\"noopener\"> en debattartikel<\/a> undertecknad av bland andra f\u00f6rbundsdirekt\u00f6r Patrik Eidfelt p\u00e5 dagenssamh\u00e4lle.se: D\u00f6rren till de kommunala arbetsf\u00f6rmedlingarna m\u00e5ste st\u00e4ngas<\/p>\n\n\n\n<p>11 juni inleds en presentation av auktorisationsn\u00e4mnden med en <a href=\"https:\/\/www.kompetensforetagen.se\/2021\/06\/mot-auktorisationsnamndens-ordforande-goran-hagglund\/\" target=\"_blank\" rel=\"noopener\">intervju med ordf\u00f6rande G\u00f6ran H\u00e4gglund.<\/a><\/p>\n\n\n\n<p>23 juni kommenterar Kompetensf\u00f6retagen det politiska l\u00e4get efter misstroendef\u00f6rklaringen mot regeringen med att arbetss\u00f6kande m\u00e5ste f\u00e5 fortsatt st\u00f6ttning.<\/p>\n\n\n\n<p>28 juni publiceras <a href=\"https:\/\/www.kompetensforetagen.se\/2021\/06\/debatt-feltankt-att-starta-kommunal-arbetsformedling\/\" target=\"_blank\" rel=\"noopener\">en debattartikel i UNT<\/a> undertecknad av bland andra Patrik Eidfelt: Felt\u00e4nkt att starta kommunal arbetsf\u00f6rmedling.<\/p>\n","protected":false},"excerpt":{"rendered":"<p>2 juni publiceras en artikel i Dagens Medicin d\u00e4r Eva Domanders uttrycker oro \u00f6ver v\u00e5rdens kompetensf\u00f6rs\u00f6rjning den kommande sommaren. 2 juni publiceras en debattartikel undertecknad av bland andra f\u00f6rbundsdirekt\u00f6r Patrik Eidfelt p\u00e5 dagenssamh\u00e4lle.se: D\u00f6rren till &hellip;<\/p>\n","protected":false},"author":6358,"featured_media":0,"comment_status":"closed","ping_status":"closed","sticky":false,"template":"","format":"standard","meta":{"_acf_changed":false,"footnotes":""},"categories":[213],"tags":[],"article_type":[],"agreement":[],"for-members":[],"class_list":["post-9577","post","type-post","status-publish","format-standard","hentry","category-verksamhetsberattelse"],"acf":[],"yoast_head":"<!-- This site is optimized with the Yoast SEO Premium plugin v26.8 (Yoast SEO v26.8) - https:\/\/yoast.com\/product\/yoast-seo-premium-wordpress\/ -->\n<title>Juni 2021 I Verksamhetsber\u00e4ttelse I Kompetensf\u00f6retagen<\/title>\n<meta name=\"description\" content=\"Inneh\u00e5llet av Kompetensf\u00f6retagens verksamhet f\u00f6r juni 2021 inneh\u00e5ller bland annat en intervju med auktorisationsn\u00e4mndens ordf\u00f6rande G\u00f6ran H\u00e4gglund.\" \/>\n<meta name=\"robots\" content=\"index, follow, max-snippet:-1, max-image-preview:large, max-video-preview:-1\" \/>\n<link rel=\"canonical\" href=\"https:\/\/www.kompetensforetagen.se\/2022\/06\/juni-2021\/\" \/>\n<meta property=\"og:locale\" content=\"sv_SE\" \/>\n<meta property=\"og:type\" content=\"article\" \/>\n<meta property=\"og:title\" content=\"Juni 2021 I Verksamhetsber\u00e4ttelse\" \/>\n<meta property=\"og:description\" content=\"Inneh\u00e5llet av Kompetensf\u00f6retagens verksamhet f\u00f6r juni 2021 inneh\u00e5ller bland annat en intervju med auktorisationsn\u00e4mndens ordf\u00f6rande G\u00f6ran H\u00e4gglund.\" \/>\n<meta property=\"og:url\" content=\"https:\/\/www.kompetensforetagen.se\/2022\/06\/juni-2021\/\" \/>\n<meta property=\"og:site_name\" content=\"Kompetensf\u00f6retagen\" \/>\n<meta property=\"article:published_time\" content=\"2022-06-10T12:52:38+00:00\" \/>\n<meta property=\"article:modified_time\" content=\"2023-07-07T13:03:03+00:00\" \/>\n<meta name=\"twitter:card\" content=\"summary_large_image\" \/>\n<meta name=\"twitter:label1\" content=\"Skriven av\" \/>\n\t<meta name=\"twitter:data1\" content=\"\" \/>\n\t<meta name=\"twitter:label2\" content=\"Ber\u00e4knad l\u00e4stid\" \/>\n\t<meta name=\"twitter:data2\" content=\"1 minut\" \/>\n<!-- \/ Yoast SEO Premium plugin. -->","yoast_head_json":{"title":"Juni 2021 I Verksamhetsber\u00e4ttelse I Kompetensf\u00f6retagen","description":"Inneh\u00e5llet av Kompetensf\u00f6retagens verksamhet f\u00f6r juni 2021 inneh\u00e5ller bland annat en intervju med auktorisationsn\u00e4mndens ordf\u00f6rande G\u00f6ran H\u00e4gglund.","robots":{"index":"index","follow":"follow","max-snippet":"max-snippet:-1","max-image-preview":"max-image-preview:large","max-video-preview":"max-video-preview:-1"},"canonical":"https:\/\/www.kompetensforetagen.se\/2022\/06\/juni-2021\/","og_locale":"sv_SE","og_type":"article","og_title":"Juni 2021 I Verksamhetsber\u00e4ttelse","og_description":"Inneh\u00e5llet av Kompetensf\u00f6retagens verksamhet f\u00f6r juni 2021 inneh\u00e5ller bland annat en intervju med auktorisationsn\u00e4mndens ordf\u00f6rande G\u00f6ran H\u00e4gglund.","og_url":"https:\/\/www.kompetensforetagen.se\/2022\/06\/juni-2021\/","og_site_name":"Kompetensf\u00f6retagen","article_published_time":"2022-06-10T12:52:38+00:00","article_modified_time":"2023-07-07T13:03:03+00:00","twitter_card":"summary_large_image","twitter_misc":{"Skriven av":"","Ber\u00e4knad l\u00e4stid":"1 minut"},"schema":{"@context":"https:\/\/schema.org","@graph":[{"@type":"Article","@id":"https:\/\/www.kompetensforetagen.se\/2022\/06\/juni-2021\/#article","isPartOf":{"@id":"https:\/\/www.kompetensforetagen.se\/2022\/06\/juni-2021\/"},"author":{"name":"","@id":""},"headline":"Juni 2021 I Verksamhetsber\u00e4ttelse","datePublished":"2022-06-10T12:52:38+00:00","dateModified":"2023-07-07T13:03:03+00:00","mainEntityOfPage":{"@id":"https:\/\/www.kompetensforetagen.se\/2022\/06\/juni-2021\/"},"wordCount":113,"publisher":{"@id":"https:\/\/www.kompetensforetagen.se\/#organization"},"articleSection":["Verksamhetsber\u00e4ttelse"],"inLanguage":"sv-SE"},{"@type":"WebPage","@id":"https:\/\/www.kompetensforetagen.se\/2022\/06\/juni-2021\/","url":"https:\/\/www.kompetensforetagen.se\/2022\/06\/juni-2021\/","name":"Juni 2021 I Verksamhetsber\u00e4ttelse I Kompetensf\u00f6retagen","isPartOf":{"@id":"https:\/\/www.kompetensforetagen.se\/#website"},"datePublished":"2022-06-10T12:52:38+00:00","dateModified":"2023-07-07T13:03:03+00:00","description":"Inneh\u00e5llet av Kompetensf\u00f6retagens verksamhet f\u00f6r juni 2021 inneh\u00e5ller bland annat en intervju med auktorisationsn\u00e4mndens ordf\u00f6rande G\u00f6ran H\u00e4gglund.","breadcrumb":{"@id":"https:\/\/www.kompetensforetagen.se\/2022\/06\/juni-2021\/#breadcrumb"},"inLanguage":"sv-SE","potentialAction":[{"@type":"ReadAction","target":["https:\/\/www.kompetensforetagen.se\/2022\/06\/juni-2021\/"]}]},{"@type":"BreadcrumbList","@id":"https:\/\/www.kompetensforetagen.se\/2022\/06\/juni-2021\/#breadcrumb","itemListElement":[{"@type":"ListItem","position":1,"name":"Home","item":"https:\/\/www.kompetensforetagen.se\/"},{"@type":"ListItem","position":2,"name":"Juni 2021 I Verksamhetsber\u00e4ttelse"}]},{"@type":"WebSite","@id":"https:\/\/www.kompetensforetagen.se\/#website","url":"https:\/\/www.kompetensforetagen.se\/","name":"Kompetensf\u00f6retagen","description":"R\u00e4tt person p\u00e5 r\u00e4tt plats kan f\u00f6r\u00e4ndra v\u00e4rlden","publisher":{"@id":"https:\/\/www.kompetensforetagen.se\/#organization"},"potentialAction":[{"@type":"SearchAction","target":{"@type":"EntryPoint","urlTemplate":"https:\/\/www.kompetensforetagen.se\/?s={search_term_string}"},"query-input":{"@type":"PropertyValueSpecification","valueRequired":true,"valueName":"search_term_string"}}],"inLanguage":"sv-SE"},{"@type":"Organization","@id":"https:\/\/www.kompetensforetagen.se\/#organization","name":"Kompetensf\u00f6retagen","url":"https:\/\/www.kompetensforetagen.se\/","logo":{"@type":"ImageObject","inLanguage":"sv-SE","@id":"https:\/\/www.kompetensforetagen.se\/#\/schema\/logo\/image\/","url":"https:\/\/www.kompetensforetagen.se\/app\/uploads\/sites\/5\/2022\/10\/logga_svart.png","contentUrl":"https:\/\/www.kompetensforetagen.se\/app\/uploads\/sites\/5\/2022\/10\/logga_svart.png","width":752,"height":64,"caption":"Kompetensf\u00f6retagen"},"image":{"@id":"https:\/\/www.kompetensforetagen.se\/#\/schema\/logo\/image\/"},"sameAs":["https:\/\/www.linkedin.com\/company\/10540032\/"]},{"@type":"Person","@id":"","url":"https:\/\/www.kompetensforetagen.se\/person\/"}]}},"_links":{"self":[{"href":"https:\/\/www.kompetensforetagen.se\/api\/wp\/v2\/posts\/9577","targetHints":{"allow":["GET"]}}],"collection":[{"href":"https:\/\/www.kompetensforetagen.se\/api\/wp\/v2\/posts"}],"about":[{"href":"https:\/\/www.kompetensforetagen.se\/api\/wp\/v2\/types\/post"}],"author":[{"embeddable":true,"href":"https:\/\/www.kompetensforetagen.se\/api\/wp\/v2\/users\/6358"}],"replies":[{"embeddable":true,"href":"https:\/\/www.kompetensforetagen.se\/api\/wp\/v2\/comments?post=9577"}],"version-history":[{"count":2,"href":"https:\/\/www.kompetensforetagen.se\/api\/wp\/v2\/posts\/9577\/revisions"}],"predecessor-version":[{"id":14336,"href":"https:\/\/www.kompetensforetagen.se\/api\/wp\/v2\/posts\/9577\/revisions\/14336"}],"wp:attachment":[{"href":"https:\/\/www.kompetensforetagen.se\/api\/wp\/v2\/media?parent=9577"}],"wp:term":[{"taxonomy":"category","embeddable":true,"href":"https:\/\/www.kompetensforetagen.se\/api\/wp\/v2\/categories?post=9577"},{"taxonomy":"post_tag","embeddable":true,"href":"https:\/\/www.kompetensforetagen.se\/api\/wp\/v2\/tags?post=9577"},{"taxonomy":"type","embeddable":true,"href":"https:\/\/www.kompetensforetagen.se\/api\/wp\/v2\/article_type?post=9577"},{"taxonomy":"agreement","embeddable":true,"href":"https:\/\/www.kompetensforetagen.se\/api\/wp\/v2\/agreement?post=9577"},{"taxonomy":"for-members","embeddable":true,"href":"https:\/\/www.kompetensforetagen.se\/api\/wp\/v2\/for-members?post=9577"}],"curies":[{"name":"wp","href":"https:\/\/api.w.org\/{rel}","templated":true}]}}