{"id":9575,"date":"2022-06-10T14:32:56","date_gmt":"2022-06-10T12:32:56","guid":{"rendered":"https:\/\/www.kompetensforetagen.se\/?p=9575"},"modified":"2023-07-07T15:01:22","modified_gmt":"2023-07-07T13:01:22","slug":"maj-2021","status":"publish","type":"post","link":"https:\/\/www.kompetensforetagen.se\/2022\/06\/maj-2021\/","title":{"rendered":"Maj 2021 Verksamhetsber\u00e4ttelse"},"content":{"rendered":"\n<p>6 maj Styrelseordf\u00f6rande Eva Domanders <a href=\"https:\/\/www.konkurrensverket.se\/informationsmaterial\/podcasten-konkurrenten\/\" target=\"_blank\" rel=\"noopener\">deltar i podden Konkurrenten<\/a> f\u00f6r att diskutera hur regionernas upphandling av hyrpersonal i v\u00e5rden bli b\u00e4ttre.<\/p>\n\n\n\n<p>17 maj genomf\u00f6rdes Kompetensf\u00f6retagens andra digitala \u00e5rsm\u00f6te, och Magnus Bergqvist, Lernia, valdes in som styrelseledamot i Kompetensf\u00f6retagen!<\/p>\n\n\n\n<p>18 maj\u00a0 \u00c5rets f\u00f6rsta kvartalsrapport visar ljusning f\u00f6r kompetensbranschen<\/p>\n\n\n\n<p>26 maj <a href=\"https:\/\/www.kompetensforetagen.se\/2021\/05\/kommentar-till-regeringens-besked-kommuner-som-leverantorer-at-af\/\" target=\"_blank\" rel=\"noopener\">Kompetensf\u00f6retagen kommenterar<\/a> regeringens besked om kommuner som leverant\u00f6rer \u00e5t AF.<\/p>\n\n\n\n<p>27 maj <a href=\"https:\/\/www.kompetensforetagen.se\/2021\/05\/debattartikel-mer-samverkan-for-att-oka-sysselsattningen-i-halsingland\/\" target=\"_blank\" rel=\"noopener\">Debattartikel<\/a> undertecknad av bland andra Patrik Eidfelt om mer samverkan mellan kommuner och privata leverant\u00f6rer f\u00f6r att \u00f6ka syssels\u00e4ttningen i H\u00e4lsingland.<\/p>\n","protected":false},"excerpt":{"rendered":"<p>6 maj Styrelseordf\u00f6rande Eva Domanders deltar i podden Konkurrenten f\u00f6r att diskutera hur regionernas upphandling av hyrpersonal i v\u00e5rden bli b\u00e4ttre. 17 maj genomf\u00f6rdes Kompetensf\u00f6retagens andra digitala \u00e5rsm\u00f6te, och Magnus Bergqvist, Lernia, valdes in som &hellip;<\/p>\n","protected":false},"author":6358,"featured_media":0,"comment_status":"closed","ping_status":"closed","sticky":false,"template":"","format":"standard","meta":{"_acf_changed":false,"footnotes":""},"categories":[213],"tags":[],"article_type":[],"agreement":[],"for-members":[],"class_list":["post-9575","post","type-post","status-publish","format-standard","hentry","category-verksamhetsberattelse"],"acf":[],"yoast_head":"<!-- This site is optimized with the Yoast SEO Premium plugin v26.8 (Yoast SEO v26.8) - https:\/\/yoast.com\/product\/yoast-seo-premium-wordpress\/ -->\n<title>Maj 2021 I Verksamhetsber\u00e4ttelse Kompetensf\u00f6retagen<\/title>\n<meta name=\"description\" content=\"Beskrivning av maj 2021 f\u00f6r Kompetensf\u00f6retagens verksamhetsber\u00e4ttelse. Blans annat deltar ordf\u00f6rande Eva Domanders i podden Konkurrenten.\" \/>\n<meta name=\"robots\" content=\"index, follow, max-snippet:-1, max-image-preview:large, max-video-preview:-1\" \/>\n<link rel=\"canonical\" href=\"https:\/\/www.kompetensforetagen.se\/2022\/06\/maj-2021\/\" \/>\n<meta property=\"og:locale\" content=\"sv_SE\" \/>\n<meta property=\"og:type\" content=\"article\" \/>\n<meta property=\"og:title\" content=\"Maj 2021 Verksamhetsber\u00e4ttelse\" \/>\n<meta property=\"og:description\" content=\"Beskrivning av maj 2021 f\u00f6r Kompetensf\u00f6retagens verksamhetsber\u00e4ttelse. Blans annat deltar ordf\u00f6rande Eva Domanders i podden Konkurrenten.\" \/>\n<meta property=\"og:url\" content=\"https:\/\/www.kompetensforetagen.se\/2022\/06\/maj-2021\/\" \/>\n<meta property=\"og:site_name\" content=\"Kompetensf\u00f6retagen\" \/>\n<meta property=\"article:published_time\" content=\"2022-06-10T12:32:56+00:00\" \/>\n<meta property=\"article:modified_time\" content=\"2023-07-07T13:01:22+00:00\" \/>\n<meta name=\"twitter:card\" content=\"summary_large_image\" \/>\n<meta name=\"twitter:label1\" content=\"Skriven av\" \/>\n\t<meta name=\"twitter:data1\" content=\"\" \/>\n\t<meta name=\"twitter:label2\" content=\"Ber\u00e4knad l\u00e4stid\" \/>\n\t<meta name=\"twitter:data2\" content=\"1 minut\" \/>\n<!-- \/ Yoast SEO Premium plugin. -->","yoast_head_json":{"title":"Maj 2021 I Verksamhetsber\u00e4ttelse Kompetensf\u00f6retagen","description":"Beskrivning av maj 2021 f\u00f6r Kompetensf\u00f6retagens verksamhetsber\u00e4ttelse. Blans annat deltar ordf\u00f6rande Eva Domanders i podden Konkurrenten.","robots":{"index":"index","follow":"follow","max-snippet":"max-snippet:-1","max-image-preview":"max-image-preview:large","max-video-preview":"max-video-preview:-1"},"canonical":"https:\/\/www.kompetensforetagen.se\/2022\/06\/maj-2021\/","og_locale":"sv_SE","og_type":"article","og_title":"Maj 2021 Verksamhetsber\u00e4ttelse","og_description":"Beskrivning av maj 2021 f\u00f6r Kompetensf\u00f6retagens verksamhetsber\u00e4ttelse. Blans annat deltar ordf\u00f6rande Eva Domanders i podden Konkurrenten.","og_url":"https:\/\/www.kompetensforetagen.se\/2022\/06\/maj-2021\/","og_site_name":"Kompetensf\u00f6retagen","article_published_time":"2022-06-10T12:32:56+00:00","article_modified_time":"2023-07-07T13:01:22+00:00","twitter_card":"summary_large_image","twitter_misc":{"Skriven av":"","Ber\u00e4knad l\u00e4stid":"1 minut"},"schema":{"@context":"https:\/\/schema.org","@graph":[{"@type":"Article","@id":"https:\/\/www.kompetensforetagen.se\/2022\/06\/maj-2021\/#article","isPartOf":{"@id":"https:\/\/www.kompetensforetagen.se\/2022\/06\/maj-2021\/"},"author":{"name":"","@id":""},"headline":"Maj 2021 Verksamhetsber\u00e4ttelse","datePublished":"2022-06-10T12:32:56+00:00","dateModified":"2023-07-07T13:01:22+00:00","mainEntityOfPage":{"@id":"https:\/\/www.kompetensforetagen.se\/2022\/06\/maj-2021\/"},"wordCount":96,"publisher":{"@id":"https:\/\/www.kompetensforetagen.se\/#organization"},"articleSection":["Verksamhetsber\u00e4ttelse"],"inLanguage":"sv-SE"},{"@type":"WebPage","@id":"https:\/\/www.kompetensforetagen.se\/2022\/06\/maj-2021\/","url":"https:\/\/www.kompetensforetagen.se\/2022\/06\/maj-2021\/","name":"Maj 2021 I Verksamhetsber\u00e4ttelse Kompetensf\u00f6retagen","isPartOf":{"@id":"https:\/\/www.kompetensforetagen.se\/#website"},"datePublished":"2022-06-10T12:32:56+00:00","dateModified":"2023-07-07T13:01:22+00:00","description":"Beskrivning av maj 2021 f\u00f6r Kompetensf\u00f6retagens verksamhetsber\u00e4ttelse. Blans annat deltar ordf\u00f6rande Eva Domanders i podden Konkurrenten.","breadcrumb":{"@id":"https:\/\/www.kompetensforetagen.se\/2022\/06\/maj-2021\/#breadcrumb"},"inLanguage":"sv-SE","potentialAction":[{"@type":"ReadAction","target":["https:\/\/www.kompetensforetagen.se\/2022\/06\/maj-2021\/"]}]},{"@type":"BreadcrumbList","@id":"https:\/\/www.kompetensforetagen.se\/2022\/06\/maj-2021\/#breadcrumb","itemListElement":[{"@type":"ListItem","position":1,"name":"Home","item":"https:\/\/www.kompetensforetagen.se\/"},{"@type":"ListItem","position":2,"name":"Maj 2021 Verksamhetsber\u00e4ttelse"}]},{"@type":"WebSite","@id":"https:\/\/www.kompetensforetagen.se\/#website","url":"https:\/\/www.kompetensforetagen.se\/","name":"Kompetensf\u00f6retagen","description":"R\u00e4tt person p\u00e5 r\u00e4tt plats kan f\u00f6r\u00e4ndra v\u00e4rlden","publisher":{"@id":"https:\/\/www.kompetensforetagen.se\/#organization"},"potentialAction":[{"@type":"SearchAction","target":{"@type":"EntryPoint","urlTemplate":"https:\/\/www.kompetensforetagen.se\/?s={search_term_string}"},"query-input":{"@type":"PropertyValueSpecification","valueRequired":true,"valueName":"search_term_string"}}],"inLanguage":"sv-SE"},{"@type":"Organization","@id":"https:\/\/www.kompetensforetagen.se\/#organization","name":"Kompetensf\u00f6retagen","url":"https:\/\/www.kompetensforetagen.se\/","logo":{"@type":"ImageObject","inLanguage":"sv-SE","@id":"https:\/\/www.kompetensforetagen.se\/#\/schema\/logo\/image\/","url":"https:\/\/www.kompetensforetagen.se\/app\/uploads\/sites\/5\/2022\/10\/logga_svart.png","contentUrl":"https:\/\/www.kompetensforetagen.se\/app\/uploads\/sites\/5\/2022\/10\/logga_svart.png","width":752,"height":64,"caption":"Kompetensf\u00f6retagen"},"image":{"@id":"https:\/\/www.kompetensforetagen.se\/#\/schema\/logo\/image\/"},"sameAs":["https:\/\/www.linkedin.com\/company\/10540032\/"]},{"@type":"Person","@id":"","url":"https:\/\/www.kompetensforetagen.se\/person\/"}]}},"_links":{"self":[{"href":"https:\/\/www.kompetensforetagen.se\/api\/wp\/v2\/posts\/9575","targetHints":{"allow":["GET"]}}],"collection":[{"href":"https:\/\/www.kompetensforetagen.se\/api\/wp\/v2\/posts"}],"about":[{"href":"https:\/\/www.kompetensforetagen.se\/api\/wp\/v2\/types\/post"}],"author":[{"embeddable":true,"href":"https:\/\/www.kompetensforetagen.se\/api\/wp\/v2\/users\/6358"}],"replies":[{"embeddable":true,"href":"https:\/\/www.kompetensforetagen.se\/api\/wp\/v2\/comments?post=9575"}],"version-history":[{"count":2,"href":"https:\/\/www.kompetensforetagen.se\/api\/wp\/v2\/posts\/9575\/revisions"}],"predecessor-version":[{"id":14335,"href":"https:\/\/www.kompetensforetagen.se\/api\/wp\/v2\/posts\/9575\/revisions\/14335"}],"wp:attachment":[{"href":"https:\/\/www.kompetensforetagen.se\/api\/wp\/v2\/media?parent=9575"}],"wp:term":[{"taxonomy":"category","embeddable":true,"href":"https:\/\/www.kompetensforetagen.se\/api\/wp\/v2\/categories?post=9575"},{"taxonomy":"post_tag","embeddable":true,"href":"https:\/\/www.kompetensforetagen.se\/api\/wp\/v2\/tags?post=9575"},{"taxonomy":"type","embeddable":true,"href":"https:\/\/www.kompetensforetagen.se\/api\/wp\/v2\/article_type?post=9575"},{"taxonomy":"agreement","embeddable":true,"href":"https:\/\/www.kompetensforetagen.se\/api\/wp\/v2\/agreement?post=9575"},{"taxonomy":"for-members","embeddable":true,"href":"https:\/\/www.kompetensforetagen.se\/api\/wp\/v2\/for-members?post=9575"}],"curies":[{"name":"wp","href":"https:\/\/api.w.org\/{rel}","templated":true}]}}