{"id":9568,"date":"2022-06-10T12:17:12","date_gmt":"2022-06-10T10:17:12","guid":{"rendered":"https:\/\/www.kompetensforetagen.se\/?p=9568"},"modified":"2023-03-22T12:30:57","modified_gmt":"2023-03-22T11:30:57","slug":"nyhet-for-omsattningsstatistiken-q1-topp-50-lista","status":"publish","type":"post","link":"https:\/\/www.kompetensforetagen.se\/2022\/06\/nyhet-for-omsattningsstatistiken-q1-topp-50-lista\/","title":{"rendered":"Nyhet f\u00f6r oms\u00e4ttningsstatistiken Q1: Topp 50-lista!"},"content":{"rendered":"\n<p>F\u00f6r f\u00f6rsta g\u00e5ngen presenterar Kompetensf\u00f6retagen en topp 50-lista \u00f6ver de st\u00f6rsta, inrapporterande medlemsf\u00f6retagen. Tidigare har enbart listor upp till topp 25 redovisats. Kompetensf\u00f6retagen har i \u00e5r bytt leverant\u00f6r sin <a href=\"https:\/\/www.kompetensforetagen.se\/kompetensforetagens-rapporter-och-statistik\/\" target=\"_blank\" rel=\"noopener\">oms\u00e4ttningsstatistik<\/a> till <a href=\"https:\/\/demoskop.se\/\" target=\"_blank\" rel=\"noopener\">Demoskop<\/a>. I och med bytet sker insamlingen av data digitalt, och m\u00f6jligheterna f\u00f6r mer statistik har d\u00e4rf\u00f6r \u00f6kat. F\u00f6r Q1 2022 inneb\u00e4r detta en topp 50-lista, som breddar bilden av branschen.<\/p>\n\n\n\n<p><a href=\"https:\/\/www.almega.se\/app\/uploads\/sites\/5\/2022\/06\/topp-50-total-q1-2022.pdf\">Topp 50 total Q1 2022<\/a><\/p>\n","protected":false},"excerpt":{"rendered":"<p>F\u00f6r f\u00f6rsta g\u00e5ngen presenterar Kompetensf\u00f6retagen en topp 50-lista \u00f6ver de st\u00f6rsta, inrapporterande medlemsf\u00f6retagen. Tidigare har enbart listor upp till topp 25 redovisats. Kompetensf\u00f6retagen har i \u00e5r bytt leverant\u00f6r sin oms\u00e4ttningsstatistik till Demoskop. I och med &hellip;<\/p>\n","protected":false},"author":6358,"featured_media":9571,"comment_status":"closed","ping_status":"closed","sticky":false,"template":"","format":"standard","meta":{"_acf_changed":false,"footnotes":""},"categories":[15],"tags":[],"article_type":[8],"agreement":[],"for-members":[],"class_list":["post-9568","post","type-post","status-publish","format-standard","has-post-thumbnail","hentry","category-statistik","type-aktuellt"],"acf":[],"yoast_head":"<!-- This site is optimized with the Yoast SEO Premium plugin v26.8 (Yoast SEO v26.8) - https:\/\/yoast.com\/product\/yoast-seo-premium-wordpress\/ -->\n<title>Nyhet f\u00f6r oms\u00e4ttningsstatistiken Q1: Topp 50-lista!<\/title>\n<meta name=\"description\" content=\"F\u00f6r f\u00f6rsta g\u00e5ngen presenterar Kompetensf\u00f6retagen en topp 50-lista \u00f6ver de st\u00f6rsta, inrapporterande medlemsf\u00f6retagen.\" \/>\n<meta name=\"robots\" content=\"index, follow, max-snippet:-1, max-image-preview:large, max-video-preview:-1\" \/>\n<link rel=\"canonical\" href=\"https:\/\/www.kompetensforetagen.se\/2022\/06\/nyhet-for-omsattningsstatistiken-q1-topp-50-lista\/\" \/>\n<meta property=\"og:locale\" content=\"sv_SE\" \/>\n<meta property=\"og:type\" content=\"article\" \/>\n<meta property=\"og:title\" content=\"Nyhet f\u00f6r oms\u00e4ttningsstatistiken Q1: Topp 50-lista!\" \/>\n<meta property=\"og:description\" content=\"F\u00f6r f\u00f6rsta g\u00e5ngen presenterar Kompetensf\u00f6retagen en topp 50-lista \u00f6ver de st\u00f6rsta, inrapporterande medlemsf\u00f6retagen.\" \/>\n<meta property=\"og:url\" content=\"https:\/\/www.kompetensforetagen.se\/2022\/06\/nyhet-for-omsattningsstatistiken-q1-topp-50-lista\/\" \/>\n<meta property=\"og:site_name\" content=\"Kompetensf\u00f6retagen\" \/>\n<meta property=\"article:published_time\" content=\"2022-06-10T10:17:12+00:00\" \/>\n<meta property=\"article:modified_time\" content=\"2023-03-22T11:30:57+00:00\" \/>\n<meta property=\"og:image\" content=\"https:\/\/www.kompetensforetagen.se\/app\/uploads\/sites\/5\/2022\/06\/resurs-3mdpi-e1678969377218.png\" \/>\n\t<meta property=\"og:image:width\" content=\"474\" \/>\n\t<meta property=\"og:image:height\" content=\"166\" \/>\n\t<meta property=\"og:image:type\" content=\"image\/png\" \/>\n<meta name=\"twitter:card\" content=\"summary_large_image\" \/>\n<meta name=\"twitter:label1\" content=\"Skriven av\" \/>\n\t<meta name=\"twitter:data1\" content=\"\" \/>\n\t<meta name=\"twitter:label2\" content=\"Ber\u00e4knad l\u00e4stid\" \/>\n\t<meta name=\"twitter:data2\" content=\"1 minut\" \/>\n<!-- \/ Yoast SEO Premium plugin. -->","yoast_head_json":{"title":"Nyhet f\u00f6r oms\u00e4ttningsstatistiken Q1: Topp 50-lista!","description":"F\u00f6r f\u00f6rsta g\u00e5ngen presenterar Kompetensf\u00f6retagen en topp 50-lista \u00f6ver de st\u00f6rsta, inrapporterande medlemsf\u00f6retagen.","robots":{"index":"index","follow":"follow","max-snippet":"max-snippet:-1","max-image-preview":"max-image-preview:large","max-video-preview":"max-video-preview:-1"},"canonical":"https:\/\/www.kompetensforetagen.se\/2022\/06\/nyhet-for-omsattningsstatistiken-q1-topp-50-lista\/","og_locale":"sv_SE","og_type":"article","og_title":"Nyhet f\u00f6r oms\u00e4ttningsstatistiken Q1: Topp 50-lista!","og_description":"F\u00f6r f\u00f6rsta g\u00e5ngen presenterar Kompetensf\u00f6retagen en topp 50-lista \u00f6ver de st\u00f6rsta, inrapporterande medlemsf\u00f6retagen.","og_url":"https:\/\/www.kompetensforetagen.se\/2022\/06\/nyhet-for-omsattningsstatistiken-q1-topp-50-lista\/","og_site_name":"Kompetensf\u00f6retagen","article_published_time":"2022-06-10T10:17:12+00:00","article_modified_time":"2023-03-22T11:30:57+00:00","og_image":[{"width":474,"height":166,"url":"https:\/\/www.kompetensforetagen.se\/app\/uploads\/sites\/5\/2022\/06\/resurs-3mdpi-e1678969377218.png","type":"image\/png"}],"twitter_card":"summary_large_image","twitter_misc":{"Skriven av":"","Ber\u00e4knad l\u00e4stid":"1 minut"},"schema":{"@context":"https:\/\/schema.org","@graph":[{"@type":"Article","@id":"https:\/\/www.kompetensforetagen.se\/2022\/06\/nyhet-for-omsattningsstatistiken-q1-topp-50-lista\/#article","isPartOf":{"@id":"https:\/\/www.kompetensforetagen.se\/2022\/06\/nyhet-for-omsattningsstatistiken-q1-topp-50-lista\/"},"author":{"name":"","@id":""},"headline":"Nyhet f\u00f6r oms\u00e4ttningsstatistiken Q1: Topp 50-lista!","datePublished":"2022-06-10T10:17:12+00:00","dateModified":"2023-03-22T11:30:57+00:00","mainEntityOfPage":{"@id":"https:\/\/www.kompetensforetagen.se\/2022\/06\/nyhet-for-omsattningsstatistiken-q1-topp-50-lista\/"},"wordCount":86,"publisher":{"@id":"https:\/\/www.kompetensforetagen.se\/#organization"},"image":{"@id":"https:\/\/www.kompetensforetagen.se\/2022\/06\/nyhet-for-omsattningsstatistiken-q1-topp-50-lista\/#primaryimage"},"thumbnailUrl":"https:\/\/www.kompetensforetagen.se\/app\/uploads\/sites\/5\/2022\/06\/resurs-3mdpi-e1678969377218.png","articleSection":["Statistik"],"inLanguage":"sv-SE"},{"@type":"WebPage","@id":"https:\/\/www.kompetensforetagen.se\/2022\/06\/nyhet-for-omsattningsstatistiken-q1-topp-50-lista\/","url":"https:\/\/www.kompetensforetagen.se\/2022\/06\/nyhet-for-omsattningsstatistiken-q1-topp-50-lista\/","name":"Nyhet f\u00f6r oms\u00e4ttningsstatistiken Q1: Topp 50-lista!","isPartOf":{"@id":"https:\/\/www.kompetensforetagen.se\/#website"},"primaryImageOfPage":{"@id":"https:\/\/www.kompetensforetagen.se\/2022\/06\/nyhet-for-omsattningsstatistiken-q1-topp-50-lista\/#primaryimage"},"image":{"@id":"https:\/\/www.kompetensforetagen.se\/2022\/06\/nyhet-for-omsattningsstatistiken-q1-topp-50-lista\/#primaryimage"},"thumbnailUrl":"https:\/\/www.kompetensforetagen.se\/app\/uploads\/sites\/5\/2022\/06\/resurs-3mdpi-e1678969377218.png","datePublished":"2022-06-10T10:17:12+00:00","dateModified":"2023-03-22T11:30:57+00:00","description":"F\u00f6r f\u00f6rsta g\u00e5ngen presenterar Kompetensf\u00f6retagen en topp 50-lista \u00f6ver de st\u00f6rsta, inrapporterande medlemsf\u00f6retagen.","breadcrumb":{"@id":"https:\/\/www.kompetensforetagen.se\/2022\/06\/nyhet-for-omsattningsstatistiken-q1-topp-50-lista\/#breadcrumb"},"inLanguage":"sv-SE","potentialAction":[{"@type":"ReadAction","target":["https:\/\/www.kompetensforetagen.se\/2022\/06\/nyhet-for-omsattningsstatistiken-q1-topp-50-lista\/"]}]},{"@type":"ImageObject","inLanguage":"sv-SE","@id":"https:\/\/www.kompetensforetagen.se\/2022\/06\/nyhet-for-omsattningsstatistiken-q1-topp-50-lista\/#primaryimage","url":"https:\/\/www.kompetensforetagen.se\/app\/uploads\/sites\/5\/2022\/06\/resurs-3mdpi-e1678969377218.png","contentUrl":"https:\/\/www.kompetensforetagen.se\/app\/uploads\/sites\/5\/2022\/06\/resurs-3mdpi-e1678969377218.png","width":474,"height":166,"caption":"Grafisk symbol f\u00f6r personalresurser och kompetensf\u00f6rs\u00f6rjning."},{"@type":"BreadcrumbList","@id":"https:\/\/www.kompetensforetagen.se\/2022\/06\/nyhet-for-omsattningsstatistiken-q1-topp-50-lista\/#breadcrumb","itemListElement":[{"@type":"ListItem","position":1,"name":"Home","item":"https:\/\/www.kompetensforetagen.se\/"},{"@type":"ListItem","position":2,"name":"Nyhet f\u00f6r oms\u00e4ttningsstatistiken Q1: Topp 50-lista!"}]},{"@type":"WebSite","@id":"https:\/\/www.kompetensforetagen.se\/#website","url":"https:\/\/www.kompetensforetagen.se\/","name":"Kompetensf\u00f6retagen","description":"R\u00e4tt person p\u00e5 r\u00e4tt plats kan f\u00f6r\u00e4ndra v\u00e4rlden","publisher":{"@id":"https:\/\/www.kompetensforetagen.se\/#organization"},"potentialAction":[{"@type":"SearchAction","target":{"@type":"EntryPoint","urlTemplate":"https:\/\/www.kompetensforetagen.se\/?s={search_term_string}"},"query-input":{"@type":"PropertyValueSpecification","valueRequired":true,"valueName":"search_term_string"}}],"inLanguage":"sv-SE"},{"@type":"Organization","@id":"https:\/\/www.kompetensforetagen.se\/#organization","name":"Kompetensf\u00f6retagen","url":"https:\/\/www.kompetensforetagen.se\/","logo":{"@type":"ImageObject","inLanguage":"sv-SE","@id":"https:\/\/www.kompetensforetagen.se\/#\/schema\/logo\/image\/","url":"https:\/\/www.kompetensforetagen.se\/app\/uploads\/sites\/5\/2022\/10\/logga_svart.png","contentUrl":"https:\/\/www.kompetensforetagen.se\/app\/uploads\/sites\/5\/2022\/10\/logga_svart.png","width":752,"height":64,"caption":"Kompetensf\u00f6retagen"},"image":{"@id":"https:\/\/www.kompetensforetagen.se\/#\/schema\/logo\/image\/"},"sameAs":["https:\/\/www.linkedin.com\/company\/10540032\/"]},{"@type":"Person","@id":"","url":"https:\/\/www.kompetensforetagen.se\/person\/"}]}},"_links":{"self":[{"href":"https:\/\/www.kompetensforetagen.se\/api\/wp\/v2\/posts\/9568","targetHints":{"allow":["GET"]}}],"collection":[{"href":"https:\/\/www.kompetensforetagen.se\/api\/wp\/v2\/posts"}],"about":[{"href":"https:\/\/www.kompetensforetagen.se\/api\/wp\/v2\/types\/post"}],"author":[{"embeddable":true,"href":"https:\/\/www.kompetensforetagen.se\/api\/wp\/v2\/users\/6358"}],"replies":[{"embeddable":true,"href":"https:\/\/www.kompetensforetagen.se\/api\/wp\/v2\/comments?post=9568"}],"version-history":[{"count":1,"href":"https:\/\/www.kompetensforetagen.se\/api\/wp\/v2\/posts\/9568\/revisions"}],"predecessor-version":[{"id":11633,"href":"https:\/\/www.kompetensforetagen.se\/api\/wp\/v2\/posts\/9568\/revisions\/11633"}],"wp:featuredmedia":[{"embeddable":true,"href":"https:\/\/www.kompetensforetagen.se\/api\/wp\/v2\/media\/9571"}],"wp:attachment":[{"href":"https:\/\/www.kompetensforetagen.se\/api\/wp\/v2\/media?parent=9568"}],"wp:term":[{"taxonomy":"category","embeddable":true,"href":"https:\/\/www.kompetensforetagen.se\/api\/wp\/v2\/categories?post=9568"},{"taxonomy":"post_tag","embeddable":true,"href":"https:\/\/www.kompetensforetagen.se\/api\/wp\/v2\/tags?post=9568"},{"taxonomy":"type","embeddable":true,"href":"https:\/\/www.kompetensforetagen.se\/api\/wp\/v2\/article_type?post=9568"},{"taxonomy":"agreement","embeddable":true,"href":"https:\/\/www.kompetensforetagen.se\/api\/wp\/v2\/agreement?post=9568"},{"taxonomy":"for-members","embeddable":true,"href":"https:\/\/www.kompetensforetagen.se\/api\/wp\/v2\/for-members?post=9568"}],"curies":[{"name":"wp","href":"https:\/\/api.w.org\/{rel}","templated":true}]}}