{"id":9564,"date":"2022-06-10T10:21:35","date_gmt":"2022-06-10T08:21:35","guid":{"rendered":"https:\/\/www.kompetensforetagen.se\/?p=9564"},"modified":"2023-03-22T12:31:09","modified_gmt":"2023-03-22T11:31:09","slug":"nio-nya-auktoriserade-foretag-och-tva-forlorar-auktorisationen","status":"publish","type":"post","link":"https:\/\/www.kompetensforetagen.se\/2022\/06\/nio-nya-auktoriserade-foretag-och-tva-forlorar-auktorisationen\/","title":{"rendered":"Nio nya auktoriserade f\u00f6retag och tv\u00e5 f\u00f6rlorar auktorisationen"},"content":{"rendered":"\n<p>Vid det senaste m\u00f6tet med Kompetensf\u00f6retagens auktorisationsn\u00e4mnd rekommenderade den 11 f\u00f6retag f\u00f6r auktorisation. Tv\u00e5 av dessa auktoriserades f\u00f6r f\u00f6rsta g\u00e5ngen. Det inneb\u00e4r att de uppfyller Kompetensf\u00f6retagens krav, som att de varit verksamma i minst 12 m\u00e5nader och kan redovisa ordnad ekonomi. <a href=\"https:\/\/www.kompetensforetagen.se\/auktorisation-2\/ansok-om-auktorisation\/steg-1-villkor-for-auktorisation-kan-foretaget-bli-auktoriserat\/\" target=\"_blank\" rel=\"noopener\">Kraven i sin helhet finns du p\u00e5 denna sida<\/a>.<\/p>\n\n\n\n<p>De f\u00f6retag som nu godk\u00e4nts f\u00f6r auktorisation av Kompetensf\u00f6retagens styrelse har meddelats detta. Nio medlemsf\u00f6retag fick sin ans\u00f6kan om f\u00f6rnyad auktorisation godk\u00e4nd.<\/p>\n\n\n\n<p>Vid auktorisationsn\u00e4mndens m\u00f6te lades ocks\u00e5 fram att tv\u00e5 medlemsf\u00f6retag vid granskning inte uppfyller Kompetensf\u00f6retagens krav. D\u00e4rmed beslutade styrelsen p\u00e5 rekommendation av auktorisationsn\u00e4mnden att de inte f\u00e5r beh\u00e5lla sin auktorisation. Vilka f\u00f6retag detta g\u00e4ller, och grunderna f\u00f6r beslut \u00e4r inte offentligt. De \u00e4r dock v\u00e4lkomna tillbaka med ny auktorisationsans\u00f6kan efter sex m\u00e5nader<em>,<\/em> n\u00e4r de \u00e5ter uppfyller Kompetensf\u00f6retagens krav.<\/p>\n\n\n\n<p><a href=\"https:\/\/www.kompetensforetagen.se\/auktorisation\/kompetensforetagens-auktorisationsnamnd\/\" target=\"_blank\" rel=\"noopener\">Kompetensf\u00f6retagens auktorisationsn\u00e4mnd<\/a> leds av <a href=\"https:\/\/sv.wikipedia.org\/wiki\/G%C3%B6ran_H%C3%A4gglund\" target=\"_blank\" rel=\"noopener\">G\u00f6ran H\u00e4gglund<\/a>, och \u00f6vriga deltagare i n\u00e4mnden \u00e4r representanter f\u00f6r Kompetensf\u00f6retagen, Akademikerf\u00f6rbunden, LO-f\u00f6rbunden och Unionen.<\/p>\n","protected":false},"excerpt":{"rendered":"<p>Vid det senaste m\u00f6tet med Kompetensf\u00f6retagens auktorisationsn\u00e4mnd rekommenderade den 11 f\u00f6retag f\u00f6r auktorisation. Tv\u00e5 av dessa auktoriserades f\u00f6r f\u00f6rsta g\u00e5ngen. Det inneb\u00e4r att de uppfyller Kompetensf\u00f6retagens krav, som att de varit verksamma i minst 12 &hellip;<\/p>\n","protected":false},"author":6358,"featured_media":5425,"comment_status":"closed","ping_status":"closed","sticky":false,"template":"","format":"standard","meta":{"_acf_changed":false,"footnotes":""},"categories":[17],"tags":[],"article_type":[8],"agreement":[],"for-members":[],"class_list":["post-9564","post","type-post","status-publish","format-standard","has-post-thumbnail","hentry","category-auktorisation","type-aktuellt"],"acf":[],"yoast_head":"<!-- This site is optimized with the Yoast SEO Premium plugin v26.8 (Yoast SEO v26.8) - https:\/\/yoast.com\/product\/yoast-seo-premium-wordpress\/ -->\n<title>Nio nya auktoriserade f\u00f6retag och tv\u00e5 f\u00f6rlorar auktorisationen<\/title>\n<meta name=\"description\" content=\"Vid det senaste m\u00f6tet med Kompetensf\u00f6retagens auktorisationsn\u00e4mnd rekommenderade den 11 f\u00f6retag f\u00f6r auktorisation\" \/>\n<meta name=\"robots\" content=\"index, follow, max-snippet:-1, max-image-preview:large, max-video-preview:-1\" \/>\n<link rel=\"canonical\" href=\"https:\/\/www.kompetensforetagen.se\/2022\/06\/nio-nya-auktoriserade-foretag-och-tva-forlorar-auktorisationen\/\" \/>\n<meta property=\"og:locale\" content=\"sv_SE\" \/>\n<meta property=\"og:type\" content=\"article\" \/>\n<meta property=\"og:title\" content=\"Nio nya auktoriserade f\u00f6retag och tv\u00e5 f\u00f6rlorar auktorisationen\" \/>\n<meta property=\"og:description\" content=\"Vid det senaste m\u00f6tet med Kompetensf\u00f6retagens auktorisationsn\u00e4mnd rekommenderade den 11 f\u00f6retag f\u00f6r auktorisation\" \/>\n<meta property=\"og:url\" content=\"https:\/\/www.kompetensforetagen.se\/2022\/06\/nio-nya-auktoriserade-foretag-och-tva-forlorar-auktorisationen\/\" \/>\n<meta property=\"og:site_name\" content=\"Kompetensf\u00f6retagen\" \/>\n<meta property=\"article:published_time\" content=\"2022-06-10T08:21:35+00:00\" \/>\n<meta property=\"article:modified_time\" content=\"2023-03-22T11:31:09+00:00\" \/>\n<meta property=\"og:image\" content=\"https:\/\/www.kompetensforetagen.se\/app\/uploads\/sites\/5\/2020\/11\/stamp-3406367_1920.jpg\" \/>\n\t<meta property=\"og:image:width\" content=\"1920\" \/>\n\t<meta property=\"og:image:height\" content=\"1280\" \/>\n\t<meta property=\"og:image:type\" content=\"image\/jpeg\" \/>\n<meta name=\"twitter:card\" content=\"summary_large_image\" \/>\n<meta name=\"twitter:label1\" content=\"Skriven av\" \/>\n\t<meta name=\"twitter:data1\" content=\"\" \/>\n\t<meta name=\"twitter:label2\" content=\"Ber\u00e4knad l\u00e4stid\" \/>\n\t<meta name=\"twitter:data2\" content=\"1 minut\" \/>\n<!-- \/ Yoast SEO Premium plugin. -->","yoast_head_json":{"title":"Nio nya auktoriserade f\u00f6retag och tv\u00e5 f\u00f6rlorar auktorisationen","description":"Vid det senaste m\u00f6tet med Kompetensf\u00f6retagens auktorisationsn\u00e4mnd rekommenderade den 11 f\u00f6retag f\u00f6r auktorisation","robots":{"index":"index","follow":"follow","max-snippet":"max-snippet:-1","max-image-preview":"max-image-preview:large","max-video-preview":"max-video-preview:-1"},"canonical":"https:\/\/www.kompetensforetagen.se\/2022\/06\/nio-nya-auktoriserade-foretag-och-tva-forlorar-auktorisationen\/","og_locale":"sv_SE","og_type":"article","og_title":"Nio nya auktoriserade f\u00f6retag och tv\u00e5 f\u00f6rlorar auktorisationen","og_description":"Vid det senaste m\u00f6tet med Kompetensf\u00f6retagens auktorisationsn\u00e4mnd rekommenderade den 11 f\u00f6retag f\u00f6r auktorisation","og_url":"https:\/\/www.kompetensforetagen.se\/2022\/06\/nio-nya-auktoriserade-foretag-och-tva-forlorar-auktorisationen\/","og_site_name":"Kompetensf\u00f6retagen","article_published_time":"2022-06-10T08:21:35+00:00","article_modified_time":"2023-03-22T11:31:09+00:00","og_image":[{"width":1920,"height":1280,"url":"https:\/\/www.kompetensforetagen.se\/app\/uploads\/sites\/5\/2020\/11\/stamp-3406367_1920.jpg","type":"image\/jpeg"}],"twitter_card":"summary_large_image","twitter_misc":{"Skriven av":"","Ber\u00e4knad l\u00e4stid":"1 minut"},"schema":{"@context":"https:\/\/schema.org","@graph":[{"@type":"Article","@id":"https:\/\/www.kompetensforetagen.se\/2022\/06\/nio-nya-auktoriserade-foretag-och-tva-forlorar-auktorisationen\/#article","isPartOf":{"@id":"https:\/\/www.kompetensforetagen.se\/2022\/06\/nio-nya-auktoriserade-foretag-och-tva-forlorar-auktorisationen\/"},"author":{"name":"","@id":""},"headline":"Nio nya auktoriserade f\u00f6retag och tv\u00e5 f\u00f6rlorar auktorisationen","datePublished":"2022-06-10T08:21:35+00:00","dateModified":"2023-03-22T11:31:09+00:00","mainEntityOfPage":{"@id":"https:\/\/www.kompetensforetagen.se\/2022\/06\/nio-nya-auktoriserade-foretag-och-tva-forlorar-auktorisationen\/"},"wordCount":200,"publisher":{"@id":"https:\/\/www.kompetensforetagen.se\/#organization"},"image":{"@id":"https:\/\/www.kompetensforetagen.se\/2022\/06\/nio-nya-auktoriserade-foretag-och-tva-forlorar-auktorisationen\/#primaryimage"},"thumbnailUrl":"https:\/\/www.kompetensforetagen.se\/app\/uploads\/sites\/5\/2020\/11\/stamp-3406367_1920.jpg","articleSection":["Auktorisation"],"inLanguage":"sv-SE"},{"@type":"WebPage","@id":"https:\/\/www.kompetensforetagen.se\/2022\/06\/nio-nya-auktoriserade-foretag-och-tva-forlorar-auktorisationen\/","url":"https:\/\/www.kompetensforetagen.se\/2022\/06\/nio-nya-auktoriserade-foretag-och-tva-forlorar-auktorisationen\/","name":"Nio nya auktoriserade f\u00f6retag och tv\u00e5 f\u00f6rlorar auktorisationen","isPartOf":{"@id":"https:\/\/www.kompetensforetagen.se\/#website"},"primaryImageOfPage":{"@id":"https:\/\/www.kompetensforetagen.se\/2022\/06\/nio-nya-auktoriserade-foretag-och-tva-forlorar-auktorisationen\/#primaryimage"},"image":{"@id":"https:\/\/www.kompetensforetagen.se\/2022\/06\/nio-nya-auktoriserade-foretag-och-tva-forlorar-auktorisationen\/#primaryimage"},"thumbnailUrl":"https:\/\/www.kompetensforetagen.se\/app\/uploads\/sites\/5\/2020\/11\/stamp-3406367_1920.jpg","datePublished":"2022-06-10T08:21:35+00:00","dateModified":"2023-03-22T11:31:09+00:00","description":"Vid det senaste m\u00f6tet med Kompetensf\u00f6retagens auktorisationsn\u00e4mnd rekommenderade den 11 f\u00f6retag f\u00f6r auktorisation","breadcrumb":{"@id":"https:\/\/www.kompetensforetagen.se\/2022\/06\/nio-nya-auktoriserade-foretag-och-tva-forlorar-auktorisationen\/#breadcrumb"},"inLanguage":"sv-SE","potentialAction":[{"@type":"ReadAction","target":["https:\/\/www.kompetensforetagen.se\/2022\/06\/nio-nya-auktoriserade-foretag-och-tva-forlorar-auktorisationen\/"]}]},{"@type":"ImageObject","inLanguage":"sv-SE","@id":"https:\/\/www.kompetensforetagen.se\/2022\/06\/nio-nya-auktoriserade-foretag-och-tva-forlorar-auktorisationen\/#primaryimage","url":"https:\/\/www.kompetensforetagen.se\/app\/uploads\/sites\/5\/2020\/11\/stamp-3406367_1920.jpg","contentUrl":"https:\/\/www.kompetensforetagen.se\/app\/uploads\/sites\/5\/2020\/11\/stamp-3406367_1920.jpg","width":1920,"height":1280,"caption":"St\u00e4mplar som symboliserar trygga jobb, skatter och f\u00f6rs\u00e4kringar."},{"@type":"BreadcrumbList","@id":"https:\/\/www.kompetensforetagen.se\/2022\/06\/nio-nya-auktoriserade-foretag-och-tva-forlorar-auktorisationen\/#breadcrumb","itemListElement":[{"@type":"ListItem","position":1,"name":"Home","item":"https:\/\/www.kompetensforetagen.se\/"},{"@type":"ListItem","position":2,"name":"Nio nya auktoriserade f\u00f6retag och tv\u00e5 f\u00f6rlorar auktorisationen"}]},{"@type":"WebSite","@id":"https:\/\/www.kompetensforetagen.se\/#website","url":"https:\/\/www.kompetensforetagen.se\/","name":"Kompetensf\u00f6retagen","description":"R\u00e4tt person p\u00e5 r\u00e4tt plats kan f\u00f6r\u00e4ndra v\u00e4rlden","publisher":{"@id":"https:\/\/www.kompetensforetagen.se\/#organization"},"potentialAction":[{"@type":"SearchAction","target":{"@type":"EntryPoint","urlTemplate":"https:\/\/www.kompetensforetagen.se\/?s={search_term_string}"},"query-input":{"@type":"PropertyValueSpecification","valueRequired":true,"valueName":"search_term_string"}}],"inLanguage":"sv-SE"},{"@type":"Organization","@id":"https:\/\/www.kompetensforetagen.se\/#organization","name":"Kompetensf\u00f6retagen","url":"https:\/\/www.kompetensforetagen.se\/","logo":{"@type":"ImageObject","inLanguage":"sv-SE","@id":"https:\/\/www.kompetensforetagen.se\/#\/schema\/logo\/image\/","url":"https:\/\/www.kompetensforetagen.se\/app\/uploads\/sites\/5\/2022\/10\/logga_svart.png","contentUrl":"https:\/\/www.kompetensforetagen.se\/app\/uploads\/sites\/5\/2022\/10\/logga_svart.png","width":752,"height":64,"caption":"Kompetensf\u00f6retagen"},"image":{"@id":"https:\/\/www.kompetensforetagen.se\/#\/schema\/logo\/image\/"},"sameAs":["https:\/\/www.linkedin.com\/company\/10540032\/"]},{"@type":"Person","@id":"","url":"https:\/\/www.kompetensforetagen.se\/person\/"}]}},"_links":{"self":[{"href":"https:\/\/www.kompetensforetagen.se\/api\/wp\/v2\/posts\/9564","targetHints":{"allow":["GET"]}}],"collection":[{"href":"https:\/\/www.kompetensforetagen.se\/api\/wp\/v2\/posts"}],"about":[{"href":"https:\/\/www.kompetensforetagen.se\/api\/wp\/v2\/types\/post"}],"author":[{"embeddable":true,"href":"https:\/\/www.kompetensforetagen.se\/api\/wp\/v2\/users\/6358"}],"replies":[{"embeddable":true,"href":"https:\/\/www.kompetensforetagen.se\/api\/wp\/v2\/comments?post=9564"}],"version-history":[{"count":1,"href":"https:\/\/www.kompetensforetagen.se\/api\/wp\/v2\/posts\/9564\/revisions"}],"predecessor-version":[{"id":11634,"href":"https:\/\/www.kompetensforetagen.se\/api\/wp\/v2\/posts\/9564\/revisions\/11634"}],"wp:featuredmedia":[{"embeddable":true,"href":"https:\/\/www.kompetensforetagen.se\/api\/wp\/v2\/media\/5425"}],"wp:attachment":[{"href":"https:\/\/www.kompetensforetagen.se\/api\/wp\/v2\/media?parent=9564"}],"wp:term":[{"taxonomy":"category","embeddable":true,"href":"https:\/\/www.kompetensforetagen.se\/api\/wp\/v2\/categories?post=9564"},{"taxonomy":"post_tag","embeddable":true,"href":"https:\/\/www.kompetensforetagen.se\/api\/wp\/v2\/tags?post=9564"},{"taxonomy":"type","embeddable":true,"href":"https:\/\/www.kompetensforetagen.se\/api\/wp\/v2\/article_type?post=9564"},{"taxonomy":"agreement","embeddable":true,"href":"https:\/\/www.kompetensforetagen.se\/api\/wp\/v2\/agreement?post=9564"},{"taxonomy":"for-members","embeddable":true,"href":"https:\/\/www.kompetensforetagen.se\/api\/wp\/v2\/for-members?post=9564"}],"curies":[{"name":"wp","href":"https:\/\/api.w.org\/{rel}","templated":true}]}}