{"id":9556,"date":"2022-06-09T13:56:04","date_gmt":"2022-06-09T11:56:04","guid":{"rendered":"https:\/\/www.kompetensforetagen.se\/?p=9556"},"modified":"2023-03-20T16:38:45","modified_gmt":"2023-03-20T15:38:45","slug":"faktablad-om-forandringarna-i-uthyrningslagen","status":"publish","type":"post","link":"https:\/\/www.kompetensforetagen.se\/2022\/06\/faktablad-om-forandringarna-i-uthyrningslagen\/","title":{"rendered":"Faktablad om f\u00f6r\u00e4ndringarna i Uthyrningslagen"},"content":{"rendered":"\n<p><a href=\"https:\/\/www.regeringen.se\/rattsliga-dokument\/proposition\/2022\/03\/prop.-202122176\/\" target=\"_blank\" rel=\"noopener\">LAS-reformen<\/a> f\u00f6r med sig \u00e4ndringar i <a href=\"https:\/\/www.kompetensforetagen.se\/2021\/12\/bemanningsdirektivet-och-uthyrningslagen\/\" target=\"_blank\" rel=\"noopener\">Uthyrningslagen<\/a>,&nbsp; som inneb\u00e4r begr\u00e4nsning av inhyrning av personal. Om en person hyrs in till samma driftst\u00e4lle 24 m\u00e5nader under en period om 36 m\u00e5nader ska kundf\u00f6retaget erbjuda hen anst\u00e4llning. Utg\u00e5ngspunkten \u00e4r att om kunden har arbetsledningsansvaret \u00e4r det inhyrning, och d\u00e5 g\u00e4ller regelverket enligt uthyrningslagen.<\/p>\n\n\n\n<p>F\u00f6r att underl\u00e4tta f\u00f6r bemanningsf\u00f6retag och kundf\u00f6retag kring f\u00f6r\u00e4ndringar och ansvar har Kompetensf\u00f6retagen tagit fram ett faktablad med viktiga punkter. Det handlar bland annat om vilka som omfattas, n\u00e4r tiden b\u00f6rjar r\u00e4knas, och ansvar och skyldigheter kring erbjudande och ers\u00e4ttning.<\/p>\n\n\n\n<p>Faktabladet \u00e4r fritt att laddas ned; notera att f\u00f6r\u00e4ndringar av texten inte \u00e4r till\u00e5ten.<\/p>\n\n\n\n<p><a href=\"https:\/\/www.almega.se\/app\/uploads\/sites\/5\/2022\/09\/information-kundansvar-24-manadersregeln-september-2022.pdf\">Faktablad \u00e4ndringar i uthyrningslagen<\/a> (Uppdaterat september 2022)<br><a href=\"https:\/\/www.almega.se\/app\/uploads\/sites\/5\/2022\/11\/information-from-competence-agencies-of-sweden-about-legislative-changes-regarding-hiring-of-personnel.pdf\">information-from-competence-agencies-of-sweden-about-legislative-changes-regarding-hiring-of-personnel<\/a> (Uppdaterat november 2022)<\/p>\n","protected":false},"excerpt":{"rendered":"<p>LAS-reformen f\u00f6r med sig \u00e4ndringar i Uthyrningslagen,&nbsp; som inneb\u00e4r begr\u00e4nsning av inhyrning av personal. Om en person hyrs in till samma driftst\u00e4lle 24 m\u00e5nader under en period om 36 m\u00e5nader ska kundf\u00f6retaget erbjuda hen anst\u00e4llning. &hellip;<\/p>\n","protected":false},"author":6358,"featured_media":5436,"comment_status":"closed","ping_status":"closed","sticky":false,"template":"","format":"standard","meta":{"_acf_changed":false,"footnotes":""},"categories":[204,217],"tags":[],"article_type":[8],"agreement":[],"for-members":[],"class_list":["post-9556","post","type-post","status-publish","format-standard","has-post-thumbnail","hentry","category-konsult","category-uthyrningslagen","type-aktuellt"],"acf":[],"yoast_head":"<!-- This site is optimized with the Yoast SEO Premium plugin v26.8 (Yoast SEO v26.8) - https:\/\/yoast.com\/product\/yoast-seo-premium-wordpress\/ -->\n<title>Faktablad om f\u00f6r\u00e4ndringarna i Uthyrningslagen<\/title>\n<meta name=\"description\" content=\"F\u00f6r att underl\u00e4tta f\u00f6r bemanningsf\u00f6retag och kundf\u00f6retag kring f\u00f6r\u00e4ndringarna i Uthyringslagen har Kompetensf\u00f6retagen tagit fram ett faktablad\" \/>\n<meta name=\"robots\" content=\"index, follow, max-snippet:-1, max-image-preview:large, max-video-preview:-1\" \/>\n<link rel=\"canonical\" href=\"https:\/\/www.kompetensforetagen.se\/2022\/06\/faktablad-om-forandringarna-i-uthyrningslagen\/\" \/>\n<meta property=\"og:locale\" content=\"sv_SE\" \/>\n<meta property=\"og:type\" content=\"article\" \/>\n<meta property=\"og:title\" content=\"Faktablad om f\u00f6r\u00e4ndringarna i Uthyrningslagen\" \/>\n<meta property=\"og:description\" content=\"F\u00f6r att underl\u00e4tta f\u00f6r bemanningsf\u00f6retag och kundf\u00f6retag kring f\u00f6r\u00e4ndringarna i Uthyringslagen har Kompetensf\u00f6retagen tagit fram ett faktablad\" \/>\n<meta property=\"og:url\" content=\"https:\/\/www.kompetensforetagen.se\/2022\/06\/faktablad-om-forandringarna-i-uthyrningslagen\/\" \/>\n<meta property=\"og:site_name\" content=\"Kompetensf\u00f6retagen\" \/>\n<meta property=\"article:published_time\" content=\"2022-06-09T11:56:04+00:00\" \/>\n<meta property=\"article:modified_time\" content=\"2023-03-20T15:38:45+00:00\" \/>\n<meta property=\"og:image\" content=\"https:\/\/www.kompetensforetagen.se\/app\/uploads\/sites\/5\/2020\/11\/office-581131_1920.jpg\" \/>\n\t<meta property=\"og:image:width\" content=\"1920\" \/>\n\t<meta property=\"og:image:height\" content=\"1280\" \/>\n\t<meta property=\"og:image:type\" content=\"image\/jpeg\" \/>\n<meta name=\"twitter:card\" content=\"summary_large_image\" \/>\n<meta name=\"twitter:label1\" content=\"Skriven av\" \/>\n\t<meta name=\"twitter:data1\" content=\"\" \/>\n\t<meta name=\"twitter:label2\" content=\"Ber\u00e4knad l\u00e4stid\" \/>\n\t<meta name=\"twitter:data2\" content=\"1 minut\" \/>\n<!-- \/ Yoast SEO Premium plugin. -->","yoast_head_json":{"title":"Faktablad om f\u00f6r\u00e4ndringarna i Uthyrningslagen","description":"F\u00f6r att underl\u00e4tta f\u00f6r bemanningsf\u00f6retag och kundf\u00f6retag kring f\u00f6r\u00e4ndringarna i Uthyringslagen har Kompetensf\u00f6retagen tagit fram ett faktablad","robots":{"index":"index","follow":"follow","max-snippet":"max-snippet:-1","max-image-preview":"max-image-preview:large","max-video-preview":"max-video-preview:-1"},"canonical":"https:\/\/www.kompetensforetagen.se\/2022\/06\/faktablad-om-forandringarna-i-uthyrningslagen\/","og_locale":"sv_SE","og_type":"article","og_title":"Faktablad om f\u00f6r\u00e4ndringarna i Uthyrningslagen","og_description":"F\u00f6r att underl\u00e4tta f\u00f6r bemanningsf\u00f6retag och kundf\u00f6retag kring f\u00f6r\u00e4ndringarna i Uthyringslagen har Kompetensf\u00f6retagen tagit fram ett faktablad","og_url":"https:\/\/www.kompetensforetagen.se\/2022\/06\/faktablad-om-forandringarna-i-uthyrningslagen\/","og_site_name":"Kompetensf\u00f6retagen","article_published_time":"2022-06-09T11:56:04+00:00","article_modified_time":"2023-03-20T15:38:45+00:00","og_image":[{"width":1920,"height":1280,"url":"https:\/\/www.kompetensforetagen.se\/app\/uploads\/sites\/5\/2020\/11\/office-581131_1920.jpg","type":"image\/jpeg"}],"twitter_card":"summary_large_image","twitter_misc":{"Skriven av":"","Ber\u00e4knad l\u00e4stid":"1 minut"},"schema":{"@context":"https:\/\/schema.org","@graph":[{"@type":"Article","@id":"https:\/\/www.kompetensforetagen.se\/2022\/06\/faktablad-om-forandringarna-i-uthyrningslagen\/#article","isPartOf":{"@id":"https:\/\/www.kompetensforetagen.se\/2022\/06\/faktablad-om-forandringarna-i-uthyrningslagen\/"},"author":{"name":"","@id":""},"headline":"Faktablad om f\u00f6r\u00e4ndringarna i Uthyrningslagen","datePublished":"2022-06-09T11:56:04+00:00","dateModified":"2023-03-20T15:38:45+00:00","mainEntityOfPage":{"@id":"https:\/\/www.kompetensforetagen.se\/2022\/06\/faktablad-om-forandringarna-i-uthyrningslagen\/"},"wordCount":145,"publisher":{"@id":"https:\/\/www.kompetensforetagen.se\/#organization"},"image":{"@id":"https:\/\/www.kompetensforetagen.se\/2022\/06\/faktablad-om-forandringarna-i-uthyrningslagen\/#primaryimage"},"thumbnailUrl":"https:\/\/www.kompetensforetagen.se\/app\/uploads\/sites\/5\/2020\/11\/office-581131_1920.jpg","articleSection":["Konsult","Uthyrningslagen"],"inLanguage":"sv-SE"},{"@type":"WebPage","@id":"https:\/\/www.kompetensforetagen.se\/2022\/06\/faktablad-om-forandringarna-i-uthyrningslagen\/","url":"https:\/\/www.kompetensforetagen.se\/2022\/06\/faktablad-om-forandringarna-i-uthyrningslagen\/","name":"Faktablad om f\u00f6r\u00e4ndringarna i Uthyrningslagen","isPartOf":{"@id":"https:\/\/www.kompetensforetagen.se\/#website"},"primaryImageOfPage":{"@id":"https:\/\/www.kompetensforetagen.se\/2022\/06\/faktablad-om-forandringarna-i-uthyrningslagen\/#primaryimage"},"image":{"@id":"https:\/\/www.kompetensforetagen.se\/2022\/06\/faktablad-om-forandringarna-i-uthyrningslagen\/#primaryimage"},"thumbnailUrl":"https:\/\/www.kompetensforetagen.se\/app\/uploads\/sites\/5\/2020\/11\/office-581131_1920.jpg","datePublished":"2022-06-09T11:56:04+00:00","dateModified":"2023-03-20T15:38:45+00:00","description":"F\u00f6r att underl\u00e4tta f\u00f6r bemanningsf\u00f6retag och kundf\u00f6retag kring f\u00f6r\u00e4ndringarna i Uthyringslagen har Kompetensf\u00f6retagen tagit fram ett faktablad","breadcrumb":{"@id":"https:\/\/www.kompetensforetagen.se\/2022\/06\/faktablad-om-forandringarna-i-uthyrningslagen\/#breadcrumb"},"inLanguage":"sv-SE","potentialAction":[{"@type":"ReadAction","target":["https:\/\/www.kompetensforetagen.se\/2022\/06\/faktablad-om-forandringarna-i-uthyrningslagen\/"]}]},{"@type":"ImageObject","inLanguage":"sv-SE","@id":"https:\/\/www.kompetensforetagen.se\/2022\/06\/faktablad-om-forandringarna-i-uthyrningslagen\/#primaryimage","url":"https:\/\/www.kompetensforetagen.se\/app\/uploads\/sites\/5\/2020\/11\/office-581131_1920.jpg","contentUrl":"https:\/\/www.kompetensforetagen.se\/app\/uploads\/sites\/5\/2020\/11\/office-581131_1920.jpg","width":1920,"height":1280,"caption":"Modern kontorsmilj\u00f6 hos ett rekryteringsf\u00f6retag."},{"@type":"BreadcrumbList","@id":"https:\/\/www.kompetensforetagen.se\/2022\/06\/faktablad-om-forandringarna-i-uthyrningslagen\/#breadcrumb","itemListElement":[{"@type":"ListItem","position":1,"name":"Home","item":"https:\/\/www.kompetensforetagen.se\/"},{"@type":"ListItem","position":2,"name":"Faktablad om f\u00f6r\u00e4ndringarna i Uthyrningslagen"}]},{"@type":"WebSite","@id":"https:\/\/www.kompetensforetagen.se\/#website","url":"https:\/\/www.kompetensforetagen.se\/","name":"Kompetensf\u00f6retagen","description":"R\u00e4tt person p\u00e5 r\u00e4tt plats kan f\u00f6r\u00e4ndra v\u00e4rlden","publisher":{"@id":"https:\/\/www.kompetensforetagen.se\/#organization"},"potentialAction":[{"@type":"SearchAction","target":{"@type":"EntryPoint","urlTemplate":"https:\/\/www.kompetensforetagen.se\/?s={search_term_string}"},"query-input":{"@type":"PropertyValueSpecification","valueRequired":true,"valueName":"search_term_string"}}],"inLanguage":"sv-SE"},{"@type":"Organization","@id":"https:\/\/www.kompetensforetagen.se\/#organization","name":"Kompetensf\u00f6retagen","url":"https:\/\/www.kompetensforetagen.se\/","logo":{"@type":"ImageObject","inLanguage":"sv-SE","@id":"https:\/\/www.kompetensforetagen.se\/#\/schema\/logo\/image\/","url":"https:\/\/www.kompetensforetagen.se\/app\/uploads\/sites\/5\/2022\/10\/logga_svart.png","contentUrl":"https:\/\/www.kompetensforetagen.se\/app\/uploads\/sites\/5\/2022\/10\/logga_svart.png","width":752,"height":64,"caption":"Kompetensf\u00f6retagen"},"image":{"@id":"https:\/\/www.kompetensforetagen.se\/#\/schema\/logo\/image\/"},"sameAs":["https:\/\/www.linkedin.com\/company\/10540032\/"]},{"@type":"Person","@id":"","url":"https:\/\/www.kompetensforetagen.se\/person\/"}]}},"_links":{"self":[{"href":"https:\/\/www.kompetensforetagen.se\/api\/wp\/v2\/posts\/9556","targetHints":{"allow":["GET"]}}],"collection":[{"href":"https:\/\/www.kompetensforetagen.se\/api\/wp\/v2\/posts"}],"about":[{"href":"https:\/\/www.kompetensforetagen.se\/api\/wp\/v2\/types\/post"}],"author":[{"embeddable":true,"href":"https:\/\/www.kompetensforetagen.se\/api\/wp\/v2\/users\/6358"}],"replies":[{"embeddable":true,"href":"https:\/\/www.kompetensforetagen.se\/api\/wp\/v2\/comments?post=9556"}],"version-history":[{"count":1,"href":"https:\/\/www.kompetensforetagen.se\/api\/wp\/v2\/posts\/9556\/revisions"}],"predecessor-version":[{"id":11358,"href":"https:\/\/www.kompetensforetagen.se\/api\/wp\/v2\/posts\/9556\/revisions\/11358"}],"wp:featuredmedia":[{"embeddable":true,"href":"https:\/\/www.kompetensforetagen.se\/api\/wp\/v2\/media\/5436"}],"wp:attachment":[{"href":"https:\/\/www.kompetensforetagen.se\/api\/wp\/v2\/media?parent=9556"}],"wp:term":[{"taxonomy":"category","embeddable":true,"href":"https:\/\/www.kompetensforetagen.se\/api\/wp\/v2\/categories?post=9556"},{"taxonomy":"post_tag","embeddable":true,"href":"https:\/\/www.kompetensforetagen.se\/api\/wp\/v2\/tags?post=9556"},{"taxonomy":"type","embeddable":true,"href":"https:\/\/www.kompetensforetagen.se\/api\/wp\/v2\/article_type?post=9556"},{"taxonomy":"agreement","embeddable":true,"href":"https:\/\/www.kompetensforetagen.se\/api\/wp\/v2\/agreement?post=9556"},{"taxonomy":"for-members","embeddable":true,"href":"https:\/\/www.kompetensforetagen.se\/api\/wp\/v2\/for-members?post=9556"}],"curies":[{"name":"wp","href":"https:\/\/api.w.org\/{rel}","templated":true}]}}