{"id":9539,"date":"2022-06-21T10:20:51","date_gmt":"2022-06-21T08:20:51","guid":{"rendered":"https:\/\/www.kompetensforetagen.se\/?p=9539"},"modified":"2023-07-13T15:50:03","modified_gmt":"2023-07-13T13:50:03","slug":"som-jobbonar-foredrar-kirsten-konsultyrket","status":"publish","type":"post","link":"https:\/\/www.kompetensforetagen.se\/2022\/06\/som-jobbonar-foredrar-kirsten-konsultyrket\/","title":{"rendered":"Som jobbon\u00e4r f\u00f6redrar Kirsten konsultyrket"},"content":{"rendered":"\n<p>N\u00e4r Kirsten fyllde 65 var planen att hon skulle g\u00e5 i pension, flytta till Danmark och v\u00e5rda sin sjuka mamma. Kort d\u00e4rp\u00e5 gick mamman bort och Kirsten best\u00e4mde sig f\u00f6r att b\u00f6rja jobba igen. Och som jobbon\u00e4r f\u00f6redrar hon konsultyrket.<\/p>\n\n\n\n<p>-Jag k\u00e4nde mig inte klar. Jag hade jobbat b\u00e5de privat och i kommunal och regionens regi, men aldrig som konsult innan. N\u00e4r jag skulle b\u00f6rja jobba igen var det sj\u00e4lvklart att det skulle vara som konsult. Framf\u00f6r allt f\u00f6r m\u00f6jligheten att kunna best\u00e4mma sj\u00e4lv var och n\u00e4r och hur l\u00e4nge jag ska jobba.<\/p>\n\n\n\n<p><strong>Som jobbon\u00e4r och konsult l\u00e4r hon k\u00e4nna nya m\u00e4nniskor och platser<\/strong><\/p>\n\n\n\n<p>Kirsten har hela yrkeslivet jobbat inom v\u00e5rden och de senaste 20 \u00e5ren har hon jobbat som verksamhetschef inom \u00e4ldreomsorgen. Som jobbon\u00e4r, konsult, hos <a href=\"https:\/\/vardlanken.se\/\" target=\"_blank\" rel=\"noopener\">V\u00e5rdl\u00e4nken<\/a> har Kirsten hittills varit p\u00e5 tv\u00e5 olika uppdrag som b\u00e5da varit placerade utanf\u00f6r hemorten Stockholm.<\/p>\n\n\n\n<p>-N\u00e4r jag kontaktade V\u00e5rdl\u00e4nken sa jag att jag var villig att ta jobb utanf\u00f6r Stockholm ocks\u00e5, och det har jag f\u00e5tt. Det \u00e4r ett v\u00e4ldigt bra s\u00e4tt att uppt\u00e4cka olika delar av Sverige. \u00c4r man bara nyfiken och intresserad s\u00e5 finns det m\u00f6jlighet att l\u00e4ra k\u00e4nna fantastiska m\u00e4nniskor och l\u00e4ra om en plats kulturhistoria.<\/p>\n\n\n\n<blockquote class=\"wp-block-quote is-layout-flow wp-block-quote-is-layout-flow\">\n<p>N\u00e4r jag skulle b\u00f6rja jobba igen var det sj\u00e4lvklart att det skulle vara som konsult<\/p>\n<\/blockquote>\n\n\n\n<p>Eftersom uppdragen kan vara l\u00e5ngt hemifr\u00e5n har det varit viktigt f\u00f6r henne att det finns m\u00f6jlighet att ta med sig den italienska tryffelhunden Ida. Ida f\u00e5r ocks\u00e5 f\u00f6lja med p\u00e5 m\u00e5nga av Kirstens uppt\u00e4cktsf\u00e4rder.<\/p>\n\n\n\n<p>-Att ta med Ida \u00e4r lysande f\u00f6r att uppt\u00e4cka vartenda kyrktorn och medeltida grav i n\u00e4r jag \u00e4r i \u00d6sterg\u00f6tland. Jag har ocks\u00e5 hittat en fantastisk bygdeg\u00e5rd och lagt en best\u00e4llning hos en lokal smed som ska g\u00f6ra en skvallerspegel \u00e5t mig. S\u00e5nt \u00e4r kul!<\/p>\n\n\n\n<p><strong>Nyfikenhet och erfarenhet de viktigaste egenskaperna<\/strong><\/p>\n\n\n\n<p>Kirsten beskriver att hon blir <a href=\"https:\/\/www.kompetensforetagen.se\/2021\/09\/konsultundersokningen-2021-bemanningsbranschen-skapar-insteg-och-framsteg-pa-arbetsmarknaden\/\" target=\"_blank\" rel=\"noopener\">v\u00e4l mottagen av medarbetarna p\u00e5 de platser hon jobbat.<\/a> \u00c4ven om det finns de som tycker att en l\u00e5ngsiktig l\u00f6sning vore b\u00e4ttre \u00e4n en tillf\u00f6rordnad chef, s\u00e5 har attityden gentemot Kirsten varit positiv.<\/p>\n\n\n\n<p>-Det \u00e4r ju en bred roll och det \u00e4r mycket att s\u00e4tta sig in i snabbt. Jag hanterar allt fr\u00e5n medarbetarsamtal till samverkansm\u00f6ten eller att vara med p\u00e5 \u00f6verrapporteringsm\u00f6ten n\u00e4r en patient ska skrivas \u00f6ver till en annan enhet. Det kr\u00e4vs att man \u00e4r nyfiken, intresserad och har den erfarenhet som kr\u00e4vs f\u00f6r att det ska funka.<\/p>\n\n\n\n<p>Kirsten har just nu inga planer p\u00e5 att sluta jobba, och t\u00e4nker forts\u00e4tta s\u00e5 l\u00e4nge hon tycker det \u00e4r kul.<\/p>\n\n\n\n<p>-Det optimala vore 3 uppdrag p\u00e5 2-3 m\u00e5nader per \u00e5r. Jag \u00e4r ju pension\u00e4r, s\u00e5 det \u00e4r sk\u00f6nt att hinna med lite annat ocks\u00e5. Och s\u00e5 vill jag hinna tr\u00e4ffa mina v\u00e4nner. Nu \u00e4r jag i Stockholm varannan helg, och d\u00e5 \u00e4r det m\u00e5nga som jag vill hinna tr\u00e4ffa. Men jag gillar verkligen mitt jobb och vill forts\u00e4tta, sen om det \u00e4r i ett eller fem \u00e5r till det vet jag inte nu.<\/p>\n\n\n\n<figure class=\"wp-block-table\"><table class=\"has-secondary-background-color has-background\"><tbody><tr><td><strong>Namn<\/strong>: Kirsten Ytterberg<br><strong>\u00c5lder: <\/strong>66<br><strong>Ort: <\/strong>Stockholm<br>Konsultf\u00f6retag:\u00a0 <a href=\"https:\/\/vardlanken.se\/\" target=\"_blank\" rel=\"noreferrer noopener\">AB V\u00e5rdl\u00e4nken Bemanning&amp;Rekrytering<\/a><br><strong>Kundf\u00f6retag: <\/strong>Kommun i \u00d6sterg\u00f6tland<br><strong>Tj\u00e4nst: <\/strong>Tillf\u00f6rordnad enhetschef<br><strong>G\u00f6r helst p\u00e5 fritiden: <\/strong>Promenader med hunden och n\u00e4r jag \u00e4r hemma i Stockholm tr\u00e4ffar jag m\u00e5nga v\u00e4nner.<\/td><\/tr><\/tbody><\/table><\/figure>\n","protected":false},"excerpt":{"rendered":"<p>N\u00e4r Kirsten fyllde 65 var planen att hon skulle g\u00e5 i pension, flytta till Danmark och v\u00e5rda sin sjuka mamma. Kort d\u00e4rp\u00e5 gick mamman bort och Kirsten best\u00e4mde sig f\u00f6r att b\u00f6rja jobba igen. Och &hellip;<\/p>\n","protected":false},"author":6358,"featured_media":9538,"comment_status":"closed","ping_status":"closed","sticky":false,"template":"","format":"standard","meta":{"_acf_changed":false,"footnotes":""},"categories":[204],"tags":[],"article_type":[8],"agreement":[],"for-members":[],"class_list":["post-9539","post","type-post","status-publish","format-standard","has-post-thumbnail","hentry","category-konsult","type-aktuellt"],"acf":[],"yoast_head":"<!-- This site is optimized with the Yoast SEO Premium plugin v26.8 (Yoast SEO v26.8) - https:\/\/yoast.com\/product\/yoast-seo-premium-wordpress\/ -->\n<title>Som jobbon\u00e4r f\u00f6redrar Kirsten konsultyrket<\/title>\n<meta name=\"description\" content=\"Planen var att hon skulle g\u00e5 i pension. Ist\u00e4llet blev hon jobbon\u00e4r, och det var sj\u00e4lvklart att hon skulle jobba som konsult.\" \/>\n<meta name=\"robots\" content=\"index, follow, max-snippet:-1, max-image-preview:large, max-video-preview:-1\" \/>\n<link rel=\"canonical\" href=\"https:\/\/www.kompetensforetagen.se\/2022\/06\/som-jobbonar-foredrar-kirsten-konsultyrket\/\" \/>\n<meta property=\"og:locale\" content=\"sv_SE\" \/>\n<meta property=\"og:type\" content=\"article\" \/>\n<meta property=\"og:title\" content=\"Som jobbon\u00e4r f\u00f6redrar Kirsten konsultyrket\" \/>\n<meta property=\"og:description\" content=\"Planen var att hon skulle g\u00e5 i pension. Ist\u00e4llet blev hon jobbon\u00e4r, och det var sj\u00e4lvklart att hon skulle jobba som konsult.\" \/>\n<meta property=\"og:url\" content=\"https:\/\/www.kompetensforetagen.se\/2022\/06\/som-jobbonar-foredrar-kirsten-konsultyrket\/\" \/>\n<meta property=\"og:site_name\" content=\"Kompetensf\u00f6retagen\" \/>\n<meta property=\"article:published_time\" content=\"2022-06-21T08:20:51+00:00\" \/>\n<meta property=\"article:modified_time\" content=\"2023-07-13T13:50:03+00:00\" \/>\n<meta property=\"og:image\" content=\"https:\/\/www.kompetensforetagen.se\/app\/uploads\/sites\/5\/2022\/06\/kirsten.jpg\" \/>\n\t<meta property=\"og:image:width\" content=\"968\" \/>\n\t<meta property=\"og:image:height\" content=\"1024\" \/>\n\t<meta property=\"og:image:type\" content=\"image\/jpeg\" \/>\n<meta name=\"twitter:card\" content=\"summary_large_image\" \/>\n<meta name=\"twitter:label1\" content=\"Skriven av\" \/>\n\t<meta name=\"twitter:data1\" content=\"\" \/>\n\t<meta name=\"twitter:label2\" content=\"Ber\u00e4knad l\u00e4stid\" \/>\n\t<meta name=\"twitter:data2\" content=\"3 minuter\" \/>\n<!-- \/ Yoast SEO Premium plugin. -->","yoast_head_json":{"title":"Som jobbon\u00e4r f\u00f6redrar Kirsten konsultyrket","description":"Planen var att hon skulle g\u00e5 i pension. Ist\u00e4llet blev hon jobbon\u00e4r, och det var sj\u00e4lvklart att hon skulle jobba som konsult.","robots":{"index":"index","follow":"follow","max-snippet":"max-snippet:-1","max-image-preview":"max-image-preview:large","max-video-preview":"max-video-preview:-1"},"canonical":"https:\/\/www.kompetensforetagen.se\/2022\/06\/som-jobbonar-foredrar-kirsten-konsultyrket\/","og_locale":"sv_SE","og_type":"article","og_title":"Som jobbon\u00e4r f\u00f6redrar Kirsten konsultyrket","og_description":"Planen var att hon skulle g\u00e5 i pension. Ist\u00e4llet blev hon jobbon\u00e4r, och det var sj\u00e4lvklart att hon skulle jobba som konsult.","og_url":"https:\/\/www.kompetensforetagen.se\/2022\/06\/som-jobbonar-foredrar-kirsten-konsultyrket\/","og_site_name":"Kompetensf\u00f6retagen","article_published_time":"2022-06-21T08:20:51+00:00","article_modified_time":"2023-07-13T13:50:03+00:00","og_image":[{"width":968,"height":1024,"url":"https:\/\/www.kompetensforetagen.se\/app\/uploads\/sites\/5\/2022\/06\/kirsten.jpg","type":"image\/jpeg"}],"twitter_card":"summary_large_image","twitter_misc":{"Skriven av":"","Ber\u00e4knad l\u00e4stid":"3 minuter"},"schema":{"@context":"https:\/\/schema.org","@graph":[{"@type":"Article","@id":"https:\/\/www.kompetensforetagen.se\/2022\/06\/som-jobbonar-foredrar-kirsten-konsultyrket\/#article","isPartOf":{"@id":"https:\/\/www.kompetensforetagen.se\/2022\/06\/som-jobbonar-foredrar-kirsten-konsultyrket\/"},"author":{"name":"","@id":""},"headline":"Som jobbon\u00e4r f\u00f6redrar Kirsten konsultyrket","datePublished":"2022-06-21T08:20:51+00:00","dateModified":"2023-07-13T13:50:03+00:00","mainEntityOfPage":{"@id":"https:\/\/www.kompetensforetagen.se\/2022\/06\/som-jobbonar-foredrar-kirsten-konsultyrket\/"},"wordCount":624,"publisher":{"@id":"https:\/\/www.kompetensforetagen.se\/#organization"},"image":{"@id":"https:\/\/www.kompetensforetagen.se\/2022\/06\/som-jobbonar-foredrar-kirsten-konsultyrket\/#primaryimage"},"thumbnailUrl":"https:\/\/www.kompetensforetagen.se\/app\/uploads\/sites\/5\/2022\/06\/kirsten.jpg","articleSection":["Konsult"],"inLanguage":"sv-SE"},{"@type":"WebPage","@id":"https:\/\/www.kompetensforetagen.se\/2022\/06\/som-jobbonar-foredrar-kirsten-konsultyrket\/","url":"https:\/\/www.kompetensforetagen.se\/2022\/06\/som-jobbonar-foredrar-kirsten-konsultyrket\/","name":"Som jobbon\u00e4r f\u00f6redrar Kirsten konsultyrket","isPartOf":{"@id":"https:\/\/www.kompetensforetagen.se\/#website"},"primaryImageOfPage":{"@id":"https:\/\/www.kompetensforetagen.se\/2022\/06\/som-jobbonar-foredrar-kirsten-konsultyrket\/#primaryimage"},"image":{"@id":"https:\/\/www.kompetensforetagen.se\/2022\/06\/som-jobbonar-foredrar-kirsten-konsultyrket\/#primaryimage"},"thumbnailUrl":"https:\/\/www.kompetensforetagen.se\/app\/uploads\/sites\/5\/2022\/06\/kirsten.jpg","datePublished":"2022-06-21T08:20:51+00:00","dateModified":"2023-07-13T13:50:03+00:00","description":"Planen var att hon skulle g\u00e5 i pension. Ist\u00e4llet blev hon jobbon\u00e4r, och det var sj\u00e4lvklart att hon skulle jobba som konsult.","breadcrumb":{"@id":"https:\/\/www.kompetensforetagen.se\/2022\/06\/som-jobbonar-foredrar-kirsten-konsultyrket\/#breadcrumb"},"inLanguage":"sv-SE","potentialAction":[{"@type":"ReadAction","target":["https:\/\/www.kompetensforetagen.se\/2022\/06\/som-jobbonar-foredrar-kirsten-konsultyrket\/"]}]},{"@type":"ImageObject","inLanguage":"sv-SE","@id":"https:\/\/www.kompetensforetagen.se\/2022\/06\/som-jobbonar-foredrar-kirsten-konsultyrket\/#primaryimage","url":"https:\/\/www.kompetensforetagen.se\/app\/uploads\/sites\/5\/2022\/06\/kirsten.jpg","contentUrl":"https:\/\/www.kompetensforetagen.se\/app\/uploads\/sites\/5\/2022\/06\/kirsten.jpg","width":968,"height":1024,"caption":"Kirsten Ytterberg: medarbetare verksam inom Kompetensf\u00f6retagens kansli."},{"@type":"BreadcrumbList","@id":"https:\/\/www.kompetensforetagen.se\/2022\/06\/som-jobbonar-foredrar-kirsten-konsultyrket\/#breadcrumb","itemListElement":[{"@type":"ListItem","position":1,"name":"Home","item":"https:\/\/www.kompetensforetagen.se\/"},{"@type":"ListItem","position":2,"name":"Som jobbon\u00e4r f\u00f6redrar Kirsten konsultyrket"}]},{"@type":"WebSite","@id":"https:\/\/www.kompetensforetagen.se\/#website","url":"https:\/\/www.kompetensforetagen.se\/","name":"Kompetensf\u00f6retagen","description":"R\u00e4tt person p\u00e5 r\u00e4tt plats kan f\u00f6r\u00e4ndra v\u00e4rlden","publisher":{"@id":"https:\/\/www.kompetensforetagen.se\/#organization"},"potentialAction":[{"@type":"SearchAction","target":{"@type":"EntryPoint","urlTemplate":"https:\/\/www.kompetensforetagen.se\/?s={search_term_string}"},"query-input":{"@type":"PropertyValueSpecification","valueRequired":true,"valueName":"search_term_string"}}],"inLanguage":"sv-SE"},{"@type":"Organization","@id":"https:\/\/www.kompetensforetagen.se\/#organization","name":"Kompetensf\u00f6retagen","url":"https:\/\/www.kompetensforetagen.se\/","logo":{"@type":"ImageObject","inLanguage":"sv-SE","@id":"https:\/\/www.kompetensforetagen.se\/#\/schema\/logo\/image\/","url":"https:\/\/www.kompetensforetagen.se\/app\/uploads\/sites\/5\/2022\/10\/logga_svart.png","contentUrl":"https:\/\/www.kompetensforetagen.se\/app\/uploads\/sites\/5\/2022\/10\/logga_svart.png","width":752,"height":64,"caption":"Kompetensf\u00f6retagen"},"image":{"@id":"https:\/\/www.kompetensforetagen.se\/#\/schema\/logo\/image\/"},"sameAs":["https:\/\/www.linkedin.com\/company\/10540032\/"]},{"@type":"Person","@id":"","url":"https:\/\/www.kompetensforetagen.se\/person\/"}]}},"_links":{"self":[{"href":"https:\/\/www.kompetensforetagen.se\/api\/wp\/v2\/posts\/9539","targetHints":{"allow":["GET"]}}],"collection":[{"href":"https:\/\/www.kompetensforetagen.se\/api\/wp\/v2\/posts"}],"about":[{"href":"https:\/\/www.kompetensforetagen.se\/api\/wp\/v2\/types\/post"}],"author":[{"embeddable":true,"href":"https:\/\/www.kompetensforetagen.se\/api\/wp\/v2\/users\/6358"}],"replies":[{"embeddable":true,"href":"https:\/\/www.kompetensforetagen.se\/api\/wp\/v2\/comments?post=9539"}],"version-history":[{"count":3,"href":"https:\/\/www.kompetensforetagen.se\/api\/wp\/v2\/posts\/9539\/revisions"}],"predecessor-version":[{"id":14639,"href":"https:\/\/www.kompetensforetagen.se\/api\/wp\/v2\/posts\/9539\/revisions\/14639"}],"wp:featuredmedia":[{"embeddable":true,"href":"https:\/\/www.kompetensforetagen.se\/api\/wp\/v2\/media\/9538"}],"wp:attachment":[{"href":"https:\/\/www.kompetensforetagen.se\/api\/wp\/v2\/media?parent=9539"}],"wp:term":[{"taxonomy":"category","embeddable":true,"href":"https:\/\/www.kompetensforetagen.se\/api\/wp\/v2\/categories?post=9539"},{"taxonomy":"post_tag","embeddable":true,"href":"https:\/\/www.kompetensforetagen.se\/api\/wp\/v2\/tags?post=9539"},{"taxonomy":"type","embeddable":true,"href":"https:\/\/www.kompetensforetagen.se\/api\/wp\/v2\/article_type?post=9539"},{"taxonomy":"agreement","embeddable":true,"href":"https:\/\/www.kompetensforetagen.se\/api\/wp\/v2\/agreement?post=9539"},{"taxonomy":"for-members","embeddable":true,"href":"https:\/\/www.kompetensforetagen.se\/api\/wp\/v2\/for-members?post=9539"}],"curies":[{"name":"wp","href":"https:\/\/api.w.org\/{rel}","templated":true}]}}