{"id":9394,"date":"2022-05-24T13:32:32","date_gmt":"2022-05-24T11:32:32","guid":{"rendered":"https:\/\/www.kompetensforetagen.se\/?p=9394"},"modified":"2023-03-22T12:32:05","modified_gmt":"2023-03-22T11:32:05","slug":"toppnotering-for-q1-och-fortsatt-optimism-i-kompetensbranschen","status":"publish","type":"post","link":"https:\/\/www.kompetensforetagen.se\/2022\/05\/toppnotering-for-q1-och-fortsatt-optimism-i-kompetensbranschen\/","title":{"rendered":"Toppnotering f\u00f6r Q1 och fortsatt optimism i kompetens&shy;branschen"},"content":{"rendered":"\n<p>Oms\u00e4ttningen f\u00f6r Kompetensf\u00f6retagens medlemsf\u00f6retag f\u00f6r Q1 2022 visar en h\u00f6gsta notering f\u00f6r perioden n\u00e5gonsin med en total om 8,5 miljarder. Det inneb\u00e4r en \u00f6kning med 28,3 procent fr\u00e5n motsvarande kvartal 2021. Vill en j\u00e4mf\u00f6ra utvecklingen f\u00f6r identiska f\u00f6retag, allts\u00e5 utan de bolag som \u00e4r nya eller har f\u00f6rv\u00e4rvat, \u00e4r \u00f6kningen 23,2 procent.<\/p>\n\n\n\n<p>Svenska arbetsgivare har allts\u00e5 varit i stort behov av f\u00f6rst\u00e4rkning i sin kompetensf\u00f6rs\u00f6rjning under \u00e5rets f\u00f6rsta kvartal, trots kriget i Ukraina. Det \u00e4r oerh\u00f6rt gl\u00e4djande att se att <a href=\"https:\/\/www.kompetensforetagen.se\/rekrytering\/\" target=\"_blank\" rel=\"noopener\">tj\u00e4nsteomr\u00e5det Rekrytering<\/a> \u00f6kat med 50 procent, och <a href=\"https:\/\/www.kompetensforetagen.se\/bemanning\/\" target=\"_blank\" rel=\"noopener\">Bemanning<\/a> med 27 procent j\u00e4mf\u00f6rt med samma period ifjol<em>. <\/em>Analogt med detta har behovet av <a href=\"https:\/\/www.kompetensforetagen.se\/omstallning\/\" target=\"_blank\" rel=\"noopener\">tj\u00e4nsteomr\u00e5det Omst\u00e4llning<\/a> minskat, med minus 4,3 procent. Bemanning \u00e4r dock klart st\u00f6rst med en oms\u00e4ttningsandel p\u00e5 94 procent av den totala oms\u00e4ttningen i branschen. N\u00e4st st\u00f6rst oms\u00e4ttningsandel har Rekrytering p\u00e5 3,9 procent f\u00f6ljt av Omst\u00e4llning p\u00e5 2,2 procent.<\/p>\n\n\n\n<p>Kompetensf\u00f6retagen har i och med Q1 2022 bytt leverant\u00f6r av kvartalsstatistiken till <a href=\"https:\/\/demoskop.se\/\" target=\"_blank\" rel=\"noopener\">Demoskop<\/a>, och kommer med bytet att utveckla rapporteringen. Till denna rapport har vi fr\u00e5gat medlemsf\u00f6retagen hur de ser p\u00e5 den n\u00e4rmsta framtiden. Svaret visar p\u00e5 en tilltro till framtiden, d\u00e5 70 procent av de tillfr\u00e5gade medlemsf\u00f6retagen sade sig tro att deras f\u00f6retag skulle g\u00e5 mycket eller n\u00e5got b\u00e4ttre ett \u00e5r fr\u00e5n nu. Det \u00e4r bra signaler f\u00f6r svensk arbetsmarknad.<\/p>\n\n\n\n<p><a href=\"https:\/\/www.almega.se\/app\/uploads\/sites\/5\/2022\/05\/kvartalsrapport_2022_q1-1.pdf\">Kvartalsrapport Q1 2022<\/a><\/p>\n","protected":false},"excerpt":{"rendered":"<p>Oms\u00e4ttningen f\u00f6r Kompetensf\u00f6retagens medlemsf\u00f6retag f\u00f6r Q1 2022 visar en h\u00f6gsta notering f\u00f6r perioden n\u00e5gonsin med en total om 8,5 miljarder. Det inneb\u00e4r en \u00f6kning med 28,3 procent fr\u00e5n motsvarande kvartal 2021. Vill en j\u00e4mf\u00f6ra utvecklingen &hellip;<\/p>\n","protected":false},"author":6358,"featured_media":9393,"comment_status":"closed","ping_status":"closed","sticky":false,"template":"","format":"standard","meta":{"_acf_changed":false,"footnotes":""},"categories":[15],"tags":[],"article_type":[8],"agreement":[],"for-members":[],"class_list":["post-9394","post","type-post","status-publish","format-standard","has-post-thumbnail","hentry","category-statistik","type-aktuellt"],"acf":[],"yoast_head":"<!-- This site is optimized with the Yoast SEO Premium plugin v26.8 (Yoast SEO v26.8) - https:\/\/yoast.com\/product\/yoast-seo-premium-wordpress\/ -->\n<title>Toppnotering f\u00f6r Q1 och fortsatt optimism i kompetensbranschen<\/title>\n<meta name=\"description\" content=\"Oms\u00e4ttningen f\u00f6r Kompetensf\u00f6retagens medlemsf\u00f6retag f\u00f6r Q1 2022 visar en h\u00f6gsta notering f\u00f6r perioden n\u00e5gonsin med en total om 8,5 miljarder.\" \/>\n<meta name=\"robots\" content=\"index, follow, max-snippet:-1, max-image-preview:large, max-video-preview:-1\" \/>\n<link rel=\"canonical\" href=\"https:\/\/www.kompetensforetagen.se\/2022\/05\/toppnotering-for-q1-och-fortsatt-optimism-i-kompetensbranschen\/\" \/>\n<meta property=\"og:locale\" content=\"sv_SE\" \/>\n<meta property=\"og:type\" content=\"article\" \/>\n<meta property=\"og:title\" content=\"Toppnotering f\u00f6r Q1 och fortsatt optimism i kompetensbranschen\" \/>\n<meta property=\"og:description\" content=\"Oms\u00e4ttningen f\u00f6r Kompetensf\u00f6retagens medlemsf\u00f6retag f\u00f6r Q1 2022 visar en h\u00f6gsta notering f\u00f6r perioden n\u00e5gonsin med en total om 8,5 miljarder.\" \/>\n<meta property=\"og:url\" content=\"https:\/\/www.kompetensforetagen.se\/2022\/05\/toppnotering-for-q1-och-fortsatt-optimism-i-kompetensbranschen\/\" \/>\n<meta property=\"og:site_name\" content=\"Kompetensf\u00f6retagen\" \/>\n<meta property=\"article:published_time\" content=\"2022-05-24T11:32:32+00:00\" \/>\n<meta property=\"article:modified_time\" content=\"2023-03-22T11:32:05+00:00\" \/>\n<meta property=\"og:image\" content=\"https:\/\/www.kompetensforetagen.se\/app\/uploads\/sites\/5\/2022\/05\/q122.png\" \/>\n\t<meta property=\"og:image:width\" content=\"1405\" \/>\n\t<meta property=\"og:image:height\" content=\"899\" \/>\n\t<meta property=\"og:image:type\" content=\"image\/png\" \/>\n<meta name=\"twitter:card\" content=\"summary_large_image\" \/>\n<meta name=\"twitter:label1\" content=\"Skriven av\" \/>\n\t<meta name=\"twitter:data1\" content=\"\" \/>\n\t<meta name=\"twitter:label2\" content=\"Ber\u00e4knad l\u00e4stid\" \/>\n\t<meta name=\"twitter:data2\" content=\"2 minuter\" \/>\n<!-- \/ Yoast SEO Premium plugin. -->","yoast_head_json":{"title":"Toppnotering f\u00f6r Q1 och fortsatt optimism i kompetensbranschen","description":"Oms\u00e4ttningen f\u00f6r Kompetensf\u00f6retagens medlemsf\u00f6retag f\u00f6r Q1 2022 visar en h\u00f6gsta notering f\u00f6r perioden n\u00e5gonsin med en total om 8,5 miljarder.","robots":{"index":"index","follow":"follow","max-snippet":"max-snippet:-1","max-image-preview":"max-image-preview:large","max-video-preview":"max-video-preview:-1"},"canonical":"https:\/\/www.kompetensforetagen.se\/2022\/05\/toppnotering-for-q1-och-fortsatt-optimism-i-kompetensbranschen\/","og_locale":"sv_SE","og_type":"article","og_title":"Toppnotering f\u00f6r Q1 och fortsatt optimism i kompetensbranschen","og_description":"Oms\u00e4ttningen f\u00f6r Kompetensf\u00f6retagens medlemsf\u00f6retag f\u00f6r Q1 2022 visar en h\u00f6gsta notering f\u00f6r perioden n\u00e5gonsin med en total om 8,5 miljarder.","og_url":"https:\/\/www.kompetensforetagen.se\/2022\/05\/toppnotering-for-q1-och-fortsatt-optimism-i-kompetensbranschen\/","og_site_name":"Kompetensf\u00f6retagen","article_published_time":"2022-05-24T11:32:32+00:00","article_modified_time":"2023-03-22T11:32:05+00:00","og_image":[{"width":1405,"height":899,"url":"https:\/\/www.kompetensforetagen.se\/app\/uploads\/sites\/5\/2022\/05\/q122.png","type":"image\/png"}],"twitter_card":"summary_large_image","twitter_misc":{"Skriven av":"","Ber\u00e4knad l\u00e4stid":"2 minuter"},"schema":{"@context":"https:\/\/schema.org","@graph":[{"@type":"Article","@id":"https:\/\/www.kompetensforetagen.se\/2022\/05\/toppnotering-for-q1-och-fortsatt-optimism-i-kompetensbranschen\/#article","isPartOf":{"@id":"https:\/\/www.kompetensforetagen.se\/2022\/05\/toppnotering-for-q1-och-fortsatt-optimism-i-kompetensbranschen\/"},"author":{"name":"","@id":""},"headline":"Toppnotering f\u00f6r Q1 och fortsatt optimism i kompetens&shy;branschen","datePublished":"2022-05-24T11:32:32+00:00","dateModified":"2023-03-22T11:32:05+00:00","mainEntityOfPage":{"@id":"https:\/\/www.kompetensforetagen.se\/2022\/05\/toppnotering-for-q1-och-fortsatt-optimism-i-kompetensbranschen\/"},"wordCount":259,"publisher":{"@id":"https:\/\/www.kompetensforetagen.se\/#organization"},"image":{"@id":"https:\/\/www.kompetensforetagen.se\/2022\/05\/toppnotering-for-q1-och-fortsatt-optimism-i-kompetensbranschen\/#primaryimage"},"thumbnailUrl":"https:\/\/www.kompetensforetagen.se\/app\/uploads\/sites\/5\/2022\/05\/q122.png","articleSection":["Statistik"],"inLanguage":"sv-SE"},{"@type":"WebPage","@id":"https:\/\/www.kompetensforetagen.se\/2022\/05\/toppnotering-for-q1-och-fortsatt-optimism-i-kompetensbranschen\/","url":"https:\/\/www.kompetensforetagen.se\/2022\/05\/toppnotering-for-q1-och-fortsatt-optimism-i-kompetensbranschen\/","name":"Toppnotering f\u00f6r Q1 och fortsatt optimism i kompetensbranschen","isPartOf":{"@id":"https:\/\/www.kompetensforetagen.se\/#website"},"primaryImageOfPage":{"@id":"https:\/\/www.kompetensforetagen.se\/2022\/05\/toppnotering-for-q1-och-fortsatt-optimism-i-kompetensbranschen\/#primaryimage"},"image":{"@id":"https:\/\/www.kompetensforetagen.se\/2022\/05\/toppnotering-for-q1-och-fortsatt-optimism-i-kompetensbranschen\/#primaryimage"},"thumbnailUrl":"https:\/\/www.kompetensforetagen.se\/app\/uploads\/sites\/5\/2022\/05\/q122.png","datePublished":"2022-05-24T11:32:32+00:00","dateModified":"2023-03-22T11:32:05+00:00","description":"Oms\u00e4ttningen f\u00f6r Kompetensf\u00f6retagens medlemsf\u00f6retag f\u00f6r Q1 2022 visar en h\u00f6gsta notering f\u00f6r perioden n\u00e5gonsin med en total om 8,5 miljarder.","breadcrumb":{"@id":"https:\/\/www.kompetensforetagen.se\/2022\/05\/toppnotering-for-q1-och-fortsatt-optimism-i-kompetensbranschen\/#breadcrumb"},"inLanguage":"sv-SE","potentialAction":[{"@type":"ReadAction","target":["https:\/\/www.kompetensforetagen.se\/2022\/05\/toppnotering-for-q1-och-fortsatt-optimism-i-kompetensbranschen\/"]}]},{"@type":"ImageObject","inLanguage":"sv-SE","@id":"https:\/\/www.kompetensforetagen.se\/2022\/05\/toppnotering-for-q1-och-fortsatt-optimism-i-kompetensbranschen\/#primaryimage","url":"https:\/\/www.kompetensforetagen.se\/app\/uploads\/sites\/5\/2022\/05\/q122.png","contentUrl":"https:\/\/www.kompetensforetagen.se\/app\/uploads\/sites\/5\/2022\/05\/q122.png","width":1405,"height":899,"caption":"Framsida Kompetensf\u00f6retagens kvartalsrapport Q1 2022"},{"@type":"BreadcrumbList","@id":"https:\/\/www.kompetensforetagen.se\/2022\/05\/toppnotering-for-q1-och-fortsatt-optimism-i-kompetensbranschen\/#breadcrumb","itemListElement":[{"@type":"ListItem","position":1,"name":"Home","item":"https:\/\/www.kompetensforetagen.se\/"},{"@type":"ListItem","position":2,"name":"Toppnotering f\u00f6r Q1 och fortsatt optimism i kompetens&shy;branschen"}]},{"@type":"WebSite","@id":"https:\/\/www.kompetensforetagen.se\/#website","url":"https:\/\/www.kompetensforetagen.se\/","name":"Kompetensf\u00f6retagen","description":"R\u00e4tt person p\u00e5 r\u00e4tt plats kan f\u00f6r\u00e4ndra v\u00e4rlden","publisher":{"@id":"https:\/\/www.kompetensforetagen.se\/#organization"},"potentialAction":[{"@type":"SearchAction","target":{"@type":"EntryPoint","urlTemplate":"https:\/\/www.kompetensforetagen.se\/?s={search_term_string}"},"query-input":{"@type":"PropertyValueSpecification","valueRequired":true,"valueName":"search_term_string"}}],"inLanguage":"sv-SE"},{"@type":"Organization","@id":"https:\/\/www.kompetensforetagen.se\/#organization","name":"Kompetensf\u00f6retagen","url":"https:\/\/www.kompetensforetagen.se\/","logo":{"@type":"ImageObject","inLanguage":"sv-SE","@id":"https:\/\/www.kompetensforetagen.se\/#\/schema\/logo\/image\/","url":"https:\/\/www.kompetensforetagen.se\/app\/uploads\/sites\/5\/2022\/10\/logga_svart.png","contentUrl":"https:\/\/www.kompetensforetagen.se\/app\/uploads\/sites\/5\/2022\/10\/logga_svart.png","width":752,"height":64,"caption":"Kompetensf\u00f6retagen"},"image":{"@id":"https:\/\/www.kompetensforetagen.se\/#\/schema\/logo\/image\/"},"sameAs":["https:\/\/www.linkedin.com\/company\/10540032\/"]},{"@type":"Person","@id":"","url":"https:\/\/www.kompetensforetagen.se\/person\/"}]}},"_links":{"self":[{"href":"https:\/\/www.kompetensforetagen.se\/api\/wp\/v2\/posts\/9394","targetHints":{"allow":["GET"]}}],"collection":[{"href":"https:\/\/www.kompetensforetagen.se\/api\/wp\/v2\/posts"}],"about":[{"href":"https:\/\/www.kompetensforetagen.se\/api\/wp\/v2\/types\/post"}],"author":[{"embeddable":true,"href":"https:\/\/www.kompetensforetagen.se\/api\/wp\/v2\/users\/6358"}],"replies":[{"embeddable":true,"href":"https:\/\/www.kompetensforetagen.se\/api\/wp\/v2\/comments?post=9394"}],"version-history":[{"count":1,"href":"https:\/\/www.kompetensforetagen.se\/api\/wp\/v2\/posts\/9394\/revisions"}],"predecessor-version":[{"id":11637,"href":"https:\/\/www.kompetensforetagen.se\/api\/wp\/v2\/posts\/9394\/revisions\/11637"}],"wp:featuredmedia":[{"embeddable":true,"href":"https:\/\/www.kompetensforetagen.se\/api\/wp\/v2\/media\/9393"}],"wp:attachment":[{"href":"https:\/\/www.kompetensforetagen.se\/api\/wp\/v2\/media?parent=9394"}],"wp:term":[{"taxonomy":"category","embeddable":true,"href":"https:\/\/www.kompetensforetagen.se\/api\/wp\/v2\/categories?post=9394"},{"taxonomy":"post_tag","embeddable":true,"href":"https:\/\/www.kompetensforetagen.se\/api\/wp\/v2\/tags?post=9394"},{"taxonomy":"type","embeddable":true,"href":"https:\/\/www.kompetensforetagen.se\/api\/wp\/v2\/article_type?post=9394"},{"taxonomy":"agreement","embeddable":true,"href":"https:\/\/www.kompetensforetagen.se\/api\/wp\/v2\/agreement?post=9394"},{"taxonomy":"for-members","embeddable":true,"href":"https:\/\/www.kompetensforetagen.se\/api\/wp\/v2\/for-members?post=9394"}],"curies":[{"name":"wp","href":"https:\/\/api.w.org\/{rel}","templated":true}]}}