{"id":9362,"date":"2022-05-12T11:31:24","date_gmt":"2022-05-12T09:31:24","guid":{"rendered":"https:\/\/www.kompetensforetagen.se\/?p=9362"},"modified":"2023-07-10T09:15:31","modified_gmt":"2023-07-10T07:15:31","slug":"las-reformens-inhyrningsbegransning","status":"publish","type":"post","link":"https:\/\/www.kompetensforetagen.se\/2022\/05\/las-reformens-inhyrningsbegransning\/","title":{"rendered":"Patrik Eidfelt i podd om LAS-reformens inhyrningsbegr\u00e4nsning"},"content":{"rendered":"\n<p>Patrik Eidfelt har gjort ett g\u00e4stspel i Sweden HR Groups <a href=\"https:\/\/poddtoppen.se\/podcast\/1617978685\/sweden-hr-group\/7-har-kundforetagen-forstatt-vad-nya-las-innebar\" target=\"_blank\" rel=\"noopener\">podd <\/a>&nbsp;och pratat om om LAS-reformens inhyrningsbegr\u00e4nsning. Tillsammans med <a href=\"https:\/\/swedenhrgroup.se\/\" target=\"_blank\" rel=\"noopener\">Sweden HR Groups<\/a> Nanette Brink, Karolina Lilja samt arbetsr\u00e4ttsadvokaten G\u00f6ran Smedberg genomlystes vad f\u00f6r\u00e4ndringarna betyder f\u00f6r produktiviteten i svensk industri och om det blir b\u00e4ttre f\u00f6r konsulterna.<\/p>\n\n\n\n<p>Kompetensf\u00f6retagen st\u00e5r bakom LAS-reformen i stort, d\u00e5 det gamla regelverket inte var anpassat efter den f\u00f6r\u00e4nderliga arbetsmarknad vi har idag och framf\u00f6r oss. Patrik Eidfelt p\u00e5pekar i podden att begr\u00e4nsningen av inhyrning inte r\u00f6r anst\u00e4llningstrygghet, och att bemanningskonsulterna omfattas av ett mycket strikt reglerat kollektivavtal. I princip inneb\u00e4r den nya regleringen f\u00f6r konsulterna att de ges m\u00f6jlighet att g\u00e5 fr\u00e5n en tillsvidareanst\u00e4llning till en annan, men med s\u00e4mre anst\u00e4llningsvillkor och ofta s\u00e4mre l\u00f6n.<\/p>\n\n\n\n<p>En annan tydlig effekt \u00e4r att den r\u00f6r tredje part \u2013 kundf\u00f6retaget. Att h\u00e5lla reda p\u00e5 om en konsult jobbat de 24 m\u00e5nader inom loppet av 36 kommer enligt f\u00f6r\u00e4ndringarna i uthyrningslagen att falla p\u00e5 kundf\u00f6retagen. Detta medf\u00f6r en administrativ och tung uppgift, d\u00e5 det kommer att handla om hantering av stora m\u00e4ngder av personuppgifter. Patrik Eidfelt s\u00e4ger ocks\u00e5 i podden att f\u00f6rslaget riskerar att s\u00e4nka produktivitet i svenska f\u00f6retag,<a href=\"https:\/\/www.kompetensforetagen.se\/2021\/12\/bemanningsforetag-stottar-kompetensforsorjningen\/\" target=\"_blank\" rel=\"noopener\"> enligt <\/a><a href=\"https:\/\/www.kompetensforetagen.se\/2021\/12\/bemanningsforetag-stottar-kompetensforsorjningen\/\" target=\"_blank\" rel=\"noopener\">en unders\u00f6kning fr\u00e5n Svenskt N\u00e4ringsliv.<\/a><\/p>\n\n\n\n<p>Missade du l\u00e4nken till podden i texten? <a href=\"https:\/\/poddtoppen.se\/podcast\/1617978685\/sweden-hr-group\/7-har-kundforetagen-forstatt-vad-nya-las-innebar\" target=\"_blank\" rel=\"noopener\">D\u00e5 kan du f\u00f6lja den h\u00e4r l\u00e4nken.&nbsp;<\/a><\/p>\n\n\n\n<h3 class=\"wp-block-heading\">L\u00e4s mer om LAS-reformens inhyrningsbegr\u00e4nsning<\/h3>\n\n\n\n<p><a href=\"https:\/\/www.kompetensforetagen.se\/remisser\/remissvar-till-en-moderniserad-arbetsratt\/\" target=\"_blank\" rel=\"noopener\">Kompetensf\u00f6retagens remissvar.<\/a><\/p>\n","protected":false},"excerpt":{"rendered":"<p>Patrik Eidfelt har gjort ett g\u00e4stspel i Sweden HR Groups podd &nbsp;och pratat om om LAS-reformens inhyrningsbegr\u00e4nsning. Tillsammans med Sweden HR Groups Nanette Brink, Karolina Lilja samt arbetsr\u00e4ttsadvokaten G\u00f6ran Smedberg genomlystes vad f\u00f6r\u00e4ndringarna betyder f\u00f6r &hellip;<\/p>\n","protected":false},"author":6358,"featured_media":8863,"comment_status":"closed","ping_status":"closed","sticky":false,"template":"","format":"standard","meta":{"_acf_changed":false,"footnotes":""},"categories":[209,217],"tags":[],"article_type":[8],"agreement":[],"for-members":[],"class_list":["post-9362","post","type-post","status-publish","format-standard","has-post-thumbnail","hentry","category-las","category-uthyrningslagen","type-aktuellt"],"acf":[],"yoast_head":"<!-- This site is optimized with the Yoast SEO Premium plugin v26.8 (Yoast SEO v26.8) - https:\/\/yoast.com\/product\/yoast-seo-premium-wordpress\/ -->\n<title>Patrik Eidfelt i podd om LAS-reformens inhyrningsbegr\u00e4nsning<\/title>\n<meta name=\"description\" content=\"F\u00f6rbundsdirekt\u00f6r Patrik Eidfelt djupdyker i LAS-reformens inhyrningsbegr\u00e4nsning i en podd fr\u00e5n Sweden HR Group. Vad betyder den t ex f\u00f6r konsulterna?\" \/>\n<meta name=\"robots\" content=\"index, follow, max-snippet:-1, max-image-preview:large, max-video-preview:-1\" \/>\n<link rel=\"canonical\" href=\"https:\/\/www.kompetensforetagen.se\/2022\/05\/las-reformens-inhyrningsbegransning\/\" \/>\n<meta property=\"og:locale\" content=\"sv_SE\" \/>\n<meta property=\"og:type\" content=\"article\" \/>\n<meta property=\"og:title\" content=\"Patrik Eidfelt i podd om LAS-reformens inhyrningsbegr\u00e4nsning\" \/>\n<meta property=\"og:description\" content=\"F\u00f6rbundsdirekt\u00f6r Patrik Eidfelt djupdyker i LAS-reformens inhyrningsbegr\u00e4nsning i en podd fr\u00e5n Sweden HR Group. Vad betyder den t ex f\u00f6r konsulterna?\" \/>\n<meta property=\"og:url\" content=\"https:\/\/www.kompetensforetagen.se\/2022\/05\/las-reformens-inhyrningsbegransning\/\" \/>\n<meta property=\"og:site_name\" content=\"Kompetensf\u00f6retagen\" \/>\n<meta property=\"article:published_time\" content=\"2022-05-12T09:31:24+00:00\" \/>\n<meta property=\"article:modified_time\" content=\"2023-07-10T07:15:31+00:00\" \/>\n<meta property=\"og:image\" content=\"https:\/\/www.kompetensforetagen.se\/app\/uploads\/sites\/5\/2022\/01\/bild1.png\" \/>\n\t<meta property=\"og:image:width\" content=\"642\" \/>\n\t<meta property=\"og:image:height\" content=\"362\" \/>\n\t<meta property=\"og:image:type\" content=\"image\/png\" \/>\n<meta name=\"twitter:card\" content=\"summary_large_image\" \/>\n<meta name=\"twitter:label1\" content=\"Skriven av\" \/>\n\t<meta name=\"twitter:data1\" content=\"\" \/>\n\t<meta name=\"twitter:label2\" content=\"Ber\u00e4knad l\u00e4stid\" \/>\n\t<meta name=\"twitter:data2\" content=\"2 minuter\" \/>\n<!-- \/ Yoast SEO Premium plugin. -->","yoast_head_json":{"title":"Patrik Eidfelt i podd om LAS-reformens inhyrningsbegr\u00e4nsning","description":"F\u00f6rbundsdirekt\u00f6r Patrik Eidfelt djupdyker i LAS-reformens inhyrningsbegr\u00e4nsning i en podd fr\u00e5n Sweden HR Group. Vad betyder den t ex f\u00f6r konsulterna?","robots":{"index":"index","follow":"follow","max-snippet":"max-snippet:-1","max-image-preview":"max-image-preview:large","max-video-preview":"max-video-preview:-1"},"canonical":"https:\/\/www.kompetensforetagen.se\/2022\/05\/las-reformens-inhyrningsbegransning\/","og_locale":"sv_SE","og_type":"article","og_title":"Patrik Eidfelt i podd om LAS-reformens inhyrningsbegr\u00e4nsning","og_description":"F\u00f6rbundsdirekt\u00f6r Patrik Eidfelt djupdyker i LAS-reformens inhyrningsbegr\u00e4nsning i en podd fr\u00e5n Sweden HR Group. Vad betyder den t ex f\u00f6r konsulterna?","og_url":"https:\/\/www.kompetensforetagen.se\/2022\/05\/las-reformens-inhyrningsbegransning\/","og_site_name":"Kompetensf\u00f6retagen","article_published_time":"2022-05-12T09:31:24+00:00","article_modified_time":"2023-07-10T07:15:31+00:00","og_image":[{"width":642,"height":362,"url":"https:\/\/www.kompetensforetagen.se\/app\/uploads\/sites\/5\/2022\/01\/bild1.png","type":"image\/png"}],"twitter_card":"summary_large_image","twitter_misc":{"Skriven av":"","Ber\u00e4knad l\u00e4stid":"2 minuter"},"schema":{"@context":"https:\/\/schema.org","@graph":[{"@type":"Article","@id":"https:\/\/www.kompetensforetagen.se\/2022\/05\/las-reformens-inhyrningsbegransning\/#article","isPartOf":{"@id":"https:\/\/www.kompetensforetagen.se\/2022\/05\/las-reformens-inhyrningsbegransning\/"},"author":{"name":"","@id":""},"headline":"Patrik Eidfelt i podd om LAS-reformens inhyrningsbegr\u00e4nsning","datePublished":"2022-05-12T09:31:24+00:00","dateModified":"2023-07-10T07:15:31+00:00","mainEntityOfPage":{"@id":"https:\/\/www.kompetensforetagen.se\/2022\/05\/las-reformens-inhyrningsbegransning\/"},"wordCount":273,"publisher":{"@id":"https:\/\/www.kompetensforetagen.se\/#organization"},"image":{"@id":"https:\/\/www.kompetensforetagen.se\/2022\/05\/las-reformens-inhyrningsbegransning\/#primaryimage"},"thumbnailUrl":"https:\/\/www.kompetensforetagen.se\/app\/uploads\/sites\/5\/2022\/01\/bild1.png","articleSection":["LAS","Uthyrningslagen"],"inLanguage":"sv-SE"},{"@type":"WebPage","@id":"https:\/\/www.kompetensforetagen.se\/2022\/05\/las-reformens-inhyrningsbegransning\/","url":"https:\/\/www.kompetensforetagen.se\/2022\/05\/las-reformens-inhyrningsbegransning\/","name":"Patrik Eidfelt i podd om LAS-reformens inhyrningsbegr\u00e4nsning","isPartOf":{"@id":"https:\/\/www.kompetensforetagen.se\/#website"},"primaryImageOfPage":{"@id":"https:\/\/www.kompetensforetagen.se\/2022\/05\/las-reformens-inhyrningsbegransning\/#primaryimage"},"image":{"@id":"https:\/\/www.kompetensforetagen.se\/2022\/05\/las-reformens-inhyrningsbegransning\/#primaryimage"},"thumbnailUrl":"https:\/\/www.kompetensforetagen.se\/app\/uploads\/sites\/5\/2022\/01\/bild1.png","datePublished":"2022-05-12T09:31:24+00:00","dateModified":"2023-07-10T07:15:31+00:00","description":"F\u00f6rbundsdirekt\u00f6r Patrik Eidfelt djupdyker i LAS-reformens inhyrningsbegr\u00e4nsning i en podd fr\u00e5n Sweden HR Group. Vad betyder den t ex f\u00f6r konsulterna?","breadcrumb":{"@id":"https:\/\/www.kompetensforetagen.se\/2022\/05\/las-reformens-inhyrningsbegransning\/#breadcrumb"},"inLanguage":"sv-SE","potentialAction":[{"@type":"ReadAction","target":["https:\/\/www.kompetensforetagen.se\/2022\/05\/las-reformens-inhyrningsbegransning\/"]}]},{"@type":"ImageObject","inLanguage":"sv-SE","@id":"https:\/\/www.kompetensforetagen.se\/2022\/05\/las-reformens-inhyrningsbegransning\/#primaryimage","url":"https:\/\/www.kompetensforetagen.se\/app\/uploads\/sites\/5\/2022\/01\/bild1.png","contentUrl":"https:\/\/www.kompetensforetagen.se\/app\/uploads\/sites\/5\/2022\/01\/bild1.png","width":642,"height":362,"caption":"Svart text p\u00e5 gr\u00f6n botten: Inhyrningsbegr\u00e4nsningarna i uthyrningslagen"},{"@type":"BreadcrumbList","@id":"https:\/\/www.kompetensforetagen.se\/2022\/05\/las-reformens-inhyrningsbegransning\/#breadcrumb","itemListElement":[{"@type":"ListItem","position":1,"name":"Home","item":"https:\/\/www.kompetensforetagen.se\/"},{"@type":"ListItem","position":2,"name":"Patrik Eidfelt i podd om LAS-reformens inhyrningsbegr\u00e4nsning"}]},{"@type":"WebSite","@id":"https:\/\/www.kompetensforetagen.se\/#website","url":"https:\/\/www.kompetensforetagen.se\/","name":"Kompetensf\u00f6retagen","description":"R\u00e4tt person p\u00e5 r\u00e4tt plats kan f\u00f6r\u00e4ndra v\u00e4rlden","publisher":{"@id":"https:\/\/www.kompetensforetagen.se\/#organization"},"potentialAction":[{"@type":"SearchAction","target":{"@type":"EntryPoint","urlTemplate":"https:\/\/www.kompetensforetagen.se\/?s={search_term_string}"},"query-input":{"@type":"PropertyValueSpecification","valueRequired":true,"valueName":"search_term_string"}}],"inLanguage":"sv-SE"},{"@type":"Organization","@id":"https:\/\/www.kompetensforetagen.se\/#organization","name":"Kompetensf\u00f6retagen","url":"https:\/\/www.kompetensforetagen.se\/","logo":{"@type":"ImageObject","inLanguage":"sv-SE","@id":"https:\/\/www.kompetensforetagen.se\/#\/schema\/logo\/image\/","url":"https:\/\/www.kompetensforetagen.se\/app\/uploads\/sites\/5\/2022\/10\/logga_svart.png","contentUrl":"https:\/\/www.kompetensforetagen.se\/app\/uploads\/sites\/5\/2022\/10\/logga_svart.png","width":752,"height":64,"caption":"Kompetensf\u00f6retagen"},"image":{"@id":"https:\/\/www.kompetensforetagen.se\/#\/schema\/logo\/image\/"},"sameAs":["https:\/\/www.linkedin.com\/company\/10540032\/"]},{"@type":"Person","@id":"","url":"https:\/\/www.kompetensforetagen.se\/person\/"}]}},"_links":{"self":[{"href":"https:\/\/www.kompetensforetagen.se\/api\/wp\/v2\/posts\/9362","targetHints":{"allow":["GET"]}}],"collection":[{"href":"https:\/\/www.kompetensforetagen.se\/api\/wp\/v2\/posts"}],"about":[{"href":"https:\/\/www.kompetensforetagen.se\/api\/wp\/v2\/types\/post"}],"author":[{"embeddable":true,"href":"https:\/\/www.kompetensforetagen.se\/api\/wp\/v2\/users\/6358"}],"replies":[{"embeddable":true,"href":"https:\/\/www.kompetensforetagen.se\/api\/wp\/v2\/comments?post=9362"}],"version-history":[{"count":2,"href":"https:\/\/www.kompetensforetagen.se\/api\/wp\/v2\/posts\/9362\/revisions"}],"predecessor-version":[{"id":14365,"href":"https:\/\/www.kompetensforetagen.se\/api\/wp\/v2\/posts\/9362\/revisions\/14365"}],"wp:featuredmedia":[{"embeddable":true,"href":"https:\/\/www.kompetensforetagen.se\/api\/wp\/v2\/media\/8863"}],"wp:attachment":[{"href":"https:\/\/www.kompetensforetagen.se\/api\/wp\/v2\/media?parent=9362"}],"wp:term":[{"taxonomy":"category","embeddable":true,"href":"https:\/\/www.kompetensforetagen.se\/api\/wp\/v2\/categories?post=9362"},{"taxonomy":"post_tag","embeddable":true,"href":"https:\/\/www.kompetensforetagen.se\/api\/wp\/v2\/tags?post=9362"},{"taxonomy":"type","embeddable":true,"href":"https:\/\/www.kompetensforetagen.se\/api\/wp\/v2\/article_type?post=9362"},{"taxonomy":"agreement","embeddable":true,"href":"https:\/\/www.kompetensforetagen.se\/api\/wp\/v2\/agreement?post=9362"},{"taxonomy":"for-members","embeddable":true,"href":"https:\/\/www.kompetensforetagen.se\/api\/wp\/v2\/for-members?post=9362"}],"curies":[{"name":"wp","href":"https:\/\/api.w.org\/{rel}","templated":true}]}}