{"id":9354,"date":"2022-05-10T12:55:56","date_gmt":"2022-05-10T10:55:56","guid":{"rendered":"https:\/\/www.kompetensforetagen.se\/?p=9354"},"modified":"2023-07-13T15:29:37","modified_gmt":"2023-07-13T13:29:37","slug":"rapport-sa-vill-tjansteforetagen-forbattra-offentliga-upphandlingar","status":"publish","type":"post","link":"https:\/\/www.kompetensforetagen.se\/2022\/05\/rapport-sa-vill-tjansteforetagen-forbattra-offentliga-upphandlingar\/","title":{"rendered":"Rapport &#8211; S\u00e5 vill tj\u00e4nste&shy;f\u00f6retagen f\u00f6rb\u00e4ttra offentliga upphandlingar"},"content":{"rendered":"\n<p>Almega har sl\u00e4ppt en ny rapport om offentlig upphandling,&nbsp;<a href=\"https:\/\/www.almega.se\/app\/uploads\/2022\/04\/2204-off-upphandl.pdf\" target=\"_blank\" rel=\"noopener\">S\u00e5 vill tj\u00e4nste\u00adf\u00f6retagen f\u00f6rb\u00e4ttra offentliga upphandlingar<\/a>. Rapporten lyfter tj\u00e4nstef\u00f6retagares perspektiv p\u00e5 <a href=\"https:\/\/www.kompetensforetagen.se\/offentlig-upphandling\/\" target=\"_blank\" rel=\"noopener\">offentlig upphandling<\/a>, utifr\u00e5n bransch, f\u00f6ruts\u00e4ttningar i nul\u00e4ge och \u00f6nskem\u00e5l f\u00f6r framtiden. Varje \u00e5r annonseras totalt \u00f6ver 18 000 offentliga upphandlingar och ytterligare ett stort antal direktupphandlingar. Tillsammans summeras v\u00e4rdet av offentlig sektors ink\u00f6p till \u00f6ver 780 miljarder kronor, vilket motsvarar \u00f6ver 18 procent av BNP. Det g\u00f6r den offentliga sektorn till en betydelsefull best\u00e4llare av n\u00e4ringslivets varor och tj\u00e4nster.<\/p>\n\n\n\n<h3 class=\"wp-block-heading\">S\u00e5 vill tj\u00e4nstef\u00f6retagen f\u00f6rb\u00e4ttra offentliga upphandlingar<\/h3>\n\n\n\n<p>Rapporten visar att den mest framtr\u00e4dande utmaningen f\u00f6r tj\u00e4nstef\u00f6retag kopplat till offentlig upphandling \u00e4r att det upplevs vara f\u00f6r stort prisfokus p\u00e5 bekostnad av kvalitet. Det finns \u00e4ven utmaningar med omfattande och irrelevant kravst\u00e4llande, kr\u00e5nglig upphandlingsprocedur och formalia. Sammanfattningsvis framf\u00f6rs att:<\/p>\n\n\n\n<ul class=\"wp-block-list\">\n<li>Det \u00e4r f\u00f6r mycket fokus p\u00e5 pris och f\u00f6r litet p\u00e5 kvalitet<\/li>\n\n\n\n<li>Formalian vid offentlig upphandling upplevs alltf\u00f6r byr\u00e5kratisk och tidskr\u00e4vande<\/li>\n\n\n\n<li>Det anses finns alltf\u00f6r m\u00e5nga och irrelevanta krav i upphandlingarna<\/li>\n\n\n\n<li>Dialogen inf\u00f6r upphandlingarna brister<\/li>\n\n\n\n<li>M\u00e5nga upplever att det finns brister i uppf\u00f6ljningen av kvalitet i leveransen under<br>kontraktstiden<\/li>\n<\/ul>\n\n\n\n<p>I rapporten bekr\u00e4ftar Kompetensf\u00f6retagen styrelseledamot Klas Ekmark, Aventus AB, den generella bilden.<\/p>\n\n\n\n<p>&#8211; Jag saknar dialogen som finns i andra typer av verksamheter och som vi har med privata akt\u00f6rer. D\u00e4r kan vi fokusera p\u00e5 v\u00e4rdeskapande ting som ger merv\u00e4rde f\u00f6r kunden. D\u00e5 kr\u00e4vs att de som levererat tj\u00e4nsten har en p\u00e5g\u00e5ende dialog, b\u00e5de f\u00f6re och efter k\u00f6ptillf\u00e4llet och d\u00e4refter g\u00e4rna utv\u00e4rdering, f\u00f6r att kunna g\u00f6ra korrigeringar under avtalstiden. I offentlig upphandling skjuter man litet bredvid.<\/p>\n\n\n\n<h3 class=\"wp-block-heading\"><strong>&nbsp;<\/strong>Kompetensf\u00f6retagen bidrar till god dialog<\/h3>\n\n\n\n<p>Som organisation har Kompetensf\u00f6retagen goda f\u00f6ruts\u00e4ttningar att bidra till att dialogen f\u00f6rverkligas, d\u00e5 vi utg\u00f6r en m\u00f6tesplats d\u00e4r k\u00f6pare och s\u00e4ljare kan n\u00e5 varandra och seri\u00f6sa f\u00f6rslag diskuteras. N\u00e4r medlemsf\u00f6retagen f\u00e5 bidra med sina kunskaper kan de stora summor som f\u00f6rekommer i offentlig upphandling anv\u00e4ndas effektivare och till st\u00f6rre nytta f\u00f6r samh\u00e4llet. Som exempel kan n\u00e4mnas det leverant\u00f6rsforum f\u00f6r Arbetsf\u00f6rmedlingen, d\u00e4r Kompetensf\u00f6retagen deltar just f\u00f6r att uppn\u00e5 de b\u00e4sta resultaten i upphandlingen av frist\u00e5ende leverant\u00f6rer.<\/p>\n","protected":false},"excerpt":{"rendered":"<p>Almega har sl\u00e4ppt en ny rapport om offentlig upphandling,&nbsp;S\u00e5 vill tj\u00e4nste\u00adf\u00f6retagen f\u00f6rb\u00e4ttra offentliga upphandlingar. Rapporten lyfter tj\u00e4nstef\u00f6retagares perspektiv p\u00e5 offentlig upphandling, utifr\u00e5n bransch, f\u00f6ruts\u00e4ttningar i nul\u00e4ge och \u00f6nskem\u00e5l f\u00f6r framtiden. Varje \u00e5r annonseras totalt \u00f6ver &hellip;<\/p>\n","protected":false},"author":6358,"featured_media":9353,"comment_status":"closed","ping_status":"closed","sticky":false,"template":"","format":"standard","meta":{"_acf_changed":false,"footnotes":""},"categories":[21],"tags":[],"article_type":[8,16],"agreement":[],"for-members":[],"class_list":["post-9354","post","type-post","status-publish","format-standard","has-post-thumbnail","hentry","category-offentlig-upphandling","type-aktuellt","type-rapporter"],"acf":[],"yoast_head":"<!-- This site is optimized with the Yoast SEO Premium plugin v26.8 (Yoast SEO v26.8) - https:\/\/yoast.com\/product\/yoast-seo-premium-wordpress\/ -->\n<title>Rapport - S\u00e5 vill tj\u00e4nstef\u00f6retagen f\u00f6rb\u00e4ttra offentliga upphandlingar<\/title>\n<meta name=\"description\" content=\"Rapporten S\u00e5 vill tj\u00e4nstef\u00f6retagen f\u00f6rb\u00e4ttra offentliga upphandlingar visar att den st\u00f6rsta utmaningen \u00e4r f\u00f6r stort prisfokus p\u00e5 bekostnad av kvalitet.\" \/>\n<meta name=\"robots\" content=\"index, follow, max-snippet:-1, max-image-preview:large, max-video-preview:-1\" \/>\n<link rel=\"canonical\" href=\"https:\/\/www.kompetensforetagen.se\/2022\/05\/rapport-sa-vill-tjansteforetagen-forbattra-offentliga-upphandlingar\/\" \/>\n<meta property=\"og:locale\" content=\"sv_SE\" \/>\n<meta property=\"og:type\" content=\"article\" \/>\n<meta property=\"og:title\" content=\"Rapport - S\u00e5 vill tj\u00e4nstef\u00f6retagen f\u00f6rb\u00e4ttra offentliga upphandlingar\" \/>\n<meta property=\"og:description\" content=\"Rapporten S\u00e5 vill tj\u00e4nstef\u00f6retagen f\u00f6rb\u00e4ttra offentliga upphandlingar visar att den st\u00f6rsta utmaningen \u00e4r f\u00f6r stort prisfokus p\u00e5 bekostnad av kvalitet.\" \/>\n<meta property=\"og:url\" content=\"https:\/\/www.kompetensforetagen.se\/2022\/05\/rapport-sa-vill-tjansteforetagen-forbattra-offentliga-upphandlingar\/\" \/>\n<meta property=\"og:site_name\" content=\"Kompetensf\u00f6retagen\" \/>\n<meta property=\"article:published_time\" content=\"2022-05-10T10:55:56+00:00\" \/>\n<meta property=\"article:modified_time\" content=\"2023-07-13T13:29:37+00:00\" \/>\n<meta property=\"og:image\" content=\"https:\/\/www.kompetensforetagen.se\/app\/uploads\/sites\/5\/2022\/05\/rapport-iff-upphandling.png\" \/>\n\t<meta property=\"og:image:width\" content=\"1490\" \/>\n\t<meta property=\"og:image:height\" content=\"858\" \/>\n\t<meta property=\"og:image:type\" content=\"image\/png\" \/>\n<meta name=\"twitter:card\" content=\"summary_large_image\" \/>\n<meta name=\"twitter:label1\" content=\"Skriven av\" \/>\n\t<meta name=\"twitter:data1\" content=\"\" \/>\n\t<meta name=\"twitter:label2\" content=\"Ber\u00e4knad l\u00e4stid\" \/>\n\t<meta name=\"twitter:data2\" content=\"2 minuter\" \/>\n<!-- \/ Yoast SEO Premium plugin. -->","yoast_head_json":{"title":"Rapport - S\u00e5 vill tj\u00e4nstef\u00f6retagen f\u00f6rb\u00e4ttra offentliga upphandlingar","description":"Rapporten S\u00e5 vill tj\u00e4nstef\u00f6retagen f\u00f6rb\u00e4ttra offentliga upphandlingar visar att den st\u00f6rsta utmaningen \u00e4r f\u00f6r stort prisfokus p\u00e5 bekostnad av kvalitet.","robots":{"index":"index","follow":"follow","max-snippet":"max-snippet:-1","max-image-preview":"max-image-preview:large","max-video-preview":"max-video-preview:-1"},"canonical":"https:\/\/www.kompetensforetagen.se\/2022\/05\/rapport-sa-vill-tjansteforetagen-forbattra-offentliga-upphandlingar\/","og_locale":"sv_SE","og_type":"article","og_title":"Rapport - S\u00e5 vill tj\u00e4nstef\u00f6retagen f\u00f6rb\u00e4ttra offentliga upphandlingar","og_description":"Rapporten S\u00e5 vill tj\u00e4nstef\u00f6retagen f\u00f6rb\u00e4ttra offentliga upphandlingar visar att den st\u00f6rsta utmaningen \u00e4r f\u00f6r stort prisfokus p\u00e5 bekostnad av kvalitet.","og_url":"https:\/\/www.kompetensforetagen.se\/2022\/05\/rapport-sa-vill-tjansteforetagen-forbattra-offentliga-upphandlingar\/","og_site_name":"Kompetensf\u00f6retagen","article_published_time":"2022-05-10T10:55:56+00:00","article_modified_time":"2023-07-13T13:29:37+00:00","og_image":[{"width":1490,"height":858,"url":"https:\/\/www.kompetensforetagen.se\/app\/uploads\/sites\/5\/2022\/05\/rapport-iff-upphandling.png","type":"image\/png"}],"twitter_card":"summary_large_image","twitter_misc":{"Skriven av":"","Ber\u00e4knad l\u00e4stid":"2 minuter"},"schema":{"@context":"https:\/\/schema.org","@graph":[{"@type":"Article","@id":"https:\/\/www.kompetensforetagen.se\/2022\/05\/rapport-sa-vill-tjansteforetagen-forbattra-offentliga-upphandlingar\/#article","isPartOf":{"@id":"https:\/\/www.kompetensforetagen.se\/2022\/05\/rapport-sa-vill-tjansteforetagen-forbattra-offentliga-upphandlingar\/"},"author":{"name":"","@id":""},"headline":"Rapport &#8211; S\u00e5 vill tj\u00e4nste&shy;f\u00f6retagen f\u00f6rb\u00e4ttra offentliga upphandlingar","datePublished":"2022-05-10T10:55:56+00:00","dateModified":"2023-07-13T13:29:37+00:00","mainEntityOfPage":{"@id":"https:\/\/www.kompetensforetagen.se\/2022\/05\/rapport-sa-vill-tjansteforetagen-forbattra-offentliga-upphandlingar\/"},"wordCount":431,"publisher":{"@id":"https:\/\/www.kompetensforetagen.se\/#organization"},"image":{"@id":"https:\/\/www.kompetensforetagen.se\/2022\/05\/rapport-sa-vill-tjansteforetagen-forbattra-offentliga-upphandlingar\/#primaryimage"},"thumbnailUrl":"https:\/\/www.kompetensforetagen.se\/app\/uploads\/sites\/5\/2022\/05\/rapport-iff-upphandling.png","articleSection":["Offentlig upphandling"],"inLanguage":"sv-SE"},{"@type":"WebPage","@id":"https:\/\/www.kompetensforetagen.se\/2022\/05\/rapport-sa-vill-tjansteforetagen-forbattra-offentliga-upphandlingar\/","url":"https:\/\/www.kompetensforetagen.se\/2022\/05\/rapport-sa-vill-tjansteforetagen-forbattra-offentliga-upphandlingar\/","name":"Rapport - S\u00e5 vill tj\u00e4nstef\u00f6retagen f\u00f6rb\u00e4ttra offentliga upphandlingar","isPartOf":{"@id":"https:\/\/www.kompetensforetagen.se\/#website"},"primaryImageOfPage":{"@id":"https:\/\/www.kompetensforetagen.se\/2022\/05\/rapport-sa-vill-tjansteforetagen-forbattra-offentliga-upphandlingar\/#primaryimage"},"image":{"@id":"https:\/\/www.kompetensforetagen.se\/2022\/05\/rapport-sa-vill-tjansteforetagen-forbattra-offentliga-upphandlingar\/#primaryimage"},"thumbnailUrl":"https:\/\/www.kompetensforetagen.se\/app\/uploads\/sites\/5\/2022\/05\/rapport-iff-upphandling.png","datePublished":"2022-05-10T10:55:56+00:00","dateModified":"2023-07-13T13:29:37+00:00","description":"Rapporten S\u00e5 vill tj\u00e4nstef\u00f6retagen f\u00f6rb\u00e4ttra offentliga upphandlingar visar att den st\u00f6rsta utmaningen \u00e4r f\u00f6r stort prisfokus p\u00e5 bekostnad av kvalitet.","breadcrumb":{"@id":"https:\/\/www.kompetensforetagen.se\/2022\/05\/rapport-sa-vill-tjansteforetagen-forbattra-offentliga-upphandlingar\/#breadcrumb"},"inLanguage":"sv-SE","potentialAction":[{"@type":"ReadAction","target":["https:\/\/www.kompetensforetagen.se\/2022\/05\/rapport-sa-vill-tjansteforetagen-forbattra-offentliga-upphandlingar\/"]}]},{"@type":"ImageObject","inLanguage":"sv-SE","@id":"https:\/\/www.kompetensforetagen.se\/2022\/05\/rapport-sa-vill-tjansteforetagen-forbattra-offentliga-upphandlingar\/#primaryimage","url":"https:\/\/www.kompetensforetagen.se\/app\/uploads\/sites\/5\/2022\/05\/rapport-iff-upphandling.png","contentUrl":"https:\/\/www.kompetensforetagen.se\/app\/uploads\/sites\/5\/2022\/05\/rapport-iff-upphandling.png","width":1490,"height":858,"caption":"Framsida till rapporten S\u00e5 vill tj\u00e4nstef\u00f6retagen f\u00f6rb\u00e4ttra offentliga upphandlingar av bemannings- och rekryteringstj\u00e4nster."},{"@type":"BreadcrumbList","@id":"https:\/\/www.kompetensforetagen.se\/2022\/05\/rapport-sa-vill-tjansteforetagen-forbattra-offentliga-upphandlingar\/#breadcrumb","itemListElement":[{"@type":"ListItem","position":1,"name":"Home","item":"https:\/\/www.kompetensforetagen.se\/"},{"@type":"ListItem","position":2,"name":"Rapport &#8211; S\u00e5 vill tj\u00e4nste&shy;f\u00f6retagen f\u00f6rb\u00e4ttra offentliga upphandlingar"}]},{"@type":"WebSite","@id":"https:\/\/www.kompetensforetagen.se\/#website","url":"https:\/\/www.kompetensforetagen.se\/","name":"Kompetensf\u00f6retagen","description":"R\u00e4tt person p\u00e5 r\u00e4tt plats kan f\u00f6r\u00e4ndra v\u00e4rlden","publisher":{"@id":"https:\/\/www.kompetensforetagen.se\/#organization"},"potentialAction":[{"@type":"SearchAction","target":{"@type":"EntryPoint","urlTemplate":"https:\/\/www.kompetensforetagen.se\/?s={search_term_string}"},"query-input":{"@type":"PropertyValueSpecification","valueRequired":true,"valueName":"search_term_string"}}],"inLanguage":"sv-SE"},{"@type":"Organization","@id":"https:\/\/www.kompetensforetagen.se\/#organization","name":"Kompetensf\u00f6retagen","url":"https:\/\/www.kompetensforetagen.se\/","logo":{"@type":"ImageObject","inLanguage":"sv-SE","@id":"https:\/\/www.kompetensforetagen.se\/#\/schema\/logo\/image\/","url":"https:\/\/www.kompetensforetagen.se\/app\/uploads\/sites\/5\/2022\/10\/logga_svart.png","contentUrl":"https:\/\/www.kompetensforetagen.se\/app\/uploads\/sites\/5\/2022\/10\/logga_svart.png","width":752,"height":64,"caption":"Kompetensf\u00f6retagen"},"image":{"@id":"https:\/\/www.kompetensforetagen.se\/#\/schema\/logo\/image\/"},"sameAs":["https:\/\/www.linkedin.com\/company\/10540032\/"]},{"@type":"Person","@id":"","url":"https:\/\/www.kompetensforetagen.se\/person\/"}]}},"_links":{"self":[{"href":"https:\/\/www.kompetensforetagen.se\/api\/wp\/v2\/posts\/9354","targetHints":{"allow":["GET"]}}],"collection":[{"href":"https:\/\/www.kompetensforetagen.se\/api\/wp\/v2\/posts"}],"about":[{"href":"https:\/\/www.kompetensforetagen.se\/api\/wp\/v2\/types\/post"}],"author":[{"embeddable":true,"href":"https:\/\/www.kompetensforetagen.se\/api\/wp\/v2\/users\/6358"}],"replies":[{"embeddable":true,"href":"https:\/\/www.kompetensforetagen.se\/api\/wp\/v2\/comments?post=9354"}],"version-history":[{"count":1,"href":"https:\/\/www.kompetensforetagen.se\/api\/wp\/v2\/posts\/9354\/revisions"}],"predecessor-version":[{"id":11640,"href":"https:\/\/www.kompetensforetagen.se\/api\/wp\/v2\/posts\/9354\/revisions\/11640"}],"wp:featuredmedia":[{"embeddable":true,"href":"https:\/\/www.kompetensforetagen.se\/api\/wp\/v2\/media\/9353"}],"wp:attachment":[{"href":"https:\/\/www.kompetensforetagen.se\/api\/wp\/v2\/media?parent=9354"}],"wp:term":[{"taxonomy":"category","embeddable":true,"href":"https:\/\/www.kompetensforetagen.se\/api\/wp\/v2\/categories?post=9354"},{"taxonomy":"post_tag","embeddable":true,"href":"https:\/\/www.kompetensforetagen.se\/api\/wp\/v2\/tags?post=9354"},{"taxonomy":"type","embeddable":true,"href":"https:\/\/www.kompetensforetagen.se\/api\/wp\/v2\/article_type?post=9354"},{"taxonomy":"agreement","embeddable":true,"href":"https:\/\/www.kompetensforetagen.se\/api\/wp\/v2\/agreement?post=9354"},{"taxonomy":"for-members","embeddable":true,"href":"https:\/\/www.kompetensforetagen.se\/api\/wp\/v2\/for-members?post=9354"}],"curies":[{"name":"wp","href":"https:\/\/api.w.org\/{rel}","templated":true}]}}