{"id":9324,"date":"2022-05-04T09:56:12","date_gmt":"2022-05-04T07:56:12","guid":{"rendered":"https:\/\/www.kompetensforetagen.se\/?p=9324"},"modified":"2023-07-13T15:27:01","modified_gmt":"2023-07-13T13:27:01","slug":"ny-rapport-om-fortsatt-reform-av-arbetsformedlingen","status":"publish","type":"post","link":"https:\/\/www.kompetensforetagen.se\/2022\/05\/ny-rapport-om-fortsatt-reform-av-arbetsformedlingen\/","title":{"rendered":"Ny rapport om fortsatt reform av Arbetsf\u00f6rmedlingen"},"content":{"rendered":"\n<p>Vid ett frukostseminarium 4 maj presenterades rapporten S\u00e5 forts\u00e4tter vi reformera Arbetsf\u00f6rmedlingen. Huvudf\u00f6rfattaren Jonas Jegers presenterade rapporten och dess tre huvudsp\u00e5r:<\/p>\n\n\n\n<ul class=\"wp-block-list\">\n<li>Ge Arbetsf\u00f6rmedlingen i uppdrag att f\u00f6rhindra l\u00e5ngtidsarbetsl\u00f6sheten<\/li>\n\n\n\n<li>L\u00e5t \u00e4ven de som st\u00e5r allra l\u00e4ngst fr\u00e5n arbetsmarknaden f\u00e5 v\u00e4lja leverant\u00f6r<\/li>\n\n\n\n<li>Fokusera och ge Arbetsf\u00f6rmedlingen ett vassare uppdrag med fokus p\u00e5 myndighetsut\u00f6vning<\/li>\n<\/ul>\n\n\n\n<p>F\u00f6retr\u00e4dare f\u00f6r leverant\u00f6rerna \u2013 Anne Buchard, Maximus Sweden, Jenny Stegmar Silver, &nbsp;Clustera och Anders Hvarfner, Lernia \u2013 gav konkreta medskick till politiken: Var tydligare i uppdraget till Arbetsf\u00f6rmedlingen och l\u00e5t politikens vilja speglas, se \u00f6ver m\u00f6jligheten att v\u00e4gleda till arbetsmarknadsutbildningar och leverera en ans\u00f6kningsmodell som fungerar f\u00f6r alla.<\/p>\n\n\n\n<p>Politiker i seminariet \u2013 Roger M\u00f6rtvik (S), Mats Green (M) och Alireza Akhondi (C) \u2013 gav sin olika perspektiv. M\u00f6rtvik menade att kritiken mot reformen \u00e4r \u00f6verdriven men \u00e4ven redovisningen av leverant\u00f6rernas resultat i rapporten. Green menade att rapportens konkretisering av allt som inte fungerar med Arbetsf\u00f6rmedlingen underl\u00e4ttar politikens kommande arbete med reformen och menade ocks\u00e5 att det \u00e4r viktigt med tidiga insatser och fokus p\u00e5 l\u00e5ngtidsarbetsl\u00f6shet. Akhondi utgick fr\u00e5n perspektivet att det inte endast \u00e4r Arbetsf\u00f6rmedlingen som beh\u00f6ver reformeras utan hela arbetsmarknadspolitiken. Sammanfattningsvis kan man nog \u00e4nd\u00e5 konstatera att det \u00e4r mycket som beh\u00f6ver g\u00f6ras utifr\u00e5n samtliga perspektiv innan <a href=\"https:\/\/www.kompetensforetagen.se\/arbetsformedlingen\/om-arbetsformedlingens-reform\/\" target=\"_blank\" rel=\"noopener\">reformen av Arbetsf\u00f6rmedlingen<\/a> \u00e4r p\u00e5 plats i alla delar.<\/p>\n\n\n\n<p><a href=\"https:\/\/www.almega.se\/2022\/05\/ny-rapport-sa-fortsatter-vi-reformera-arbetsformedlingen\/\" target=\"_blank\" rel=\"noopener\">L\u00e4s rapporten h\u00e4r.<\/a><\/p>\n\n\n\n<p>Martina Elfgren Lilja, (d\u00e5varande) f\u00f6rbundsjurist<\/p>\n","protected":false},"excerpt":{"rendered":"<p>Vid ett frukostseminarium 4 maj presenterades rapporten S\u00e5 forts\u00e4tter vi reformera Arbetsf\u00f6rmedlingen. Huvudf\u00f6rfattaren Jonas Jegers presenterade rapporten och dess tre huvudsp\u00e5r: F\u00f6retr\u00e4dare f\u00f6r leverant\u00f6rerna \u2013 Anne Buchard, Maximus Sweden, Jenny Stegmar Silver, &nbsp;Clustera och Anders &hellip;<\/p>\n","protected":false},"author":6358,"featured_media":9325,"comment_status":"closed","ping_status":"closed","sticky":false,"template":"","format":"standard","meta":{"_acf_changed":false,"footnotes":""},"categories":[192,10],"tags":[],"article_type":[8,193],"agreement":[],"for-members":[],"class_list":["post-9324","post","type-post","status-publish","format-standard","has-post-thumbnail","hentry","category-arbetsformedlingen","category-arbetsmarknad","type-aktuellt","type-kommentar"],"acf":[],"yoast_head":"<!-- This site is optimized with the Yoast SEO Premium plugin v26.8 (Yoast SEO v26.8) - https:\/\/yoast.com\/product\/yoast-seo-premium-wordpress\/ -->\n<title>Ny rapport om fortsatt reform av Arbetsf\u00f6rmedlingen<\/title>\n<meta name=\"description\" content=\"I en rapport om fortsatt reform av Arbetsf\u00f6rmedlingen presenteras tre huvudsp\u00e5r f\u00f6r att ge arbetss\u00f6kande f\u00f6rb\u00e4ttrade m\u00f6jligheter p\u00e5 arbetsmarknaden.\" \/>\n<meta name=\"robots\" content=\"index, follow, max-snippet:-1, max-image-preview:large, max-video-preview:-1\" \/>\n<link rel=\"canonical\" href=\"https:\/\/www.kompetensforetagen.se\/2022\/05\/ny-rapport-om-fortsatt-reform-av-arbetsformedlingen\/\" \/>\n<meta property=\"og:locale\" content=\"sv_SE\" \/>\n<meta property=\"og:type\" content=\"article\" \/>\n<meta property=\"og:title\" content=\"Ny rapport om fortsatt reform av Arbetsf\u00f6rmedlingen\" \/>\n<meta property=\"og:description\" content=\"I en rapport om fortsatt reform av Arbetsf\u00f6rmedlingen presenteras tre huvudsp\u00e5r f\u00f6r att ge arbetss\u00f6kande f\u00f6rb\u00e4ttrade m\u00f6jligheter p\u00e5 arbetsmarknaden.\" \/>\n<meta property=\"og:url\" content=\"https:\/\/www.kompetensforetagen.se\/2022\/05\/ny-rapport-om-fortsatt-reform-av-arbetsformedlingen\/\" \/>\n<meta property=\"og:site_name\" content=\"Kompetensf\u00f6retagen\" \/>\n<meta property=\"article:published_time\" content=\"2022-05-04T07:56:12+00:00\" \/>\n<meta property=\"article:modified_time\" content=\"2023-07-13T13:27:01+00:00\" \/>\n<meta property=\"og:image\" content=\"https:\/\/www.kompetensforetagen.se\/app\/uploads\/sites\/5\/2022\/05\/rapport-af.png\" \/>\n\t<meta property=\"og:image:width\" content=\"923\" \/>\n\t<meta property=\"og:image:height\" content=\"462\" \/>\n\t<meta property=\"og:image:type\" content=\"image\/png\" \/>\n<meta name=\"twitter:card\" content=\"summary_large_image\" \/>\n<meta name=\"twitter:label1\" content=\"Skriven av\" \/>\n\t<meta name=\"twitter:data1\" content=\"\" \/>\n\t<meta name=\"twitter:label2\" content=\"Ber\u00e4knad l\u00e4stid\" \/>\n\t<meta name=\"twitter:data2\" content=\"2 minuter\" \/>\n<!-- \/ Yoast SEO Premium plugin. -->","yoast_head_json":{"title":"Ny rapport om fortsatt reform av Arbetsf\u00f6rmedlingen","description":"I en rapport om fortsatt reform av Arbetsf\u00f6rmedlingen presenteras tre huvudsp\u00e5r f\u00f6r att ge arbetss\u00f6kande f\u00f6rb\u00e4ttrade m\u00f6jligheter p\u00e5 arbetsmarknaden.","robots":{"index":"index","follow":"follow","max-snippet":"max-snippet:-1","max-image-preview":"max-image-preview:large","max-video-preview":"max-video-preview:-1"},"canonical":"https:\/\/www.kompetensforetagen.se\/2022\/05\/ny-rapport-om-fortsatt-reform-av-arbetsformedlingen\/","og_locale":"sv_SE","og_type":"article","og_title":"Ny rapport om fortsatt reform av Arbetsf\u00f6rmedlingen","og_description":"I en rapport om fortsatt reform av Arbetsf\u00f6rmedlingen presenteras tre huvudsp\u00e5r f\u00f6r att ge arbetss\u00f6kande f\u00f6rb\u00e4ttrade m\u00f6jligheter p\u00e5 arbetsmarknaden.","og_url":"https:\/\/www.kompetensforetagen.se\/2022\/05\/ny-rapport-om-fortsatt-reform-av-arbetsformedlingen\/","og_site_name":"Kompetensf\u00f6retagen","article_published_time":"2022-05-04T07:56:12+00:00","article_modified_time":"2023-07-13T13:27:01+00:00","og_image":[{"width":923,"height":462,"url":"https:\/\/www.kompetensforetagen.se\/app\/uploads\/sites\/5\/2022\/05\/rapport-af.png","type":"image\/png"}],"twitter_card":"summary_large_image","twitter_misc":{"Skriven av":"","Ber\u00e4knad l\u00e4stid":"2 minuter"},"schema":{"@context":"https:\/\/schema.org","@graph":[{"@type":"Article","@id":"https:\/\/www.kompetensforetagen.se\/2022\/05\/ny-rapport-om-fortsatt-reform-av-arbetsformedlingen\/#article","isPartOf":{"@id":"https:\/\/www.kompetensforetagen.se\/2022\/05\/ny-rapport-om-fortsatt-reform-av-arbetsformedlingen\/"},"author":{"name":"","@id":""},"headline":"Ny rapport om fortsatt reform av Arbetsf\u00f6rmedlingen","datePublished":"2022-05-04T07:56:12+00:00","dateModified":"2023-07-13T13:27:01+00:00","mainEntityOfPage":{"@id":"https:\/\/www.kompetensforetagen.se\/2022\/05\/ny-rapport-om-fortsatt-reform-av-arbetsformedlingen\/"},"wordCount":264,"publisher":{"@id":"https:\/\/www.kompetensforetagen.se\/#organization"},"image":{"@id":"https:\/\/www.kompetensforetagen.se\/2022\/05\/ny-rapport-om-fortsatt-reform-av-arbetsformedlingen\/#primaryimage"},"thumbnailUrl":"https:\/\/www.kompetensforetagen.se\/app\/uploads\/sites\/5\/2022\/05\/rapport-af.png","articleSection":["Arbetsf\u00f6rmedlingen","Arbetsmarknad"],"inLanguage":"sv-SE"},{"@type":"WebPage","@id":"https:\/\/www.kompetensforetagen.se\/2022\/05\/ny-rapport-om-fortsatt-reform-av-arbetsformedlingen\/","url":"https:\/\/www.kompetensforetagen.se\/2022\/05\/ny-rapport-om-fortsatt-reform-av-arbetsformedlingen\/","name":"Ny rapport om fortsatt reform av Arbetsf\u00f6rmedlingen","isPartOf":{"@id":"https:\/\/www.kompetensforetagen.se\/#website"},"primaryImageOfPage":{"@id":"https:\/\/www.kompetensforetagen.se\/2022\/05\/ny-rapport-om-fortsatt-reform-av-arbetsformedlingen\/#primaryimage"},"image":{"@id":"https:\/\/www.kompetensforetagen.se\/2022\/05\/ny-rapport-om-fortsatt-reform-av-arbetsformedlingen\/#primaryimage"},"thumbnailUrl":"https:\/\/www.kompetensforetagen.se\/app\/uploads\/sites\/5\/2022\/05\/rapport-af.png","datePublished":"2022-05-04T07:56:12+00:00","dateModified":"2023-07-13T13:27:01+00:00","description":"I en rapport om fortsatt reform av Arbetsf\u00f6rmedlingen presenteras tre huvudsp\u00e5r f\u00f6r att ge arbetss\u00f6kande f\u00f6rb\u00e4ttrade m\u00f6jligheter p\u00e5 arbetsmarknaden.","breadcrumb":{"@id":"https:\/\/www.kompetensforetagen.se\/2022\/05\/ny-rapport-om-fortsatt-reform-av-arbetsformedlingen\/#breadcrumb"},"inLanguage":"sv-SE","potentialAction":[{"@type":"ReadAction","target":["https:\/\/www.kompetensforetagen.se\/2022\/05\/ny-rapport-om-fortsatt-reform-av-arbetsformedlingen\/"]}]},{"@type":"ImageObject","inLanguage":"sv-SE","@id":"https:\/\/www.kompetensforetagen.se\/2022\/05\/ny-rapport-om-fortsatt-reform-av-arbetsformedlingen\/#primaryimage","url":"https:\/\/www.kompetensforetagen.se\/app\/uploads\/sites\/5\/2022\/05\/rapport-af.png","contentUrl":"https:\/\/www.kompetensforetagen.se\/app\/uploads\/sites\/5\/2022\/05\/rapport-af.png","width":923,"height":462,"caption":"Framsida till rapporten \"S\u00e5 forts\u00e4tter vi reformera arbetsf\u00f6rmedlingen\" och hur vi f\u00f6rb\u00e4ttrear offentliga upphandlingar av bemannings- och rekryteringstj\u00e4nster."},{"@type":"BreadcrumbList","@id":"https:\/\/www.kompetensforetagen.se\/2022\/05\/ny-rapport-om-fortsatt-reform-av-arbetsformedlingen\/#breadcrumb","itemListElement":[{"@type":"ListItem","position":1,"name":"Home","item":"https:\/\/www.kompetensforetagen.se\/"},{"@type":"ListItem","position":2,"name":"Ny rapport om fortsatt reform av Arbetsf\u00f6rmedlingen"}]},{"@type":"WebSite","@id":"https:\/\/www.kompetensforetagen.se\/#website","url":"https:\/\/www.kompetensforetagen.se\/","name":"Kompetensf\u00f6retagen","description":"R\u00e4tt person p\u00e5 r\u00e4tt plats kan f\u00f6r\u00e4ndra v\u00e4rlden","publisher":{"@id":"https:\/\/www.kompetensforetagen.se\/#organization"},"potentialAction":[{"@type":"SearchAction","target":{"@type":"EntryPoint","urlTemplate":"https:\/\/www.kompetensforetagen.se\/?s={search_term_string}"},"query-input":{"@type":"PropertyValueSpecification","valueRequired":true,"valueName":"search_term_string"}}],"inLanguage":"sv-SE"},{"@type":"Organization","@id":"https:\/\/www.kompetensforetagen.se\/#organization","name":"Kompetensf\u00f6retagen","url":"https:\/\/www.kompetensforetagen.se\/","logo":{"@type":"ImageObject","inLanguage":"sv-SE","@id":"https:\/\/www.kompetensforetagen.se\/#\/schema\/logo\/image\/","url":"https:\/\/www.kompetensforetagen.se\/app\/uploads\/sites\/5\/2022\/10\/logga_svart.png","contentUrl":"https:\/\/www.kompetensforetagen.se\/app\/uploads\/sites\/5\/2022\/10\/logga_svart.png","width":752,"height":64,"caption":"Kompetensf\u00f6retagen"},"image":{"@id":"https:\/\/www.kompetensforetagen.se\/#\/schema\/logo\/image\/"},"sameAs":["https:\/\/www.linkedin.com\/company\/10540032\/"]},{"@type":"Person","@id":"","url":"https:\/\/www.kompetensforetagen.se\/person\/"}]}},"_links":{"self":[{"href":"https:\/\/www.kompetensforetagen.se\/api\/wp\/v2\/posts\/9324","targetHints":{"allow":["GET"]}}],"collection":[{"href":"https:\/\/www.kompetensforetagen.se\/api\/wp\/v2\/posts"}],"about":[{"href":"https:\/\/www.kompetensforetagen.se\/api\/wp\/v2\/types\/post"}],"author":[{"embeddable":true,"href":"https:\/\/www.kompetensforetagen.se\/api\/wp\/v2\/users\/6358"}],"replies":[{"embeddable":true,"href":"https:\/\/www.kompetensforetagen.se\/api\/wp\/v2\/comments?post=9324"}],"version-history":[{"count":1,"href":"https:\/\/www.kompetensforetagen.se\/api\/wp\/v2\/posts\/9324\/revisions"}],"predecessor-version":[{"id":14629,"href":"https:\/\/www.kompetensforetagen.se\/api\/wp\/v2\/posts\/9324\/revisions\/14629"}],"wp:featuredmedia":[{"embeddable":true,"href":"https:\/\/www.kompetensforetagen.se\/api\/wp\/v2\/media\/9325"}],"wp:attachment":[{"href":"https:\/\/www.kompetensforetagen.se\/api\/wp\/v2\/media?parent=9324"}],"wp:term":[{"taxonomy":"category","embeddable":true,"href":"https:\/\/www.kompetensforetagen.se\/api\/wp\/v2\/categories?post=9324"},{"taxonomy":"post_tag","embeddable":true,"href":"https:\/\/www.kompetensforetagen.se\/api\/wp\/v2\/tags?post=9324"},{"taxonomy":"type","embeddable":true,"href":"https:\/\/www.kompetensforetagen.se\/api\/wp\/v2\/article_type?post=9324"},{"taxonomy":"agreement","embeddable":true,"href":"https:\/\/www.kompetensforetagen.se\/api\/wp\/v2\/agreement?post=9324"},{"taxonomy":"for-members","embeddable":true,"href":"https:\/\/www.kompetensforetagen.se\/api\/wp\/v2\/for-members?post=9324"}],"curies":[{"name":"wp","href":"https:\/\/api.w.org\/{rel}","templated":true}]}}