{"id":9322,"date":"2022-05-04T12:37:57","date_gmt":"2022-05-04T10:37:57","guid":{"rendered":"https:\/\/www.kompetensforetagen.se\/?p=9322"},"modified":"2025-12-15T11:41:58","modified_gmt":"2025-12-15T10:41:58","slug":"korrigeringar-i-arsrapport-2021","status":"publish","type":"post","link":"https:\/\/www.kompetensforetagen.se\/2022\/05\/korrigeringar-i-arsrapport-2021\/","title":{"rendered":"Korrigeringar i \u00e5rs&shy;rapport 2021"},"content":{"rendered":"\n<p>I \u00e5rsrapporten 2021 som publicerades 21 mars i \u00e5r saknades medlemsf\u00f6retaget Jobandtalent. N\u00e4r detta uppm\u00e4rksammats har en omr\u00e4kning av de olika topplistorna genomf\u00f6rts, vilket lett till f\u00f6r\u00e4ndringar i listorna Topplista totalt, Topplista blue collar, Topplista white collar samt Mellansverige. Den totala oms\u00e4ttningen f\u00f6r branschen p\u00e5verkas dock inte.<\/p>\n\n\n\n<p>Som en f\u00f6ljd av korrigeringarna har tv\u00e5 f\u00f6retag som tidigare fanns med hamnat utanf\u00f6r topplistorna. De finns p\u00e5 en vanligtvis inte synlig plats 26.<\/p>\n\n\n\n<p>Information om f\u00f6r\u00e4ndringarna finns \u00e4ven i fotnoter till respektive lista, och ber\u00f6rda f\u00f6retag har informerats. Kompetensf\u00f6retagen beklagar misstaget, och h\u00e5ller p\u00e5 med en \u00f6versyn f\u00f6r att s\u00e4kra statistiken fram\u00f6ver.<\/p>\n\n\n\n<p><a href=\"https:\/\/www.almega.se\/app\/uploads\/sites\/5\/2022\/05\/arsrapport_2021_07.pdf\">\u00c5rsrapport 2021 ny version maj&nbsp;<\/a><\/p>\n","protected":false},"excerpt":{"rendered":"<p>I \u00e5rsrapporten 2021 som publicerades 21 mars i \u00e5r saknades medlemsf\u00f6retaget Jobandtalent. N\u00e4r detta uppm\u00e4rksammats har en omr\u00e4kning av de olika topplistorna genomf\u00f6rts, vilket lett till f\u00f6r\u00e4ndringar i listorna Topplista totalt, Topplista blue collar, Topplista &hellip;<\/p>\n","protected":false},"author":6358,"featured_media":0,"comment_status":"closed","ping_status":"closed","sticky":false,"template":"","format":"standard","meta":{"_acf_changed":false,"footnotes":""},"categories":[15],"tags":[],"article_type":[8],"agreement":[],"for-members":[],"class_list":["post-9322","post","type-post","status-publish","format-standard","hentry","category-statistik","type-aktuellt"],"acf":[],"yoast_head":"<!-- This site is optimized with the Yoast SEO Premium plugin v26.8 (Yoast SEO v26.8) - https:\/\/yoast.com\/product\/yoast-seo-premium-wordpress\/ -->\n<title>Korrigeringar i \u00e5rsrapport 2021 - Kompetensf\u00f6retagen<\/title>\n<meta name=\"description\" content=\"Korrigeringar i \u00c5rsrapport 2021. Information om r\u00e4ttelser av statistik eller data i den publicerade \u00e5rsrapporten.\" \/>\n<meta name=\"robots\" content=\"index, follow, max-snippet:-1, max-image-preview:large, max-video-preview:-1\" \/>\n<link rel=\"canonical\" href=\"https:\/\/www.kompetensforetagen.se\/2022\/05\/korrigeringar-i-arsrapport-2021\/\" \/>\n<meta property=\"og:locale\" content=\"sv_SE\" \/>\n<meta property=\"og:type\" content=\"article\" \/>\n<meta property=\"og:title\" content=\"Korrigeringar i \u00e5rsrapport 2021\" \/>\n<meta property=\"og:description\" content=\"Korrigeringar i \u00c5rsrapport 2021. Information om r\u00e4ttelser av statistik eller data i den publicerade \u00e5rsrapporten.\" \/>\n<meta property=\"og:url\" content=\"https:\/\/www.kompetensforetagen.se\/2022\/05\/korrigeringar-i-arsrapport-2021\/\" \/>\n<meta property=\"og:site_name\" content=\"Kompetensf\u00f6retagen\" \/>\n<meta property=\"article:published_time\" content=\"2022-05-04T10:37:57+00:00\" \/>\n<meta property=\"article:modified_time\" content=\"2025-12-15T10:41:58+00:00\" \/>\n<meta name=\"twitter:card\" content=\"summary_large_image\" \/>\n<meta name=\"twitter:label1\" content=\"Skriven av\" \/>\n\t<meta name=\"twitter:data1\" content=\"\" \/>\n\t<meta name=\"twitter:label2\" content=\"Ber\u00e4knad l\u00e4stid\" \/>\n\t<meta name=\"twitter:data2\" content=\"1 minut\" \/>\n<!-- \/ Yoast SEO Premium plugin. -->","yoast_head_json":{"title":"Korrigeringar i \u00e5rsrapport 2021 - Kompetensf\u00f6retagen","description":"Korrigeringar i \u00c5rsrapport 2021. Information om r\u00e4ttelser av statistik eller data i den publicerade \u00e5rsrapporten.","robots":{"index":"index","follow":"follow","max-snippet":"max-snippet:-1","max-image-preview":"max-image-preview:large","max-video-preview":"max-video-preview:-1"},"canonical":"https:\/\/www.kompetensforetagen.se\/2022\/05\/korrigeringar-i-arsrapport-2021\/","og_locale":"sv_SE","og_type":"article","og_title":"Korrigeringar i \u00e5rsrapport 2021","og_description":"Korrigeringar i \u00c5rsrapport 2021. Information om r\u00e4ttelser av statistik eller data i den publicerade \u00e5rsrapporten.","og_url":"https:\/\/www.kompetensforetagen.se\/2022\/05\/korrigeringar-i-arsrapport-2021\/","og_site_name":"Kompetensf\u00f6retagen","article_published_time":"2022-05-04T10:37:57+00:00","article_modified_time":"2025-12-15T10:41:58+00:00","twitter_card":"summary_large_image","twitter_misc":{"Skriven av":"","Ber\u00e4knad l\u00e4stid":"1 minut"},"schema":{"@context":"https:\/\/schema.org","@graph":[{"@type":"Article","@id":"https:\/\/www.kompetensforetagen.se\/2022\/05\/korrigeringar-i-arsrapport-2021\/#article","isPartOf":{"@id":"https:\/\/www.kompetensforetagen.se\/2022\/05\/korrigeringar-i-arsrapport-2021\/"},"author":{"name":"","@id":""},"headline":"Korrigeringar i \u00e5rs&shy;rapport 2021","datePublished":"2022-05-04T10:37:57+00:00","dateModified":"2025-12-15T10:41:58+00:00","mainEntityOfPage":{"@id":"https:\/\/www.kompetensforetagen.se\/2022\/05\/korrigeringar-i-arsrapport-2021\/"},"wordCount":127,"publisher":{"@id":"https:\/\/www.kompetensforetagen.se\/#organization"},"articleSection":["Statistik"],"inLanguage":"sv-SE"},{"@type":"WebPage","@id":"https:\/\/www.kompetensforetagen.se\/2022\/05\/korrigeringar-i-arsrapport-2021\/","url":"https:\/\/www.kompetensforetagen.se\/2022\/05\/korrigeringar-i-arsrapport-2021\/","name":"Korrigeringar i \u00e5rsrapport 2021 - Kompetensf\u00f6retagen","isPartOf":{"@id":"https:\/\/www.kompetensforetagen.se\/#website"},"datePublished":"2022-05-04T10:37:57+00:00","dateModified":"2025-12-15T10:41:58+00:00","description":"Korrigeringar i \u00c5rsrapport 2021. Information om r\u00e4ttelser av statistik eller data i den publicerade \u00e5rsrapporten.","breadcrumb":{"@id":"https:\/\/www.kompetensforetagen.se\/2022\/05\/korrigeringar-i-arsrapport-2021\/#breadcrumb"},"inLanguage":"sv-SE","potentialAction":[{"@type":"ReadAction","target":["https:\/\/www.kompetensforetagen.se\/2022\/05\/korrigeringar-i-arsrapport-2021\/"]}]},{"@type":"BreadcrumbList","@id":"https:\/\/www.kompetensforetagen.se\/2022\/05\/korrigeringar-i-arsrapport-2021\/#breadcrumb","itemListElement":[{"@type":"ListItem","position":1,"name":"Home","item":"https:\/\/www.kompetensforetagen.se\/"},{"@type":"ListItem","position":2,"name":"Korrigeringar i \u00e5rs&shy;rapport 2021"}]},{"@type":"WebSite","@id":"https:\/\/www.kompetensforetagen.se\/#website","url":"https:\/\/www.kompetensforetagen.se\/","name":"Kompetensf\u00f6retagen","description":"R\u00e4tt person p\u00e5 r\u00e4tt plats kan f\u00f6r\u00e4ndra v\u00e4rlden","publisher":{"@id":"https:\/\/www.kompetensforetagen.se\/#organization"},"potentialAction":[{"@type":"SearchAction","target":{"@type":"EntryPoint","urlTemplate":"https:\/\/www.kompetensforetagen.se\/?s={search_term_string}"},"query-input":{"@type":"PropertyValueSpecification","valueRequired":true,"valueName":"search_term_string"}}],"inLanguage":"sv-SE"},{"@type":"Organization","@id":"https:\/\/www.kompetensforetagen.se\/#organization","name":"Kompetensf\u00f6retagen","url":"https:\/\/www.kompetensforetagen.se\/","logo":{"@type":"ImageObject","inLanguage":"sv-SE","@id":"https:\/\/www.kompetensforetagen.se\/#\/schema\/logo\/image\/","url":"https:\/\/www.kompetensforetagen.se\/app\/uploads\/sites\/5\/2022\/10\/logga_svart.png","contentUrl":"https:\/\/www.kompetensforetagen.se\/app\/uploads\/sites\/5\/2022\/10\/logga_svart.png","width":752,"height":64,"caption":"Kompetensf\u00f6retagen"},"image":{"@id":"https:\/\/www.kompetensforetagen.se\/#\/schema\/logo\/image\/"},"sameAs":["https:\/\/www.linkedin.com\/company\/10540032\/"]},{"@type":"Person","@id":"","url":"https:\/\/www.kompetensforetagen.se\/person\/"}]}},"_links":{"self":[{"href":"https:\/\/www.kompetensforetagen.se\/api\/wp\/v2\/posts\/9322","targetHints":{"allow":["GET"]}}],"collection":[{"href":"https:\/\/www.kompetensforetagen.se\/api\/wp\/v2\/posts"}],"about":[{"href":"https:\/\/www.kompetensforetagen.se\/api\/wp\/v2\/types\/post"}],"author":[{"embeddable":true,"href":"https:\/\/www.kompetensforetagen.se\/api\/wp\/v2\/users\/6358"}],"replies":[{"embeddable":true,"href":"https:\/\/www.kompetensforetagen.se\/api\/wp\/v2\/comments?post=9322"}],"version-history":[{"count":1,"href":"https:\/\/www.kompetensforetagen.se\/api\/wp\/v2\/posts\/9322\/revisions"}],"predecessor-version":[{"id":11644,"href":"https:\/\/www.kompetensforetagen.se\/api\/wp\/v2\/posts\/9322\/revisions\/11644"}],"wp:attachment":[{"href":"https:\/\/www.kompetensforetagen.se\/api\/wp\/v2\/media?parent=9322"}],"wp:term":[{"taxonomy":"category","embeddable":true,"href":"https:\/\/www.kompetensforetagen.se\/api\/wp\/v2\/categories?post=9322"},{"taxonomy":"post_tag","embeddable":true,"href":"https:\/\/www.kompetensforetagen.se\/api\/wp\/v2\/tags?post=9322"},{"taxonomy":"type","embeddable":true,"href":"https:\/\/www.kompetensforetagen.se\/api\/wp\/v2\/article_type?post=9322"},{"taxonomy":"agreement","embeddable":true,"href":"https:\/\/www.kompetensforetagen.se\/api\/wp\/v2\/agreement?post=9322"},{"taxonomy":"for-members","embeddable":true,"href":"https:\/\/www.kompetensforetagen.se\/api\/wp\/v2\/for-members?post=9322"}],"curies":[{"name":"wp","href":"https:\/\/api.w.org\/{rel}","templated":true}]}}