{"id":9280,"date":"2022-04-19T11:53:36","date_gmt":"2022-04-19T09:53:36","guid":{"rendered":"https:\/\/www.kompetensforetagen.se\/?p=9280"},"modified":"2023-07-13T15:25:56","modified_gmt":"2023-07-13T13:25:56","slug":"som-ekonomikonsult-lar-cecilia-kanna-foretagen-inifran","status":"publish","type":"post","link":"https:\/\/www.kompetensforetagen.se\/2022\/04\/som-ekonomikonsult-lar-cecilia-kanna-foretagen-inifran\/","title":{"rendered":"Som ekonomikonsult l\u00e4r Cecilia k\u00e4nna f\u00f6retagen inifr\u00e5n"},"content":{"rendered":"\n<p>Cecilia Thunberg har l\u00e5ng erfarenhet av att jobba med ekonomiansvar. N\u00e4r hon jobbat som ekonomichef och vice vd inom livsmedelsbranschen i 20 \u00e5r best\u00e4mde hon sig f\u00f6r att starta eget som ekonomikonsult. Efter ett par \u00e5r kom hon via ett tips p\u00e5 Linkedin i kontakt med &nbsp;auktoriserade rekryterings- och bemanningsf\u00f6retag <a href=\"https:\/\/www.serveoffice.se\/17\/7\/om-oss\/\" target=\"_blank\" rel=\"noopener\">Serveoffices<\/a> vd som s\u00f6kte en tillf\u00e4llig l\u00f6sning f\u00f6r ett uppdrag. Det passade bra med den bel\u00e4ggning Cecilia hade i det egna f\u00f6retaget. Idag \u00e4r hon kvar hos samma kundf\u00f6retag, och har f\u00e5tt fler uppdrag via Serveoffice, \u00e4ven om det egna f\u00f6retaget finns kvar vid sidan av.<\/p>\n\n\n\n<p>-N\u00e4r jag b\u00f6rjade p\u00e5 Serveoffice skulle jag vara en interiml\u00f6sning under tre m\u00e5nader hos en kund som ekonomiansvarig. Men sen blev jag kvar lite l\u00e4ngre, det var bra att jag fick en b\u00e4ttre helhetsbild inf\u00f6r \u00f6verl\u00e4mningen. Och s\u00e5 var de n\u00f6jda s\u00e5 nu \u00e4r jag fortfarande kvar, 1,5 \u00e5r senare.<\/p>\n\n\n\n<p>N\u00e4r Cecilia b\u00f6rjade jobba hos Serveoffice var tanken att det skulle vara ett heltidsuppdrag. Av olika anledningar, bland annat effekter av hemarbete under pandemin, visade det sig finnas tid \u00f6ver och efter ett \u00e5r b\u00f6rjade Cecilia \u00e4ven jobba som ekonomikonsult hos ytterligare tv\u00e5 f\u00f6retag. Cecilia uppskattar variationen och tycker det \u00e4r sp\u00e4nnande med den insyn man f\u00e5r i ett f\u00f6retag via ekonomin.<\/p>\n\n\n\n<blockquote class=\"wp-block-quote is-layout-flow wp-block-quote-is-layout-flow\">\n<p>Jag tycker fortfarande jag l\u00e4r mig saker hela tiden, det ger energi<\/p>\n<\/blockquote>\n\n\n\n<h3 class=\"wp-block-heading\">Inte siffrorna, utan att l\u00e4ra k\u00e4nna f\u00f6retaget som lockar<\/h3>\n\n\n\n<p>Cecilia ber\u00e4ttar att hon egentligen inte \u00e4lskar bokf\u00f6ring, vilket man kanske kan tro. Det hon tycker \u00e4r kul \u00e4r hur man genom att hantera ekonomin f\u00e5r l\u00e4ra k\u00e4nna ett f\u00f6retag p\u00e5 ett transparent s\u00e4tt.<\/p>\n\n\n\n<p>-Jag var gymnasieekonom och hade b\u00f6rjat l\u00e4sa juridik, men n\u00e4r jag skulle skriva uppsatsen fick jag jobb som ekonom ist\u00e4llet och s\u00e5 fastnade jag helt enkelt. Det h\u00e4nde s\u00e5 mycket och var s\u00e5 roligt. Det som \u00e4r kul med ekonomi \u00e4r att det \u00e4r ett bra s\u00e4tt att l\u00e4ra k\u00e4nna ett f\u00f6retag. Det r\u00e4cker att man l\u00e4ser en balansr\u00e4kning s\u00e5 har man bra inblick i f\u00f6retaget. Genom siffrorna kan man se sammanhang, strukturer och jobba analytiskt. Det \u00e4r det jag tycker \u00e4r kul.<\/p>\n\n\n\n<h3 class=\"wp-block-heading\">Som ekonomikonsult \u00f6kar variationen<\/h3>\n\n\n\n<p>Att jobba p\u00e5 flera f\u00f6retag och att de s\u00e5 sm\u00e5ningom byts ut passar Cecilia, just nu \u00e4r hon v\u00e4ldigt n\u00f6jd med <a href=\"https:\/\/www.kompetensforetagen.se\/att-jobba-som-bemanningskonsult\/\" target=\"_blank\" rel=\"noopener\">att vara konsult<\/a>.<\/p>\n\n\n\n<p>-Jag tycker fortfarande jag l\u00e4r mig saker hela tiden, det ger energi. \u00c4r man p\u00e5 samma f\u00f6retag i 20 \u00e5r blir det inte samma utmaning. Det \u00e4r kul att se nya bolag och hur de \u00e4r uppbyggda och vilken struktur de har. Det \u00e4r s\u00e5klart utmanande, men k\u00e4nns d\u00e5 extra sk\u00f6nt n\u00e4r man \u00e4r klar med ett bokslut eller f\u00e5tt in en forecast som man jobbat p\u00e5.<\/p>\n\n\n\n<figure class=\"wp-block-table\"><table class=\"has-secondary-background-color has-background\"><tbody><tr><td><strong>Namn: <\/strong>Cecilia Thunberg \u00a0<br><strong>\u00c5lder: <\/strong>57<br><strong>Ort: <\/strong>Sollentuna<br><strong>Konsultf\u00f6retag: <\/strong><a href=\"https:\/\/www.serveoffice.se\/\" target=\"_blank\" rel=\"noreferrer noopener\">Serveoffice<\/a><br><strong>Kundf\u00f6retag: <\/strong>Flera olika<br><strong>Tj\u00e4nst: <\/strong>Ekonomiansvarig och ekonomist\u00f6d<br><strong>G\u00f6r helst p\u00e5 fritiden: <\/strong>Promenerar, tr\u00e4nar eller umg\u00e5s med v\u00e4nner och familj.<br><\/td><\/tr><\/tbody><\/table><\/figure>\n","protected":false},"excerpt":{"rendered":"<p>Cecilia Thunberg har l\u00e5ng erfarenhet av att jobba med ekonomiansvar. N\u00e4r hon jobbat som ekonomichef och vice vd inom livsmedelsbranschen i 20 \u00e5r best\u00e4mde hon sig f\u00f6r att starta eget som ekonomikonsult. Efter ett par &hellip;<\/p>\n","protected":false},"author":6358,"featured_media":9286,"comment_status":"closed","ping_status":"closed","sticky":false,"template":"","format":"standard","meta":{"_acf_changed":false,"footnotes":""},"categories":[204],"tags":[],"article_type":[8],"agreement":[],"for-members":[],"class_list":["post-9280","post","type-post","status-publish","format-standard","has-post-thumbnail","hentry","category-konsult","type-aktuellt"],"acf":[],"yoast_head":"<!-- This site is optimized with the Yoast SEO Premium plugin v26.8 (Yoast SEO v26.8) - https:\/\/yoast.com\/product\/yoast-seo-premium-wordpress\/ -->\n<title>Som ekonomikonsult l\u00e4r Cecilia k\u00e4nna f\u00f6retagen inifr\u00e5n<\/title>\n<meta name=\"description\" content=\"Cecilia Thunstr\u00f6m uppskattar variationen som ekonomikonsult och tycker det \u00e4r sp\u00e4nnande med den insyn man f\u00e5r i ett f\u00f6retag via ekonomin.\" \/>\n<meta name=\"robots\" content=\"index, follow, max-snippet:-1, max-image-preview:large, max-video-preview:-1\" \/>\n<link rel=\"canonical\" href=\"https:\/\/www.kompetensforetagen.se\/2022\/04\/som-ekonomikonsult-lar-cecilia-kanna-foretagen-inifran\/\" \/>\n<meta property=\"og:locale\" content=\"sv_SE\" \/>\n<meta property=\"og:type\" content=\"article\" \/>\n<meta property=\"og:title\" content=\"Som ekonomikonsult l\u00e4r Cecilia k\u00e4nna f\u00f6retagen inifr\u00e5n\" \/>\n<meta property=\"og:description\" content=\"Cecilia Thunstr\u00f6m uppskattar variationen som ekonomikonsult och tycker det \u00e4r sp\u00e4nnande med den insyn man f\u00e5r i ett f\u00f6retag via ekonomin.\" \/>\n<meta property=\"og:url\" content=\"https:\/\/www.kompetensforetagen.se\/2022\/04\/som-ekonomikonsult-lar-cecilia-kanna-foretagen-inifran\/\" \/>\n<meta property=\"og:site_name\" content=\"Kompetensf\u00f6retagen\" \/>\n<meta property=\"article:published_time\" content=\"2022-04-19T09:53:36+00:00\" \/>\n<meta property=\"article:modified_time\" content=\"2023-07-13T13:25:56+00:00\" \/>\n<meta property=\"og:image\" content=\"https:\/\/www.kompetensforetagen.se\/app\/uploads\/sites\/5\/2022\/04\/cecilia-thunstrom.jpg\" \/>\n\t<meta property=\"og:image:width\" content=\"480\" \/>\n\t<meta property=\"og:image:height\" content=\"640\" \/>\n\t<meta property=\"og:image:type\" content=\"image\/jpeg\" \/>\n<meta name=\"twitter:card\" content=\"summary_large_image\" \/>\n<meta name=\"twitter:label1\" content=\"Skriven av\" \/>\n\t<meta name=\"twitter:data1\" content=\"\" \/>\n\t<meta name=\"twitter:label2\" content=\"Ber\u00e4knad l\u00e4stid\" \/>\n\t<meta name=\"twitter:data2\" content=\"3 minuter\" \/>\n<!-- \/ Yoast SEO Premium plugin. -->","yoast_head_json":{"title":"Som ekonomikonsult l\u00e4r Cecilia k\u00e4nna f\u00f6retagen inifr\u00e5n","description":"Cecilia Thunstr\u00f6m uppskattar variationen som ekonomikonsult och tycker det \u00e4r sp\u00e4nnande med den insyn man f\u00e5r i ett f\u00f6retag via ekonomin.","robots":{"index":"index","follow":"follow","max-snippet":"max-snippet:-1","max-image-preview":"max-image-preview:large","max-video-preview":"max-video-preview:-1"},"canonical":"https:\/\/www.kompetensforetagen.se\/2022\/04\/som-ekonomikonsult-lar-cecilia-kanna-foretagen-inifran\/","og_locale":"sv_SE","og_type":"article","og_title":"Som ekonomikonsult l\u00e4r Cecilia k\u00e4nna f\u00f6retagen inifr\u00e5n","og_description":"Cecilia Thunstr\u00f6m uppskattar variationen som ekonomikonsult och tycker det \u00e4r sp\u00e4nnande med den insyn man f\u00e5r i ett f\u00f6retag via ekonomin.","og_url":"https:\/\/www.kompetensforetagen.se\/2022\/04\/som-ekonomikonsult-lar-cecilia-kanna-foretagen-inifran\/","og_site_name":"Kompetensf\u00f6retagen","article_published_time":"2022-04-19T09:53:36+00:00","article_modified_time":"2023-07-13T13:25:56+00:00","og_image":[{"width":480,"height":640,"url":"https:\/\/www.kompetensforetagen.se\/app\/uploads\/sites\/5\/2022\/04\/cecilia-thunstrom.jpg","type":"image\/jpeg"}],"twitter_card":"summary_large_image","twitter_misc":{"Skriven av":"","Ber\u00e4knad l\u00e4stid":"3 minuter"},"schema":{"@context":"https:\/\/schema.org","@graph":[{"@type":"Article","@id":"https:\/\/www.kompetensforetagen.se\/2022\/04\/som-ekonomikonsult-lar-cecilia-kanna-foretagen-inifran\/#article","isPartOf":{"@id":"https:\/\/www.kompetensforetagen.se\/2022\/04\/som-ekonomikonsult-lar-cecilia-kanna-foretagen-inifran\/"},"author":{"name":"","@id":""},"headline":"Som ekonomikonsult l\u00e4r Cecilia k\u00e4nna f\u00f6retagen inifr\u00e5n","datePublished":"2022-04-19T09:53:36+00:00","dateModified":"2023-07-13T13:25:56+00:00","mainEntityOfPage":{"@id":"https:\/\/www.kompetensforetagen.se\/2022\/04\/som-ekonomikonsult-lar-cecilia-kanna-foretagen-inifran\/"},"wordCount":550,"publisher":{"@id":"https:\/\/www.kompetensforetagen.se\/#organization"},"image":{"@id":"https:\/\/www.kompetensforetagen.se\/2022\/04\/som-ekonomikonsult-lar-cecilia-kanna-foretagen-inifran\/#primaryimage"},"thumbnailUrl":"https:\/\/www.kompetensforetagen.se\/app\/uploads\/sites\/5\/2022\/04\/cecilia-thunstrom.jpg","articleSection":["Konsult"],"inLanguage":"sv-SE"},{"@type":"WebPage","@id":"https:\/\/www.kompetensforetagen.se\/2022\/04\/som-ekonomikonsult-lar-cecilia-kanna-foretagen-inifran\/","url":"https:\/\/www.kompetensforetagen.se\/2022\/04\/som-ekonomikonsult-lar-cecilia-kanna-foretagen-inifran\/","name":"Som ekonomikonsult l\u00e4r Cecilia k\u00e4nna f\u00f6retagen inifr\u00e5n","isPartOf":{"@id":"https:\/\/www.kompetensforetagen.se\/#website"},"primaryImageOfPage":{"@id":"https:\/\/www.kompetensforetagen.se\/2022\/04\/som-ekonomikonsult-lar-cecilia-kanna-foretagen-inifran\/#primaryimage"},"image":{"@id":"https:\/\/www.kompetensforetagen.se\/2022\/04\/som-ekonomikonsult-lar-cecilia-kanna-foretagen-inifran\/#primaryimage"},"thumbnailUrl":"https:\/\/www.kompetensforetagen.se\/app\/uploads\/sites\/5\/2022\/04\/cecilia-thunstrom.jpg","datePublished":"2022-04-19T09:53:36+00:00","dateModified":"2023-07-13T13:25:56+00:00","description":"Cecilia Thunstr\u00f6m uppskattar variationen som ekonomikonsult och tycker det \u00e4r sp\u00e4nnande med den insyn man f\u00e5r i ett f\u00f6retag via ekonomin.","breadcrumb":{"@id":"https:\/\/www.kompetensforetagen.se\/2022\/04\/som-ekonomikonsult-lar-cecilia-kanna-foretagen-inifran\/#breadcrumb"},"inLanguage":"sv-SE","potentialAction":[{"@type":"ReadAction","target":["https:\/\/www.kompetensforetagen.se\/2022\/04\/som-ekonomikonsult-lar-cecilia-kanna-foretagen-inifran\/"]}]},{"@type":"ImageObject","inLanguage":"sv-SE","@id":"https:\/\/www.kompetensforetagen.se\/2022\/04\/som-ekonomikonsult-lar-cecilia-kanna-foretagen-inifran\/#primaryimage","url":"https:\/\/www.kompetensforetagen.se\/app\/uploads\/sites\/5\/2022\/04\/cecilia-thunstrom.jpg","contentUrl":"https:\/\/www.kompetensforetagen.se\/app\/uploads\/sites\/5\/2022\/04\/cecilia-thunstrom.jpg","width":480,"height":640,"caption":"Cecilia Thunstr\u00f6m, expert p\u00e5 kompetensf\u00f6rs\u00f6rjning."},{"@type":"BreadcrumbList","@id":"https:\/\/www.kompetensforetagen.se\/2022\/04\/som-ekonomikonsult-lar-cecilia-kanna-foretagen-inifran\/#breadcrumb","itemListElement":[{"@type":"ListItem","position":1,"name":"Home","item":"https:\/\/www.kompetensforetagen.se\/"},{"@type":"ListItem","position":2,"name":"Som ekonomikonsult l\u00e4r Cecilia k\u00e4nna f\u00f6retagen inifr\u00e5n"}]},{"@type":"WebSite","@id":"https:\/\/www.kompetensforetagen.se\/#website","url":"https:\/\/www.kompetensforetagen.se\/","name":"Kompetensf\u00f6retagen","description":"R\u00e4tt person p\u00e5 r\u00e4tt plats kan f\u00f6r\u00e4ndra v\u00e4rlden","publisher":{"@id":"https:\/\/www.kompetensforetagen.se\/#organization"},"potentialAction":[{"@type":"SearchAction","target":{"@type":"EntryPoint","urlTemplate":"https:\/\/www.kompetensforetagen.se\/?s={search_term_string}"},"query-input":{"@type":"PropertyValueSpecification","valueRequired":true,"valueName":"search_term_string"}}],"inLanguage":"sv-SE"},{"@type":"Organization","@id":"https:\/\/www.kompetensforetagen.se\/#organization","name":"Kompetensf\u00f6retagen","url":"https:\/\/www.kompetensforetagen.se\/","logo":{"@type":"ImageObject","inLanguage":"sv-SE","@id":"https:\/\/www.kompetensforetagen.se\/#\/schema\/logo\/image\/","url":"https:\/\/www.kompetensforetagen.se\/app\/uploads\/sites\/5\/2022\/10\/logga_svart.png","contentUrl":"https:\/\/www.kompetensforetagen.se\/app\/uploads\/sites\/5\/2022\/10\/logga_svart.png","width":752,"height":64,"caption":"Kompetensf\u00f6retagen"},"image":{"@id":"https:\/\/www.kompetensforetagen.se\/#\/schema\/logo\/image\/"},"sameAs":["https:\/\/www.linkedin.com\/company\/10540032\/"]},{"@type":"Person","@id":"","url":"https:\/\/www.kompetensforetagen.se\/person\/"}]}},"_links":{"self":[{"href":"https:\/\/www.kompetensforetagen.se\/api\/wp\/v2\/posts\/9280","targetHints":{"allow":["GET"]}}],"collection":[{"href":"https:\/\/www.kompetensforetagen.se\/api\/wp\/v2\/posts"}],"about":[{"href":"https:\/\/www.kompetensforetagen.se\/api\/wp\/v2\/types\/post"}],"author":[{"embeddable":true,"href":"https:\/\/www.kompetensforetagen.se\/api\/wp\/v2\/users\/6358"}],"replies":[{"embeddable":true,"href":"https:\/\/www.kompetensforetagen.se\/api\/wp\/v2\/comments?post=9280"}],"version-history":[{"count":1,"href":"https:\/\/www.kompetensforetagen.se\/api\/wp\/v2\/posts\/9280\/revisions"}],"predecessor-version":[{"id":14628,"href":"https:\/\/www.kompetensforetagen.se\/api\/wp\/v2\/posts\/9280\/revisions\/14628"}],"wp:featuredmedia":[{"embeddable":true,"href":"https:\/\/www.kompetensforetagen.se\/api\/wp\/v2\/media\/9286"}],"wp:attachment":[{"href":"https:\/\/www.kompetensforetagen.se\/api\/wp\/v2\/media?parent=9280"}],"wp:term":[{"taxonomy":"category","embeddable":true,"href":"https:\/\/www.kompetensforetagen.se\/api\/wp\/v2\/categories?post=9280"},{"taxonomy":"post_tag","embeddable":true,"href":"https:\/\/www.kompetensforetagen.se\/api\/wp\/v2\/tags?post=9280"},{"taxonomy":"type","embeddable":true,"href":"https:\/\/www.kompetensforetagen.se\/api\/wp\/v2\/article_type?post=9280"},{"taxonomy":"agreement","embeddable":true,"href":"https:\/\/www.kompetensforetagen.se\/api\/wp\/v2\/agreement?post=9280"},{"taxonomy":"for-members","embeddable":true,"href":"https:\/\/www.kompetensforetagen.se\/api\/wp\/v2\/for-members?post=9280"}],"curies":[{"name":"wp","href":"https:\/\/api.w.org\/{rel}","templated":true}]}}