{"id":9255,"date":"2022-04-05T08:52:46","date_gmt":"2022-04-05T06:52:46","guid":{"rendered":"https:\/\/www.kompetensforetagen.se\/?p=9255"},"modified":"2023-07-13T15:09:10","modified_gmt":"2023-07-13T13:09:10","slug":"nytt-rorande-tillgang-till-kompetensforetagens-allmanna-bestammelser","status":"publish","type":"post","link":"https:\/\/www.kompetensforetagen.se\/2022\/04\/nytt-rorande-tillgang-till-kompetensforetagens-allmanna-bestammelser\/","title":{"rendered":"Nytt r\u00f6rande tillg\u00e5ng till Kompetens&shy;f\u00f6retagens allm\u00e4nna best\u00e4mmelser"},"content":{"rendered":"\n<p>Fr\u00e5n den 10 april \u00e4ndras f\u00f6ruts\u00e4ttningarna r\u00f6rande tillg\u00e5ng till Kompetensf\u00f6retagens allm\u00e4nna best\u00e4mmelser. Kompetensf\u00f6retagen erbjuder allm\u00e4nna best\u00e4mmelser f\u00f6r bemanning, omst\u00e4llning och rekrytering, som sedan m\u00e5nga \u00e5r en stark st\u00e4llning i Sverige. De \u00e4r anpassade efter branschens speciella f\u00f6ruts\u00e4ttningar, och inneh\u00e5ller beskrivningar av bland annat uppdragens omfattning, pris, arbetsledning och arbetsmilj\u00f6ansvar. Ett grundl\u00e4ggande syfte med v\u00e5ra allm\u00e4nna best\u00e4mmelser \u00e4r att skapa en rimlig balans i f\u00f6rh\u00e5llandet mellan leverans och pris. De ger ocks\u00e5 tydlighet och klara riktlinjer \u2013 kanske det b\u00e4sta s\u00e4ttet att f\u00f6rhindra en tvist mellan parter! Att f\u00f6lja de allm\u00e4nna best\u00e4mmelserna \u2013 minst &#8211; \u00e4r ett villkor f\u00f6r <a href=\"https:\/\/www.kompetensforetagen.se\/medlemskap\/\" target=\"_blank\" rel=\"noopener\">medlemskap<\/a> och d\u00e4rmed \u00e4ven f\u00f6r auktorisation i Kompetensf\u00f6retagen.<\/p>\n\n\n\n<h3 class=\"wp-block-heading\">Fortsatt kostnadsfritt f\u00f6r medlemmar<\/h3>\n\n\n\n<p>De allm\u00e4nna best\u00e4mmelserna har funnits tillg\u00e4ngliga f\u00f6r alla att ladda ned p\u00e5 Kompetensf\u00f6retagens webbplats utan kostnad, men detta \u00e4ndras fr\u00e5n och med 10 april. Medlemmar kommer forts\u00e4ttningsvis att gratis kunna ladda ned dem, men f\u00f6r de f\u00f6retag som inte \u00e4r medlemmar i Kompetensf\u00f6retagen inf\u00f6rs nu en \u00e5rlig prenumerationskostnad p\u00e5 5&nbsp;000 kronor.<\/p>\n\n\n\n<h3 class=\"wp-block-heading\">Vad h\u00e4nder nu?<\/h3>\n\n\n\n<p>Sidan f\u00f6r allm\u00e4nna best\u00e4mmelser p\u00e5 kompetensforetagen.se kommer att finnas kvar, men de allm\u00e4nna best\u00e4mmelserna tas bort den 10 april. Efter det finner du en l\u00e4nk till <a href=\"https:\/\/butik.kompetensforetagen.se\/\" target=\"_blank\" rel=\"noopener\">v\u00e5r webbshop<\/a> d\u00e4r allts\u00e5 medlemmar kostnadsfritt kan ladda ned de allm\u00e4nna best\u00e4mmelserna, och icke medlemmar teckna sig f\u00f6r prenumeration.<\/p>\n\n\n\n<h3 class=\"wp-block-heading\">Varf\u00f6r kostar de f\u00f6r ickemedlemmar?<\/h3>\n\n\n\n<p>I medlemskapet i Kompetensf\u00f6retagen ing\u00e5r flertalet medlemsf\u00f6rm\u00e5ner som till exempel fri nedladdning av de allm\u00e4nna best\u00e4mmelserna. F\u00f6r icke medlemmar som vill <a href=\"https:\/\/butik.kompetensforetagen.se\/produktkategori\/prenumeration-allmanna\/\" target=\"_blank\" rel=\"noopener\">prenumerera p\u00e5 de allm\u00e4nna best\u00e4mmelserna<\/a> \u00e4r kostnaden 5 000 kronor per \u00e5r.<\/p>\n\n\n\n<h3 class=\"wp-block-heading\">Hur funkar prenumerationen?<\/h3>\n\n\n\n<p>Man k\u00f6per en <a href=\"https:\/\/butik.kompetensforetagen.se\/produktkategori\/prenumeration-allmanna\/\" target=\"_blank\" rel=\"noopener\">prenumeration<\/a> i Kompetensf\u00f6retagens webbshop. Prenumerationen ger alla i f\u00f6retaget tillg\u00e5ng till Kompetensf\u00f6retagens dokument digitalt.<\/p>\n","protected":false},"excerpt":{"rendered":"<p>Fr\u00e5n den 10 april \u00e4ndras f\u00f6ruts\u00e4ttningarna r\u00f6rande tillg\u00e5ng till Kompetensf\u00f6retagens allm\u00e4nna best\u00e4mmelser. Kompetensf\u00f6retagen erbjuder allm\u00e4nna best\u00e4mmelser f\u00f6r bemanning, omst\u00e4llning och rekrytering, som sedan m\u00e5nga \u00e5r en stark st\u00e4llning i Sverige. De \u00e4r anpassade efter branschens &hellip;<\/p>\n","protected":false},"author":6358,"featured_media":6427,"comment_status":"closed","ping_status":"closed","sticky":false,"template":"","format":"standard","meta":{"_acf_changed":false,"footnotes":""},"categories":[1],"tags":[],"article_type":[8],"agreement":[],"for-members":[],"class_list":["post-9255","post","type-post","status-publish","format-standard","has-post-thumbnail","hentry","category-okategoriserade","type-aktuellt"],"acf":[],"yoast_head":"<!-- This site is optimized with the Yoast SEO Premium plugin v26.8 (Yoast SEO v26.8) - https:\/\/yoast.com\/product\/yoast-seo-premium-wordpress\/ -->\n<title>Nytt r\u00f6rande tillg\u00e5ng till Kompetensf\u00f6retagens allm\u00e4nna best\u00e4mmelser<\/title>\n<meta name=\"description\" content=\"Medlemmar har fortsatt kostnadsfri tillg\u00e5ng till Kompetensf\u00f6retagens allm\u00e4nna best\u00e4mmelser, och f\u00f6r andra finns m\u00f6jlighet att prenumerera.\" \/>\n<meta name=\"robots\" content=\"index, follow, max-snippet:-1, max-image-preview:large, max-video-preview:-1\" \/>\n<link rel=\"canonical\" href=\"https:\/\/www.kompetensforetagen.se\/2022\/04\/nytt-rorande-tillgang-till-kompetensforetagens-allmanna-bestammelser\/\" \/>\n<meta property=\"og:locale\" content=\"sv_SE\" \/>\n<meta property=\"og:type\" content=\"article\" \/>\n<meta property=\"og:title\" content=\"Nytt r\u00f6rande tillg\u00e5ng till Kompetensf\u00f6retagens allm\u00e4nna best\u00e4mmelser\" \/>\n<meta property=\"og:description\" content=\"Medlemmar har fortsatt kostnadsfri tillg\u00e5ng till Kompetensf\u00f6retagens allm\u00e4nna best\u00e4mmelser, och f\u00f6r andra finns m\u00f6jlighet att prenumerera.\" \/>\n<meta property=\"og:url\" content=\"https:\/\/www.kompetensforetagen.se\/2022\/04\/nytt-rorande-tillgang-till-kompetensforetagens-allmanna-bestammelser\/\" \/>\n<meta property=\"og:site_name\" content=\"Kompetensf\u00f6retagen\" \/>\n<meta property=\"article:published_time\" content=\"2022-04-05T06:52:46+00:00\" \/>\n<meta property=\"article:modified_time\" content=\"2023-07-13T13:09:10+00:00\" \/>\n<meta property=\"og:image\" content=\"https:\/\/www.kompetensforetagen.se\/app\/uploads\/sites\/5\/2021\/02\/business-962359_1920.jpg\" \/>\n\t<meta property=\"og:image:width\" content=\"1920\" \/>\n\t<meta property=\"og:image:height\" content=\"1440\" \/>\n\t<meta property=\"og:image:type\" content=\"image\/jpeg\" \/>\n<meta name=\"twitter:card\" content=\"summary_large_image\" \/>\n<meta name=\"twitter:label1\" content=\"Skriven av\" \/>\n\t<meta name=\"twitter:data1\" content=\"\" \/>\n\t<meta name=\"twitter:label2\" content=\"Ber\u00e4knad l\u00e4stid\" \/>\n\t<meta name=\"twitter:data2\" content=\"2 minuter\" \/>\n<!-- \/ Yoast SEO Premium plugin. -->","yoast_head_json":{"title":"Nytt r\u00f6rande tillg\u00e5ng till Kompetensf\u00f6retagens allm\u00e4nna best\u00e4mmelser","description":"Medlemmar har fortsatt kostnadsfri tillg\u00e5ng till Kompetensf\u00f6retagens allm\u00e4nna best\u00e4mmelser, och f\u00f6r andra finns m\u00f6jlighet att prenumerera.","robots":{"index":"index","follow":"follow","max-snippet":"max-snippet:-1","max-image-preview":"max-image-preview:large","max-video-preview":"max-video-preview:-1"},"canonical":"https:\/\/www.kompetensforetagen.se\/2022\/04\/nytt-rorande-tillgang-till-kompetensforetagens-allmanna-bestammelser\/","og_locale":"sv_SE","og_type":"article","og_title":"Nytt r\u00f6rande tillg\u00e5ng till Kompetensf\u00f6retagens allm\u00e4nna best\u00e4mmelser","og_description":"Medlemmar har fortsatt kostnadsfri tillg\u00e5ng till Kompetensf\u00f6retagens allm\u00e4nna best\u00e4mmelser, och f\u00f6r andra finns m\u00f6jlighet att prenumerera.","og_url":"https:\/\/www.kompetensforetagen.se\/2022\/04\/nytt-rorande-tillgang-till-kompetensforetagens-allmanna-bestammelser\/","og_site_name":"Kompetensf\u00f6retagen","article_published_time":"2022-04-05T06:52:46+00:00","article_modified_time":"2023-07-13T13:09:10+00:00","og_image":[{"width":1920,"height":1440,"url":"https:\/\/www.kompetensforetagen.se\/app\/uploads\/sites\/5\/2021\/02\/business-962359_1920.jpg","type":"image\/jpeg"}],"twitter_card":"summary_large_image","twitter_misc":{"Skriven av":"","Ber\u00e4knad l\u00e4stid":"2 minuter"},"schema":{"@context":"https:\/\/schema.org","@graph":[{"@type":"Article","@id":"https:\/\/www.kompetensforetagen.se\/2022\/04\/nytt-rorande-tillgang-till-kompetensforetagens-allmanna-bestammelser\/#article","isPartOf":{"@id":"https:\/\/www.kompetensforetagen.se\/2022\/04\/nytt-rorande-tillgang-till-kompetensforetagens-allmanna-bestammelser\/"},"author":{"name":"","@id":""},"headline":"Nytt r\u00f6rande tillg\u00e5ng till Kompetens&shy;f\u00f6retagens allm\u00e4nna best\u00e4mmelser","datePublished":"2022-04-05T06:52:46+00:00","dateModified":"2023-07-13T13:09:10+00:00","mainEntityOfPage":{"@id":"https:\/\/www.kompetensforetagen.se\/2022\/04\/nytt-rorande-tillgang-till-kompetensforetagens-allmanna-bestammelser\/"},"wordCount":348,"publisher":{"@id":"https:\/\/www.kompetensforetagen.se\/#organization"},"image":{"@id":"https:\/\/www.kompetensforetagen.se\/2022\/04\/nytt-rorande-tillgang-till-kompetensforetagens-allmanna-bestammelser\/#primaryimage"},"thumbnailUrl":"https:\/\/www.kompetensforetagen.se\/app\/uploads\/sites\/5\/2021\/02\/business-962359_1920.jpg","inLanguage":"sv-SE"},{"@type":"WebPage","@id":"https:\/\/www.kompetensforetagen.se\/2022\/04\/nytt-rorande-tillgang-till-kompetensforetagens-allmanna-bestammelser\/","url":"https:\/\/www.kompetensforetagen.se\/2022\/04\/nytt-rorande-tillgang-till-kompetensforetagens-allmanna-bestammelser\/","name":"Nytt r\u00f6rande tillg\u00e5ng till Kompetensf\u00f6retagens allm\u00e4nna best\u00e4mmelser","isPartOf":{"@id":"https:\/\/www.kompetensforetagen.se\/#website"},"primaryImageOfPage":{"@id":"https:\/\/www.kompetensforetagen.se\/2022\/04\/nytt-rorande-tillgang-till-kompetensforetagens-allmanna-bestammelser\/#primaryimage"},"image":{"@id":"https:\/\/www.kompetensforetagen.se\/2022\/04\/nytt-rorande-tillgang-till-kompetensforetagens-allmanna-bestammelser\/#primaryimage"},"thumbnailUrl":"https:\/\/www.kompetensforetagen.se\/app\/uploads\/sites\/5\/2021\/02\/business-962359_1920.jpg","datePublished":"2022-04-05T06:52:46+00:00","dateModified":"2023-07-13T13:09:10+00:00","description":"Medlemmar har fortsatt kostnadsfri tillg\u00e5ng till Kompetensf\u00f6retagens allm\u00e4nna best\u00e4mmelser, och f\u00f6r andra finns m\u00f6jlighet att prenumerera.","breadcrumb":{"@id":"https:\/\/www.kompetensforetagen.se\/2022\/04\/nytt-rorande-tillgang-till-kompetensforetagens-allmanna-bestammelser\/#breadcrumb"},"inLanguage":"sv-SE","potentialAction":[{"@type":"ReadAction","target":["https:\/\/www.kompetensforetagen.se\/2022\/04\/nytt-rorande-tillgang-till-kompetensforetagens-allmanna-bestammelser\/"]}]},{"@type":"ImageObject","inLanguage":"sv-SE","@id":"https:\/\/www.kompetensforetagen.se\/2022\/04\/nytt-rorande-tillgang-till-kompetensforetagens-allmanna-bestammelser\/#primaryimage","url":"https:\/\/www.kompetensforetagen.se\/app\/uploads\/sites\/5\/2021\/02\/business-962359_1920.jpg","contentUrl":"https:\/\/www.kompetensforetagen.se\/app\/uploads\/sites\/5\/2021\/02\/business-962359_1920.jpg","width":1920,"height":1440,"caption":"Strategisk r\u00e5dgivning och aff\u00e4rsutveckling inom rekryteringsbranschen."},{"@type":"BreadcrumbList","@id":"https:\/\/www.kompetensforetagen.se\/2022\/04\/nytt-rorande-tillgang-till-kompetensforetagens-allmanna-bestammelser\/#breadcrumb","itemListElement":[{"@type":"ListItem","position":1,"name":"Home","item":"https:\/\/www.kompetensforetagen.se\/"},{"@type":"ListItem","position":2,"name":"Nytt r\u00f6rande tillg\u00e5ng till Kompetens&shy;f\u00f6retagens allm\u00e4nna best\u00e4mmelser"}]},{"@type":"WebSite","@id":"https:\/\/www.kompetensforetagen.se\/#website","url":"https:\/\/www.kompetensforetagen.se\/","name":"Kompetensf\u00f6retagen","description":"R\u00e4tt person p\u00e5 r\u00e4tt plats kan f\u00f6r\u00e4ndra v\u00e4rlden","publisher":{"@id":"https:\/\/www.kompetensforetagen.se\/#organization"},"potentialAction":[{"@type":"SearchAction","target":{"@type":"EntryPoint","urlTemplate":"https:\/\/www.kompetensforetagen.se\/?s={search_term_string}"},"query-input":{"@type":"PropertyValueSpecification","valueRequired":true,"valueName":"search_term_string"}}],"inLanguage":"sv-SE"},{"@type":"Organization","@id":"https:\/\/www.kompetensforetagen.se\/#organization","name":"Kompetensf\u00f6retagen","url":"https:\/\/www.kompetensforetagen.se\/","logo":{"@type":"ImageObject","inLanguage":"sv-SE","@id":"https:\/\/www.kompetensforetagen.se\/#\/schema\/logo\/image\/","url":"https:\/\/www.kompetensforetagen.se\/app\/uploads\/sites\/5\/2022\/10\/logga_svart.png","contentUrl":"https:\/\/www.kompetensforetagen.se\/app\/uploads\/sites\/5\/2022\/10\/logga_svart.png","width":752,"height":64,"caption":"Kompetensf\u00f6retagen"},"image":{"@id":"https:\/\/www.kompetensforetagen.se\/#\/schema\/logo\/image\/"},"sameAs":["https:\/\/www.linkedin.com\/company\/10540032\/"]},{"@type":"Person","@id":"","url":"https:\/\/www.kompetensforetagen.se\/person\/"}]}},"_links":{"self":[{"href":"https:\/\/www.kompetensforetagen.se\/api\/wp\/v2\/posts\/9255","targetHints":{"allow":["GET"]}}],"collection":[{"href":"https:\/\/www.kompetensforetagen.se\/api\/wp\/v2\/posts"}],"about":[{"href":"https:\/\/www.kompetensforetagen.se\/api\/wp\/v2\/types\/post"}],"author":[{"embeddable":true,"href":"https:\/\/www.kompetensforetagen.se\/api\/wp\/v2\/users\/6358"}],"replies":[{"embeddable":true,"href":"https:\/\/www.kompetensforetagen.se\/api\/wp\/v2\/comments?post=9255"}],"version-history":[{"count":1,"href":"https:\/\/www.kompetensforetagen.se\/api\/wp\/v2\/posts\/9255\/revisions"}],"predecessor-version":[{"id":14621,"href":"https:\/\/www.kompetensforetagen.se\/api\/wp\/v2\/posts\/9255\/revisions\/14621"}],"wp:featuredmedia":[{"embeddable":true,"href":"https:\/\/www.kompetensforetagen.se\/api\/wp\/v2\/media\/6427"}],"wp:attachment":[{"href":"https:\/\/www.kompetensforetagen.se\/api\/wp\/v2\/media?parent=9255"}],"wp:term":[{"taxonomy":"category","embeddable":true,"href":"https:\/\/www.kompetensforetagen.se\/api\/wp\/v2\/categories?post=9255"},{"taxonomy":"post_tag","embeddable":true,"href":"https:\/\/www.kompetensforetagen.se\/api\/wp\/v2\/tags?post=9255"},{"taxonomy":"type","embeddable":true,"href":"https:\/\/www.kompetensforetagen.se\/api\/wp\/v2\/article_type?post=9255"},{"taxonomy":"agreement","embeddable":true,"href":"https:\/\/www.kompetensforetagen.se\/api\/wp\/v2\/agreement?post=9255"},{"taxonomy":"for-members","embeddable":true,"href":"https:\/\/www.kompetensforetagen.se\/api\/wp\/v2\/for-members?post=9255"}],"curies":[{"name":"wp","href":"https:\/\/api.w.org\/{rel}","templated":true}]}}