{"id":9197,"date":"2022-03-29T11:15:01","date_gmt":"2022-03-29T09:15:01","guid":{"rendered":"https:\/\/www.kompetensforetagen.se\/?p=9197"},"modified":"2023-07-13T15:08:28","modified_gmt":"2023-07-13T13:08:28","slug":"trygghet-for-hanna-att-garanteras-jobb-varje-dag","status":"publish","type":"post","link":"https:\/\/www.kompetensforetagen.se\/2022\/03\/trygghet-for-hanna-att-garanteras-jobb-varje-dag\/","title":{"rendered":"Trygghet f\u00f6r Hanna att garanteras jobb varje dag"},"content":{"rendered":"\n<p>Hanna \u00e4r serviceminded, gillar m\u00e4nniskor och nya sammanhang. <a href=\"https:\/\/www.kompetensforetagen.se\/att-jobba-som-bemanningskonsult\/\" target=\"_blank\" rel=\"noopener\">Som konsult<\/a> f\u00e5r hon m\u00f6jlighet till b\u00e5de variation och att garanteras jobb varje dag. Efter att ha l\u00e4st media och film p\u00e5 gymnasiet \u00e5kte Hanna till Lissabon f\u00f6r att jobba som au pair. Det var ocks\u00e5 d\u00e5 hon ins\u00e5g att service var hennes grej. Idag jobbar Hanna som ambulerande receptionist hos facility management- och <a href=\"https:\/\/www.kompetensforetagen.se\/auktorisation-for-bemanningsforetag\/\" target=\"_blank\" rel=\"noopener\">auktoriserade bemanningsf\u00f6retaget<\/a>&nbsp; <a href=\"https:\/\/middlepoint.se\/\" target=\"_blank\" rel=\"noopener\">Middlepoint<\/a>. D\u00e4r f\u00e5r hon hoppa in som receptionist hos olika kunder n\u00e4r de har fr\u00e5nvaro eller beh\u00f6ver extra personal.<\/p>\n\n\n\n<p>-Att g\u00f6ra \u201ddet lilla extra\u201d \u00e4r ju ett klassiskt servicebegrepp, men jag gillar verkligen det. Det \u00e4r s\u00e5 kul n\u00e4r jag f\u00e5r uppskattning fr\u00e5n de m\u00e4nniskor jag m\u00f6ter. Det kan vara n\u00e5got litet, som att jag kommer ih\u00e5g att fixa fram ett paraply n\u00e4r n\u00e5gon i f\u00f6rbifarten n\u00e4mnt att det skulle beh\u00f6vas. Det g\u00f6r min dag n\u00e4r jag lyckats underl\u00e4tta och g\u00f6ra andra glada, och n\u00e4r de visar sin uppskattning f\u00f6r det.<\/p>\n\n\n\n<h3 class=\"wp-block-heading\">Garanteras jobb varje dag och l\u00e4r k\u00e4nna nya m\u00e4nniskor<\/h3>\n\n\n\n<p>Hanna s\u00f6kte egentligen ett jobb som innebar att jobba heltid som receptionist hos en och samma kund. N\u00e4r hon kom i kontakt med Middlepoint blev hon i st\u00e4llet erbjuden ett jobb som ambulerande receptionist, n\u00e5got som hon verkligen inte \u00e5ngrar att hon tackade ja till idag.<\/p>\n\n\n\n<blockquote class=\"wp-block-quote is-layout-flow wp-block-quote-is-layout-flow\">\n<p>Som konsult f\u00e5r hon m\u00f6jlighet till b\u00e5de variation och att garanteras jobb varje dag<\/p>\n<\/blockquote>\n\n\n\n<p>-Jag uppskattar verkligen variationen, samtidigt som vi har en trygghet i att garanteras jobb varje dag. Dels \u00e4r det kul att f\u00e5 en inblick i s\u00e5 m\u00e5nga olika branscher. Det \u00e4r till exempel en helt annan milj\u00f6 p\u00e5 en advokatbyr\u00e5 \u00e4n vad det \u00e4r p\u00e5 en mediebyr\u00e5, det \u00e4r intressanta och man f\u00e5r anpassa sig f\u00f6r att passa in hos kunden p\u00e5 ett bra s\u00e4tt. Men det var ocks\u00e5 extra bra med flera kunder n\u00e4r jag precis hade flyttat upp till Stockholm, eftersom det gjorde att jag tog mig runt i hela stan och l\u00e4rde k\u00e4nna m\u00e5nga olika m\u00e4nniskor. Det var ett bra s\u00e4tt att l\u00e4ra sig \u00e5ka tunnelbana p\u00e5!<\/p>\n\n\n\n<p>Hanna v\u00e4xte upp i Nyk\u00f6ping med en pappa som jagar och med n\u00e4rheten till skogen. Idag bor hon i Stockholm, g\u00e4rna s\u00e5 centralt som m\u00f6jligt, men uppskattar kontrasten n\u00e4r hon f\u00e5r \u00e5ka hem och g\u00e5 ut i skogen.<\/p>\n\n\n\n<p>-Det \u00e4r lite av det b\u00e4sta av tv\u00e5 v\u00e4rldar. Jag gillar att f\u00e5 en anledning att st\u00e4nga av telefonen och att fokusera p\u00e5 h\u00e4r och nu. S\u00e5 \u00e4r det min och pappas grej, det k\u00e4nns fint att ha det tillsammans. Ingen av mina syskon har tagit upp jaktintresset, men jag har precis tagit j\u00e4garexamen. Framf\u00f6r allt \u00e4r det h\u00e4ftigt att se hur hundarna jobbar. De \u00e4r j\u00e4ttefina familjehundar, men n\u00e4r de kommer ut i skogen blir det n\u00e5got helt annat!<\/p>\n\n\n\n<h3 class=\"wp-block-heading\">Konsultjobbet ger inspiration f\u00f6r framtiden<\/h3>\n\n\n\n<p>Jobbet har ocks\u00e5 gett Hanna id\u00e9er om vad hon vill g\u00f6ra i framtiden. \u00c4ven om hon fortfarande har kvar fotointresset fr\u00e5n gymnasiet, och \u00e4r v\u00e4nskapskretsens privata fotograf, s\u00e5 har hon f\u00e5tt upp \u00f6gonen f\u00f6r juridiken och ser framf\u00f6r sig en m\u00f6jlig karri\u00e4r som jurist.<\/p>\n\n\n\n<p>-Nu vill jag vara kvar p\u00e5 Middlepoint. Jag har precis b\u00f6rjat jobba inne p\u00e5 kontoret med bemanning ocks\u00e5, det tycket jag \u00e4r v\u00e4ldigt roligt. Men jag har ju f\u00e5tt en bild av olika branscher och vad som lockar. Om 10 \u00e5r kanske jag hunnit bli jurist och Middlepoint har expanderat s\u00e5 att de beh\u00f6ver den hj\u00e4lpen, vem vet?<\/p>\n\n\n\n<figure class=\"wp-block-table\"><table class=\"has-secondary-background-color has-background\"><tbody><tr><td><strong>Namn<\/strong>: Hanna \u00d6sth<br><strong>\u00c5lder<\/strong>: 23<br><strong>Ort<\/strong>: Stockholm<br><strong>Konsultf\u00f6retag<\/strong>: <a href=\"https:\/\/www.middlepoint.se\/\" target=\"_blank\" rel=\"noreferrer noopener\">Middlepoint AB<\/a><br><strong>Kundf\u00f6retag<\/strong>: Flera olika<br><strong>Tj\u00e4nst<\/strong>: Ambulerande receptionist<br><strong>G\u00f6r helst p\u00e5 fritiden<\/strong>: \u00c4r g\u00e4rna ute i skogen p\u00e5 jakt och \u00e4r intresserad av fotografi<\/td><\/tr><\/tbody><\/table><\/figure>\n","protected":false},"excerpt":{"rendered":"<p>Hanna \u00e4r serviceminded, gillar m\u00e4nniskor och nya sammanhang. Som konsult f\u00e5r hon m\u00f6jlighet till b\u00e5de variation och att garanteras jobb varje dag. Efter att ha l\u00e4st media och film p\u00e5 gymnasiet \u00e5kte Hanna till Lissabon &hellip;<\/p>\n","protected":false},"author":6358,"featured_media":9199,"comment_status":"closed","ping_status":"closed","sticky":false,"template":"","format":"standard","meta":{"_acf_changed":false,"footnotes":""},"categories":[204],"tags":[],"article_type":[8],"agreement":[],"for-members":[],"class_list":["post-9197","post","type-post","status-publish","format-standard","has-post-thumbnail","hentry","category-konsult","type-aktuellt"],"acf":[],"yoast_head":"<!-- This site is optimized with the Yoast SEO Premium plugin v26.8 (Yoast SEO v26.8) - https:\/\/yoast.com\/product\/yoast-seo-premium-wordpress\/ -->\n<title>Trygghet f\u00f6r Hanna att garanteras jobb varje dag<\/title>\n<meta name=\"description\" content=\"Hanna \u00e4r serviceminded, gillar m\u00e4nniskor och nya sammanhang. Som konsult f\u00e5r hon m\u00f6jlighet till b\u00e5de variation och att garanteras jobb varje dag.\" \/>\n<meta name=\"robots\" content=\"index, follow, max-snippet:-1, max-image-preview:large, max-video-preview:-1\" \/>\n<link rel=\"canonical\" href=\"https:\/\/www.kompetensforetagen.se\/2022\/03\/trygghet-for-hanna-att-garanteras-jobb-varje-dag\/\" \/>\n<meta property=\"og:locale\" content=\"sv_SE\" \/>\n<meta property=\"og:type\" content=\"article\" \/>\n<meta property=\"og:title\" content=\"Trygghet f\u00f6r Hanna att garanteras jobb varje dag\" \/>\n<meta property=\"og:description\" content=\"Hanna \u00e4r serviceminded, gillar m\u00e4nniskor och nya sammanhang. Som konsult f\u00e5r hon m\u00f6jlighet till b\u00e5de variation och att garanteras jobb varje dag.\" \/>\n<meta property=\"og:url\" content=\"https:\/\/www.kompetensforetagen.se\/2022\/03\/trygghet-for-hanna-att-garanteras-jobb-varje-dag\/\" \/>\n<meta property=\"og:site_name\" content=\"Kompetensf\u00f6retagen\" \/>\n<meta property=\"article:published_time\" content=\"2022-03-29T09:15:01+00:00\" \/>\n<meta property=\"article:modified_time\" content=\"2023-07-13T13:08:28+00:00\" \/>\n<meta property=\"og:image\" content=\"https:\/\/www.kompetensforetagen.se\/app\/uploads\/sites\/5\/2022\/03\/hanna-osth-1-scaled.jpg\" \/>\n\t<meta property=\"og:image:width\" content=\"1707\" \/>\n\t<meta property=\"og:image:height\" content=\"2560\" \/>\n\t<meta property=\"og:image:type\" content=\"image\/jpeg\" \/>\n<meta name=\"twitter:card\" content=\"summary_large_image\" \/>\n<meta name=\"twitter:label1\" content=\"Skriven av\" \/>\n\t<meta name=\"twitter:data1\" content=\"\" \/>\n\t<meta name=\"twitter:label2\" content=\"Ber\u00e4knad l\u00e4stid\" \/>\n\t<meta name=\"twitter:data2\" content=\"3 minuter\" \/>\n<!-- \/ Yoast SEO Premium plugin. -->","yoast_head_json":{"title":"Trygghet f\u00f6r Hanna att garanteras jobb varje dag","description":"Hanna \u00e4r serviceminded, gillar m\u00e4nniskor och nya sammanhang. Som konsult f\u00e5r hon m\u00f6jlighet till b\u00e5de variation och att garanteras jobb varje dag.","robots":{"index":"index","follow":"follow","max-snippet":"max-snippet:-1","max-image-preview":"max-image-preview:large","max-video-preview":"max-video-preview:-1"},"canonical":"https:\/\/www.kompetensforetagen.se\/2022\/03\/trygghet-for-hanna-att-garanteras-jobb-varje-dag\/","og_locale":"sv_SE","og_type":"article","og_title":"Trygghet f\u00f6r Hanna att garanteras jobb varje dag","og_description":"Hanna \u00e4r serviceminded, gillar m\u00e4nniskor och nya sammanhang. Som konsult f\u00e5r hon m\u00f6jlighet till b\u00e5de variation och att garanteras jobb varje dag.","og_url":"https:\/\/www.kompetensforetagen.se\/2022\/03\/trygghet-for-hanna-att-garanteras-jobb-varje-dag\/","og_site_name":"Kompetensf\u00f6retagen","article_published_time":"2022-03-29T09:15:01+00:00","article_modified_time":"2023-07-13T13:08:28+00:00","og_image":[{"width":1707,"height":2560,"url":"https:\/\/www.kompetensforetagen.se\/app\/uploads\/sites\/5\/2022\/03\/hanna-osth-1-scaled.jpg","type":"image\/jpeg"}],"twitter_card":"summary_large_image","twitter_misc":{"Skriven av":"","Ber\u00e4knad l\u00e4stid":"3 minuter"},"schema":{"@context":"https:\/\/schema.org","@graph":[{"@type":"Article","@id":"https:\/\/www.kompetensforetagen.se\/2022\/03\/trygghet-for-hanna-att-garanteras-jobb-varje-dag\/#article","isPartOf":{"@id":"https:\/\/www.kompetensforetagen.se\/2022\/03\/trygghet-for-hanna-att-garanteras-jobb-varje-dag\/"},"author":{"name":"","@id":""},"headline":"Trygghet f\u00f6r Hanna att garanteras jobb varje dag","datePublished":"2022-03-29T09:15:01+00:00","dateModified":"2023-07-13T13:08:28+00:00","mainEntityOfPage":{"@id":"https:\/\/www.kompetensforetagen.se\/2022\/03\/trygghet-for-hanna-att-garanteras-jobb-varje-dag\/"},"wordCount":690,"publisher":{"@id":"https:\/\/www.kompetensforetagen.se\/#organization"},"image":{"@id":"https:\/\/www.kompetensforetagen.se\/2022\/03\/trygghet-for-hanna-att-garanteras-jobb-varje-dag\/#primaryimage"},"thumbnailUrl":"https:\/\/www.kompetensforetagen.se\/app\/uploads\/sites\/5\/2022\/03\/hanna-osth-1-scaled.jpg","articleSection":["Konsult"],"inLanguage":"sv-SE"},{"@type":"WebPage","@id":"https:\/\/www.kompetensforetagen.se\/2022\/03\/trygghet-for-hanna-att-garanteras-jobb-varje-dag\/","url":"https:\/\/www.kompetensforetagen.se\/2022\/03\/trygghet-for-hanna-att-garanteras-jobb-varje-dag\/","name":"Trygghet f\u00f6r Hanna att garanteras jobb varje dag","isPartOf":{"@id":"https:\/\/www.kompetensforetagen.se\/#website"},"primaryImageOfPage":{"@id":"https:\/\/www.kompetensforetagen.se\/2022\/03\/trygghet-for-hanna-att-garanteras-jobb-varje-dag\/#primaryimage"},"image":{"@id":"https:\/\/www.kompetensforetagen.se\/2022\/03\/trygghet-for-hanna-att-garanteras-jobb-varje-dag\/#primaryimage"},"thumbnailUrl":"https:\/\/www.kompetensforetagen.se\/app\/uploads\/sites\/5\/2022\/03\/hanna-osth-1-scaled.jpg","datePublished":"2022-03-29T09:15:01+00:00","dateModified":"2023-07-13T13:08:28+00:00","description":"Hanna \u00e4r serviceminded, gillar m\u00e4nniskor och nya sammanhang. Som konsult f\u00e5r hon m\u00f6jlighet till b\u00e5de variation och att garanteras jobb varje dag.","breadcrumb":{"@id":"https:\/\/www.kompetensforetagen.se\/2022\/03\/trygghet-for-hanna-att-garanteras-jobb-varje-dag\/#breadcrumb"},"inLanguage":"sv-SE","potentialAction":[{"@type":"ReadAction","target":["https:\/\/www.kompetensforetagen.se\/2022\/03\/trygghet-for-hanna-att-garanteras-jobb-varje-dag\/"]}]},{"@type":"ImageObject","inLanguage":"sv-SE","@id":"https:\/\/www.kompetensforetagen.se\/2022\/03\/trygghet-for-hanna-att-garanteras-jobb-varje-dag\/#primaryimage","url":"https:\/\/www.kompetensforetagen.se\/app\/uploads\/sites\/5\/2022\/03\/hanna-osth-1-scaled.jpg","contentUrl":"https:\/\/www.kompetensforetagen.se\/app\/uploads\/sites\/5\/2022\/03\/hanna-osth-1-scaled.jpg","width":1707,"height":2560,"caption":"Hanna \u00d6sth, profil verksam inom kompetensbranschen."},{"@type":"BreadcrumbList","@id":"https:\/\/www.kompetensforetagen.se\/2022\/03\/trygghet-for-hanna-att-garanteras-jobb-varje-dag\/#breadcrumb","itemListElement":[{"@type":"ListItem","position":1,"name":"Home","item":"https:\/\/www.kompetensforetagen.se\/"},{"@type":"ListItem","position":2,"name":"Trygghet f\u00f6r Hanna att garanteras jobb varje dag"}]},{"@type":"WebSite","@id":"https:\/\/www.kompetensforetagen.se\/#website","url":"https:\/\/www.kompetensforetagen.se\/","name":"Kompetensf\u00f6retagen","description":"R\u00e4tt person p\u00e5 r\u00e4tt plats kan f\u00f6r\u00e4ndra v\u00e4rlden","publisher":{"@id":"https:\/\/www.kompetensforetagen.se\/#organization"},"potentialAction":[{"@type":"SearchAction","target":{"@type":"EntryPoint","urlTemplate":"https:\/\/www.kompetensforetagen.se\/?s={search_term_string}"},"query-input":{"@type":"PropertyValueSpecification","valueRequired":true,"valueName":"search_term_string"}}],"inLanguage":"sv-SE"},{"@type":"Organization","@id":"https:\/\/www.kompetensforetagen.se\/#organization","name":"Kompetensf\u00f6retagen","url":"https:\/\/www.kompetensforetagen.se\/","logo":{"@type":"ImageObject","inLanguage":"sv-SE","@id":"https:\/\/www.kompetensforetagen.se\/#\/schema\/logo\/image\/","url":"https:\/\/www.kompetensforetagen.se\/app\/uploads\/sites\/5\/2022\/10\/logga_svart.png","contentUrl":"https:\/\/www.kompetensforetagen.se\/app\/uploads\/sites\/5\/2022\/10\/logga_svart.png","width":752,"height":64,"caption":"Kompetensf\u00f6retagen"},"image":{"@id":"https:\/\/www.kompetensforetagen.se\/#\/schema\/logo\/image\/"},"sameAs":["https:\/\/www.linkedin.com\/company\/10540032\/"]},{"@type":"Person","@id":"","url":"https:\/\/www.kompetensforetagen.se\/person\/"}]}},"_links":{"self":[{"href":"https:\/\/www.kompetensforetagen.se\/api\/wp\/v2\/posts\/9197","targetHints":{"allow":["GET"]}}],"collection":[{"href":"https:\/\/www.kompetensforetagen.se\/api\/wp\/v2\/posts"}],"about":[{"href":"https:\/\/www.kompetensforetagen.se\/api\/wp\/v2\/types\/post"}],"author":[{"embeddable":true,"href":"https:\/\/www.kompetensforetagen.se\/api\/wp\/v2\/users\/6358"}],"replies":[{"embeddable":true,"href":"https:\/\/www.kompetensforetagen.se\/api\/wp\/v2\/comments?post=9197"}],"version-history":[{"count":1,"href":"https:\/\/www.kompetensforetagen.se\/api\/wp\/v2\/posts\/9197\/revisions"}],"predecessor-version":[{"id":14620,"href":"https:\/\/www.kompetensforetagen.se\/api\/wp\/v2\/posts\/9197\/revisions\/14620"}],"wp:featuredmedia":[{"embeddable":true,"href":"https:\/\/www.kompetensforetagen.se\/api\/wp\/v2\/media\/9199"}],"wp:attachment":[{"href":"https:\/\/www.kompetensforetagen.se\/api\/wp\/v2\/media?parent=9197"}],"wp:term":[{"taxonomy":"category","embeddable":true,"href":"https:\/\/www.kompetensforetagen.se\/api\/wp\/v2\/categories?post=9197"},{"taxonomy":"post_tag","embeddable":true,"href":"https:\/\/www.kompetensforetagen.se\/api\/wp\/v2\/tags?post=9197"},{"taxonomy":"type","embeddable":true,"href":"https:\/\/www.kompetensforetagen.se\/api\/wp\/v2\/article_type?post=9197"},{"taxonomy":"agreement","embeddable":true,"href":"https:\/\/www.kompetensforetagen.se\/api\/wp\/v2\/agreement?post=9197"},{"taxonomy":"for-members","embeddable":true,"href":"https:\/\/www.kompetensforetagen.se\/api\/wp\/v2\/for-members?post=9197"}],"curies":[{"name":"wp","href":"https:\/\/api.w.org\/{rel}","templated":true}]}}