{"id":9172,"date":"2022-03-21T09:59:42","date_gmt":"2022-03-21T08:59:42","guid":{"rendered":"https:\/\/www.kompetensforetagen.se\/?p=9172"},"modified":"2023-07-13T15:02:51","modified_gmt":"2023-07-13T13:02:51","slug":"arsrapport-2021-okad-omsattning-och-fler-arbetstillfallen-i-kompetensbranschen","status":"publish","type":"post","link":"https:\/\/www.kompetensforetagen.se\/2022\/03\/arsrapport-2021-okad-omsattning-och-fler-arbetstillfallen-i-kompetensbranschen\/","title":{"rendered":"\u00c5rs&shy;rapport 2021 \u2013 \u00f6kad oms\u00e4ttning och fler arbetstillf\u00e4llen i kompetens&shy;branschen"},"content":{"rendered":"\n<p>Kompetensf\u00f6retagens \u00c5rsrapport 2021 visar att oms\u00e4ttningen i de 35 st\u00f6rsta medlemsf\u00f6retagen (i denna \u00c5rsrapport 34 p\u00e5 grund av en f\u00f6retagssammanslagning under \u00e5ret) uppgick&nbsp; till 29,4 miljarder kronor. Kompetensf\u00f6retagens medlemmars totala oms\u00e4ttning under 2021 uppgick till uppskattningsvis 44,1 miljarder kronor. Detta \u00e4r en \u00f6kning fr\u00e5n f\u00f6rra \u00e5ret d\u00e5 den totala oms\u00e4ttningen uppgick till uppskattningsvis 37,6 miljarder. \u00d6kningen h\u00e4nger sannolikt samman med att v\u00e4rlden och ekonomin b\u00f6rjade \u00e5terh\u00e4mta sig fr\u00e5n coronapandemin.<\/p>\n\n\n\n<h3 class=\"wp-block-heading\">Fler arbetstillf\u00e4llen<\/h3>\n\n\n\n<p>Att branschen \u00f6kat i oms\u00e4ttning fr\u00e5n f\u00f6rra \u00e5ret visar sig ocks\u00e5 i antalet anst\u00e4llda, som \u00e4ven det \u00f6kade. Utifr\u00e5n j\u00e4mf\u00f6relser med arbetsmarknaden i stort f\u00e5r vi bel\u00e4gg f\u00f6r att kompetensbranschen \u00e4r en jobbskapare. Det totala antal personer som n\u00e5gon g\u00e5ng under \u00e5ret som passerade genom branschen uppgick under 2021 till 190 700 personer f\u00f6r Kompetensf\u00f6retagens medlemsf\u00f6retag. I fjol var motsvarande siffra 178 900. Antalet \u00e5rsanst\u00e4llda uppgick till 102 000 personer, vilket \u00e4r en positiv \u00f6kning fr\u00e5n fjol\u00e5rets 88 700. Genom 2021 \u00e5rs uppgifter f\u00f6r det totala antalet sysselsatta i riket samt antalet anst\u00e4llda i branschen kan vi best\u00e4mma penetrationsgraden till 1,8 procent. Det finns dock sk\u00e4l att tro att denna siffra \u00e4r i underkant.<\/p>\n\n\n\n<p>L\u00e4s hela <a href=\"https:\/\/www.almega.se\/app\/uploads\/sites\/5\/2022\/03\/arsrapport_2021_.pdf\">\u00c5rsrapporten 2021<\/a><\/p>\n","protected":false},"excerpt":{"rendered":"<p>Kompetensf\u00f6retagens \u00c5rsrapport 2021 visar att oms\u00e4ttningen i de 35 st\u00f6rsta medlemsf\u00f6retagen (i denna \u00c5rsrapport 34 p\u00e5 grund av en f\u00f6retagssammanslagning under \u00e5ret) uppgick&nbsp; till 29,4 miljarder kronor. Kompetensf\u00f6retagens medlemmars totala oms\u00e4ttning under 2021 uppgick till &hellip;<\/p>\n","protected":false},"author":6358,"featured_media":9173,"comment_status":"closed","ping_status":"closed","sticky":false,"template":"","format":"standard","meta":{"_acf_changed":false,"footnotes":""},"categories":[15,5],"tags":[],"article_type":[8],"agreement":[],"for-members":[],"class_list":["post-9172","post","type-post","status-publish","format-standard","has-post-thumbnail","hentry","category-statistik","category-vard","type-aktuellt"],"acf":[],"yoast_head":"<!-- This site is optimized with the Yoast SEO Premium plugin v26.8 (Yoast SEO v26.8) - https:\/\/yoast.com\/product\/yoast-seo-premium-wordpress\/ -->\n<title>\u00c5rsrapport 2021 I Kompetensf\u00f6retagen<\/title>\n<meta name=\"description\" content=\"Kompetensf\u00f6retagens \u00c5rsrapport 2021 visar att medlemmars totala oms\u00e4ttning under 2021 uppgick till uppskattningsvis 44,1 miljarder kronor.\" \/>\n<meta name=\"robots\" content=\"index, follow, max-snippet:-1, max-image-preview:large, max-video-preview:-1\" \/>\n<link rel=\"canonical\" href=\"https:\/\/www.kompetensforetagen.se\/2022\/03\/arsrapport-2021-okad-omsattning-och-fler-arbetstillfallen-i-kompetensbranschen\/\" \/>\n<meta property=\"og:locale\" content=\"sv_SE\" \/>\n<meta property=\"og:type\" content=\"article\" \/>\n<meta property=\"og:title\" content=\"\u00c5rsrapport 2021 \u2013 \u00f6kad oms\u00e4ttning och fler arbetstillf\u00e4llen i kompetensbranschen\" \/>\n<meta property=\"og:description\" content=\"Kompetensf\u00f6retagens \u00c5rsrapport 2021 visar att medlemmars totala oms\u00e4ttning under 2021 uppgick till uppskattningsvis 44,1 miljarder kronor.\" \/>\n<meta property=\"og:url\" content=\"https:\/\/www.kompetensforetagen.se\/2022\/03\/arsrapport-2021-okad-omsattning-och-fler-arbetstillfallen-i-kompetensbranschen\/\" \/>\n<meta property=\"og:site_name\" content=\"Kompetensf\u00f6retagen\" \/>\n<meta property=\"article:published_time\" content=\"2022-03-21T08:59:42+00:00\" \/>\n<meta property=\"article:modified_time\" content=\"2023-07-13T13:02:51+00:00\" \/>\n<meta property=\"og:image\" content=\"https:\/\/www.kompetensforetagen.se\/app\/uploads\/sites\/5\/2022\/03\/arsrapport_2021.png\" \/>\n\t<meta property=\"og:image:width\" content=\"1098\" \/>\n\t<meta property=\"og:image:height\" content=\"598\" \/>\n\t<meta property=\"og:image:type\" content=\"image\/png\" \/>\n<meta name=\"twitter:card\" content=\"summary_large_image\" \/>\n<meta name=\"twitter:label1\" content=\"Skriven av\" \/>\n\t<meta name=\"twitter:data1\" content=\"\" \/>\n\t<meta name=\"twitter:label2\" content=\"Ber\u00e4knad l\u00e4stid\" \/>\n\t<meta name=\"twitter:data2\" content=\"1 minut\" \/>\n<!-- \/ Yoast SEO Premium plugin. -->","yoast_head_json":{"title":"\u00c5rsrapport 2021 I Kompetensf\u00f6retagen","description":"Kompetensf\u00f6retagens \u00c5rsrapport 2021 visar att medlemmars totala oms\u00e4ttning under 2021 uppgick till uppskattningsvis 44,1 miljarder kronor.","robots":{"index":"index","follow":"follow","max-snippet":"max-snippet:-1","max-image-preview":"max-image-preview:large","max-video-preview":"max-video-preview:-1"},"canonical":"https:\/\/www.kompetensforetagen.se\/2022\/03\/arsrapport-2021-okad-omsattning-och-fler-arbetstillfallen-i-kompetensbranschen\/","og_locale":"sv_SE","og_type":"article","og_title":"\u00c5rsrapport 2021 \u2013 \u00f6kad oms\u00e4ttning och fler arbetstillf\u00e4llen i kompetensbranschen","og_description":"Kompetensf\u00f6retagens \u00c5rsrapport 2021 visar att medlemmars totala oms\u00e4ttning under 2021 uppgick till uppskattningsvis 44,1 miljarder kronor.","og_url":"https:\/\/www.kompetensforetagen.se\/2022\/03\/arsrapport-2021-okad-omsattning-och-fler-arbetstillfallen-i-kompetensbranschen\/","og_site_name":"Kompetensf\u00f6retagen","article_published_time":"2022-03-21T08:59:42+00:00","article_modified_time":"2023-07-13T13:02:51+00:00","og_image":[{"width":1098,"height":598,"url":"https:\/\/www.kompetensforetagen.se\/app\/uploads\/sites\/5\/2022\/03\/arsrapport_2021.png","type":"image\/png"}],"twitter_card":"summary_large_image","twitter_misc":{"Skriven av":"","Ber\u00e4knad l\u00e4stid":"1 minut"},"schema":{"@context":"https:\/\/schema.org","@graph":[{"@type":"Article","@id":"https:\/\/www.kompetensforetagen.se\/2022\/03\/arsrapport-2021-okad-omsattning-och-fler-arbetstillfallen-i-kompetensbranschen\/#article","isPartOf":{"@id":"https:\/\/www.kompetensforetagen.se\/2022\/03\/arsrapport-2021-okad-omsattning-och-fler-arbetstillfallen-i-kompetensbranschen\/"},"author":{"name":"","@id":""},"headline":"\u00c5rs&shy;rapport 2021 \u2013 \u00f6kad oms\u00e4ttning och fler arbetstillf\u00e4llen i kompetens&shy;branschen","datePublished":"2022-03-21T08:59:42+00:00","dateModified":"2023-07-13T13:02:51+00:00","mainEntityOfPage":{"@id":"https:\/\/www.kompetensforetagen.se\/2022\/03\/arsrapport-2021-okad-omsattning-och-fler-arbetstillfallen-i-kompetensbranschen\/"},"wordCount":220,"publisher":{"@id":"https:\/\/www.kompetensforetagen.se\/#organization"},"image":{"@id":"https:\/\/www.kompetensforetagen.se\/2022\/03\/arsrapport-2021-okad-omsattning-och-fler-arbetstillfallen-i-kompetensbranschen\/#primaryimage"},"thumbnailUrl":"https:\/\/www.kompetensforetagen.se\/app\/uploads\/sites\/5\/2022\/03\/arsrapport_2021.png","articleSection":["Statistik","V\u00e5rdbemanning"],"inLanguage":"sv-SE"},{"@type":"WebPage","@id":"https:\/\/www.kompetensforetagen.se\/2022\/03\/arsrapport-2021-okad-omsattning-och-fler-arbetstillfallen-i-kompetensbranschen\/","url":"https:\/\/www.kompetensforetagen.se\/2022\/03\/arsrapport-2021-okad-omsattning-och-fler-arbetstillfallen-i-kompetensbranschen\/","name":"\u00c5rsrapport 2021 I Kompetensf\u00f6retagen","isPartOf":{"@id":"https:\/\/www.kompetensforetagen.se\/#website"},"primaryImageOfPage":{"@id":"https:\/\/www.kompetensforetagen.se\/2022\/03\/arsrapport-2021-okad-omsattning-och-fler-arbetstillfallen-i-kompetensbranschen\/#primaryimage"},"image":{"@id":"https:\/\/www.kompetensforetagen.se\/2022\/03\/arsrapport-2021-okad-omsattning-och-fler-arbetstillfallen-i-kompetensbranschen\/#primaryimage"},"thumbnailUrl":"https:\/\/www.kompetensforetagen.se\/app\/uploads\/sites\/5\/2022\/03\/arsrapport_2021.png","datePublished":"2022-03-21T08:59:42+00:00","dateModified":"2023-07-13T13:02:51+00:00","description":"Kompetensf\u00f6retagens \u00c5rsrapport 2021 visar att medlemmars totala oms\u00e4ttning under 2021 uppgick till uppskattningsvis 44,1 miljarder kronor.","breadcrumb":{"@id":"https:\/\/www.kompetensforetagen.se\/2022\/03\/arsrapport-2021-okad-omsattning-och-fler-arbetstillfallen-i-kompetensbranschen\/#breadcrumb"},"inLanguage":"sv-SE","potentialAction":[{"@type":"ReadAction","target":["https:\/\/www.kompetensforetagen.se\/2022\/03\/arsrapport-2021-okad-omsattning-och-fler-arbetstillfallen-i-kompetensbranschen\/"]}]},{"@type":"ImageObject","inLanguage":"sv-SE","@id":"https:\/\/www.kompetensforetagen.se\/2022\/03\/arsrapport-2021-okad-omsattning-och-fler-arbetstillfallen-i-kompetensbranschen\/#primaryimage","url":"https:\/\/www.kompetensforetagen.se\/app\/uploads\/sites\/5\/2022\/03\/arsrapport_2021.png","contentUrl":"https:\/\/www.kompetensforetagen.se\/app\/uploads\/sites\/5\/2022\/03\/arsrapport_2021.png","width":1098,"height":598,"caption":"Omslagsbild f\u00f6r Kompetensf\u00f6retagens \u00c5rsrapport 2021."},{"@type":"BreadcrumbList","@id":"https:\/\/www.kompetensforetagen.se\/2022\/03\/arsrapport-2021-okad-omsattning-och-fler-arbetstillfallen-i-kompetensbranschen\/#breadcrumb","itemListElement":[{"@type":"ListItem","position":1,"name":"Home","item":"https:\/\/www.kompetensforetagen.se\/"},{"@type":"ListItem","position":2,"name":"\u00c5rs&shy;rapport 2021 \u2013 \u00f6kad oms\u00e4ttning och fler arbetstillf\u00e4llen i kompetens&shy;branschen"}]},{"@type":"WebSite","@id":"https:\/\/www.kompetensforetagen.se\/#website","url":"https:\/\/www.kompetensforetagen.se\/","name":"Kompetensf\u00f6retagen","description":"R\u00e4tt person p\u00e5 r\u00e4tt plats kan f\u00f6r\u00e4ndra v\u00e4rlden","publisher":{"@id":"https:\/\/www.kompetensforetagen.se\/#organization"},"potentialAction":[{"@type":"SearchAction","target":{"@type":"EntryPoint","urlTemplate":"https:\/\/www.kompetensforetagen.se\/?s={search_term_string}"},"query-input":{"@type":"PropertyValueSpecification","valueRequired":true,"valueName":"search_term_string"}}],"inLanguage":"sv-SE"},{"@type":"Organization","@id":"https:\/\/www.kompetensforetagen.se\/#organization","name":"Kompetensf\u00f6retagen","url":"https:\/\/www.kompetensforetagen.se\/","logo":{"@type":"ImageObject","inLanguage":"sv-SE","@id":"https:\/\/www.kompetensforetagen.se\/#\/schema\/logo\/image\/","url":"https:\/\/www.kompetensforetagen.se\/app\/uploads\/sites\/5\/2022\/10\/logga_svart.png","contentUrl":"https:\/\/www.kompetensforetagen.se\/app\/uploads\/sites\/5\/2022\/10\/logga_svart.png","width":752,"height":64,"caption":"Kompetensf\u00f6retagen"},"image":{"@id":"https:\/\/www.kompetensforetagen.se\/#\/schema\/logo\/image\/"},"sameAs":["https:\/\/www.linkedin.com\/company\/10540032\/"]},{"@type":"Person","@id":"","url":"https:\/\/www.kompetensforetagen.se\/person\/"}]}},"_links":{"self":[{"href":"https:\/\/www.kompetensforetagen.se\/api\/wp\/v2\/posts\/9172","targetHints":{"allow":["GET"]}}],"collection":[{"href":"https:\/\/www.kompetensforetagen.se\/api\/wp\/v2\/posts"}],"about":[{"href":"https:\/\/www.kompetensforetagen.se\/api\/wp\/v2\/types\/post"}],"author":[{"embeddable":true,"href":"https:\/\/www.kompetensforetagen.se\/api\/wp\/v2\/users\/6358"}],"replies":[{"embeddable":true,"href":"https:\/\/www.kompetensforetagen.se\/api\/wp\/v2\/comments?post=9172"}],"version-history":[{"count":1,"href":"https:\/\/www.kompetensforetagen.se\/api\/wp\/v2\/posts\/9172\/revisions"}],"predecessor-version":[{"id":14616,"href":"https:\/\/www.kompetensforetagen.se\/api\/wp\/v2\/posts\/9172\/revisions\/14616"}],"wp:featuredmedia":[{"embeddable":true,"href":"https:\/\/www.kompetensforetagen.se\/api\/wp\/v2\/media\/9173"}],"wp:attachment":[{"href":"https:\/\/www.kompetensforetagen.se\/api\/wp\/v2\/media?parent=9172"}],"wp:term":[{"taxonomy":"category","embeddable":true,"href":"https:\/\/www.kompetensforetagen.se\/api\/wp\/v2\/categories?post=9172"},{"taxonomy":"post_tag","embeddable":true,"href":"https:\/\/www.kompetensforetagen.se\/api\/wp\/v2\/tags?post=9172"},{"taxonomy":"type","embeddable":true,"href":"https:\/\/www.kompetensforetagen.se\/api\/wp\/v2\/article_type?post=9172"},{"taxonomy":"agreement","embeddable":true,"href":"https:\/\/www.kompetensforetagen.se\/api\/wp\/v2\/agreement?post=9172"},{"taxonomy":"for-members","embeddable":true,"href":"https:\/\/www.kompetensforetagen.se\/api\/wp\/v2\/for-members?post=9172"}],"curies":[{"name":"wp","href":"https:\/\/api.w.org\/{rel}","templated":true}]}}