{"id":9143,"date":"2022-03-16T10:46:59","date_gmt":"2022-03-16T09:46:59","guid":{"rendered":"https:\/\/www.kompetensforetagen.se\/?p=9143"},"modified":"2025-12-15T11:42:42","modified_gmt":"2025-12-15T10:42:42","slug":"korrigering-av-kvartalsrapport-och-topplistor-q4-2021","status":"publish","type":"post","link":"https:\/\/www.kompetensforetagen.se\/2022\/03\/korrigering-av-kvartalsrapport-och-topplistor-q4-2021\/","title":{"rendered":"Korrigering av kvartals&shy;rapport och topplistor Q4 2021"},"content":{"rendered":"\n<p>Det har tyv\u00e4rr blivit ett inrapporteringsfel i den senaste kvartalsrapporten, Q4 2021, avseende yrkesomr\u00e5den inom White Collar. Detta har skyndsamt r\u00e4ttats till, och en ny justerad kvartalsrapport har tagits fram. Som ett resultat av detta har det skett f\u00f6r\u00e4ndringar i en del siffror i rapporten, samt i topplistan f\u00f6r White Collar och Topp 25 p\u00e5 helheten.<\/p>\n\n\n\n<p>H\u00e4r \u00e4r den <a href=\"https:\/\/www.almega.se\/app\/uploads\/sites\/5\/2022\/03\/kvartalsrapport_2021_q4_03.pdf\">Kvartalsrapport, q4 &#8211; 2021<\/a>, <a href=\"https:\/\/www.almega.se\/app\/uploads\/sites\/5\/2022\/03\/topp_25_total_q4_2021.pdf\">Topp 25 Total, Q4 &#8211; 2021<\/a>, samt <a href=\"https:\/\/www.almega.se\/app\/uploads\/sites\/5\/2022\/03\/topp_25_white_q4_2021.pdf\">Topp 25, White Collar Q4 &#8211; 2021<\/a>.<\/p>\n\n\n\n<p>Vi beklagar att vi m\u00e5ste korrigera i en publicerad rapport, men det \u00e4r centralt att statistiken \u00e4r tillf\u00f6rlitlig.<\/p>\n","protected":false},"excerpt":{"rendered":"<p>Det har tyv\u00e4rr blivit ett inrapporteringsfel i den senaste kvartalsrapporten, Q4 2021, avseende yrkesomr\u00e5den inom White Collar. Detta har skyndsamt r\u00e4ttats till, och en ny justerad kvartalsrapport har tagits fram. Som ett resultat av detta &hellip;<\/p>\n","protected":false},"author":6358,"featured_media":9066,"comment_status":"closed","ping_status":"closed","sticky":false,"template":"","format":"standard","meta":{"_acf_changed":false,"footnotes":""},"categories":[15],"tags":[],"article_type":[8],"agreement":[],"for-members":[],"class_list":["post-9143","post","type-post","status-publish","format-standard","has-post-thumbnail","hentry","category-statistik","type-aktuellt"],"acf":[],"yoast_head":"<!-- This site is optimized with the Yoast SEO Premium plugin v26.8 (Yoast SEO v26.8) - https:\/\/yoast.com\/product\/yoast-seo-premium-wordpress\/ -->\n<title>Korrigering av kvartalsrapport och topplistor Q4 2021 - Kompetensf\u00f6retagen<\/title>\n<meta name=\"description\" content=\"Korrigering av Kvartalsrapport Q4 2021. R\u00e4ttelse av topplistor och statistik f\u00f6r det fj\u00e4rde kvartalet 2021.\" \/>\n<meta name=\"robots\" content=\"index, follow, max-snippet:-1, max-image-preview:large, max-video-preview:-1\" \/>\n<link rel=\"canonical\" href=\"https:\/\/www.kompetensforetagen.se\/2022\/03\/korrigering-av-kvartalsrapport-och-topplistor-q4-2021\/\" \/>\n<meta property=\"og:locale\" content=\"sv_SE\" \/>\n<meta property=\"og:type\" content=\"article\" \/>\n<meta property=\"og:title\" content=\"Korrigering av kvartalsrapport och topplistor Q4 2021\" \/>\n<meta property=\"og:description\" content=\"Korrigering av Kvartalsrapport Q4 2021. R\u00e4ttelse av topplistor och statistik f\u00f6r det fj\u00e4rde kvartalet 2021.\" \/>\n<meta property=\"og:url\" content=\"https:\/\/www.kompetensforetagen.se\/2022\/03\/korrigering-av-kvartalsrapport-och-topplistor-q4-2021\/\" \/>\n<meta property=\"og:site_name\" content=\"Kompetensf\u00f6retagen\" \/>\n<meta property=\"article:published_time\" content=\"2022-03-16T09:46:59+00:00\" \/>\n<meta property=\"article:modified_time\" content=\"2025-12-15T10:42:42+00:00\" \/>\n<meta property=\"og:image\" content=\"https:\/\/www.kompetensforetagen.se\/app\/uploads\/sites\/5\/2022\/03\/q42021.png\" \/>\n\t<meta property=\"og:image:width\" content=\"1091\" \/>\n\t<meta property=\"og:image:height\" content=\"513\" \/>\n\t<meta property=\"og:image:type\" content=\"image\/png\" \/>\n<meta name=\"twitter:card\" content=\"summary_large_image\" \/>\n<meta name=\"twitter:label1\" content=\"Skriven av\" \/>\n\t<meta name=\"twitter:data1\" content=\"\" \/>\n\t<meta name=\"twitter:label2\" content=\"Ber\u00e4knad l\u00e4stid\" \/>\n\t<meta name=\"twitter:data2\" content=\"1 minut\" \/>\n<!-- \/ Yoast SEO Premium plugin. -->","yoast_head_json":{"title":"Korrigering av kvartalsrapport och topplistor Q4 2021 - Kompetensf\u00f6retagen","description":"Korrigering av Kvartalsrapport Q4 2021. R\u00e4ttelse av topplistor och statistik f\u00f6r det fj\u00e4rde kvartalet 2021.","robots":{"index":"index","follow":"follow","max-snippet":"max-snippet:-1","max-image-preview":"max-image-preview:large","max-video-preview":"max-video-preview:-1"},"canonical":"https:\/\/www.kompetensforetagen.se\/2022\/03\/korrigering-av-kvartalsrapport-och-topplistor-q4-2021\/","og_locale":"sv_SE","og_type":"article","og_title":"Korrigering av kvartalsrapport och topplistor Q4 2021","og_description":"Korrigering av Kvartalsrapport Q4 2021. R\u00e4ttelse av topplistor och statistik f\u00f6r det fj\u00e4rde kvartalet 2021.","og_url":"https:\/\/www.kompetensforetagen.se\/2022\/03\/korrigering-av-kvartalsrapport-och-topplistor-q4-2021\/","og_site_name":"Kompetensf\u00f6retagen","article_published_time":"2022-03-16T09:46:59+00:00","article_modified_time":"2025-12-15T10:42:42+00:00","og_image":[{"width":1091,"height":513,"url":"https:\/\/www.kompetensforetagen.se\/app\/uploads\/sites\/5\/2022\/03\/q42021.png","type":"image\/png"}],"twitter_card":"summary_large_image","twitter_misc":{"Skriven av":"","Ber\u00e4knad l\u00e4stid":"1 minut"},"schema":{"@context":"https:\/\/schema.org","@graph":[{"@type":"Article","@id":"https:\/\/www.kompetensforetagen.se\/2022\/03\/korrigering-av-kvartalsrapport-och-topplistor-q4-2021\/#article","isPartOf":{"@id":"https:\/\/www.kompetensforetagen.se\/2022\/03\/korrigering-av-kvartalsrapport-och-topplistor-q4-2021\/"},"author":{"name":"","@id":""},"headline":"Korrigering av kvartals&shy;rapport och topplistor Q4 2021","datePublished":"2022-03-16T09:46:59+00:00","dateModified":"2025-12-15T10:42:42+00:00","mainEntityOfPage":{"@id":"https:\/\/www.kompetensforetagen.se\/2022\/03\/korrigering-av-kvartalsrapport-och-topplistor-q4-2021\/"},"wordCount":103,"publisher":{"@id":"https:\/\/www.kompetensforetagen.se\/#organization"},"image":{"@id":"https:\/\/www.kompetensforetagen.se\/2022\/03\/korrigering-av-kvartalsrapport-och-topplistor-q4-2021\/#primaryimage"},"thumbnailUrl":"https:\/\/www.kompetensforetagen.se\/app\/uploads\/sites\/5\/2022\/03\/q42021.png","articleSection":["Statistik"],"inLanguage":"sv-SE"},{"@type":"WebPage","@id":"https:\/\/www.kompetensforetagen.se\/2022\/03\/korrigering-av-kvartalsrapport-och-topplistor-q4-2021\/","url":"https:\/\/www.kompetensforetagen.se\/2022\/03\/korrigering-av-kvartalsrapport-och-topplistor-q4-2021\/","name":"Korrigering av kvartalsrapport och topplistor Q4 2021 - Kompetensf\u00f6retagen","isPartOf":{"@id":"https:\/\/www.kompetensforetagen.se\/#website"},"primaryImageOfPage":{"@id":"https:\/\/www.kompetensforetagen.se\/2022\/03\/korrigering-av-kvartalsrapport-och-topplistor-q4-2021\/#primaryimage"},"image":{"@id":"https:\/\/www.kompetensforetagen.se\/2022\/03\/korrigering-av-kvartalsrapport-och-topplistor-q4-2021\/#primaryimage"},"thumbnailUrl":"https:\/\/www.kompetensforetagen.se\/app\/uploads\/sites\/5\/2022\/03\/q42021.png","datePublished":"2022-03-16T09:46:59+00:00","dateModified":"2025-12-15T10:42:42+00:00","description":"Korrigering av Kvartalsrapport Q4 2021. R\u00e4ttelse av topplistor och statistik f\u00f6r det fj\u00e4rde kvartalet 2021.","breadcrumb":{"@id":"https:\/\/www.kompetensforetagen.se\/2022\/03\/korrigering-av-kvartalsrapport-och-topplistor-q4-2021\/#breadcrumb"},"inLanguage":"sv-SE","potentialAction":[{"@type":"ReadAction","target":["https:\/\/www.kompetensforetagen.se\/2022\/03\/korrigering-av-kvartalsrapport-och-topplistor-q4-2021\/"]}]},{"@type":"ImageObject","inLanguage":"sv-SE","@id":"https:\/\/www.kompetensforetagen.se\/2022\/03\/korrigering-av-kvartalsrapport-och-topplistor-q4-2021\/#primaryimage","url":"https:\/\/www.kompetensforetagen.se\/app\/uploads\/sites\/5\/2022\/03\/q42021.png","contentUrl":"https:\/\/www.kompetensforetagen.se\/app\/uploads\/sites\/5\/2022\/03\/q42021.png","width":1091,"height":513,"caption":"Framsida Kompetensf\u00f6retagens kvartalsrapport Q4 2021"},{"@type":"BreadcrumbList","@id":"https:\/\/www.kompetensforetagen.se\/2022\/03\/korrigering-av-kvartalsrapport-och-topplistor-q4-2021\/#breadcrumb","itemListElement":[{"@type":"ListItem","position":1,"name":"Home","item":"https:\/\/www.kompetensforetagen.se\/"},{"@type":"ListItem","position":2,"name":"Korrigering av kvartals&shy;rapport och topplistor Q4 2021"}]},{"@type":"WebSite","@id":"https:\/\/www.kompetensforetagen.se\/#website","url":"https:\/\/www.kompetensforetagen.se\/","name":"Kompetensf\u00f6retagen","description":"R\u00e4tt person p\u00e5 r\u00e4tt plats kan f\u00f6r\u00e4ndra v\u00e4rlden","publisher":{"@id":"https:\/\/www.kompetensforetagen.se\/#organization"},"potentialAction":[{"@type":"SearchAction","target":{"@type":"EntryPoint","urlTemplate":"https:\/\/www.kompetensforetagen.se\/?s={search_term_string}"},"query-input":{"@type":"PropertyValueSpecification","valueRequired":true,"valueName":"search_term_string"}}],"inLanguage":"sv-SE"},{"@type":"Organization","@id":"https:\/\/www.kompetensforetagen.se\/#organization","name":"Kompetensf\u00f6retagen","url":"https:\/\/www.kompetensforetagen.se\/","logo":{"@type":"ImageObject","inLanguage":"sv-SE","@id":"https:\/\/www.kompetensforetagen.se\/#\/schema\/logo\/image\/","url":"https:\/\/www.kompetensforetagen.se\/app\/uploads\/sites\/5\/2022\/10\/logga_svart.png","contentUrl":"https:\/\/www.kompetensforetagen.se\/app\/uploads\/sites\/5\/2022\/10\/logga_svart.png","width":752,"height":64,"caption":"Kompetensf\u00f6retagen"},"image":{"@id":"https:\/\/www.kompetensforetagen.se\/#\/schema\/logo\/image\/"},"sameAs":["https:\/\/www.linkedin.com\/company\/10540032\/"]},{"@type":"Person","@id":"","url":"https:\/\/www.kompetensforetagen.se\/person\/"}]}},"_links":{"self":[{"href":"https:\/\/www.kompetensforetagen.se\/api\/wp\/v2\/posts\/9143","targetHints":{"allow":["GET"]}}],"collection":[{"href":"https:\/\/www.kompetensforetagen.se\/api\/wp\/v2\/posts"}],"about":[{"href":"https:\/\/www.kompetensforetagen.se\/api\/wp\/v2\/types\/post"}],"author":[{"embeddable":true,"href":"https:\/\/www.kompetensforetagen.se\/api\/wp\/v2\/users\/6358"}],"replies":[{"embeddable":true,"href":"https:\/\/www.kompetensforetagen.se\/api\/wp\/v2\/comments?post=9143"}],"version-history":[{"count":1,"href":"https:\/\/www.kompetensforetagen.se\/api\/wp\/v2\/posts\/9143\/revisions"}],"predecessor-version":[{"id":14615,"href":"https:\/\/www.kompetensforetagen.se\/api\/wp\/v2\/posts\/9143\/revisions\/14615"}],"wp:featuredmedia":[{"embeddable":true,"href":"https:\/\/www.kompetensforetagen.se\/api\/wp\/v2\/media\/9066"}],"wp:attachment":[{"href":"https:\/\/www.kompetensforetagen.se\/api\/wp\/v2\/media?parent=9143"}],"wp:term":[{"taxonomy":"category","embeddable":true,"href":"https:\/\/www.kompetensforetagen.se\/api\/wp\/v2\/categories?post=9143"},{"taxonomy":"post_tag","embeddable":true,"href":"https:\/\/www.kompetensforetagen.se\/api\/wp\/v2\/tags?post=9143"},{"taxonomy":"type","embeddable":true,"href":"https:\/\/www.kompetensforetagen.se\/api\/wp\/v2\/article_type?post=9143"},{"taxonomy":"agreement","embeddable":true,"href":"https:\/\/www.kompetensforetagen.se\/api\/wp\/v2\/agreement?post=9143"},{"taxonomy":"for-members","embeddable":true,"href":"https:\/\/www.kompetensforetagen.se\/api\/wp\/v2\/for-members?post=9143"}],"curies":[{"name":"wp","href":"https:\/\/api.w.org\/{rel}","templated":true}]}}