{"id":9063,"date":"2022-03-04T11:47:13","date_gmt":"2022-03-04T10:47:13","guid":{"rendered":"https:\/\/www.kompetensforetagen.se\/?p=9063"},"modified":"2023-07-13T14:50:14","modified_gmt":"2023-07-13T12:50:14","slug":"kompetensbranschens-omsattningsstatistik-q4-2021","status":"publish","type":"post","link":"https:\/\/www.kompetensforetagen.se\/2022\/03\/kompetensbranschens-omsattningsstatistik-q4-2021\/","title":{"rendered":"Kompetens&shy;branschens oms\u00e4ttningsstatistik Q4 2021"},"content":{"rendered":"\n<p>Sista kvartalet 2021 visar Kompetensf\u00f6retagens oms\u00e4ttningssiffror, som f\u00f6ljer arbetsmarknadens och konjunkturens r\u00f6relser, att ekonomin var tillbaka p\u00e5 niv\u00e5er som innan pandemin. Oms\u00e4ttningen i branschen \u00f6kade med 28,4 procent fr\u00e5n motsvarande kvartal 2020. Det motsvarar en total oms\u00e4ttning p\u00e5 8,2 miljarder kronor f\u00f6r kvartalet, vilket \u00e4r i paritet med den tidigare toppnoteringen under Q4 2017.<\/p>\n\n\n\n<p>Tj\u00e4nsteomr\u00e5det Bemanning \u00e4r fortsatt klart st\u00f6rst med en oms\u00e4ttningsandel p\u00e5 94 procent av den totala oms\u00e4ttningen i branschen. N\u00e4st st\u00f6rst \u00e4r Rekrytering med 3,5 procent av oms\u00e4ttningen, och minsta omr\u00e5den \u00e4r Omst\u00e4llning p\u00e5 2,3 procent.<\/p>\n\n\n\n<p>Denna utveckling i slutet av 2021 \u00e4r givetvis positiv, men den tragedi vi ser i Ukraina efter Rysslands attack kommer med o\u00f6versk\u00e5dliga s\u00e4kerhetspolitiska och ekonomiska konsekvenser. Det kan inneb\u00e4ra att \u00e5terh\u00e4mtningen efter pandemin kommer av sig och att Europa g\u00e5r in i en ny recession. I f\u00f6rsta hand \u00e4r dock detta en stor tragedi som kommer att skapa stort m\u00e4nskligt lidande.<\/p>\n\n\n\n<p><a href=\"https:\/\/www.almega.se\/app\/uploads\/sites\/5\/2022\/03\/kvartalsrapport_2021_q4_03.pdf\">Kvartalsrapport, Q4 &#8211; 2021<\/a><\/p>\n\n\n\n<p>H\u00e4r hittar du topplistorna f\u00f6r oms\u00e4ttningen p\u00e5 <a href=\"https:\/\/www.kompetensforetagen.se\/kompetensforetagens-rapporter-och-statistik\/kompetensforetagens-rapporter-och-statistik-2\/\" target=\"_blank\" rel=\"noopener\">Topp 25 total, White collar och Blue Collar<\/a>, samt <a href=\"https:\/\/www.kompetensforetagen.se\/kompetensforetagens-rapporter-och-statistik\/kompetensforetagens-rapporter-och-statistik-2-2\/\" target=\"_blank\" rel=\"noopener\">Topp 10<\/a> som r\u00f6r omst\u00e4llning.<\/p>\n","protected":false},"excerpt":{"rendered":"<p>Sista kvartalet 2021 visar Kompetensf\u00f6retagens oms\u00e4ttningssiffror, som f\u00f6ljer arbetsmarknadens och konjunkturens r\u00f6relser, att ekonomin var tillbaka p\u00e5 niv\u00e5er som innan pandemin. Oms\u00e4ttningen i branschen \u00f6kade med 28,4 procent fr\u00e5n motsvarande kvartal 2020. Det motsvarar en &hellip;<\/p>\n","protected":false},"author":6358,"featured_media":9066,"comment_status":"closed","ping_status":"closed","sticky":false,"template":"","format":"standard","meta":{"_acf_changed":false,"footnotes":""},"categories":[15],"tags":[],"article_type":[8],"agreement":[],"for-members":[],"class_list":["post-9063","post","type-post","status-publish","format-standard","has-post-thumbnail","hentry","category-statistik","type-aktuellt"],"acf":[],"yoast_head":"<!-- This site is optimized with the Yoast SEO Premium plugin v26.8 (Yoast SEO v26.8) - https:\/\/yoast.com\/product\/yoast-seo-premium-wordpress\/ -->\n<title>Kompetensbranschens oms\u00e4ttningsstatistik Q4 2021<\/title>\n<meta name=\"description\" content=\"Tj\u00e4nsteomr\u00e5det Bemanning \u00e4r fortsatt klart st\u00f6rst med en oms\u00e4ttningsandel p\u00e5 94 procent av den totala oms\u00e4ttningen i branschen.\" \/>\n<meta name=\"robots\" content=\"index, follow, max-snippet:-1, max-image-preview:large, max-video-preview:-1\" \/>\n<link rel=\"canonical\" href=\"https:\/\/www.kompetensforetagen.se\/2022\/03\/kompetensbranschens-omsattningsstatistik-q4-2021\/\" \/>\n<meta property=\"og:locale\" content=\"sv_SE\" \/>\n<meta property=\"og:type\" content=\"article\" \/>\n<meta property=\"og:title\" content=\"Kompetensbranschens oms\u00e4ttningsstatistik Q4 2021\" \/>\n<meta property=\"og:description\" content=\"Tj\u00e4nsteomr\u00e5det Bemanning \u00e4r fortsatt klart st\u00f6rst med en oms\u00e4ttningsandel p\u00e5 94 procent av den totala oms\u00e4ttningen i branschen.\" \/>\n<meta property=\"og:url\" content=\"https:\/\/www.kompetensforetagen.se\/2022\/03\/kompetensbranschens-omsattningsstatistik-q4-2021\/\" \/>\n<meta property=\"og:site_name\" content=\"Kompetensf\u00f6retagen\" \/>\n<meta property=\"article:published_time\" content=\"2022-03-04T10:47:13+00:00\" \/>\n<meta property=\"article:modified_time\" content=\"2023-07-13T12:50:14+00:00\" \/>\n<meta property=\"og:image\" content=\"https:\/\/www.kompetensforetagen.se\/app\/uploads\/sites\/5\/2022\/03\/q42021.png\" \/>\n\t<meta property=\"og:image:width\" content=\"1091\" \/>\n\t<meta property=\"og:image:height\" content=\"513\" \/>\n\t<meta property=\"og:image:type\" content=\"image\/png\" \/>\n<meta name=\"twitter:card\" content=\"summary_large_image\" \/>\n<meta name=\"twitter:label1\" content=\"Skriven av\" \/>\n\t<meta name=\"twitter:data1\" content=\"\" \/>\n\t<meta name=\"twitter:label2\" content=\"Ber\u00e4knad l\u00e4stid\" \/>\n\t<meta name=\"twitter:data2\" content=\"1 minut\" \/>\n<!-- \/ Yoast SEO Premium plugin. -->","yoast_head_json":{"title":"Kompetensbranschens oms\u00e4ttningsstatistik Q4 2021","description":"Tj\u00e4nsteomr\u00e5det Bemanning \u00e4r fortsatt klart st\u00f6rst med en oms\u00e4ttningsandel p\u00e5 94 procent av den totala oms\u00e4ttningen i branschen.","robots":{"index":"index","follow":"follow","max-snippet":"max-snippet:-1","max-image-preview":"max-image-preview:large","max-video-preview":"max-video-preview:-1"},"canonical":"https:\/\/www.kompetensforetagen.se\/2022\/03\/kompetensbranschens-omsattningsstatistik-q4-2021\/","og_locale":"sv_SE","og_type":"article","og_title":"Kompetensbranschens oms\u00e4ttningsstatistik Q4 2021","og_description":"Tj\u00e4nsteomr\u00e5det Bemanning \u00e4r fortsatt klart st\u00f6rst med en oms\u00e4ttningsandel p\u00e5 94 procent av den totala oms\u00e4ttningen i branschen.","og_url":"https:\/\/www.kompetensforetagen.se\/2022\/03\/kompetensbranschens-omsattningsstatistik-q4-2021\/","og_site_name":"Kompetensf\u00f6retagen","article_published_time":"2022-03-04T10:47:13+00:00","article_modified_time":"2023-07-13T12:50:14+00:00","og_image":[{"width":1091,"height":513,"url":"https:\/\/www.kompetensforetagen.se\/app\/uploads\/sites\/5\/2022\/03\/q42021.png","type":"image\/png"}],"twitter_card":"summary_large_image","twitter_misc":{"Skriven av":"","Ber\u00e4knad l\u00e4stid":"1 minut"},"schema":{"@context":"https:\/\/schema.org","@graph":[{"@type":"Article","@id":"https:\/\/www.kompetensforetagen.se\/2022\/03\/kompetensbranschens-omsattningsstatistik-q4-2021\/#article","isPartOf":{"@id":"https:\/\/www.kompetensforetagen.se\/2022\/03\/kompetensbranschens-omsattningsstatistik-q4-2021\/"},"author":{"name":"","@id":""},"headline":"Kompetens&shy;branschens oms\u00e4ttningsstatistik Q4 2021","datePublished":"2022-03-04T10:47:13+00:00","dateModified":"2023-07-13T12:50:14+00:00","mainEntityOfPage":{"@id":"https:\/\/www.kompetensforetagen.se\/2022\/03\/kompetensbranschens-omsattningsstatistik-q4-2021\/"},"wordCount":199,"publisher":{"@id":"https:\/\/www.kompetensforetagen.se\/#organization"},"image":{"@id":"https:\/\/www.kompetensforetagen.se\/2022\/03\/kompetensbranschens-omsattningsstatistik-q4-2021\/#primaryimage"},"thumbnailUrl":"https:\/\/www.kompetensforetagen.se\/app\/uploads\/sites\/5\/2022\/03\/q42021.png","articleSection":["Statistik"],"inLanguage":"sv-SE"},{"@type":"WebPage","@id":"https:\/\/www.kompetensforetagen.se\/2022\/03\/kompetensbranschens-omsattningsstatistik-q4-2021\/","url":"https:\/\/www.kompetensforetagen.se\/2022\/03\/kompetensbranschens-omsattningsstatistik-q4-2021\/","name":"Kompetensbranschens oms\u00e4ttningsstatistik Q4 2021","isPartOf":{"@id":"https:\/\/www.kompetensforetagen.se\/#website"},"primaryImageOfPage":{"@id":"https:\/\/www.kompetensforetagen.se\/2022\/03\/kompetensbranschens-omsattningsstatistik-q4-2021\/#primaryimage"},"image":{"@id":"https:\/\/www.kompetensforetagen.se\/2022\/03\/kompetensbranschens-omsattningsstatistik-q4-2021\/#primaryimage"},"thumbnailUrl":"https:\/\/www.kompetensforetagen.se\/app\/uploads\/sites\/5\/2022\/03\/q42021.png","datePublished":"2022-03-04T10:47:13+00:00","dateModified":"2023-07-13T12:50:14+00:00","description":"Tj\u00e4nsteomr\u00e5det Bemanning \u00e4r fortsatt klart st\u00f6rst med en oms\u00e4ttningsandel p\u00e5 94 procent av den totala oms\u00e4ttningen i branschen.","breadcrumb":{"@id":"https:\/\/www.kompetensforetagen.se\/2022\/03\/kompetensbranschens-omsattningsstatistik-q4-2021\/#breadcrumb"},"inLanguage":"sv-SE","potentialAction":[{"@type":"ReadAction","target":["https:\/\/www.kompetensforetagen.se\/2022\/03\/kompetensbranschens-omsattningsstatistik-q4-2021\/"]}]},{"@type":"ImageObject","inLanguage":"sv-SE","@id":"https:\/\/www.kompetensforetagen.se\/2022\/03\/kompetensbranschens-omsattningsstatistik-q4-2021\/#primaryimage","url":"https:\/\/www.kompetensforetagen.se\/app\/uploads\/sites\/5\/2022\/03\/q42021.png","contentUrl":"https:\/\/www.kompetensforetagen.se\/app\/uploads\/sites\/5\/2022\/03\/q42021.png","width":1091,"height":513,"caption":"Framsida Kompetensf\u00f6retagens kvartalsrapport Q4 2021"},{"@type":"BreadcrumbList","@id":"https:\/\/www.kompetensforetagen.se\/2022\/03\/kompetensbranschens-omsattningsstatistik-q4-2021\/#breadcrumb","itemListElement":[{"@type":"ListItem","position":1,"name":"Home","item":"https:\/\/www.kompetensforetagen.se\/"},{"@type":"ListItem","position":2,"name":"Kompetens&shy;branschens oms\u00e4ttningsstatistik Q4 2021"}]},{"@type":"WebSite","@id":"https:\/\/www.kompetensforetagen.se\/#website","url":"https:\/\/www.kompetensforetagen.se\/","name":"Kompetensf\u00f6retagen","description":"R\u00e4tt person p\u00e5 r\u00e4tt plats kan f\u00f6r\u00e4ndra v\u00e4rlden","publisher":{"@id":"https:\/\/www.kompetensforetagen.se\/#organization"},"potentialAction":[{"@type":"SearchAction","target":{"@type":"EntryPoint","urlTemplate":"https:\/\/www.kompetensforetagen.se\/?s={search_term_string}"},"query-input":{"@type":"PropertyValueSpecification","valueRequired":true,"valueName":"search_term_string"}}],"inLanguage":"sv-SE"},{"@type":"Organization","@id":"https:\/\/www.kompetensforetagen.se\/#organization","name":"Kompetensf\u00f6retagen","url":"https:\/\/www.kompetensforetagen.se\/","logo":{"@type":"ImageObject","inLanguage":"sv-SE","@id":"https:\/\/www.kompetensforetagen.se\/#\/schema\/logo\/image\/","url":"https:\/\/www.kompetensforetagen.se\/app\/uploads\/sites\/5\/2022\/10\/logga_svart.png","contentUrl":"https:\/\/www.kompetensforetagen.se\/app\/uploads\/sites\/5\/2022\/10\/logga_svart.png","width":752,"height":64,"caption":"Kompetensf\u00f6retagen"},"image":{"@id":"https:\/\/www.kompetensforetagen.se\/#\/schema\/logo\/image\/"},"sameAs":["https:\/\/www.linkedin.com\/company\/10540032\/"]},{"@type":"Person","@id":"","url":"https:\/\/www.kompetensforetagen.se\/person\/"}]}},"_links":{"self":[{"href":"https:\/\/www.kompetensforetagen.se\/api\/wp\/v2\/posts\/9063","targetHints":{"allow":["GET"]}}],"collection":[{"href":"https:\/\/www.kompetensforetagen.se\/api\/wp\/v2\/posts"}],"about":[{"href":"https:\/\/www.kompetensforetagen.se\/api\/wp\/v2\/types\/post"}],"author":[{"embeddable":true,"href":"https:\/\/www.kompetensforetagen.se\/api\/wp\/v2\/users\/6358"}],"replies":[{"embeddable":true,"href":"https:\/\/www.kompetensforetagen.se\/api\/wp\/v2\/comments?post=9063"}],"version-history":[{"count":1,"href":"https:\/\/www.kompetensforetagen.se\/api\/wp\/v2\/posts\/9063\/revisions"}],"predecessor-version":[{"id":14609,"href":"https:\/\/www.kompetensforetagen.se\/api\/wp\/v2\/posts\/9063\/revisions\/14609"}],"wp:featuredmedia":[{"embeddable":true,"href":"https:\/\/www.kompetensforetagen.se\/api\/wp\/v2\/media\/9066"}],"wp:attachment":[{"href":"https:\/\/www.kompetensforetagen.se\/api\/wp\/v2\/media?parent=9063"}],"wp:term":[{"taxonomy":"category","embeddable":true,"href":"https:\/\/www.kompetensforetagen.se\/api\/wp\/v2\/categories?post=9063"},{"taxonomy":"post_tag","embeddable":true,"href":"https:\/\/www.kompetensforetagen.se\/api\/wp\/v2\/tags?post=9063"},{"taxonomy":"type","embeddable":true,"href":"https:\/\/www.kompetensforetagen.se\/api\/wp\/v2\/article_type?post=9063"},{"taxonomy":"agreement","embeddable":true,"href":"https:\/\/www.kompetensforetagen.se\/api\/wp\/v2\/agreement?post=9063"},{"taxonomy":"for-members","embeddable":true,"href":"https:\/\/www.kompetensforetagen.se\/api\/wp\/v2\/for-members?post=9063"}],"curies":[{"name":"wp","href":"https:\/\/api.w.org\/{rel}","templated":true}]}}