{"id":9028,"date":"2022-03-15T13:15:27","date_gmt":"2022-03-15T12:15:27","guid":{"rendered":"https:\/\/www.kompetensforetagen.se\/?p=9028"},"modified":"2023-07-13T15:02:02","modified_gmt":"2023-07-13T13:02:02","slug":"systematiskt-arbetsmiljoarbete-for-sakrare-arbetsmiljo","status":"publish","type":"post","link":"https:\/\/www.kompetensforetagen.se\/2022\/03\/systematiskt-arbetsmiljoarbete-for-sakrare-arbetsmiljo\/","title":{"rendered":"Systematiskt arbetsmilj\u00f6arbete f\u00f6r s\u00e4krare arbetsmilj\u00f6"},"content":{"rendered":"\n<p>Du kanske har h\u00f6rt att systematiskt arbetsmilj\u00f6arbete \u00e4r grundl\u00e4ggande f\u00f6r en god arbetsmilj\u00f6. Men vad inneb\u00e4r det egentligen?<\/p>\n\n\n\n<p>Arbetsmilj\u00f6arbetet \u00e4r oerh\u00f6rt viktigt. Ingen ska bli skadad eller sjuk p\u00e5 grund av sitt arbete. I <a href=\"https:\/\/www.av.se\/arbetsmiljoarbete-och-inspektioner\/lagar-och-regler-om-arbetsmiljo\/\" target=\"_blank\" rel=\"noopener\">Arbetsmilj\u00f6lagen (AML<\/a>) finns regler om skyldigheter f\u00f6r arbetsgivare och andra skyddsansvariga f\u00f6r att f\u00f6rebygga oh\u00e4lsa och olycksfall i arbetet. Den g\u00e4ller f\u00f6r alla arbetsgivare, och alla f\u00f6rh\u00e5llanden i arbetsmilj\u00f6n.<\/p>\n\n\n\n<h3 class=\"wp-block-heading\">Systematiskt arbetsmilj\u00f6arbete<\/h3>\n\n\n\n<p>Att ett arbete \u00e4r systematiskt inneb\u00e4r att det f\u00f6ljer vissa, \u00e5terkommande rutiner. Arbetsmilj\u00f6verket st\u00e4ller upp ett antal punkter f\u00f6r just arbetsmilj\u00f6. Man ska:<\/p>\n\n\n\n<ul class=\"wp-block-list\">\n<li>Unders\u00f6ka arbetsmilj\u00f6n<\/li>\n\n\n\n<li>Utreda oh\u00e4lsa, olyckor och tillbud.<\/li>\n\n\n\n<li>Bed\u00f6ma om riskerna \u00e4r allvarliga eller inte<\/li>\n\n\n\n<li>\u00c5tg\u00e4rda riskerna<\/li>\n\n\n\n<li>Skriv en handlingsplan<\/li>\n\n\n\n<li>Kontrollera \u00e5tg\u00e4rderna<\/li>\n<\/ul>\n\n\n\n<p>I grunden beh\u00f6vs en arbetsmilj\u00f6policy. Risker ska sedan fortl\u00f6pande och kontinuerligt unders\u00f6kas, riskbed\u00f6mas , \u00e5tg\u00e4rdas&nbsp; och kontrolleras.&nbsp; Det systematiska arbetsmilj\u00f6arbetet ska dessutom f\u00f6ljas upp \u00e5rligen. D\u00e5 kan man se vad som beh\u00f6ver f\u00f6rb\u00e4ttras i det fortsatta arbetsmilj\u00f6arbetet.<\/p>\n\n\n\n<figure class=\"wp-block-image alignright\"><img loading=\"lazy\" decoding=\"async\" width=\"550\" height=\"393\" src=\"https:\/\/www.almega.se\/app\/uploads\/sites\/5\/2022\/02\/arbetsmiljoarbete.png\" alt=\"\" class=\"wp-image-9029\" srcset=\"https:\/\/www.kompetensforetagen.se\/app\/uploads\/sites\/5\/2022\/02\/arbetsmiljoarbete.png 550w, https:\/\/www.kompetensforetagen.se\/app\/uploads\/sites\/5\/2022\/02\/arbetsmiljoarbete-380x272.png 380w\" sizes=\"auto, (max-width: 550px) 100vw, 550px\" \/><\/figure>\n\n\n\n<h3 class=\"wp-block-heading\">Delat ansvar f\u00f6r konsulter<\/h3>\n\n\n\n<p>N\u00e4r det kommer till konsulter \u00e4r<a href=\"https:\/\/www.kompetensforetagen.se\/2021\/11\/konsultens-arbetsmiljo\/\" target=\"_blank\" rel=\"noopener\"> ansvaret f\u00f6r arbetsmilj\u00f6n gemensamt och delat mellan bemannings- och kundf\u00f6retag<\/a> under uppdraget. Bemanningsf\u00f6retaget har till exempel ansvar f\u00f6r att riskbed\u00f6ma och -introducera arbetsuppgifterna, och kundf\u00f6retaget ska se till att konsulten f\u00e5r en bra arbetsmilj\u00f6introduktion. \u00c4ven h\u00e4r beh\u00f6vs s\u00e5klart en systematik. Till hj\u00e4lp f\u00f6r det finns till exempel<a href=\"https:\/\/www.prevent.se\/bransch\/tjanster\/in--och-uthyrd-personal\/\" target=\"_blank\" rel=\"noopener\"> Prevents checklistor f\u00f6r b\u00e5de in- och uthyrande f\u00f6retag.<\/a><\/p>\n\n\n\n<p>Vill du f\u00e5 praktisk hj\u00e4lp f\u00f6r systematiskt arbetsmilj\u00f6arbete? Arbetsmilj\u00f6verket har ett <a href=\"https:\/\/www.av.se\/arbetsmiljoarbete-och-inspektioner\/arbeta-med-arbetsmiljon\/komma-igang-med-arbetsmiljoarbetet\/?hl=startpaket\" target=\"_blank\" rel=\"noopener\">startpaket<\/a> du kan f\u00f6rdjupa dig i, och Prevent har en m\u00e4ngd <a href=\"https:\/\/www.prevent.se\/jobba-med-arbetsmiljo\/checklistor\/\" target=\"_blank\" rel=\"noopener\">checklistor<\/a> och enk\u00e4ter f\u00f6r arbetsmilj\u00f6arbetet.<\/p>\n","protected":false},"excerpt":{"rendered":"<p>Du kanske har h\u00f6rt att systematiskt arbetsmilj\u00f6arbete \u00e4r grundl\u00e4ggande f\u00f6r en god arbetsmilj\u00f6. Men vad inneb\u00e4r det egentligen? Arbetsmilj\u00f6arbetet \u00e4r oerh\u00f6rt viktigt. Ingen ska bli skadad eller sjuk p\u00e5 grund av sitt arbete. I Arbetsmilj\u00f6lagen &hellip;<\/p>\n","protected":false},"author":6358,"featured_media":2378,"comment_status":"closed","ping_status":"closed","sticky":false,"template":"","format":"standard","meta":{"_acf_changed":false,"footnotes":""},"categories":[20],"tags":[],"article_type":[8],"agreement":[],"for-members":[],"class_list":["post-9028","post","type-post","status-publish","format-standard","has-post-thumbnail","hentry","category-arbetsmiljo","type-aktuellt"],"acf":[],"yoast_head":"<!-- This site is optimized with the Yoast SEO Premium plugin v26.8 (Yoast SEO v26.8) - https:\/\/yoast.com\/product\/yoast-seo-premium-wordpress\/ -->\n<title>Systematiskt arbetsmilj\u00f6arbete f\u00f6r s\u00e4krare arbetsmilj\u00f6<\/title>\n<meta name=\"description\" content=\"Systematiskt arbetsmilj\u00f6arbete inneb\u00e4r att arbetsmilj\u00f6arbetet f\u00f6ljer vissa, \u00e5terkommande rutiner. H\u00e4r kan du l\u00e4sa mer om det.\" \/>\n<meta name=\"robots\" content=\"index, follow, max-snippet:-1, max-image-preview:large, max-video-preview:-1\" \/>\n<link rel=\"canonical\" href=\"https:\/\/www.kompetensforetagen.se\/2022\/03\/systematiskt-arbetsmiljoarbete-for-sakrare-arbetsmiljo\/\" \/>\n<meta property=\"og:locale\" content=\"sv_SE\" \/>\n<meta property=\"og:type\" content=\"article\" \/>\n<meta property=\"og:title\" content=\"Systematiskt arbetsmilj\u00f6arbete f\u00f6r s\u00e4krare arbetsmilj\u00f6\" \/>\n<meta property=\"og:description\" content=\"Systematiskt arbetsmilj\u00f6arbete inneb\u00e4r att arbetsmilj\u00f6arbetet f\u00f6ljer vissa, \u00e5terkommande rutiner. H\u00e4r kan du l\u00e4sa mer om det.\" \/>\n<meta property=\"og:url\" content=\"https:\/\/www.kompetensforetagen.se\/2022\/03\/systematiskt-arbetsmiljoarbete-for-sakrare-arbetsmiljo\/\" \/>\n<meta property=\"og:site_name\" content=\"Kompetensf\u00f6retagen\" \/>\n<meta property=\"article:published_time\" content=\"2022-03-15T12:15:27+00:00\" \/>\n<meta property=\"article:modified_time\" content=\"2023-07-13T13:02:02+00:00\" \/>\n<meta property=\"og:image\" content=\"https:\/\/www.kompetensforetagen.se\/app\/uploads\/sites\/5\/2018\/06\/rep-shutterstock.jpg\" \/>\n\t<meta property=\"og:image:width\" content=\"1000\" \/>\n\t<meta property=\"og:image:height\" content=\"1000\" \/>\n\t<meta property=\"og:image:type\" content=\"image\/jpeg\" \/>\n<meta name=\"twitter:card\" content=\"summary_large_image\" \/>\n<meta name=\"twitter:label1\" content=\"Skriven av\" \/>\n\t<meta name=\"twitter:data1\" content=\"\" \/>\n\t<meta name=\"twitter:label2\" content=\"Ber\u00e4knad l\u00e4stid\" \/>\n\t<meta name=\"twitter:data2\" content=\"2 minuter\" \/>\n<!-- \/ Yoast SEO Premium plugin. -->","yoast_head_json":{"title":"Systematiskt arbetsmilj\u00f6arbete f\u00f6r s\u00e4krare arbetsmilj\u00f6","description":"Systematiskt arbetsmilj\u00f6arbete inneb\u00e4r att arbetsmilj\u00f6arbetet f\u00f6ljer vissa, \u00e5terkommande rutiner. H\u00e4r kan du l\u00e4sa mer om det.","robots":{"index":"index","follow":"follow","max-snippet":"max-snippet:-1","max-image-preview":"max-image-preview:large","max-video-preview":"max-video-preview:-1"},"canonical":"https:\/\/www.kompetensforetagen.se\/2022\/03\/systematiskt-arbetsmiljoarbete-for-sakrare-arbetsmiljo\/","og_locale":"sv_SE","og_type":"article","og_title":"Systematiskt arbetsmilj\u00f6arbete f\u00f6r s\u00e4krare arbetsmilj\u00f6","og_description":"Systematiskt arbetsmilj\u00f6arbete inneb\u00e4r att arbetsmilj\u00f6arbetet f\u00f6ljer vissa, \u00e5terkommande rutiner. H\u00e4r kan du l\u00e4sa mer om det.","og_url":"https:\/\/www.kompetensforetagen.se\/2022\/03\/systematiskt-arbetsmiljoarbete-for-sakrare-arbetsmiljo\/","og_site_name":"Kompetensf\u00f6retagen","article_published_time":"2022-03-15T12:15:27+00:00","article_modified_time":"2023-07-13T13:02:02+00:00","og_image":[{"width":1000,"height":1000,"url":"https:\/\/www.kompetensforetagen.se\/app\/uploads\/sites\/5\/2018\/06\/rep-shutterstock.jpg","type":"image\/jpeg"}],"twitter_card":"summary_large_image","twitter_misc":{"Skriven av":"","Ber\u00e4knad l\u00e4stid":"2 minuter"},"schema":{"@context":"https:\/\/schema.org","@graph":[{"@type":"Article","@id":"https:\/\/www.kompetensforetagen.se\/2022\/03\/systematiskt-arbetsmiljoarbete-for-sakrare-arbetsmiljo\/#article","isPartOf":{"@id":"https:\/\/www.kompetensforetagen.se\/2022\/03\/systematiskt-arbetsmiljoarbete-for-sakrare-arbetsmiljo\/"},"author":{"name":"","@id":""},"headline":"Systematiskt arbetsmilj\u00f6arbete f\u00f6r s\u00e4krare arbetsmilj\u00f6","datePublished":"2022-03-15T12:15:27+00:00","dateModified":"2023-07-13T13:02:02+00:00","mainEntityOfPage":{"@id":"https:\/\/www.kompetensforetagen.se\/2022\/03\/systematiskt-arbetsmiljoarbete-for-sakrare-arbetsmiljo\/"},"wordCount":316,"publisher":{"@id":"https:\/\/www.kompetensforetagen.se\/#organization"},"image":{"@id":"https:\/\/www.kompetensforetagen.se\/2022\/03\/systematiskt-arbetsmiljoarbete-for-sakrare-arbetsmiljo\/#primaryimage"},"thumbnailUrl":"https:\/\/www.kompetensforetagen.se\/app\/uploads\/sites\/5\/2018\/06\/rep-shutterstock.jpg","articleSection":["Arbetsmilj\u00f6"],"inLanguage":"sv-SE"},{"@type":"WebPage","@id":"https:\/\/www.kompetensforetagen.se\/2022\/03\/systematiskt-arbetsmiljoarbete-for-sakrare-arbetsmiljo\/","url":"https:\/\/www.kompetensforetagen.se\/2022\/03\/systematiskt-arbetsmiljoarbete-for-sakrare-arbetsmiljo\/","name":"Systematiskt arbetsmilj\u00f6arbete f\u00f6r s\u00e4krare arbetsmilj\u00f6","isPartOf":{"@id":"https:\/\/www.kompetensforetagen.se\/#website"},"primaryImageOfPage":{"@id":"https:\/\/www.kompetensforetagen.se\/2022\/03\/systematiskt-arbetsmiljoarbete-for-sakrare-arbetsmiljo\/#primaryimage"},"image":{"@id":"https:\/\/www.kompetensforetagen.se\/2022\/03\/systematiskt-arbetsmiljoarbete-for-sakrare-arbetsmiljo\/#primaryimage"},"thumbnailUrl":"https:\/\/www.kompetensforetagen.se\/app\/uploads\/sites\/5\/2018\/06\/rep-shutterstock.jpg","datePublished":"2022-03-15T12:15:27+00:00","dateModified":"2023-07-13T13:02:02+00:00","description":"Systematiskt arbetsmilj\u00f6arbete inneb\u00e4r att arbetsmilj\u00f6arbetet f\u00f6ljer vissa, \u00e5terkommande rutiner. H\u00e4r kan du l\u00e4sa mer om det.","breadcrumb":{"@id":"https:\/\/www.kompetensforetagen.se\/2022\/03\/systematiskt-arbetsmiljoarbete-for-sakrare-arbetsmiljo\/#breadcrumb"},"inLanguage":"sv-SE","potentialAction":[{"@type":"ReadAction","target":["https:\/\/www.kompetensforetagen.se\/2022\/03\/systematiskt-arbetsmiljoarbete-for-sakrare-arbetsmiljo\/"]}]},{"@type":"ImageObject","inLanguage":"sv-SE","@id":"https:\/\/www.kompetensforetagen.se\/2022\/03\/systematiskt-arbetsmiljoarbete-for-sakrare-arbetsmiljo\/#primaryimage","url":"https:\/\/www.kompetensforetagen.se\/app\/uploads\/sites\/5\/2018\/06\/rep-shutterstock.jpg","contentUrl":"https:\/\/www.kompetensforetagen.se\/app\/uploads\/sites\/5\/2018\/06\/rep-shutterstock.jpg","width":1000,"height":1000,"caption":"M\u00e5ngf\u00e4rgade rep bildar knut som symboliserar service inom bemanningsl\u00f6sningar."},{"@type":"BreadcrumbList","@id":"https:\/\/www.kompetensforetagen.se\/2022\/03\/systematiskt-arbetsmiljoarbete-for-sakrare-arbetsmiljo\/#breadcrumb","itemListElement":[{"@type":"ListItem","position":1,"name":"Home","item":"https:\/\/www.kompetensforetagen.se\/"},{"@type":"ListItem","position":2,"name":"Systematiskt arbetsmilj\u00f6arbete f\u00f6r s\u00e4krare arbetsmilj\u00f6"}]},{"@type":"WebSite","@id":"https:\/\/www.kompetensforetagen.se\/#website","url":"https:\/\/www.kompetensforetagen.se\/","name":"Kompetensf\u00f6retagen","description":"R\u00e4tt person p\u00e5 r\u00e4tt plats kan f\u00f6r\u00e4ndra v\u00e4rlden","publisher":{"@id":"https:\/\/www.kompetensforetagen.se\/#organization"},"potentialAction":[{"@type":"SearchAction","target":{"@type":"EntryPoint","urlTemplate":"https:\/\/www.kompetensforetagen.se\/?s={search_term_string}"},"query-input":{"@type":"PropertyValueSpecification","valueRequired":true,"valueName":"search_term_string"}}],"inLanguage":"sv-SE"},{"@type":"Organization","@id":"https:\/\/www.kompetensforetagen.se\/#organization","name":"Kompetensf\u00f6retagen","url":"https:\/\/www.kompetensforetagen.se\/","logo":{"@type":"ImageObject","inLanguage":"sv-SE","@id":"https:\/\/www.kompetensforetagen.se\/#\/schema\/logo\/image\/","url":"https:\/\/www.kompetensforetagen.se\/app\/uploads\/sites\/5\/2022\/10\/logga_svart.png","contentUrl":"https:\/\/www.kompetensforetagen.se\/app\/uploads\/sites\/5\/2022\/10\/logga_svart.png","width":752,"height":64,"caption":"Kompetensf\u00f6retagen"},"image":{"@id":"https:\/\/www.kompetensforetagen.se\/#\/schema\/logo\/image\/"},"sameAs":["https:\/\/www.linkedin.com\/company\/10540032\/"]},{"@type":"Person","@id":"","url":"https:\/\/www.kompetensforetagen.se\/person\/"}]}},"_links":{"self":[{"href":"https:\/\/www.kompetensforetagen.se\/api\/wp\/v2\/posts\/9028","targetHints":{"allow":["GET"]}}],"collection":[{"href":"https:\/\/www.kompetensforetagen.se\/api\/wp\/v2\/posts"}],"about":[{"href":"https:\/\/www.kompetensforetagen.se\/api\/wp\/v2\/types\/post"}],"author":[{"embeddable":true,"href":"https:\/\/www.kompetensforetagen.se\/api\/wp\/v2\/users\/6358"}],"replies":[{"embeddable":true,"href":"https:\/\/www.kompetensforetagen.se\/api\/wp\/v2\/comments?post=9028"}],"version-history":[{"count":1,"href":"https:\/\/www.kompetensforetagen.se\/api\/wp\/v2\/posts\/9028\/revisions"}],"predecessor-version":[{"id":14614,"href":"https:\/\/www.kompetensforetagen.se\/api\/wp\/v2\/posts\/9028\/revisions\/14614"}],"wp:featuredmedia":[{"embeddable":true,"href":"https:\/\/www.kompetensforetagen.se\/api\/wp\/v2\/media\/2378"}],"wp:attachment":[{"href":"https:\/\/www.kompetensforetagen.se\/api\/wp\/v2\/media?parent=9028"}],"wp:term":[{"taxonomy":"category","embeddable":true,"href":"https:\/\/www.kompetensforetagen.se\/api\/wp\/v2\/categories?post=9028"},{"taxonomy":"post_tag","embeddable":true,"href":"https:\/\/www.kompetensforetagen.se\/api\/wp\/v2\/tags?post=9028"},{"taxonomy":"type","embeddable":true,"href":"https:\/\/www.kompetensforetagen.se\/api\/wp\/v2\/article_type?post=9028"},{"taxonomy":"agreement","embeddable":true,"href":"https:\/\/www.kompetensforetagen.se\/api\/wp\/v2\/agreement?post=9028"},{"taxonomy":"for-members","embeddable":true,"href":"https:\/\/www.kompetensforetagen.se\/api\/wp\/v2\/for-members?post=9028"}],"curies":[{"name":"wp","href":"https:\/\/api.w.org\/{rel}","templated":true}]}}