{"id":9024,"date":"2022-02-25T14:08:57","date_gmt":"2022-02-25T13:08:57","guid":{"rendered":"https:\/\/www.kompetensforetagen.se\/?p=9024"},"modified":"2023-07-13T14:49:52","modified_gmt":"2023-07-13T12:49:52","slug":"almegas-vd-om-ukraina-en-tragedi-i-vardande","status":"publish","type":"post","link":"https:\/\/www.kompetensforetagen.se\/2022\/02\/almegas-vd-om-ukraina-en-tragedi-i-vardande\/","title":{"rendered":"Almegas vd om Ukraina &#8211; \u201dEn tragedi i vardande\u201d"},"content":{"rendered":"\n<p>\u2013 Rysslands agerande \u00e4r ett oprovocerat angrepp p\u00e5 en sj\u00e4lvst\u00e4ndig, suver\u00e4n och demokratisk stat och givetvis helt oacceptabelt. Det \u00e4r en tragedi i vardande och jag t\u00e4nker fr\u00e4mst p\u00e5 de humanit\u00e4ra aspekterna av situationen d\u00e4r det i slut\u00e4nden \u00e4r m\u00e4nniskors liv som st\u00e5r p\u00e5 spel, <a href=\"https:\/\/www.almega.se\/2022\/02\/en-tragedi-i-vardande-almegas-vd-om-situationen-i-ukraina\/\" target=\"_blank\" rel=\"noopener\">s\u00e4ger Ann \u00d6berg, vd p\u00e5 Almega i ett inl\u00e4gg p\u00e5 almega.se<\/a>.<\/p>\n\n\n\n<p>Rysslands attack \u00e4r obefogad och of\u00f6rsvarlig, enligt Almega. Det \u00e4r en m\u00e4nsklig tragedi med o\u00f6versk\u00e5dliga s\u00e4kerhetspolitiska och ekonomiska konsekvenser. L\u00e4get i Ukraina kommer helt visst orsaka ett stort m\u00e4nskligt lidande. Samtidigt g\u00e5r det inte att blunda f\u00f6r att det \u00e4r en extremt allvarlig s\u00e4kerhetspolitisk situation som riskerar att f\u00e5 l\u00e5ngtg\u00e5ende ekonomiska konsekvenser. L\u00e4s hela inl\u00e4gget p\u00e5<a href=\"https:\/\/www.almega.se\/2022\/02\/en-tragedi-i-vardande-almegas-vd-om-situationen-i-ukraina\/\" target=\"_blank\" rel=\"noopener\"> almega.se<\/a><\/p>\n","protected":false},"excerpt":{"rendered":"<p>\u2013 Rysslands agerande \u00e4r ett oprovocerat angrepp p\u00e5 en sj\u00e4lvst\u00e4ndig, suver\u00e4n och demokratisk stat och givetvis helt oacceptabelt. Det \u00e4r en tragedi i vardande och jag t\u00e4nker fr\u00e4mst p\u00e5 de humanit\u00e4ra aspekterna av situationen d\u00e4r &hellip;<\/p>\n","protected":false},"author":6358,"featured_media":9025,"comment_status":"closed","ping_status":"closed","sticky":false,"template":"","format":"standard","meta":{"_acf_changed":false,"footnotes":""},"categories":[1],"tags":[],"article_type":[8],"agreement":[],"for-members":[],"class_list":["post-9024","post","type-post","status-publish","format-standard","has-post-thumbnail","hentry","category-okategoriserade","type-aktuellt"],"acf":[],"yoast_head":"<!-- This site is optimized with the Yoast SEO Premium plugin v26.8 (Yoast SEO v26.8) - https:\/\/yoast.com\/product\/yoast-seo-premium-wordpress\/ -->\n<title>Almegas vd om Ukraina - \u201dEn tragedi i vardande\u201d<\/title>\n<meta name=\"description\" content=\"L\u00e4get i Ukraina kommer helt visst orsaka ett stort m\u00e4nskligt lidande. Samtidigt \u00e4r det en extremt allvarlig s\u00e4kerhetspolitisk situation.\" \/>\n<meta name=\"robots\" content=\"index, follow, max-snippet:-1, max-image-preview:large, max-video-preview:-1\" \/>\n<link rel=\"canonical\" href=\"https:\/\/www.kompetensforetagen.se\/2022\/02\/almegas-vd-om-ukraina-en-tragedi-i-vardande\/\" \/>\n<meta property=\"og:locale\" content=\"sv_SE\" \/>\n<meta property=\"og:type\" content=\"article\" \/>\n<meta property=\"og:title\" content=\"Almegas vd om Ukraina - \u201dEn tragedi i vardande\u201d\" \/>\n<meta property=\"og:description\" content=\"L\u00e4get i Ukraina kommer helt visst orsaka ett stort m\u00e4nskligt lidande. Samtidigt \u00e4r det en extremt allvarlig s\u00e4kerhetspolitisk situation.\" \/>\n<meta property=\"og:url\" content=\"https:\/\/www.kompetensforetagen.se\/2022\/02\/almegas-vd-om-ukraina-en-tragedi-i-vardande\/\" \/>\n<meta property=\"og:site_name\" content=\"Kompetensf\u00f6retagen\" \/>\n<meta property=\"article:published_time\" content=\"2022-02-25T13:08:57+00:00\" \/>\n<meta property=\"article:modified_time\" content=\"2023-07-13T12:49:52+00:00\" \/>\n<meta property=\"og:image\" content=\"https:\/\/www.kompetensforetagen.se\/app\/uploads\/sites\/5\/2022\/02\/1884-scaled.jpg\" \/>\n\t<meta property=\"og:image:width\" content=\"2560\" \/>\n\t<meta property=\"og:image:height\" content=\"1707\" \/>\n\t<meta property=\"og:image:type\" content=\"image\/jpeg\" \/>\n<meta name=\"twitter:card\" content=\"summary_large_image\" \/>\n<meta name=\"twitter:label1\" content=\"Skriven av\" \/>\n\t<meta name=\"twitter:data1\" content=\"\" \/>\n\t<meta name=\"twitter:label2\" content=\"Ber\u00e4knad l\u00e4stid\" \/>\n\t<meta name=\"twitter:data2\" content=\"1 minut\" \/>\n<!-- \/ Yoast SEO Premium plugin. -->","yoast_head_json":{"title":"Almegas vd om Ukraina - \u201dEn tragedi i vardande\u201d","description":"L\u00e4get i Ukraina kommer helt visst orsaka ett stort m\u00e4nskligt lidande. Samtidigt \u00e4r det en extremt allvarlig s\u00e4kerhetspolitisk situation.","robots":{"index":"index","follow":"follow","max-snippet":"max-snippet:-1","max-image-preview":"max-image-preview:large","max-video-preview":"max-video-preview:-1"},"canonical":"https:\/\/www.kompetensforetagen.se\/2022\/02\/almegas-vd-om-ukraina-en-tragedi-i-vardande\/","og_locale":"sv_SE","og_type":"article","og_title":"Almegas vd om Ukraina - \u201dEn tragedi i vardande\u201d","og_description":"L\u00e4get i Ukraina kommer helt visst orsaka ett stort m\u00e4nskligt lidande. Samtidigt \u00e4r det en extremt allvarlig s\u00e4kerhetspolitisk situation.","og_url":"https:\/\/www.kompetensforetagen.se\/2022\/02\/almegas-vd-om-ukraina-en-tragedi-i-vardande\/","og_site_name":"Kompetensf\u00f6retagen","article_published_time":"2022-02-25T13:08:57+00:00","article_modified_time":"2023-07-13T12:49:52+00:00","og_image":[{"width":2560,"height":1707,"url":"https:\/\/www.kompetensforetagen.se\/app\/uploads\/sites\/5\/2022\/02\/1884-scaled.jpg","type":"image\/jpeg"}],"twitter_card":"summary_large_image","twitter_misc":{"Skriven av":"","Ber\u00e4knad l\u00e4stid":"1 minut"},"schema":{"@context":"https:\/\/schema.org","@graph":[{"@type":"Article","@id":"https:\/\/www.kompetensforetagen.se\/2022\/02\/almegas-vd-om-ukraina-en-tragedi-i-vardande\/#article","isPartOf":{"@id":"https:\/\/www.kompetensforetagen.se\/2022\/02\/almegas-vd-om-ukraina-en-tragedi-i-vardande\/"},"author":{"name":"","@id":""},"headline":"Almegas vd om Ukraina &#8211; \u201dEn tragedi i vardande\u201d","datePublished":"2022-02-25T13:08:57+00:00","dateModified":"2023-07-13T12:49:52+00:00","mainEntityOfPage":{"@id":"https:\/\/www.kompetensforetagen.se\/2022\/02\/almegas-vd-om-ukraina-en-tragedi-i-vardande\/"},"wordCount":149,"publisher":{"@id":"https:\/\/www.kompetensforetagen.se\/#organization"},"image":{"@id":"https:\/\/www.kompetensforetagen.se\/2022\/02\/almegas-vd-om-ukraina-en-tragedi-i-vardande\/#primaryimage"},"thumbnailUrl":"https:\/\/www.kompetensforetagen.se\/app\/uploads\/sites\/5\/2022\/02\/1884-scaled.jpg","inLanguage":"sv-SE"},{"@type":"WebPage","@id":"https:\/\/www.kompetensforetagen.se\/2022\/02\/almegas-vd-om-ukraina-en-tragedi-i-vardande\/","url":"https:\/\/www.kompetensforetagen.se\/2022\/02\/almegas-vd-om-ukraina-en-tragedi-i-vardande\/","name":"Almegas vd om Ukraina - \u201dEn tragedi i vardande\u201d","isPartOf":{"@id":"https:\/\/www.kompetensforetagen.se\/#website"},"primaryImageOfPage":{"@id":"https:\/\/www.kompetensforetagen.se\/2022\/02\/almegas-vd-om-ukraina-en-tragedi-i-vardande\/#primaryimage"},"image":{"@id":"https:\/\/www.kompetensforetagen.se\/2022\/02\/almegas-vd-om-ukraina-en-tragedi-i-vardande\/#primaryimage"},"thumbnailUrl":"https:\/\/www.kompetensforetagen.se\/app\/uploads\/sites\/5\/2022\/02\/1884-scaled.jpg","datePublished":"2022-02-25T13:08:57+00:00","dateModified":"2023-07-13T12:49:52+00:00","description":"L\u00e4get i Ukraina kommer helt visst orsaka ett stort m\u00e4nskligt lidande. Samtidigt \u00e4r det en extremt allvarlig s\u00e4kerhetspolitisk situation.","breadcrumb":{"@id":"https:\/\/www.kompetensforetagen.se\/2022\/02\/almegas-vd-om-ukraina-en-tragedi-i-vardande\/#breadcrumb"},"inLanguage":"sv-SE","potentialAction":[{"@type":"ReadAction","target":["https:\/\/www.kompetensforetagen.se\/2022\/02\/almegas-vd-om-ukraina-en-tragedi-i-vardande\/"]}]},{"@type":"ImageObject","inLanguage":"sv-SE","@id":"https:\/\/www.kompetensforetagen.se\/2022\/02\/almegas-vd-om-ukraina-en-tragedi-i-vardande\/#primaryimage","url":"https:\/\/www.kompetensforetagen.se\/app\/uploads\/sites\/5\/2022\/02\/1884-scaled.jpg","contentUrl":"https:\/\/www.kompetensforetagen.se\/app\/uploads\/sites\/5\/2022\/02\/1884-scaled.jpg","width":2560,"height":1707,"caption":"Ann \u00d6berg, vd f\u00f6r Almega"},{"@type":"BreadcrumbList","@id":"https:\/\/www.kompetensforetagen.se\/2022\/02\/almegas-vd-om-ukraina-en-tragedi-i-vardande\/#breadcrumb","itemListElement":[{"@type":"ListItem","position":1,"name":"Home","item":"https:\/\/www.kompetensforetagen.se\/"},{"@type":"ListItem","position":2,"name":"Almegas vd om Ukraina &#8211; \u201dEn tragedi i vardande\u201d"}]},{"@type":"WebSite","@id":"https:\/\/www.kompetensforetagen.se\/#website","url":"https:\/\/www.kompetensforetagen.se\/","name":"Kompetensf\u00f6retagen","description":"R\u00e4tt person p\u00e5 r\u00e4tt plats kan f\u00f6r\u00e4ndra v\u00e4rlden","publisher":{"@id":"https:\/\/www.kompetensforetagen.se\/#organization"},"potentialAction":[{"@type":"SearchAction","target":{"@type":"EntryPoint","urlTemplate":"https:\/\/www.kompetensforetagen.se\/?s={search_term_string}"},"query-input":{"@type":"PropertyValueSpecification","valueRequired":true,"valueName":"search_term_string"}}],"inLanguage":"sv-SE"},{"@type":"Organization","@id":"https:\/\/www.kompetensforetagen.se\/#organization","name":"Kompetensf\u00f6retagen","url":"https:\/\/www.kompetensforetagen.se\/","logo":{"@type":"ImageObject","inLanguage":"sv-SE","@id":"https:\/\/www.kompetensforetagen.se\/#\/schema\/logo\/image\/","url":"https:\/\/www.kompetensforetagen.se\/app\/uploads\/sites\/5\/2022\/10\/logga_svart.png","contentUrl":"https:\/\/www.kompetensforetagen.se\/app\/uploads\/sites\/5\/2022\/10\/logga_svart.png","width":752,"height":64,"caption":"Kompetensf\u00f6retagen"},"image":{"@id":"https:\/\/www.kompetensforetagen.se\/#\/schema\/logo\/image\/"},"sameAs":["https:\/\/www.linkedin.com\/company\/10540032\/"]},{"@type":"Person","@id":"","url":"https:\/\/www.kompetensforetagen.se\/person\/"}]}},"_links":{"self":[{"href":"https:\/\/www.kompetensforetagen.se\/api\/wp\/v2\/posts\/9024","targetHints":{"allow":["GET"]}}],"collection":[{"href":"https:\/\/www.kompetensforetagen.se\/api\/wp\/v2\/posts"}],"about":[{"href":"https:\/\/www.kompetensforetagen.se\/api\/wp\/v2\/types\/post"}],"author":[{"embeddable":true,"href":"https:\/\/www.kompetensforetagen.se\/api\/wp\/v2\/users\/6358"}],"replies":[{"embeddable":true,"href":"https:\/\/www.kompetensforetagen.se\/api\/wp\/v2\/comments?post=9024"}],"version-history":[{"count":1,"href":"https:\/\/www.kompetensforetagen.se\/api\/wp\/v2\/posts\/9024\/revisions"}],"predecessor-version":[{"id":14608,"href":"https:\/\/www.kompetensforetagen.se\/api\/wp\/v2\/posts\/9024\/revisions\/14608"}],"wp:featuredmedia":[{"embeddable":true,"href":"https:\/\/www.kompetensforetagen.se\/api\/wp\/v2\/media\/9025"}],"wp:attachment":[{"href":"https:\/\/www.kompetensforetagen.se\/api\/wp\/v2\/media?parent=9024"}],"wp:term":[{"taxonomy":"category","embeddable":true,"href":"https:\/\/www.kompetensforetagen.se\/api\/wp\/v2\/categories?post=9024"},{"taxonomy":"post_tag","embeddable":true,"href":"https:\/\/www.kompetensforetagen.se\/api\/wp\/v2\/tags?post=9024"},{"taxonomy":"type","embeddable":true,"href":"https:\/\/www.kompetensforetagen.se\/api\/wp\/v2\/article_type?post=9024"},{"taxonomy":"agreement","embeddable":true,"href":"https:\/\/www.kompetensforetagen.se\/api\/wp\/v2\/agreement?post=9024"},{"taxonomy":"for-members","embeddable":true,"href":"https:\/\/www.kompetensforetagen.se\/api\/wp\/v2\/for-members?post=9024"}],"curies":[{"name":"wp","href":"https:\/\/api.w.org\/{rel}","templated":true}]}}