{"id":8917,"date":"2022-03-08T13:03:05","date_gmt":"2022-03-08T12:03:05","guid":{"rendered":"https:\/\/www.kompetensforetagen.se\/?p=8917"},"modified":"2023-07-13T14:52:43","modified_gmt":"2023-07-13T12:52:43","slug":"nickes-akeritjanst-rekommenderar-kvinnor-att-bli-lastbilschaufforer","status":"publish","type":"post","link":"https:\/\/www.kompetensforetagen.se\/2022\/03\/nickes-akeritjanst-rekommenderar-kvinnor-att-bli-lastbilschaufforer\/","title":{"rendered":"Nickes \u00c5keritj\u00e4nst rekommenderar kvinnor att bli lastbilschauff\u00f6rer"},"content":{"rendered":"\n<p>\u00c5keribranschen \u00e4r mycket mansdominerad.<a href=\"http:\/\/www.nickesakeritjanst.se\" target=\"_blank\" rel=\"noopener\"> Nickes \u00c5keritj\u00e4nst<\/a> sticker d\u00e4rf\u00f6r ut d\u00e5 de enbart har en man, och resten kvinnor anst\u00e4llda som lastbilschauff\u00f6rer i J\u00f6nk\u00f6ping. F\u00f6retaget \u00e4r en av de st\u00f6rsta akt\u00f6rerna inom bemanning av lastbilschauff\u00f6rer f\u00f6r \u00e5kerier inom G\u00f6teborgs- och \u00d6sterg\u00f6tlandsregionen. Nickes \u00c5keritj\u00e4nst rekommenderar kvinnor att bli lastbilschauff\u00f6rer \u2013 och kunderna h\u00e5ller med.<\/p>\n\n\n\n<p>-Kvinnor \u00e4r v\u00e4ldigt uppskattade i just lastbilsyrket. Det s\u00e4gs ofta att vi k\u00f6r mer f\u00f6rsiktigt och det generar i mindre skador p\u00e5 fordon och gods. Jag tror att vi har f\u00e5tt in m\u00e5nga kvinnor hos oss p\u00e5 grund av att vi \u00e4r en s\u00e5 pass liten grupp \u00e4n s\u00e5 l\u00e4nge, och det kan k\u00e4nnas tryggt f\u00f6r oss att h\u00e5lla ihop. Vi \u00e4r fortfarande en minoritet ute bland \u00e5kerierna. D\u00e4rf\u00f6r \u00e4r det extra roligt att vi \u00e4r fler kvinnor \u00e4n m\u00e4n hos oss, s\u00e4ger platschef Sanna Melvold.<\/p>\n\n\n\n<h3 class=\"wp-block-heading\">F\u00f6rdom att yrket \u00e4r l\u00e4tt<\/h3>\n\n\n\n<p>Det finns f\u00f6rdomar om yrket som lastbilschauff\u00f6r. Sanna Melvold menar att den st\u00f6rsta f\u00f6rdomen \u00e4r att yrket \u00e4r l\u00e4tt.<\/p>\n\n\n\n<p>-St\u00f6rsta f\u00f6rdomarna skulle jag nog vilja p\u00e5st\u00e5 \u00e4r att m\u00e5nga tror att det bara \u00e4r att k\u00f6ra rakt fram fr\u00e5n punkt A till punkt B. Det \u00e4r ett relativt tufft yrke, med b\u00e5de pressade tidsscheman och tungt gods. Det kr\u00e4vs vilja om man ska jobba som lastbilschauff\u00f6r, men har man den viljan s\u00e5 \u00e4r det roligaste jobbet jag vet.<\/p>\n\n\n\n<h3 class=\"wp-block-heading\">Alltid r\u00e4tt person p\u00e5 r\u00e4tt plats<\/h3>\n\n\n\n<p>M\u00e5nga har bilden av att man inom bemanningsbranschen blir utbokad p\u00e5 morgonen och \u00e5ker till ett nytt st\u00e4lle varje dag.<\/p>\n\n\n\n<p>-Vi planerar vecka f\u00f6r vecka, och till 98% vet man vart man ska vara n\u00e4sta vecka. Ibland f\u00e5r vi sj\u00e4lvklart f\u00f6rfr\u00e5gningar dagen innan vid till exempel sjukdom och d\u00e5 f\u00f6rs\u00f6ker vi alltid l\u00f6sa det. Vi h\u00e5ller en h\u00f6g standard s\u00e5 kunderna f\u00e5r det f\u00f6rv\u00e4ntar sig. Vi tillsammans har en enormt stor kompetens, s\u00e5 r\u00e4tt person hamnar p\u00e5 r\u00e4tt plats. Det \u00e4r riktigt kul att jobba inom bemanning, just f\u00f6r att man l\u00e4r sig n\u00e5got nytt varje dag, s\u00e4ger Sanna Mevold.<\/p>\n\n\n\n<p>Att v\u00e4xla mellan att k\u00f6ra f\u00f6r olika kunder \u00e4r till f\u00f6rdel f\u00f6r b\u00e5de dem och chauff\u00f6rerna.<\/p>\n\n\n\n<p>-N\u00e4r vi \u00e4r ute och k\u00f6r hos kunderna s\u00e5 visar vi alla att personal fr\u00e5n bemanning \u00e4r minst lika kompetent som ordinarie, och det \u00e4r inte det \u201ds\u00e4mre\u201d valet, en syn som m\u00e5nga har haft tidigare p\u00e5 bemanning. Eftersom vi \u00e4r ute och k\u00f6r hos m\u00e5nga olika \u00e5kerier, samlar vi p\u00e5 oss massor av kunskap. Det leder till att vi ibland har st\u00f6rre kompetens \u00e4n andra chauff\u00f6rer som \u00e4r p\u00e5 en och samma arbetsplats.<\/p>\n\n\n\n<h3 class=\"wp-block-heading\">Viktigt med auktorisation<\/h3>\n\n\n\n<p>Nickes \u00c5keritj\u00e4nst \u00e4r <a href=\"https:\/\/www.kompetensforetagen.se\/auktorisation-for-bemanningsforetag\/\" target=\"_blank\" rel=\"noopener\">auktoriserat<\/a>, det vill s\u00e4ga att de har Kompetensf\u00f6retagens kvalitetsst\u00e4mpel. Sanna Melvold talar varmt om auktorisationen och anser att den \u00e4r viktig.<\/p>\n\n\n\n<p>-Vi har valt att auktorisera oss f\u00f6r att visa att vi \u00e4r ett seri\u00f6st bemanningsf\u00f6retag, att vi har r\u00e4tt l\u00f6n och <a href=\"https:\/\/www.kompetensforetagen.se\/medlemskap\/kollektivavtal\/\" target=\"_blank\" rel=\"noopener\">kollektivavtal<\/a>. Att det sker en \u00e5rlig granskning k\u00e4nns \u00e4r bra och viktigt. D\u00e5 bevisar vi att vi st\u00e5r f\u00f6r det vi s\u00e4ger &#8211; att vi aktivt v\u00e4ljer att bli auktoriserade och d\u00e4rmed granskade. Det \u00e4r enormt viktigt f\u00f6r oss att vi har personal som trivs och k\u00e4nner sig trygga p\u00e5 sin arbetsplats.<\/p>\n\n\n\n<h3 class=\"wp-block-heading\">Sanna Mevold rekommenderar kvinnor att bli lastbilschauff\u00f6rer<\/h3>\n\n\n\n<p>Det saknas lastbilschauff\u00f6rer i Sverige idag och att f\u00e5 fler kvinnor att s\u00f6ka sig till yrket \u00e4r viktigt. Vad skulle man s\u00e4ga till kvinnor som \u00e4r nyfikna p\u00e5 yrket men inte v\u00e5gar ta steget?<\/p>\n\n\n\n<p>-Du tr\u00e4ffar massor av olika m\u00e4nniskor, ser nya st\u00e4der, nya utmaningar och s\u00e5 mycket l\u00e4rdom.&nbsp; Som jag n\u00e4mnde tidigare s\u00e5 \u00e4r kvinnor v\u00e4ldigt uppskattade. \u00c4r man sugen p\u00e5 att jobba som lastbilschauff\u00f6r s\u00e5 tycker jag man ska satsa! Det \u00e4r det b\u00e4sta valet jag har gjort inom min yrkeskarri\u00e4r, avslutar Sanna Melvold.<\/p>\n\n\n\n<figure class=\"wp-block-table\"><table class=\"has-secondary-background-color has-background\"><tbody><tr><td><strong>F\u00f6retag<\/strong>: <a href=\"https:\/\/www.nickesakeritjanst.se\/\" target=\"_blank\" rel=\"noreferrer noopener\">Nickes \u00c5keritj\u00e4nst AB<\/a><br><strong>Verksamhet<\/strong>: Bemanning<br><strong>Vanligaste tj\u00e4nsterna<\/strong>:\u202f Lastbilschauff\u00f6rer, terminalarbetare<br><strong>N\u00e4rvaro<\/strong>: \u202fHuvudkontor i G\u00f6teborg. Lokalkontor i J\u00f6nk\u00f6ping, Norrk\u00f6ping och inom kort i S\u00f6dert\u00e4lje.<br><strong>Antal anst\u00e4llda<\/strong>: Cirka 75\u202f<\/td><\/tr><\/tbody><\/table><\/figure>\n","protected":false},"excerpt":{"rendered":"<p>\u00c5keribranschen \u00e4r mycket mansdominerad. Nickes \u00c5keritj\u00e4nst sticker d\u00e4rf\u00f6r ut d\u00e5 de enbart har en man, och resten kvinnor anst\u00e4llda som lastbilschauff\u00f6rer i J\u00f6nk\u00f6ping. F\u00f6retaget \u00e4r en av de st\u00f6rsta akt\u00f6rerna inom bemanning av lastbilschauff\u00f6rer f\u00f6r &hellip;<\/p>\n","protected":false},"author":6358,"featured_media":8916,"comment_status":"closed","ping_status":"closed","sticky":false,"template":"","format":"standard","meta":{"_acf_changed":false,"footnotes":""},"categories":[10,7,1],"tags":[],"article_type":[8],"agreement":[],"for-members":[],"class_list":["post-8917","post","type-post","status-publish","format-standard","has-post-thumbnail","hentry","category-arbetsmarknad","category-inhyrning","category-okategoriserade","type-aktuellt"],"acf":[],"yoast_head":"<!-- This site is optimized with the Yoast SEO Premium plugin v26.8 (Yoast SEO v26.8) - https:\/\/yoast.com\/product\/yoast-seo-premium-wordpress\/ -->\n<title>Nickes \u00c5keritj\u00e4nst rekommenderar kvinnor att bli lastbilschauff\u00f6rer<\/title>\n<meta name=\"description\" content=\"Nickes \u00c5keritj\u00e4nst rekommenderar kvinnor att bli lastbilschauff\u00f6rer. I en mansdominerad bransch har de n\u00e4stan bara kvinnor anst\u00e4llda i J\u00f6nk\u00f6ping.\" \/>\n<meta name=\"robots\" content=\"index, follow, max-snippet:-1, max-image-preview:large, max-video-preview:-1\" \/>\n<link rel=\"canonical\" href=\"https:\/\/www.kompetensforetagen.se\/2022\/03\/nickes-akeritjanst-rekommenderar-kvinnor-att-bli-lastbilschaufforer\/\" \/>\n<meta property=\"og:locale\" content=\"sv_SE\" \/>\n<meta property=\"og:type\" content=\"article\" \/>\n<meta property=\"og:title\" content=\"Nickes \u00c5keritj\u00e4nst rekommenderar kvinnor att bli lastbilschauff\u00f6rer\" \/>\n<meta property=\"og:description\" content=\"Nickes \u00c5keritj\u00e4nst rekommenderar kvinnor att bli lastbilschauff\u00f6rer. I en mansdominerad bransch har de n\u00e4stan bara kvinnor anst\u00e4llda i J\u00f6nk\u00f6ping.\" \/>\n<meta property=\"og:url\" content=\"https:\/\/www.kompetensforetagen.se\/2022\/03\/nickes-akeritjanst-rekommenderar-kvinnor-att-bli-lastbilschaufforer\/\" \/>\n<meta property=\"og:site_name\" content=\"Kompetensf\u00f6retagen\" \/>\n<meta property=\"article:published_time\" content=\"2022-03-08T12:03:05+00:00\" \/>\n<meta property=\"article:modified_time\" content=\"2023-07-13T12:52:43+00:00\" \/>\n<meta property=\"og:image\" content=\"https:\/\/www.kompetensforetagen.se\/app\/uploads\/sites\/5\/2022\/02\/sannaoevelina-002.jpeg\" \/>\n\t<meta property=\"og:image:width\" content=\"756\" \/>\n\t<meta property=\"og:image:height\" content=\"426\" \/>\n\t<meta property=\"og:image:type\" content=\"image\/jpeg\" \/>\n<meta name=\"twitter:card\" content=\"summary_large_image\" \/>\n<meta name=\"twitter:label1\" content=\"Skriven av\" \/>\n\t<meta name=\"twitter:data1\" content=\"\" \/>\n\t<meta name=\"twitter:label2\" content=\"Ber\u00e4knad l\u00e4stid\" \/>\n\t<meta name=\"twitter:data2\" content=\"4 minuter\" \/>\n<!-- \/ Yoast SEO Premium plugin. -->","yoast_head_json":{"title":"Nickes \u00c5keritj\u00e4nst rekommenderar kvinnor att bli lastbilschauff\u00f6rer","description":"Nickes \u00c5keritj\u00e4nst rekommenderar kvinnor att bli lastbilschauff\u00f6rer. I en mansdominerad bransch har de n\u00e4stan bara kvinnor anst\u00e4llda i J\u00f6nk\u00f6ping.","robots":{"index":"index","follow":"follow","max-snippet":"max-snippet:-1","max-image-preview":"max-image-preview:large","max-video-preview":"max-video-preview:-1"},"canonical":"https:\/\/www.kompetensforetagen.se\/2022\/03\/nickes-akeritjanst-rekommenderar-kvinnor-att-bli-lastbilschaufforer\/","og_locale":"sv_SE","og_type":"article","og_title":"Nickes \u00c5keritj\u00e4nst rekommenderar kvinnor att bli lastbilschauff\u00f6rer","og_description":"Nickes \u00c5keritj\u00e4nst rekommenderar kvinnor att bli lastbilschauff\u00f6rer. I en mansdominerad bransch har de n\u00e4stan bara kvinnor anst\u00e4llda i J\u00f6nk\u00f6ping.","og_url":"https:\/\/www.kompetensforetagen.se\/2022\/03\/nickes-akeritjanst-rekommenderar-kvinnor-att-bli-lastbilschaufforer\/","og_site_name":"Kompetensf\u00f6retagen","article_published_time":"2022-03-08T12:03:05+00:00","article_modified_time":"2023-07-13T12:52:43+00:00","og_image":[{"width":756,"height":426,"url":"https:\/\/www.kompetensforetagen.se\/app\/uploads\/sites\/5\/2022\/02\/sannaoevelina-002.jpeg","type":"image\/jpeg"}],"twitter_card":"summary_large_image","twitter_misc":{"Skriven av":"","Ber\u00e4knad l\u00e4stid":"4 minuter"},"schema":{"@context":"https:\/\/schema.org","@graph":[{"@type":"Article","@id":"https:\/\/www.kompetensforetagen.se\/2022\/03\/nickes-akeritjanst-rekommenderar-kvinnor-att-bli-lastbilschaufforer\/#article","isPartOf":{"@id":"https:\/\/www.kompetensforetagen.se\/2022\/03\/nickes-akeritjanst-rekommenderar-kvinnor-att-bli-lastbilschaufforer\/"},"author":{"name":"","@id":""},"headline":"Nickes \u00c5keritj\u00e4nst rekommenderar kvinnor att bli lastbilschauff\u00f6rer","datePublished":"2022-03-08T12:03:05+00:00","dateModified":"2023-07-13T12:52:43+00:00","mainEntityOfPage":{"@id":"https:\/\/www.kompetensforetagen.se\/2022\/03\/nickes-akeritjanst-rekommenderar-kvinnor-att-bli-lastbilschaufforer\/"},"wordCount":774,"publisher":{"@id":"https:\/\/www.kompetensforetagen.se\/#organization"},"image":{"@id":"https:\/\/www.kompetensforetagen.se\/2022\/03\/nickes-akeritjanst-rekommenderar-kvinnor-att-bli-lastbilschaufforer\/#primaryimage"},"thumbnailUrl":"https:\/\/www.kompetensforetagen.se\/app\/uploads\/sites\/5\/2022\/02\/sannaoevelina-002.jpeg","articleSection":["Arbetsmarknad","Inhyrning"],"inLanguage":"sv-SE"},{"@type":"WebPage","@id":"https:\/\/www.kompetensforetagen.se\/2022\/03\/nickes-akeritjanst-rekommenderar-kvinnor-att-bli-lastbilschaufforer\/","url":"https:\/\/www.kompetensforetagen.se\/2022\/03\/nickes-akeritjanst-rekommenderar-kvinnor-att-bli-lastbilschaufforer\/","name":"Nickes \u00c5keritj\u00e4nst rekommenderar kvinnor att bli lastbilschauff\u00f6rer","isPartOf":{"@id":"https:\/\/www.kompetensforetagen.se\/#website"},"primaryImageOfPage":{"@id":"https:\/\/www.kompetensforetagen.se\/2022\/03\/nickes-akeritjanst-rekommenderar-kvinnor-att-bli-lastbilschaufforer\/#primaryimage"},"image":{"@id":"https:\/\/www.kompetensforetagen.se\/2022\/03\/nickes-akeritjanst-rekommenderar-kvinnor-att-bli-lastbilschaufforer\/#primaryimage"},"thumbnailUrl":"https:\/\/www.kompetensforetagen.se\/app\/uploads\/sites\/5\/2022\/02\/sannaoevelina-002.jpeg","datePublished":"2022-03-08T12:03:05+00:00","dateModified":"2023-07-13T12:52:43+00:00","description":"Nickes \u00c5keritj\u00e4nst rekommenderar kvinnor att bli lastbilschauff\u00f6rer. I en mansdominerad bransch har de n\u00e4stan bara kvinnor anst\u00e4llda i J\u00f6nk\u00f6ping.","breadcrumb":{"@id":"https:\/\/www.kompetensforetagen.se\/2022\/03\/nickes-akeritjanst-rekommenderar-kvinnor-att-bli-lastbilschaufforer\/#breadcrumb"},"inLanguage":"sv-SE","potentialAction":[{"@type":"ReadAction","target":["https:\/\/www.kompetensforetagen.se\/2022\/03\/nickes-akeritjanst-rekommenderar-kvinnor-att-bli-lastbilschaufforer\/"]}]},{"@type":"ImageObject","inLanguage":"sv-SE","@id":"https:\/\/www.kompetensforetagen.se\/2022\/03\/nickes-akeritjanst-rekommenderar-kvinnor-att-bli-lastbilschaufforer\/#primaryimage","url":"https:\/\/www.kompetensforetagen.se\/app\/uploads\/sites\/5\/2022\/02\/sannaoevelina-002.jpeg","contentUrl":"https:\/\/www.kompetensforetagen.se\/app\/uploads\/sites\/5\/2022\/02\/sannaoevelina-002.jpeg","width":756,"height":426,"caption":"Sanna och Evelina, profiler inom bemanning och rekrytering."},{"@type":"BreadcrumbList","@id":"https:\/\/www.kompetensforetagen.se\/2022\/03\/nickes-akeritjanst-rekommenderar-kvinnor-att-bli-lastbilschaufforer\/#breadcrumb","itemListElement":[{"@type":"ListItem","position":1,"name":"Home","item":"https:\/\/www.kompetensforetagen.se\/"},{"@type":"ListItem","position":2,"name":"Nickes \u00c5keritj\u00e4nst rekommenderar kvinnor att bli lastbilschauff\u00f6rer"}]},{"@type":"WebSite","@id":"https:\/\/www.kompetensforetagen.se\/#website","url":"https:\/\/www.kompetensforetagen.se\/","name":"Kompetensf\u00f6retagen","description":"R\u00e4tt person p\u00e5 r\u00e4tt plats kan f\u00f6r\u00e4ndra v\u00e4rlden","publisher":{"@id":"https:\/\/www.kompetensforetagen.se\/#organization"},"potentialAction":[{"@type":"SearchAction","target":{"@type":"EntryPoint","urlTemplate":"https:\/\/www.kompetensforetagen.se\/?s={search_term_string}"},"query-input":{"@type":"PropertyValueSpecification","valueRequired":true,"valueName":"search_term_string"}}],"inLanguage":"sv-SE"},{"@type":"Organization","@id":"https:\/\/www.kompetensforetagen.se\/#organization","name":"Kompetensf\u00f6retagen","url":"https:\/\/www.kompetensforetagen.se\/","logo":{"@type":"ImageObject","inLanguage":"sv-SE","@id":"https:\/\/www.kompetensforetagen.se\/#\/schema\/logo\/image\/","url":"https:\/\/www.kompetensforetagen.se\/app\/uploads\/sites\/5\/2022\/10\/logga_svart.png","contentUrl":"https:\/\/www.kompetensforetagen.se\/app\/uploads\/sites\/5\/2022\/10\/logga_svart.png","width":752,"height":64,"caption":"Kompetensf\u00f6retagen"},"image":{"@id":"https:\/\/www.kompetensforetagen.se\/#\/schema\/logo\/image\/"},"sameAs":["https:\/\/www.linkedin.com\/company\/10540032\/"]},{"@type":"Person","@id":"","url":"https:\/\/www.kompetensforetagen.se\/person\/"}]}},"_links":{"self":[{"href":"https:\/\/www.kompetensforetagen.se\/api\/wp\/v2\/posts\/8917","targetHints":{"allow":["GET"]}}],"collection":[{"href":"https:\/\/www.kompetensforetagen.se\/api\/wp\/v2\/posts"}],"about":[{"href":"https:\/\/www.kompetensforetagen.se\/api\/wp\/v2\/types\/post"}],"author":[{"embeddable":true,"href":"https:\/\/www.kompetensforetagen.se\/api\/wp\/v2\/users\/6358"}],"replies":[{"embeddable":true,"href":"https:\/\/www.kompetensforetagen.se\/api\/wp\/v2\/comments?post=8917"}],"version-history":[{"count":2,"href":"https:\/\/www.kompetensforetagen.se\/api\/wp\/v2\/posts\/8917\/revisions"}],"predecessor-version":[{"id":14611,"href":"https:\/\/www.kompetensforetagen.se\/api\/wp\/v2\/posts\/8917\/revisions\/14611"}],"wp:featuredmedia":[{"embeddable":true,"href":"https:\/\/www.kompetensforetagen.se\/api\/wp\/v2\/media\/8916"}],"wp:attachment":[{"href":"https:\/\/www.kompetensforetagen.se\/api\/wp\/v2\/media?parent=8917"}],"wp:term":[{"taxonomy":"category","embeddable":true,"href":"https:\/\/www.kompetensforetagen.se\/api\/wp\/v2\/categories?post=8917"},{"taxonomy":"post_tag","embeddable":true,"href":"https:\/\/www.kompetensforetagen.se\/api\/wp\/v2\/tags?post=8917"},{"taxonomy":"type","embeddable":true,"href":"https:\/\/www.kompetensforetagen.se\/api\/wp\/v2\/article_type?post=8917"},{"taxonomy":"agreement","embeddable":true,"href":"https:\/\/www.kompetensforetagen.se\/api\/wp\/v2\/agreement?post=8917"},{"taxonomy":"for-members","embeddable":true,"href":"https:\/\/www.kompetensforetagen.se\/api\/wp\/v2\/for-members?post=8917"}],"curies":[{"name":"wp","href":"https:\/\/api.w.org\/{rel}","templated":true}]}}