{"id":8866,"date":"2022-02-01T11:35:35","date_gmt":"2022-02-01T10:35:35","guid":{"rendered":"https:\/\/www.kompetensforetagen.se\/?p=8866"},"modified":"2023-07-13T14:15:04","modified_gmt":"2023-07-13T12:15:04","slug":"vill-du-ha-ett-certifikat-for-auktorisationen","status":"publish","type":"post","link":"https:\/\/www.kompetensforetagen.se\/2022\/02\/vill-du-ha-ett-certifikat-for-auktorisationen\/","title":{"rendered":"Vill du ha ett certifikat f\u00f6r auktorisationen?"},"content":{"rendered":"\n<p>Kompetensf\u00f6retagens auktorisation \u00e4r en kvalitetsst\u00e4mpel. Auktorisationen visar att f\u00f6retaget uppfyller v\u00e5ra krav p\u00e5 till exempel revisor, kollektivavtal och att det f\u00f6ljer v\u00e5ra etiska regler. &nbsp;Om ditt f\u00f6retag \u00e4r auktoriserat kan du f\u00e5 ett certifikat som visar det.<\/p>\n\n\n\n<p>Kompetensf\u00f6retagen auktoriserar medlemsf\u00f6retag p\u00e5 tre omr\u00e5den; bemanning, omst\u00e4llning och rekrytering. Medlemsf\u00f6retaget granskas vid f\u00f6rsta auktorisationstillf\u00e4llet och d\u00e4refter en g\u00e5ng om \u00e5ret. Granskningen sker i auktorisationsn\u00e4mnden och d\u00e4refter beslutar Kompetensf\u00f6retagens styrelse om auktorisation.<\/p>\n\n\n\n<h3 class=\"wp-block-heading\">Kundf\u00f6retag kr\u00e4ver ofta auktorisation<\/h3>\n\n\n\n<p>I en<a href=\"https:\/\/www.kompetensforetagen.se\/2021\/11\/tre-vanligaste-skalen-for-auktorisation\/\" target=\"_blank\" rel=\"noopener\"> enk\u00e4t v\u00e5ren 2021 bland de auktoriserade medlemsf\u00f6retagen<\/a> svarade m\u00e5nga att auktorisationen var ett s\u00e4tt f\u00f6r dem att visa att arbetar i en seri\u00f6s bransch som ger m\u00e5nga m\u00e4nniskor arbete. De svarade ocks\u00e5 att m\u00e5nga kundf\u00f6retag kr\u00e4ver att de \u00e4r auktoriserade.<\/p>\n\n\n\n<h3 class=\"wp-block-heading\">Auktoriserade medlemsf\u00f6retag kan f\u00e5 certifikat<\/h3>\n\n\n\n<p>Ett av kraven f\u00f6r auktorisation \u00e4r att f\u00f6retaget har logotyperna f\u00f6r de respektive auktorisationerna p\u00e5 sin webbplats. F\u00f6r att ytterligare st\u00e4rka att man innehar v\u00e5r kvalitetsst\u00e4mpel kan auktoriserade medlemsf\u00f6retag f\u00e5 ett certifikat att visa kundf\u00f6retagen. Har du inget certifikat? Du kan ladda ned ditt certifikat p\u00e5 <a href=\"https:\/\/auktorisation.kompetensforetagen.se\/\" target=\"_blank\" rel=\"noopener\">sidan f\u00f6r auktorisationsans\u00f6kan.<\/a><\/p>\n\n\n\n<blockquote class=\"wp-block-quote is-layout-flow wp-block-quote-is-layout-flow\">\n<p>Kompetensf\u00f6retagens auktorisation \u00e4r en kvalitetsst\u00e4mpel<\/p>\n<\/blockquote>\n\n\n\n<h3 class=\"wp-block-heading\">Kort om auktorisationen<\/h3>\n\n\n\n<p><a href=\"https:\/\/www.kompetensforetagen.se\/villkor-for-medlemskap-3-2-2\/\" target=\"_blank\" rel=\"noopener\">Arbetsgivar- och branschmedlemmar<\/a> i Kompetensf\u00f6retagen kan ans\u00f6ka om auktorisation. Medlemsf\u00f6retaget granskas vid f\u00f6rsta auktorisationstillf\u00e4llet och d\u00e4refter en g\u00e5ng om \u00e5ret. Granskningen sker i <a href=\"https:\/\/www.kompetensforetagen.se\/auktorisation\/kompetensforetagens-auktorisationsnamnd\/\" target=\"_blank\" rel=\"noopener\">auktorisationsn\u00e4mnden<\/a> och d\u00e4refter beslutar Kompetensf\u00f6retagens styrelse om auktorisation.<\/p>\n\n\n\n<p>F\u00f6retag som har haft verksamhet i mindre \u00e4n ett \u00e5r kan inte ans\u00f6ka om auktorisation f\u00f6rr\u00e4n efter cirka 12 m\u00e5nader, men de m\u00e5ste uppfylla de grundl\u00e4ggande villkoren f\u00f6r arbetsgivar- och branschmedlemskap.<\/p>\n\n\n\n<p>Har du inte auktoriserat ditt f\u00f6retag \u00e4nnu? <a href=\"https:\/\/www.kompetensforetagen.se\/auktorisation\/\" target=\"_blank\" rel=\"noopener\">Ans\u00f6k om auktorisation h\u00e4r<\/a>. Vid fr\u00e5gor om auktorisationen kan du kontakta <a href=\"mailto:marja.holmer@almega.se\" target=\"_blank\" rel=\"noopener\">Marja Holmer<\/a>.<\/p>\n","protected":false},"excerpt":{"rendered":"<p>Kompetensf\u00f6retagens auktorisation \u00e4r en kvalitetsst\u00e4mpel. Auktorisationen visar att f\u00f6retaget uppfyller v\u00e5ra krav p\u00e5 till exempel revisor, kollektivavtal och att det f\u00f6ljer v\u00e5ra etiska regler. &nbsp;Om ditt f\u00f6retag \u00e4r auktoriserat kan du f\u00e5 ett certifikat som &hellip;<\/p>\n","protected":false},"author":6358,"featured_media":8288,"comment_status":"closed","ping_status":"closed","sticky":false,"template":"","format":"standard","meta":{"_acf_changed":false,"footnotes":""},"categories":[17],"tags":[],"article_type":[8],"agreement":[],"for-members":[],"class_list":["post-8866","post","type-post","status-publish","format-standard","has-post-thumbnail","hentry","category-auktorisation","type-aktuellt"],"acf":[],"yoast_head":"<!-- This site is optimized with the Yoast SEO Premium plugin v26.8 (Yoast SEO v26.8) - https:\/\/yoast.com\/product\/yoast-seo-premium-wordpress\/ -->\n<title>Vill du ha ett certifikat f\u00f6r auktorisationen?<\/title>\n<meta name=\"description\" content=\"F\u00f6r att st\u00e4rka att man innehar v\u00e5r kvalitetsst\u00e4mpel kan auktoriserade medlemsf\u00f6retag f\u00e5 ett certifikat att visa kundf\u00f6retagen.\" \/>\n<meta name=\"robots\" content=\"index, follow, max-snippet:-1, max-image-preview:large, max-video-preview:-1\" \/>\n<link rel=\"canonical\" href=\"https:\/\/www.kompetensforetagen.se\/2022\/02\/vill-du-ha-ett-certifikat-for-auktorisationen\/\" \/>\n<meta property=\"og:locale\" content=\"sv_SE\" \/>\n<meta property=\"og:type\" content=\"article\" \/>\n<meta property=\"og:title\" content=\"Vill du ha ett certifikat f\u00f6r auktorisationen?\" \/>\n<meta property=\"og:description\" content=\"F\u00f6r att st\u00e4rka att man innehar v\u00e5r kvalitetsst\u00e4mpel kan auktoriserade medlemsf\u00f6retag f\u00e5 ett certifikat att visa kundf\u00f6retagen.\" \/>\n<meta property=\"og:url\" content=\"https:\/\/www.kompetensforetagen.se\/2022\/02\/vill-du-ha-ett-certifikat-for-auktorisationen\/\" \/>\n<meta property=\"og:site_name\" content=\"Kompetensf\u00f6retagen\" \/>\n<meta property=\"article:published_time\" content=\"2022-02-01T10:35:35+00:00\" \/>\n<meta property=\"article:modified_time\" content=\"2023-07-13T12:15:04+00:00\" \/>\n<meta property=\"og:image\" content=\"https:\/\/www.kompetensforetagen.se\/app\/uploads\/sites\/5\/2021\/11\/namnlos-design-e1636621224294.png\" \/>\n\t<meta property=\"og:image:width\" content=\"752\" \/>\n\t<meta property=\"og:image:height\" content=\"630\" \/>\n\t<meta property=\"og:image:type\" content=\"image\/png\" \/>\n<meta name=\"twitter:card\" content=\"summary_large_image\" \/>\n<meta name=\"twitter:label1\" content=\"Skriven av\" \/>\n\t<meta name=\"twitter:data1\" content=\"\" \/>\n\t<meta name=\"twitter:label2\" content=\"Ber\u00e4knad l\u00e4stid\" \/>\n\t<meta name=\"twitter:data2\" content=\"2 minuter\" \/>\n<!-- \/ Yoast SEO Premium plugin. -->","yoast_head_json":{"title":"Vill du ha ett certifikat f\u00f6r auktorisationen?","description":"F\u00f6r att st\u00e4rka att man innehar v\u00e5r kvalitetsst\u00e4mpel kan auktoriserade medlemsf\u00f6retag f\u00e5 ett certifikat att visa kundf\u00f6retagen.","robots":{"index":"index","follow":"follow","max-snippet":"max-snippet:-1","max-image-preview":"max-image-preview:large","max-video-preview":"max-video-preview:-1"},"canonical":"https:\/\/www.kompetensforetagen.se\/2022\/02\/vill-du-ha-ett-certifikat-for-auktorisationen\/","og_locale":"sv_SE","og_type":"article","og_title":"Vill du ha ett certifikat f\u00f6r auktorisationen?","og_description":"F\u00f6r att st\u00e4rka att man innehar v\u00e5r kvalitetsst\u00e4mpel kan auktoriserade medlemsf\u00f6retag f\u00e5 ett certifikat att visa kundf\u00f6retagen.","og_url":"https:\/\/www.kompetensforetagen.se\/2022\/02\/vill-du-ha-ett-certifikat-for-auktorisationen\/","og_site_name":"Kompetensf\u00f6retagen","article_published_time":"2022-02-01T10:35:35+00:00","article_modified_time":"2023-07-13T12:15:04+00:00","og_image":[{"width":752,"height":630,"url":"https:\/\/www.kompetensforetagen.se\/app\/uploads\/sites\/5\/2021\/11\/namnlos-design-e1636621224294.png","type":"image\/png"}],"twitter_card":"summary_large_image","twitter_misc":{"Skriven av":"","Ber\u00e4knad l\u00e4stid":"2 minuter"},"schema":{"@context":"https:\/\/schema.org","@graph":[{"@type":"Article","@id":"https:\/\/www.kompetensforetagen.se\/2022\/02\/vill-du-ha-ett-certifikat-for-auktorisationen\/#article","isPartOf":{"@id":"https:\/\/www.kompetensforetagen.se\/2022\/02\/vill-du-ha-ett-certifikat-for-auktorisationen\/"},"author":{"name":"","@id":""},"headline":"Vill du ha ett certifikat f\u00f6r auktorisationen?","datePublished":"2022-02-01T10:35:35+00:00","dateModified":"2023-07-13T12:15:04+00:00","mainEntityOfPage":{"@id":"https:\/\/www.kompetensforetagen.se\/2022\/02\/vill-du-ha-ett-certifikat-for-auktorisationen\/"},"wordCount":335,"publisher":{"@id":"https:\/\/www.kompetensforetagen.se\/#organization"},"image":{"@id":"https:\/\/www.kompetensforetagen.se\/2022\/02\/vill-du-ha-ett-certifikat-for-auktorisationen\/#primaryimage"},"thumbnailUrl":"https:\/\/www.kompetensforetagen.se\/app\/uploads\/sites\/5\/2021\/11\/namnlos-design-e1636621224294.png","articleSection":["Auktorisation"],"inLanguage":"sv-SE"},{"@type":"WebPage","@id":"https:\/\/www.kompetensforetagen.se\/2022\/02\/vill-du-ha-ett-certifikat-for-auktorisationen\/","url":"https:\/\/www.kompetensforetagen.se\/2022\/02\/vill-du-ha-ett-certifikat-for-auktorisationen\/","name":"Vill du ha ett certifikat f\u00f6r auktorisationen?","isPartOf":{"@id":"https:\/\/www.kompetensforetagen.se\/#website"},"primaryImageOfPage":{"@id":"https:\/\/www.kompetensforetagen.se\/2022\/02\/vill-du-ha-ett-certifikat-for-auktorisationen\/#primaryimage"},"image":{"@id":"https:\/\/www.kompetensforetagen.se\/2022\/02\/vill-du-ha-ett-certifikat-for-auktorisationen\/#primaryimage"},"thumbnailUrl":"https:\/\/www.kompetensforetagen.se\/app\/uploads\/sites\/5\/2021\/11\/namnlos-design-e1636621224294.png","datePublished":"2022-02-01T10:35:35+00:00","dateModified":"2023-07-13T12:15:04+00:00","description":"F\u00f6r att st\u00e4rka att man innehar v\u00e5r kvalitetsst\u00e4mpel kan auktoriserade medlemsf\u00f6retag f\u00e5 ett certifikat att visa kundf\u00f6retagen.","breadcrumb":{"@id":"https:\/\/www.kompetensforetagen.se\/2022\/02\/vill-du-ha-ett-certifikat-for-auktorisationen\/#breadcrumb"},"inLanguage":"sv-SE","potentialAction":[{"@type":"ReadAction","target":["https:\/\/www.kompetensforetagen.se\/2022\/02\/vill-du-ha-ett-certifikat-for-auktorisationen\/"]}]},{"@type":"ImageObject","inLanguage":"sv-SE","@id":"https:\/\/www.kompetensforetagen.se\/2022\/02\/vill-du-ha-ett-certifikat-for-auktorisationen\/#primaryimage","url":"https:\/\/www.kompetensforetagen.se\/app\/uploads\/sites\/5\/2021\/11\/namnlos-design-e1636621224294.png","contentUrl":"https:\/\/www.kompetensforetagen.se\/app\/uploads\/sites\/5\/2021\/11\/namnlos-design-e1636621224294.png","width":752,"height":630,"caption":"Gammal st\u00e4mpel p\u00e5 bord med texten Certified i r\u00f6tt p\u00e5 sidan om"},{"@type":"BreadcrumbList","@id":"https:\/\/www.kompetensforetagen.se\/2022\/02\/vill-du-ha-ett-certifikat-for-auktorisationen\/#breadcrumb","itemListElement":[{"@type":"ListItem","position":1,"name":"Home","item":"https:\/\/www.kompetensforetagen.se\/"},{"@type":"ListItem","position":2,"name":"Vill du ha ett certifikat f\u00f6r auktorisationen?"}]},{"@type":"WebSite","@id":"https:\/\/www.kompetensforetagen.se\/#website","url":"https:\/\/www.kompetensforetagen.se\/","name":"Kompetensf\u00f6retagen","description":"R\u00e4tt person p\u00e5 r\u00e4tt plats kan f\u00f6r\u00e4ndra v\u00e4rlden","publisher":{"@id":"https:\/\/www.kompetensforetagen.se\/#organization"},"potentialAction":[{"@type":"SearchAction","target":{"@type":"EntryPoint","urlTemplate":"https:\/\/www.kompetensforetagen.se\/?s={search_term_string}"},"query-input":{"@type":"PropertyValueSpecification","valueRequired":true,"valueName":"search_term_string"}}],"inLanguage":"sv-SE"},{"@type":"Organization","@id":"https:\/\/www.kompetensforetagen.se\/#organization","name":"Kompetensf\u00f6retagen","url":"https:\/\/www.kompetensforetagen.se\/","logo":{"@type":"ImageObject","inLanguage":"sv-SE","@id":"https:\/\/www.kompetensforetagen.se\/#\/schema\/logo\/image\/","url":"https:\/\/www.kompetensforetagen.se\/app\/uploads\/sites\/5\/2022\/10\/logga_svart.png","contentUrl":"https:\/\/www.kompetensforetagen.se\/app\/uploads\/sites\/5\/2022\/10\/logga_svart.png","width":752,"height":64,"caption":"Kompetensf\u00f6retagen"},"image":{"@id":"https:\/\/www.kompetensforetagen.se\/#\/schema\/logo\/image\/"},"sameAs":["https:\/\/www.linkedin.com\/company\/10540032\/"]},{"@type":"Person","@id":"","url":"https:\/\/www.kompetensforetagen.se\/person\/"}]}},"_links":{"self":[{"href":"https:\/\/www.kompetensforetagen.se\/api\/wp\/v2\/posts\/8866","targetHints":{"allow":["GET"]}}],"collection":[{"href":"https:\/\/www.kompetensforetagen.se\/api\/wp\/v2\/posts"}],"about":[{"href":"https:\/\/www.kompetensforetagen.se\/api\/wp\/v2\/types\/post"}],"author":[{"embeddable":true,"href":"https:\/\/www.kompetensforetagen.se\/api\/wp\/v2\/users\/6358"}],"replies":[{"embeddable":true,"href":"https:\/\/www.kompetensforetagen.se\/api\/wp\/v2\/comments?post=8866"}],"version-history":[{"count":1,"href":"https:\/\/www.kompetensforetagen.se\/api\/wp\/v2\/posts\/8866\/revisions"}],"predecessor-version":[{"id":14594,"href":"https:\/\/www.kompetensforetagen.se\/api\/wp\/v2\/posts\/8866\/revisions\/14594"}],"wp:featuredmedia":[{"embeddable":true,"href":"https:\/\/www.kompetensforetagen.se\/api\/wp\/v2\/media\/8288"}],"wp:attachment":[{"href":"https:\/\/www.kompetensforetagen.se\/api\/wp\/v2\/media?parent=8866"}],"wp:term":[{"taxonomy":"category","embeddable":true,"href":"https:\/\/www.kompetensforetagen.se\/api\/wp\/v2\/categories?post=8866"},{"taxonomy":"post_tag","embeddable":true,"href":"https:\/\/www.kompetensforetagen.se\/api\/wp\/v2\/tags?post=8866"},{"taxonomy":"type","embeddable":true,"href":"https:\/\/www.kompetensforetagen.se\/api\/wp\/v2\/article_type?post=8866"},{"taxonomy":"agreement","embeddable":true,"href":"https:\/\/www.kompetensforetagen.se\/api\/wp\/v2\/agreement?post=8866"},{"taxonomy":"for-members","embeddable":true,"href":"https:\/\/www.kompetensforetagen.se\/api\/wp\/v2\/for-members?post=8866"}],"curies":[{"name":"wp","href":"https:\/\/api.w.org\/{rel}","templated":true}]}}