{"id":8849,"date":"2022-01-27T11:41:02","date_gmt":"2022-01-27T10:41:02","guid":{"rendered":"https:\/\/www.kompetensforetagen.se\/?p=8849"},"modified":"2023-07-13T14:12:52","modified_gmt":"2023-07-13T12:12:52","slug":"partsgemensamt-arbete-for-god-arbetsmiljointroduktion","status":"publish","type":"post","link":"https:\/\/www.kompetensforetagen.se\/2022\/01\/partsgemensamt-arbete-for-god-arbetsmiljointroduktion\/","title":{"rendered":"Partsgemensamt arbete f\u00f6r god arbetsmilj\u00f6introduktion"},"content":{"rendered":"\n<p>Medarbetarna \u00e4r avg\u00f6rande f\u00f6r medlemsf\u00f6retagens verksamhet. D\u00e4rf\u00f6r \u00e4r ocks\u00e5 <a href=\"https:\/\/www.kompetensforetagen.se\/arbetsmiljo\/\" target=\"_blank\" rel=\"noopener\">arbetsmilj\u00f6<\/a> och arbetsmilj\u00f6introduktion viktiga utvecklingsomr\u00e5den f\u00f6r kompetensbranschen. Kompetensf\u00f6retagen ing\u00e5r <span data-contrast=\"none\">i en arbetsgrupp som <a href=\"https:\/\/www.prevent.se\/\" target=\"_blank\" rel=\"noopener\">samarbetar med Prevent<\/a> f\u00f6r&nbsp;<\/span><span data-contrast=\"auto\">att&nbsp;<\/span><span data-contrast=\"none\">st\u00e4rka upp arbetet med arbetsmilj\u00f6 och s\u00e4kerhetsrisker. Syftet \u00e4r att utveckla material som ska vara enkelt att anv\u00e4nda p\u00e5 arbetsplatserna och s\u00e4kra <a href=\"https:\/\/www.kompetensforetagen.se\/2022\/01\/expertens-fem-tips-for-lyckad-arbetsmiljointroduktion-av-konsulter\/\" target=\"_blank\" rel=\"noopener\">en god arbetsmilj\u00f6introduktion.<\/a> Kompetensf\u00f6retagens roll i arbetsgruppen \u00e4r att s\u00e4kerst\u00e4lla att materialet \u00e4ven innefattar konsulter p\u00e5 ett bra s\u00e4tt.&nbsp;<\/span><\/p>\n\n\n\n<p><span data-contrast=\"auto\">&#8211; F\u00f6r att \u00f6ka s\u00e4kerheten p\u00e5 arbetsplatserna kr\u00e4vs det samarbete, st\u00e4ndig dialog, och utveckling av verktyg och arbetss\u00e4tt.&nbsp; Att vi jobbar tillsammans \u00f6ver sektorsgr\u00e4nserna och med fackf\u00f6rbunden \u00e4r viktigt f\u00f6r att \u00e5stadkomma s\u00e5 trygga arbetsplatser som m\u00f6jligt \u2013 f\u00f6r alla, s\u00e4ger Axel Hammar\u00e9n, arbetsr\u00e4ttsjurist p\u00e5 Kompetensf\u00f6retagen. <\/span><span data-ccp-props=\"{&quot;201341983&quot;:0,&quot;335559739&quot;:160,&quot;335559740&quot;:259}\">&nbsp;<\/span><\/p>\n\n\n<a class='Share__link Share__link--url copy-text' href='#' rel='nofollow' data-text='brett-och-konkret-material&nbsp;' title='Dela url' data-confirmation='L\u00e4nken kopierades till urklipp'><svg class='icon icon--link'  width='18' height='18' viewBox='0 0 18 18' fill='none' xmlns='http:\/\/www.w3.org\/2000\/svg'>\n            <path d='M10.4142 0.514721L6.87868 4.05025L8.29289 5.46447L11.1213 2.63604L15.364 6.87868L12.5355 9.70711L13.9497 11.1213L17.4853 7.58579C17.8763 7.19476 17.8763 6.5626 17.4853 6.17158L11.8284 0.514721C11.4374 0.123691 10.8052 0.123691 10.4142 0.514721Z' fill='black'\/>\n            <path d='M9.7071 12.5355L6.87868 15.364L2.63604 11.1213L5.46446 8.2929L4.05025 6.87868L0.514716 10.4142C0.123686 10.8052 0.123686 11.4374 0.514716 11.8284L6.17157 17.4853C6.5626 17.8763 7.19475 17.8763 7.58578 17.4853L11.1213 13.9497L9.7071 12.5355Z' fill='black'\/>\n            <path d='M6.17157 11.8284C6.5626 12.2195 7.19475 12.2195 7.58578 11.8284L11.8284 7.58579C12.2195 7.19476 12.2195 6.56261 11.8284 6.17158C11.4374 5.78055 10.8052 5.78055 10.4142 6.17158L6.17157 10.4142C5.78054 10.8052 5.78054 11.4374 6.17157 11.8284Z' fill='black'\/>\n            <\/svg> <\/a>\n<h2 class=\"wp-block-heading\"><b><span data-contrast=\"auto\">Brett och konkret material<\/span><\/b><span data-ccp-props=\"{&quot;201341983&quot;:0,&quot;335559739&quot;:160,&quot;335559740&quot;:259}\">&nbsp;<\/span><\/h2>\n\n\n\n<p><span data-contrast=\"auto\">Det nya materialet \u00e4r inriktat p\u00e5 arbetsmilj\u00f6 och s\u00e4kerhetsarbete, och ska anv\u00e4ndas vid arbetsmilj\u00f6introduktionen.<\/span><\/p>\n\n\n\n<p><span style=\"background-color: transparent; font-size: 1rem;\" data-contrast=\"auto\">&#8211; M\u00e5nga olyckor h\u00e4nder f\u00f6r att man inte har tillr\u00e4cklig k\u00e4nnedom om arbetet. D\u00e4rf\u00f6r \u00e4r det viktigt att vi parter samverkar f\u00f6r att ta fram bra material som f\u00f6renklar det partsgemensamma arbetsmilj\u00f6arbetet p\u00e5 arbetsplatserna. D\u00e5 kan vi ocks\u00e5 minska on\u00f6diga olyckor, s\u00e4ger Angelika Lang, ombudsman Arbetslivsenheten p\u00e5 IF Metall.<\/span><span style=\"background-color: transparent; font-size: 1rem;\" data-ccp-props=\"{&quot;201341983&quot;:0,&quot;335559739&quot;:160,&quot;335559740&quot;:259}\">&nbsp;<\/span><\/p>\n\n\n<a class='Share__link Share__link--url copy-text' href='#' rel='nofollow' data-text='arbetsmiljointroduktion&nbsp;sker&nbsp;oftare&nbsp;' title='Dela url' data-confirmation='L\u00e4nken kopierades till urklipp'><svg class='icon icon--link'  width='18' height='18' viewBox='0 0 18 18' fill='none' xmlns='http:\/\/www.w3.org\/2000\/svg'>\n            <path d='M10.4142 0.514721L6.87868 4.05025L8.29289 5.46447L11.1213 2.63604L15.364 6.87868L12.5355 9.70711L13.9497 11.1213L17.4853 7.58579C17.8763 7.19476 17.8763 6.5626 17.4853 6.17158L11.8284 0.514721C11.4374 0.123691 10.8052 0.123691 10.4142 0.514721Z' fill='black'\/>\n            <path d='M9.7071 12.5355L6.87868 15.364L2.63604 11.1213L5.46446 8.2929L4.05025 6.87868L0.514716 10.4142C0.123686 10.8052 0.123686 11.4374 0.514716 11.8284L6.17157 17.4853C6.5626 17.8763 7.19475 17.8763 7.58578 17.4853L11.1213 13.9497L9.7071 12.5355Z' fill='black'\/>\n            <path d='M6.17157 11.8284C6.5626 12.2195 7.19475 12.2195 7.58578 11.8284L11.8284 7.58579C12.2195 7.19476 12.2195 6.56261 11.8284 6.17158C11.4374 5.78055 10.8052 5.78055 10.4142 6.17158L6.17157 10.4142C5.78054 10.8052 5.78054 11.4374 6.17157 11.8284Z' fill='black'\/>\n            <\/svg> <\/a>\n<h2 class=\"wp-block-heading\"><b><span data-contrast=\"auto\">Arbetsmilj\u00f6introduktion<\/span><\/b><b><span data-contrast=\"auto\">&nbsp;sker&nbsp;oftare<\/span><\/b><span data-ccp-props=\"{&quot;201341983&quot;:0,&quot;335559739&quot;:160,&quot;335559740&quot;:259}\">&nbsp;<\/span><\/h2>\n\n\n\n<p><span data-contrast=\"auto\">Den traditionella synen p\u00e5 introduktion har handlat om unga som startar sin f\u00f6rsta anst\u00e4llning. Med en f\u00f6r\u00e4ndrad arbetsmarknad och behovet av livsl\u00e5ngt l\u00e4rande ser f\u00f6ruts\u00e4ttningarna annorlunda ut. Under ett l\u00e5ngt arbetsliv kommer man att beh\u00f6va m\u00e5nga goda introduktioner, vid till exempel praktik, nyanst\u00e4llning, inhyrning, ny befattning eller \u00e5terkomst efter en tids fr\u00e5nvaro. Det kan ocks\u00e5 handla om byte av bransch eller att vara ny i det svenska arbetslivet.<\/span><span data-ccp-props=\"{&quot;201341983&quot;:0,&quot;335559739&quot;:160,&quot;335559740&quot;:259}\">&nbsp;<\/span><\/p>\n\n\n<a class='Share__link Share__link--url copy-text' href='#' rel='nofollow' data-text='viktigt-med-dialog-och-involvering&nbsp;' title='Dela url' data-confirmation='L\u00e4nken kopierades till urklipp'><svg class='icon icon--link'  width='18' height='18' viewBox='0 0 18 18' fill='none' xmlns='http:\/\/www.w3.org\/2000\/svg'>\n            <path d='M10.4142 0.514721L6.87868 4.05025L8.29289 5.46447L11.1213 2.63604L15.364 6.87868L12.5355 9.70711L13.9497 11.1213L17.4853 7.58579C17.8763 7.19476 17.8763 6.5626 17.4853 6.17158L11.8284 0.514721C11.4374 0.123691 10.8052 0.123691 10.4142 0.514721Z' fill='black'\/>\n            <path d='M9.7071 12.5355L6.87868 15.364L2.63604 11.1213L5.46446 8.2929L4.05025 6.87868L0.514716 10.4142C0.123686 10.8052 0.123686 11.4374 0.514716 11.8284L6.17157 17.4853C6.5626 17.8763 7.19475 17.8763 7.58578 17.4853L11.1213 13.9497L9.7071 12.5355Z' fill='black'\/>\n            <path d='M6.17157 11.8284C6.5626 12.2195 7.19475 12.2195 7.58578 11.8284L11.8284 7.58579C12.2195 7.19476 12.2195 6.56261 11.8284 6.17158C11.4374 5.78055 10.8052 5.78055 10.4142 6.17158L6.17157 10.4142C5.78054 10.8052 5.78054 11.4374 6.17157 11.8284Z' fill='black'\/>\n            <\/svg> <\/a>\n<h2 class=\"wp-block-heading\"><b><span data-contrast=\"auto\">Viktigt med dialog och involvering<\/span><\/b><span data-ccp-props=\"{&quot;201341983&quot;:0,&quot;335559739&quot;:160,&quot;335559740&quot;:259}\">&nbsp;<\/span><\/h2>\n\n\n\n<p><span data-contrast=\"auto\">I bemanningsbranschen \u00e4r ansvaret f\u00f6r <a href=\"https:\/\/www.kompetensforetagen.se\/2021\/11\/konsultens-arbetsmiljo\/\" target=\"_blank\" rel=\"noopener\">arbetsmilj\u00f6n delat mellan kund- och bemanningsf\u00f6retag<\/a>.&nbsp;&nbsp;\u00c4ven den enskilde arbetstagaren har ett ansvar f\u00f6r sin egen och andras s\u00e4kerhet, vilket bland annat inneb\u00e4r att f\u00f6lja regler och instruktioner.&nbsp;Dialog och involvering \u00e4r d\u00e4rf\u00f6r oerh\u00f6rt viktigt f\u00f6r att s\u00e4kra arbetsmilj\u00f6n. En viktig del i arbetsgruppens uppdrag var d\u00e4rf\u00f6r att&nbsp;best\u00e4mma hur kommande projekt ska involvera slutanv\u00e4ndarna. Andra aspekter&nbsp;att v\u00e4ga in var&nbsp;ett j\u00e4mst\u00e4lldhets- och m\u00e5ngfaldsperspektiv i prioriteringar av produkter och m\u00e5lgrupper.<\/span><span data-ccp-props=\"{&quot;201341983&quot;:2,&quot;335559739&quot;:200,&quot;335559740&quot;:280}\">&nbsp;<\/span><\/p>\n\n\n\n<figure class=\"wp-block-table\"><table class=\"has-secondary-background-color has-background\"><tbody><tr><td><strong>Om projektet<br><\/strong>IPA, Industrins partsgemensamma arbetsmilj\u00f6grupp, brukar utse arbetsgrupper f\u00f6r att p\u00e5verka och fatta beslut om studier och kommande utvecklingsprojekt p\u00e5 arbetsmilj\u00f6omr\u00e5det, ofta tillsammans med Prevent. Ett omr\u00e5de f\u00f6r utveckling under 2021 var introduktion och s\u00e4kerhetskultur. Parterna p\u00e5 LO-avtalet f\u00f6r bemanning, Kompetensf\u00f6retagen och LO-f\u00f6rbunden, hade motsvarande planer. D\u00e4rf\u00f6r beslutade IPA att bjuda in Kompetensf\u00f6retagen tillsammans med LO-f\u00f6rbunden i arbetet. I den arbetsgrupp som formerades ing\u00e5r IF Metall, Livsmedelsf\u00f6retagen, Kompetensf\u00f6retagen, Sveriges Ingenj\u00f6rer och Teknikf\u00f6retagen.\u00a0<\/td><\/tr><\/tbody><\/table><\/figure>\n","protected":false},"excerpt":{"rendered":"<p>Medarbetarna \u00e4r avg\u00f6rande f\u00f6r medlemsf\u00f6retagens verksamhet. D\u00e4rf\u00f6r \u00e4r ocks\u00e5 arbetsmilj\u00f6 och arbetsmilj\u00f6introduktion viktiga utvecklingsomr\u00e5den f\u00f6r kompetensbranschen. Kompetensf\u00f6retagen ing\u00e5r i en arbetsgrupp som samarbetar med Prevent f\u00f6r&nbsp;att&nbsp;st\u00e4rka upp arbetet med arbetsmilj\u00f6 och s\u00e4kerhetsrisker. Syftet \u00e4r att &hellip;<\/p>\n","protected":false},"author":6058,"featured_media":8852,"comment_status":"closed","ping_status":"closed","sticky":false,"template":"","format":"standard","meta":{"_acf_changed":false,"footnotes":""},"categories":[20],"tags":[],"article_type":[8],"agreement":[],"for-members":[],"class_list":["post-8849","post","type-post","status-publish","format-standard","has-post-thumbnail","hentry","category-arbetsmiljo","type-aktuellt"],"acf":[],"yoast_head":"<!-- This site is optimized with the Yoast SEO Premium plugin v26.8 (Yoast SEO v26.8) - https:\/\/yoast.com\/product\/yoast-seo-premium-wordpress\/ -->\n<title>Partsgemensamt arbete f\u00f6r god arbetsmilj\u00f6introduktion<\/title>\n<meta name=\"description\" content=\"Kompetensf\u00f6retagen ing\u00e5r i en arbetsgrupp som i samarbete med Prevent f\u00f6r\u00a0att\u00a0st\u00e4rka upp arbetet med arbetsmilj\u00f6introduktion och s\u00e4kerhetsrisker.\" \/>\n<meta name=\"robots\" content=\"index, follow, max-snippet:-1, max-image-preview:large, max-video-preview:-1\" \/>\n<link rel=\"canonical\" href=\"https:\/\/www.kompetensforetagen.se\/2022\/01\/partsgemensamt-arbete-for-god-arbetsmiljointroduktion\/\" \/>\n<meta property=\"og:locale\" content=\"sv_SE\" \/>\n<meta property=\"og:type\" content=\"article\" \/>\n<meta property=\"og:title\" content=\"Partsgemensamt arbete f\u00f6r god arbetsmilj\u00f6introduktion\" \/>\n<meta property=\"og:description\" content=\"Kompetensf\u00f6retagen ing\u00e5r i en arbetsgrupp som i samarbete med Prevent f\u00f6r\u00a0att\u00a0st\u00e4rka upp arbetet med arbetsmilj\u00f6introduktion och s\u00e4kerhetsrisker.\" \/>\n<meta property=\"og:url\" content=\"https:\/\/www.kompetensforetagen.se\/2022\/01\/partsgemensamt-arbete-for-god-arbetsmiljointroduktion\/\" \/>\n<meta property=\"og:site_name\" content=\"Kompetensf\u00f6retagen\" \/>\n<meta property=\"article:published_time\" content=\"2022-01-27T10:41:02+00:00\" \/>\n<meta property=\"article:modified_time\" content=\"2023-07-13T12:12:52+00:00\" \/>\n<meta property=\"og:image\" content=\"https:\/\/www.kompetensforetagen.se\/app\/uploads\/sites\/5\/2022\/01\/axel_h7-scaled-e1643279929634.jpg\" \/>\n\t<meta property=\"og:image:width\" content=\"923\" \/>\n\t<meta property=\"og:image:height\" content=\"630\" \/>\n\t<meta property=\"og:image:type\" content=\"image\/jpeg\" \/>\n<meta name=\"author\" content=\"Shashika Sellgren\" \/>\n<meta name=\"twitter:card\" content=\"summary_large_image\" \/>\n<meta name=\"twitter:label1\" content=\"Skriven av\" \/>\n\t<meta name=\"twitter:data1\" content=\"Shashika Sellgren\" \/>\n\t<meta name=\"twitter:label2\" content=\"Ber\u00e4knad l\u00e4stid\" \/>\n\t<meta name=\"twitter:data2\" content=\"3 minuter\" \/>\n<!-- \/ Yoast SEO Premium plugin. -->","yoast_head_json":{"title":"Partsgemensamt arbete f\u00f6r god arbetsmilj\u00f6introduktion","description":"Kompetensf\u00f6retagen ing\u00e5r i en arbetsgrupp som i samarbete med Prevent f\u00f6r\u00a0att\u00a0st\u00e4rka upp arbetet med arbetsmilj\u00f6introduktion och s\u00e4kerhetsrisker.","robots":{"index":"index","follow":"follow","max-snippet":"max-snippet:-1","max-image-preview":"max-image-preview:large","max-video-preview":"max-video-preview:-1"},"canonical":"https:\/\/www.kompetensforetagen.se\/2022\/01\/partsgemensamt-arbete-for-god-arbetsmiljointroduktion\/","og_locale":"sv_SE","og_type":"article","og_title":"Partsgemensamt arbete f\u00f6r god arbetsmilj\u00f6introduktion","og_description":"Kompetensf\u00f6retagen ing\u00e5r i en arbetsgrupp som i samarbete med Prevent f\u00f6r\u00a0att\u00a0st\u00e4rka upp arbetet med arbetsmilj\u00f6introduktion och s\u00e4kerhetsrisker.","og_url":"https:\/\/www.kompetensforetagen.se\/2022\/01\/partsgemensamt-arbete-for-god-arbetsmiljointroduktion\/","og_site_name":"Kompetensf\u00f6retagen","article_published_time":"2022-01-27T10:41:02+00:00","article_modified_time":"2023-07-13T12:12:52+00:00","og_image":[{"width":923,"height":630,"url":"https:\/\/www.kompetensforetagen.se\/app\/uploads\/sites\/5\/2022\/01\/axel_h7-scaled-e1643279929634.jpg","type":"image\/jpeg"}],"author":"Shashika Sellgren","twitter_card":"summary_large_image","twitter_misc":{"Skriven av":"Shashika Sellgren","Ber\u00e4knad l\u00e4stid":"3 minuter"},"schema":{"@context":"https:\/\/schema.org","@graph":[{"@type":"Article","@id":"https:\/\/www.kompetensforetagen.se\/2022\/01\/partsgemensamt-arbete-for-god-arbetsmiljointroduktion\/#article","isPartOf":{"@id":"https:\/\/www.kompetensforetagen.se\/2022\/01\/partsgemensamt-arbete-for-god-arbetsmiljointroduktion\/"},"author":{"name":"Shashika Sellgren","@id":"https:\/\/www.kompetensforetagen.se\/#\/schema\/person\/38c6b37b81c530c93246c3d1993d5662"},"headline":"Partsgemensamt arbete f\u00f6r god arbetsmilj\u00f6introduktion","datePublished":"2022-01-27T10:41:02+00:00","dateModified":"2023-07-13T12:12:52+00:00","mainEntityOfPage":{"@id":"https:\/\/www.kompetensforetagen.se\/2022\/01\/partsgemensamt-arbete-for-god-arbetsmiljointroduktion\/"},"wordCount":535,"publisher":{"@id":"https:\/\/www.kompetensforetagen.se\/#organization"},"image":{"@id":"https:\/\/www.kompetensforetagen.se\/2022\/01\/partsgemensamt-arbete-for-god-arbetsmiljointroduktion\/#primaryimage"},"thumbnailUrl":"https:\/\/www.kompetensforetagen.se\/app\/uploads\/sites\/5\/2022\/01\/axel_h7-scaled-e1643279929634.jpg","articleSection":["Arbetsmilj\u00f6"],"inLanguage":"sv-SE"},{"@type":"WebPage","@id":"https:\/\/www.kompetensforetagen.se\/2022\/01\/partsgemensamt-arbete-for-god-arbetsmiljointroduktion\/","url":"https:\/\/www.kompetensforetagen.se\/2022\/01\/partsgemensamt-arbete-for-god-arbetsmiljointroduktion\/","name":"Partsgemensamt arbete f\u00f6r god arbetsmilj\u00f6introduktion","isPartOf":{"@id":"https:\/\/www.kompetensforetagen.se\/#website"},"primaryImageOfPage":{"@id":"https:\/\/www.kompetensforetagen.se\/2022\/01\/partsgemensamt-arbete-for-god-arbetsmiljointroduktion\/#primaryimage"},"image":{"@id":"https:\/\/www.kompetensforetagen.se\/2022\/01\/partsgemensamt-arbete-for-god-arbetsmiljointroduktion\/#primaryimage"},"thumbnailUrl":"https:\/\/www.kompetensforetagen.se\/app\/uploads\/sites\/5\/2022\/01\/axel_h7-scaled-e1643279929634.jpg","datePublished":"2022-01-27T10:41:02+00:00","dateModified":"2023-07-13T12:12:52+00:00","description":"Kompetensf\u00f6retagen ing\u00e5r i en arbetsgrupp som i samarbete med Prevent f\u00f6r\u00a0att\u00a0st\u00e4rka upp arbetet med arbetsmilj\u00f6introduktion och s\u00e4kerhetsrisker.","breadcrumb":{"@id":"https:\/\/www.kompetensforetagen.se\/2022\/01\/partsgemensamt-arbete-for-god-arbetsmiljointroduktion\/#breadcrumb"},"inLanguage":"sv-SE","potentialAction":[{"@type":"ReadAction","target":["https:\/\/www.kompetensforetagen.se\/2022\/01\/partsgemensamt-arbete-for-god-arbetsmiljointroduktion\/"]}]},{"@type":"ImageObject","inLanguage":"sv-SE","@id":"https:\/\/www.kompetensforetagen.se\/2022\/01\/partsgemensamt-arbete-for-god-arbetsmiljointroduktion\/#primaryimage","url":"https:\/\/www.kompetensforetagen.se\/app\/uploads\/sites\/5\/2022\/01\/axel_h7-scaled-e1643279929634.jpg","contentUrl":"https:\/\/www.kompetensforetagen.se\/app\/uploads\/sites\/5\/2022\/01\/axel_h7-scaled-e1643279929634.jpg","width":923,"height":630,"caption":"Axel Hammar\u00e9n, arbetsr\u00e4ttsjurist p\u00e5 Kompetensf\u00f6retagen"},{"@type":"BreadcrumbList","@id":"https:\/\/www.kompetensforetagen.se\/2022\/01\/partsgemensamt-arbete-for-god-arbetsmiljointroduktion\/#breadcrumb","itemListElement":[{"@type":"ListItem","position":1,"name":"Home","item":"https:\/\/www.kompetensforetagen.se\/"},{"@type":"ListItem","position":2,"name":"Partsgemensamt arbete f\u00f6r god arbetsmilj\u00f6introduktion"}]},{"@type":"WebSite","@id":"https:\/\/www.kompetensforetagen.se\/#website","url":"https:\/\/www.kompetensforetagen.se\/","name":"Kompetensf\u00f6retagen","description":"R\u00e4tt person p\u00e5 r\u00e4tt plats kan f\u00f6r\u00e4ndra v\u00e4rlden","publisher":{"@id":"https:\/\/www.kompetensforetagen.se\/#organization"},"potentialAction":[{"@type":"SearchAction","target":{"@type":"EntryPoint","urlTemplate":"https:\/\/www.kompetensforetagen.se\/?s={search_term_string}"},"query-input":{"@type":"PropertyValueSpecification","valueRequired":true,"valueName":"search_term_string"}}],"inLanguage":"sv-SE"},{"@type":"Organization","@id":"https:\/\/www.kompetensforetagen.se\/#organization","name":"Kompetensf\u00f6retagen","url":"https:\/\/www.kompetensforetagen.se\/","logo":{"@type":"ImageObject","inLanguage":"sv-SE","@id":"https:\/\/www.kompetensforetagen.se\/#\/schema\/logo\/image\/","url":"https:\/\/www.kompetensforetagen.se\/app\/uploads\/sites\/5\/2022\/10\/logga_svart.png","contentUrl":"https:\/\/www.kompetensforetagen.se\/app\/uploads\/sites\/5\/2022\/10\/logga_svart.png","width":752,"height":64,"caption":"Kompetensf\u00f6retagen"},"image":{"@id":"https:\/\/www.kompetensforetagen.se\/#\/schema\/logo\/image\/"},"sameAs":["https:\/\/www.linkedin.com\/company\/10540032\/"]},{"@type":"Person","@id":"https:\/\/www.kompetensforetagen.se\/#\/schema\/person\/38c6b37b81c530c93246c3d1993d5662","name":"Shashika Sellgren","image":{"@type":"ImageObject","inLanguage":"sv-SE","@id":"https:\/\/www.kompetensforetagen.se\/#\/schema\/person\/image\/","url":"https:\/\/secure.gravatar.com\/avatar\/b225c479880df9eb82d1501dd105dd8040f27c8563f3d4bf5dd62ce0a1630abd?s=96&d=mm&r=g","contentUrl":"https:\/\/secure.gravatar.com\/avatar\/b225c479880df9eb82d1501dd105dd8040f27c8563f3d4bf5dd62ce0a1630abd?s=96&d=mm&r=g","caption":"Shashika Sellgren"},"url":"https:\/\/www.kompetensforetagen.se\/person\/shashikasellgren\/"}]}},"_links":{"self":[{"href":"https:\/\/www.kompetensforetagen.se\/api\/wp\/v2\/posts\/8849","targetHints":{"allow":["GET"]}}],"collection":[{"href":"https:\/\/www.kompetensforetagen.se\/api\/wp\/v2\/posts"}],"about":[{"href":"https:\/\/www.kompetensforetagen.se\/api\/wp\/v2\/types\/post"}],"author":[{"embeddable":true,"href":"https:\/\/www.kompetensforetagen.se\/api\/wp\/v2\/users\/6058"}],"replies":[{"embeddable":true,"href":"https:\/\/www.kompetensforetagen.se\/api\/wp\/v2\/comments?post=8849"}],"version-history":[{"count":2,"href":"https:\/\/www.kompetensforetagen.se\/api\/wp\/v2\/posts\/8849\/revisions"}],"predecessor-version":[{"id":14592,"href":"https:\/\/www.kompetensforetagen.se\/api\/wp\/v2\/posts\/8849\/revisions\/14592"}],"wp:featuredmedia":[{"embeddable":true,"href":"https:\/\/www.kompetensforetagen.se\/api\/wp\/v2\/media\/8852"}],"wp:attachment":[{"href":"https:\/\/www.kompetensforetagen.se\/api\/wp\/v2\/media?parent=8849"}],"wp:term":[{"taxonomy":"category","embeddable":true,"href":"https:\/\/www.kompetensforetagen.se\/api\/wp\/v2\/categories?post=8849"},{"taxonomy":"post_tag","embeddable":true,"href":"https:\/\/www.kompetensforetagen.se\/api\/wp\/v2\/tags?post=8849"},{"taxonomy":"type","embeddable":true,"href":"https:\/\/www.kompetensforetagen.se\/api\/wp\/v2\/article_type?post=8849"},{"taxonomy":"agreement","embeddable":true,"href":"https:\/\/www.kompetensforetagen.se\/api\/wp\/v2\/agreement?post=8849"},{"taxonomy":"for-members","embeddable":true,"href":"https:\/\/www.kompetensforetagen.se\/api\/wp\/v2\/for-members?post=8849"}],"curies":[{"name":"wp","href":"https:\/\/api.w.org\/{rel}","templated":true}]}}