{"id":8797,"date":"2022-01-20T10:10:21","date_gmt":"2022-01-20T09:10:21","guid":{"rendered":"https:\/\/www.kompetensforetagen.se\/?p=8797"},"modified":"2023-07-13T13:54:06","modified_gmt":"2023-07-13T11:54:06","slug":"expertens-fem-tips-for-lyckad-arbetsmiljointroduktion-av-konsulter","status":"publish","type":"post","link":"https:\/\/www.kompetensforetagen.se\/2022\/01\/expertens-fem-tips-for-lyckad-arbetsmiljointroduktion-av-konsulter\/","title":{"rendered":"Expertens fem tips f\u00f6r lyckad arbetsmilj\u00f6introduktion av konsulter"},"content":{"rendered":"\n<p><span data-contrast=\"auto\">Liksom f\u00f6r alla andra \u00e4r arbetsmilj\u00f6introduktion av konsulter en viktig och ansvarsfull uppgift.\u00a0Bemanningsf\u00f6retag och kundf\u00f6retag\u00a0har\u00a0d\u00e4r\u00a0ett gemensamt och delat ansvar.\u00a0F\u00f6r att g\u00f6ra arbetsmilj\u00f6n s\u00e5 trygg och s\u00e4ker som m\u00f6jligt \u00e4r det d\u00e4rf\u00f6r viktigt att veta vem som har ansvar f\u00f6r vad.\u00a0Det kr\u00e4ver ett gott samarbete och dialog mellan kund- och bemanningsf\u00f6retag f\u00f6re, under och efter konsultens uppdrag.\u00a0En bra introduktion g\u00f6r att nya medarbetare k\u00e4nner sig v\u00e4lkomna\u00a0p\u00e5 arbetsplatsen,\u00a0kan komma ig\u00e5ng snabbare\u00a0\u2013 framf\u00f6rallt p\u00e5 ett s\u00e4kert s\u00e4tt.\u00a0H\u00e4r kan du l\u00e4sa expertens fem tips f\u00f6r lyckad\u00a0arbetsmilj\u00f6introduktion av konsulter.\u00a0<\/span><\/p>\n\n\n\n<h3 class=\"wp-block-heading\"><b><span data-contrast=\"auto\">Konsultchefens\u00a0ansvar\u00a0<\/span><\/b><\/h3>\n\n\n\n<p><span data-contrast=\"auto\">Konsultchefer beh\u00f6ver bland annat ha kunskap om arbetsplatsen, att arbetsuppgifterna \u00e4r riskbed\u00f6mda och\u00a0f\u00f6rs\u00e4kra sig om\u00a0att konsulten f\u00e5r en bra introduktion.\u00a0Konsultchefen ska ocks\u00e5 ha regelbunden kontakt med konsulten f\u00f6r att st\u00f6tta och f\u00f6lja upp i arbetet. Det \u00e4r ocks\u00e5 konsultchefen eller bemanningsf\u00f6retagets uppgift att anm\u00e4la eventuella allvarliga tillbud, arbetsolyckor och arbetsskador till Arbetsmilj\u00f6verket och F\u00f6rs\u00e4kringskassan.\u00a0<\/span><\/p>\n\n\n\n<h3 class=\"wp-block-heading\"><b><span data-contrast=\"auto\">Kundf\u00f6retagets ansvar<\/span><\/b><span data-ccp-props=\"{&quot;201341983&quot;:0,&quot;335559739&quot;:160,&quot;335559740&quot;:259}\">\u00a0<\/span><\/h3>\n\n\n\n<p><span data-contrast=\"auto\">N\u00e4r konsulten v\u00e4l \u00e4r p\u00e5\u00a0plats \u00e4r det kundf\u00f6retagets uppgift att se till att konsulten f\u00e5r en genomg\u00e5ng av arbetsmilj\u00f6. Konsulten m\u00e5ste k\u00e4nna till risker\u00a0och s\u00e4kerhetsf\u00f6reskrifter\u00a0f\u00f6r att kunna jobba under trygga former.\u00a0Det \u00e4r ocks\u00e5 viktigt att konsulten f\u00e5r veta vem hen kan v\u00e4nda sig till hos kundf\u00f6retaget vid fr\u00e5gor och funderingar kring hur arbetet ska utf\u00f6ras och fr\u00e5gor om arbetsmilj\u00f6n.\u00a0<\/span><\/p>\n\n\n\n<h3 class=\"wp-block-heading\"><b><span data-contrast=\"auto\">Fem tips f\u00f6r lyckad arbetsmilj\u00f6introduktion av konsulter<\/span><\/b><span data-ccp-props=\"{&quot;201341983&quot;:0,&quot;335559739&quot;:160,&quot;335559740&quot;:259}\">&nbsp;<\/span><\/h3>\n\n\n\n<ol class=\"wp-block-list\">\n<li><span data-contrast=\"auto\">Se till att det finns ett introduktionsprogram att f\u00f6lja- det \u00e4r viktigt att genast f\u00e5 med konsulten!<\/span><span data-ccp-props=\"{&quot;201341983&quot;:0,&quot;335559739&quot;:160,&quot;335559740&quot;:259}\">&nbsp;<\/span><\/li>\n\n\n\n<li><span data-contrast=\"auto\">G\u00e5 igenom arbetsmilj\u00f6n; kund- och bemanningsf\u00f6retaget delar p\u00e5 ansvaret. Konsultchefen g\u00f6r en introduktion till nya uppdraget innan start, inhyraren g\u00e5r sen igenom mer specifikt g\u00e4llande arbetsmilj\u00f6 och s\u00e4kerhet<\/span><span data-ccp-props=\"{&quot;201341983&quot;:0,&quot;335559739&quot;:160,&quot;335559740&quot;:259}\">&nbsp;<\/span><\/li>\n\n\n\n<li><span data-contrast=\"auto\">Lyssna p\u00e5 konsulten! Hen kan se saker med nya \u00f6gon och bidra till att utveckla s\u00e4kerhet och arbetsmilj\u00f6.<\/span><span data-ccp-props=\"{&quot;201341983&quot;:0,&quot;335559739&quot;:160,&quot;335559740&quot;:259}\">&nbsp;<\/span><\/li>\n\n\n\n<li><span data-contrast=\"auto\">St\u00e4m av och kom med feedback \u2013 det \u00e4r sv\u00e5rt att g\u00f6ra r\u00e4tt om en inte vet att en g\u00f6r fel!<\/span><span data-ccp-props=\"{&quot;201341983&quot;:0,&quot;335559739&quot;:160,&quot;335559740&quot;:259}\">&nbsp;<\/span><\/li>\n\n\n\n<li><span data-contrast=\"auto\">Ha \u00e4ven en \u00f6ppen dialog med bemanningsf\u00f6retaget, som har breda kunskaper i arbetsmilj\u00f6arbete<\/span><span data-ccp-props=\"{&quot;201341983&quot;:0,&quot;335559739&quot;:160,&quot;335559740&quot;:259}\">&nbsp;<\/span><\/li>\n<\/ol>\n\n\n\n<p><span data-contrast=\"auto\">Du kan l\u00e4sa mer om <a href=\"https:\/\/www.kompetensforetagen.se\/arbetsmiljo\/\" target=\"_blank\" rel=\"noopener\">arbetsmilj\u00f6 f\u00f6r konsulter p\u00e5 v\u00e5r webbplats<\/a>. <a href=\"https:\/\/www.prevent.se\/bransch\/tjanster\/in--och-uthyrd-personal\/\" target=\"_blank\" rel=\"noopener\">P\u00e5&nbsp;Prevents&nbsp;webbplats finns checklistor f\u00f6r s\u00e5v\u00e4l bemannings- som kundf\u00f6retag; \u00e4ven p\u00e5 engelska.<\/a>&nbsp;<\/span><span data-ccp-props=\"{&quot;201341983&quot;:0,&quot;335559739&quot;:160,&quot;335559740&quot;:259}\">&nbsp;<\/span><\/p>\n\n\n\n<p><span data-contrast=\"auto\">Maria Morberg, arbetsmilj\u00f6expert Almega&nbsp;<\/span><span data-ccp-props=\"{&quot;201341983&quot;:0,&quot;335559739&quot;:160,&quot;335559740&quot;:259}\">&nbsp;<\/span><\/p>\n\n\n\n<ul class=\"wp-block-list\">\n<li><\/li>\n<\/ul>\n","protected":false},"excerpt":{"rendered":"<p>Liksom f\u00f6r alla andra \u00e4r arbetsmilj\u00f6introduktion av konsulter en viktig och ansvarsfull uppgift.\u00a0Bemanningsf\u00f6retag och kundf\u00f6retag\u00a0har\u00a0d\u00e4r\u00a0ett gemensamt och delat ansvar.\u00a0F\u00f6r att g\u00f6ra arbetsmilj\u00f6n s\u00e5 trygg och s\u00e4ker som m\u00f6jligt \u00e4r det d\u00e4rf\u00f6r viktigt att veta vem &hellip;<\/p>\n","protected":false},"author":6058,"featured_media":7615,"comment_status":"closed","ping_status":"closed","sticky":false,"template":"","format":"standard","meta":{"_acf_changed":false,"footnotes":""},"categories":[20,7,204],"tags":[],"article_type":[8,210],"agreement":[],"for-members":[],"class_list":["post-8797","post","type-post","status-publish","format-standard","has-post-thumbnail","hentry","category-arbetsmiljo","category-inhyrning","category-konsult","type-aktuellt","type-fakta"],"acf":[],"yoast_head":"<!-- This site is optimized with the Yoast SEO Premium plugin v26.8 (Yoast SEO v26.8) - https:\/\/yoast.com\/product\/yoast-seo-premium-wordpress\/ -->\n<title>Expertens fem tips f\u00f6r lyckad arbetsmilj\u00f6introduktion av konsulter<\/title>\n<meta name=\"description\" content=\"Arbetsmilj\u00f6introduktion \u00e4r en viktig och ansvarsfull uppgift. H\u00e4r kan du l\u00e4sa expertens tips f\u00f6r lyckad\u00a0arbetsmilj\u00f6introduktion av konsulter.\u00a0\" \/>\n<meta name=\"robots\" content=\"index, follow, max-snippet:-1, max-image-preview:large, max-video-preview:-1\" \/>\n<link rel=\"canonical\" href=\"https:\/\/www.kompetensforetagen.se\/2022\/01\/expertens-fem-tips-for-lyckad-arbetsmiljointroduktion-av-konsulter\/\" \/>\n<meta property=\"og:locale\" content=\"sv_SE\" \/>\n<meta property=\"og:type\" content=\"article\" \/>\n<meta property=\"og:title\" content=\"Expertens fem tips f\u00f6r lyckad arbetsmilj\u00f6introduktion av konsulter\" \/>\n<meta property=\"og:description\" content=\"Arbetsmilj\u00f6introduktion \u00e4r en viktig och ansvarsfull uppgift. H\u00e4r kan du l\u00e4sa expertens tips f\u00f6r lyckad\u00a0arbetsmilj\u00f6introduktion av konsulter.\u00a0\" \/>\n<meta property=\"og:url\" content=\"https:\/\/www.kompetensforetagen.se\/2022\/01\/expertens-fem-tips-for-lyckad-arbetsmiljointroduktion-av-konsulter\/\" \/>\n<meta property=\"og:site_name\" content=\"Kompetensf\u00f6retagen\" \/>\n<meta property=\"article:published_time\" content=\"2022-01-20T09:10:21+00:00\" \/>\n<meta property=\"article:modified_time\" content=\"2023-07-13T11:54:06+00:00\" \/>\n<meta property=\"og:image\" content=\"https:\/\/www.kompetensforetagen.se\/app\/uploads\/sites\/5\/2021\/08\/gettyimages-165527719-scaled.jpg\" \/>\n\t<meta property=\"og:image:width\" content=\"2560\" \/>\n\t<meta property=\"og:image:height\" content=\"1708\" \/>\n\t<meta property=\"og:image:type\" content=\"image\/jpeg\" \/>\n<meta name=\"author\" content=\"Shashika Sellgren\" \/>\n<meta name=\"twitter:card\" content=\"summary_large_image\" \/>\n<meta name=\"twitter:label1\" content=\"Skriven av\" \/>\n\t<meta name=\"twitter:data1\" content=\"Shashika Sellgren\" \/>\n\t<meta name=\"twitter:label2\" content=\"Ber\u00e4knad l\u00e4stid\" \/>\n\t<meta name=\"twitter:data2\" content=\"2 minuter\" \/>\n<!-- \/ Yoast SEO Premium plugin. -->","yoast_head_json":{"title":"Expertens fem tips f\u00f6r lyckad arbetsmilj\u00f6introduktion av konsulter","description":"Arbetsmilj\u00f6introduktion \u00e4r en viktig och ansvarsfull uppgift. H\u00e4r kan du l\u00e4sa expertens tips f\u00f6r lyckad\u00a0arbetsmilj\u00f6introduktion av konsulter.\u00a0","robots":{"index":"index","follow":"follow","max-snippet":"max-snippet:-1","max-image-preview":"max-image-preview:large","max-video-preview":"max-video-preview:-1"},"canonical":"https:\/\/www.kompetensforetagen.se\/2022\/01\/expertens-fem-tips-for-lyckad-arbetsmiljointroduktion-av-konsulter\/","og_locale":"sv_SE","og_type":"article","og_title":"Expertens fem tips f\u00f6r lyckad arbetsmilj\u00f6introduktion av konsulter","og_description":"Arbetsmilj\u00f6introduktion \u00e4r en viktig och ansvarsfull uppgift. H\u00e4r kan du l\u00e4sa expertens tips f\u00f6r lyckad\u00a0arbetsmilj\u00f6introduktion av konsulter.\u00a0","og_url":"https:\/\/www.kompetensforetagen.se\/2022\/01\/expertens-fem-tips-for-lyckad-arbetsmiljointroduktion-av-konsulter\/","og_site_name":"Kompetensf\u00f6retagen","article_published_time":"2022-01-20T09:10:21+00:00","article_modified_time":"2023-07-13T11:54:06+00:00","og_image":[{"width":2560,"height":1708,"url":"https:\/\/www.kompetensforetagen.se\/app\/uploads\/sites\/5\/2021\/08\/gettyimages-165527719-scaled.jpg","type":"image\/jpeg"}],"author":"Shashika Sellgren","twitter_card":"summary_large_image","twitter_misc":{"Skriven av":"Shashika Sellgren","Ber\u00e4knad l\u00e4stid":"2 minuter"},"schema":{"@context":"https:\/\/schema.org","@graph":[{"@type":"Article","@id":"https:\/\/www.kompetensforetagen.se\/2022\/01\/expertens-fem-tips-for-lyckad-arbetsmiljointroduktion-av-konsulter\/#article","isPartOf":{"@id":"https:\/\/www.kompetensforetagen.se\/2022\/01\/expertens-fem-tips-for-lyckad-arbetsmiljointroduktion-av-konsulter\/"},"author":{"name":"Shashika Sellgren","@id":"https:\/\/www.kompetensforetagen.se\/#\/schema\/person\/38c6b37b81c530c93246c3d1993d5662"},"headline":"Expertens fem tips f\u00f6r lyckad arbetsmilj\u00f6introduktion av konsulter","datePublished":"2022-01-20T09:10:21+00:00","dateModified":"2023-07-13T11:54:06+00:00","mainEntityOfPage":{"@id":"https:\/\/www.kompetensforetagen.se\/2022\/01\/expertens-fem-tips-for-lyckad-arbetsmiljointroduktion-av-konsulter\/"},"wordCount":455,"publisher":{"@id":"https:\/\/www.kompetensforetagen.se\/#organization"},"image":{"@id":"https:\/\/www.kompetensforetagen.se\/2022\/01\/expertens-fem-tips-for-lyckad-arbetsmiljointroduktion-av-konsulter\/#primaryimage"},"thumbnailUrl":"https:\/\/www.kompetensforetagen.se\/app\/uploads\/sites\/5\/2021\/08\/gettyimages-165527719-scaled.jpg","articleSection":["Arbetsmilj\u00f6","Inhyrning","Konsult"],"inLanguage":"sv-SE"},{"@type":"WebPage","@id":"https:\/\/www.kompetensforetagen.se\/2022\/01\/expertens-fem-tips-for-lyckad-arbetsmiljointroduktion-av-konsulter\/","url":"https:\/\/www.kompetensforetagen.se\/2022\/01\/expertens-fem-tips-for-lyckad-arbetsmiljointroduktion-av-konsulter\/","name":"Expertens fem tips f\u00f6r lyckad arbetsmilj\u00f6introduktion av konsulter","isPartOf":{"@id":"https:\/\/www.kompetensforetagen.se\/#website"},"primaryImageOfPage":{"@id":"https:\/\/www.kompetensforetagen.se\/2022\/01\/expertens-fem-tips-for-lyckad-arbetsmiljointroduktion-av-konsulter\/#primaryimage"},"image":{"@id":"https:\/\/www.kompetensforetagen.se\/2022\/01\/expertens-fem-tips-for-lyckad-arbetsmiljointroduktion-av-konsulter\/#primaryimage"},"thumbnailUrl":"https:\/\/www.kompetensforetagen.se\/app\/uploads\/sites\/5\/2021\/08\/gettyimages-165527719-scaled.jpg","datePublished":"2022-01-20T09:10:21+00:00","dateModified":"2023-07-13T11:54:06+00:00","description":"Arbetsmilj\u00f6introduktion \u00e4r en viktig och ansvarsfull uppgift. H\u00e4r kan du l\u00e4sa expertens tips f\u00f6r lyckad\u00a0arbetsmilj\u00f6introduktion av konsulter.\u00a0","breadcrumb":{"@id":"https:\/\/www.kompetensforetagen.se\/2022\/01\/expertens-fem-tips-for-lyckad-arbetsmiljointroduktion-av-konsulter\/#breadcrumb"},"inLanguage":"sv-SE","potentialAction":[{"@type":"ReadAction","target":["https:\/\/www.kompetensforetagen.se\/2022\/01\/expertens-fem-tips-for-lyckad-arbetsmiljointroduktion-av-konsulter\/"]}]},{"@type":"ImageObject","inLanguage":"sv-SE","@id":"https:\/\/www.kompetensforetagen.se\/2022\/01\/expertens-fem-tips-for-lyckad-arbetsmiljointroduktion-av-konsulter\/#primaryimage","url":"https:\/\/www.kompetensforetagen.se\/app\/uploads\/sites\/5\/2021\/08\/gettyimages-165527719-scaled.jpg","contentUrl":"https:\/\/www.kompetensforetagen.se\/app\/uploads\/sites\/5\/2021\/08\/gettyimages-165527719-scaled.jpg","width":2560,"height":1708,"caption":"Bilmont\u00f6rer i gula v\u00e4star diskuterar och tittar p\u00e5 en iPad"},{"@type":"BreadcrumbList","@id":"https:\/\/www.kompetensforetagen.se\/2022\/01\/expertens-fem-tips-for-lyckad-arbetsmiljointroduktion-av-konsulter\/#breadcrumb","itemListElement":[{"@type":"ListItem","position":1,"name":"Home","item":"https:\/\/www.kompetensforetagen.se\/"},{"@type":"ListItem","position":2,"name":"Expertens fem tips f\u00f6r lyckad arbetsmilj\u00f6introduktion av konsulter"}]},{"@type":"WebSite","@id":"https:\/\/www.kompetensforetagen.se\/#website","url":"https:\/\/www.kompetensforetagen.se\/","name":"Kompetensf\u00f6retagen","description":"R\u00e4tt person p\u00e5 r\u00e4tt plats kan f\u00f6r\u00e4ndra v\u00e4rlden","publisher":{"@id":"https:\/\/www.kompetensforetagen.se\/#organization"},"potentialAction":[{"@type":"SearchAction","target":{"@type":"EntryPoint","urlTemplate":"https:\/\/www.kompetensforetagen.se\/?s={search_term_string}"},"query-input":{"@type":"PropertyValueSpecification","valueRequired":true,"valueName":"search_term_string"}}],"inLanguage":"sv-SE"},{"@type":"Organization","@id":"https:\/\/www.kompetensforetagen.se\/#organization","name":"Kompetensf\u00f6retagen","url":"https:\/\/www.kompetensforetagen.se\/","logo":{"@type":"ImageObject","inLanguage":"sv-SE","@id":"https:\/\/www.kompetensforetagen.se\/#\/schema\/logo\/image\/","url":"https:\/\/www.kompetensforetagen.se\/app\/uploads\/sites\/5\/2022\/10\/logga_svart.png","contentUrl":"https:\/\/www.kompetensforetagen.se\/app\/uploads\/sites\/5\/2022\/10\/logga_svart.png","width":752,"height":64,"caption":"Kompetensf\u00f6retagen"},"image":{"@id":"https:\/\/www.kompetensforetagen.se\/#\/schema\/logo\/image\/"},"sameAs":["https:\/\/www.linkedin.com\/company\/10540032\/"]},{"@type":"Person","@id":"https:\/\/www.kompetensforetagen.se\/#\/schema\/person\/38c6b37b81c530c93246c3d1993d5662","name":"Shashika Sellgren","image":{"@type":"ImageObject","inLanguage":"sv-SE","@id":"https:\/\/www.kompetensforetagen.se\/#\/schema\/person\/image\/","url":"https:\/\/secure.gravatar.com\/avatar\/b225c479880df9eb82d1501dd105dd8040f27c8563f3d4bf5dd62ce0a1630abd?s=96&d=mm&r=g","contentUrl":"https:\/\/secure.gravatar.com\/avatar\/b225c479880df9eb82d1501dd105dd8040f27c8563f3d4bf5dd62ce0a1630abd?s=96&d=mm&r=g","caption":"Shashika Sellgren"},"url":"https:\/\/www.kompetensforetagen.se\/person\/shashikasellgren\/"}]}},"_links":{"self":[{"href":"https:\/\/www.kompetensforetagen.se\/api\/wp\/v2\/posts\/8797","targetHints":{"allow":["GET"]}}],"collection":[{"href":"https:\/\/www.kompetensforetagen.se\/api\/wp\/v2\/posts"}],"about":[{"href":"https:\/\/www.kompetensforetagen.se\/api\/wp\/v2\/types\/post"}],"author":[{"embeddable":true,"href":"https:\/\/www.kompetensforetagen.se\/api\/wp\/v2\/users\/6058"}],"replies":[{"embeddable":true,"href":"https:\/\/www.kompetensforetagen.se\/api\/wp\/v2\/comments?post=8797"}],"version-history":[{"count":1,"href":"https:\/\/www.kompetensforetagen.se\/api\/wp\/v2\/posts\/8797\/revisions"}],"predecessor-version":[{"id":14590,"href":"https:\/\/www.kompetensforetagen.se\/api\/wp\/v2\/posts\/8797\/revisions\/14590"}],"wp:featuredmedia":[{"embeddable":true,"href":"https:\/\/www.kompetensforetagen.se\/api\/wp\/v2\/media\/7615"}],"wp:attachment":[{"href":"https:\/\/www.kompetensforetagen.se\/api\/wp\/v2\/media?parent=8797"}],"wp:term":[{"taxonomy":"category","embeddable":true,"href":"https:\/\/www.kompetensforetagen.se\/api\/wp\/v2\/categories?post=8797"},{"taxonomy":"post_tag","embeddable":true,"href":"https:\/\/www.kompetensforetagen.se\/api\/wp\/v2\/tags?post=8797"},{"taxonomy":"type","embeddable":true,"href":"https:\/\/www.kompetensforetagen.se\/api\/wp\/v2\/article_type?post=8797"},{"taxonomy":"agreement","embeddable":true,"href":"https:\/\/www.kompetensforetagen.se\/api\/wp\/v2\/agreement?post=8797"},{"taxonomy":"for-members","embeddable":true,"href":"https:\/\/www.kompetensforetagen.se\/api\/wp\/v2\/for-members?post=8797"}],"curies":[{"name":"wp","href":"https:\/\/api.w.org\/{rel}","templated":true}]}}