{"id":8756,"date":"2022-01-13T10:59:29","date_gmt":"2022-01-13T09:59:29","guid":{"rendered":"https:\/\/www.kompetensforetagen.se\/?p=8756"},"modified":"2023-10-24T14:21:10","modified_gmt":"2023-10-24T12:21:10","slug":"kompetensforetagens-mest-lasta-nyheter-2021","status":"publish","type":"post","link":"https:\/\/www.kompetensforetagen.se\/2022\/01\/kompetensforetagens-mest-lasta-nyheter-2021\/","title":{"rendered":"Kompetens&shy;f\u00f6retagens mest l\u00e4sta nyheter 2021"},"content":{"rendered":"\n<p><span data-contrast=\"auto\">Under 2021 \u00f6kade intresset f\u00f6r Kompetensf\u00f6retagens webbplats med n\u00e4stan 20 procent fler bes\u00f6kare \u00e4n \u00e5ret innan. Tittar vi n\u00e4rmare p\u00e5 Kompetensf\u00f6retagens mest l\u00e4sta nyheter 2021 toppas den&nbsp;av samlingssidan f\u00f6r medlemsf\u00f6retagens bidrag i coronakrisen. D\u00e4r finns bland annat exempel p\u00e5 hur medlemsf\u00f6retag st\u00f6ttat&nbsp;v\u00e5rden och myndigheter, snabba digitala skutt f\u00f6r s\u00e4kra rekryteringar och omst\u00e4llningstj\u00e4nster, och hur webbaserade kurser hj\u00e4lpt s\u00e5v\u00e4l arbetss\u00f6kande som arbetsmilj\u00f6s\u00e4kring.&nbsp;<\/span><span data-ccp-props=\"{&quot;201341983&quot;:0,&quot;335559739&quot;:160,&quot;335559740&quot;:259}\">&nbsp;<\/span><\/p>\n\n\n\n<h3 class=\"wp-block-heading\"><b><span data-contrast=\"auto\">Stort intresse f\u00f6r branschh\u00e4ndelser&nbsp;<\/span><\/b><span data-ccp-props=\"{&quot;201341983&quot;:0,&quot;335559739&quot;:160,&quot;335559740&quot;:259}\">&nbsp;<\/span><\/h3>\n\n\n\n<p><span data-contrast=\"auto\">Sedan&nbsp;f\u00f6ljer&nbsp;nyheter som&nbsp;\u00e4r knutna till hur det g\u00e5r f\u00f6r branschen i makroperspektiv. Tv\u00e5 statistikrapporter ligger p\u00e5 respektive andra och fj\u00e4rde plats, \u00c5rsrapporten f\u00f6r 2020 och f\u00f6rsta kvartalsrapporten f\u00f6r 2021. Dessa rapporter inneh\u00e5ller siffror inrapporterade fr\u00e5n medlemsf\u00f6retagen som visar p\u00e5 hur det g\u00e5r f\u00f6r branschen. P\u00e5 tredje plats kommer nyheten om att f\u00f6rslaget till LAS-reform presenterats.&nbsp;P\u00e5 fj\u00e4rde plats 2021 kommer&nbsp;en nyhet&nbsp;fr\u00e5n \u00e5ret innan, om det nya bemanningsavtalet mellan Kompetensf\u00f6retagen och LO-f\u00f6rbunden.&nbsp;<\/span><span data-ccp-props=\"{&quot;201341983&quot;:0,&quot;335559739&quot;:160,&quot;335559740&quot;:259}\">&nbsp;<\/span><\/p>\n\n\n\n<h3 class=\"wp-block-heading\">Kompetensf\u00f6retagens mest l\u00e4sta nyheter 2021<\/h3>\n\n\n\n<ol class=\"wp-block-list\">\n<li><a href=\"https:\/\/www.kompetensforetagen.se\/kompetensforetag-stottar-i-coronakrisen\/\" target=\"_blank\" rel=\"noopener\"><span class=\"TextRun BCX0 SCXW258902587\" lang=\"SV-SE\" xml:lang=\"SV-SE\" data-contrast=\"auto\"><span class=\"NormalTextRun BCX0 SCXW258902587\">Kompetensf\u00f6retag st\u00f6ttar i coronakrisen <\/span><\/span><\/a><\/li>\n\n\n\n<li><span class=\"TextRun BCX0 SCXW73583887\" lang=\"SV-SE\" xml:lang=\"SV-SE\" data-contrast=\"auto\"><span class=\"NormalTextRun BCX0 SCXW73583887\">V\u00e4ntad nedg\u00e5ng f\u00f6r kompetensbranschen<\/span><\/span><\/li>\n\n\n\n<li><span class=\"TextRun BCX0 SCXW211056647\" lang=\"SV-SE\" xml:lang=\"SV-SE\" data-contrast=\"auto\"><span class=\"NormalTextRun BCX0 SCXW211056647\">Las-f\u00f6rslag presenterat<\/span><\/span><\/li>\n\n\n\n<li><span class=\"TextRun BCX0 SCXW37147504\" lang=\"SV-SE\" xml:lang=\"SV-SE\" data-contrast=\"auto\"><span class=\"NormalTextRun BCX0 SCXW37147504\">Nytt bemanningsavtal klart<\/span><\/span><\/li>\n\n\n\n<li><span class=\"TextRun BCX0 SCXW236230913\" lang=\"SV-SE\" xml:lang=\"SV-SE\" data-contrast=\"auto\"><span class=\"NormalTextRun BCX0 SCXW236230913\">\u00c5rets f\u00f6rsta kvartalsrapport<\/span><\/span><\/li>\n<\/ol>\n","protected":false},"excerpt":{"rendered":"<p>Under 2021 \u00f6kade intresset f\u00f6r Kompetensf\u00f6retagens webbplats med n\u00e4stan 20 procent fler bes\u00f6kare \u00e4n \u00e5ret innan. Tittar vi n\u00e4rmare p\u00e5 Kompetensf\u00f6retagens mest l\u00e4sta nyheter 2021 toppas den&nbsp;av samlingssidan f\u00f6r medlemsf\u00f6retagens bidrag i coronakrisen. D\u00e4r finns &hellip;<\/p>\n","protected":false},"author":6058,"featured_media":7728,"comment_status":"closed","ping_status":"closed","sticky":false,"template":"","format":"standard","meta":{"_acf_changed":false,"footnotes":""},"categories":[1],"tags":[],"article_type":[8],"agreement":[],"for-members":[],"class_list":["post-8756","post","type-post","status-publish","format-standard","has-post-thumbnail","hentry","category-okategoriserade","type-aktuellt"],"acf":[],"yoast_head":"<!-- This site is optimized with the Yoast SEO Premium plugin v26.8 (Yoast SEO v26.8) - https:\/\/yoast.com\/product\/yoast-seo-premium-wordpress\/ -->\n<title>Kompetensf\u00f6retagens mest l\u00e4sta nyheter 2021<\/title>\n<meta name=\"description\" content=\"Kompetensf\u00f6retagens mest l\u00e4sta nyheter 2021 toppas av samlingssidan f\u00f6r medlemsf\u00f6retagens bidrag i coronakrisen.\" \/>\n<meta name=\"robots\" content=\"index, follow, max-snippet:-1, max-image-preview:large, max-video-preview:-1\" \/>\n<link rel=\"canonical\" href=\"https:\/\/www.kompetensforetagen.se\/2022\/01\/kompetensforetagens-mest-lasta-nyheter-2021\/\" \/>\n<meta property=\"og:locale\" content=\"sv_SE\" \/>\n<meta property=\"og:type\" content=\"article\" \/>\n<meta property=\"og:title\" content=\"Kompetensf\u00f6retagens mest l\u00e4sta nyheter 2021\" \/>\n<meta property=\"og:description\" content=\"Kompetensf\u00f6retagens mest l\u00e4sta nyheter 2021 toppas av samlingssidan f\u00f6r medlemsf\u00f6retagens bidrag i coronakrisen.\" \/>\n<meta property=\"og:url\" content=\"https:\/\/www.kompetensforetagen.se\/2022\/01\/kompetensforetagens-mest-lasta-nyheter-2021\/\" \/>\n<meta property=\"og:site_name\" content=\"Kompetensf\u00f6retagen\" \/>\n<meta property=\"article:published_time\" content=\"2022-01-13T09:59:29+00:00\" \/>\n<meta property=\"article:modified_time\" content=\"2023-10-24T12:21:10+00:00\" \/>\n<meta property=\"og:image\" content=\"https:\/\/www.kompetensforetagen.se\/app\/uploads\/sites\/5\/2021\/08\/bloggbild.png\" \/>\n\t<meta property=\"og:image:width\" content=\"1640\" \/>\n\t<meta property=\"og:image:height\" content=\"924\" \/>\n\t<meta property=\"og:image:type\" content=\"image\/png\" \/>\n<meta name=\"author\" content=\"Shashika Sellgren\" \/>\n<meta name=\"twitter:card\" content=\"summary_large_image\" \/>\n<meta name=\"twitter:label1\" content=\"Skriven av\" \/>\n\t<meta name=\"twitter:data1\" content=\"Shashika Sellgren\" \/>\n\t<meta name=\"twitter:label2\" content=\"Ber\u00e4knad l\u00e4stid\" \/>\n\t<meta name=\"twitter:data2\" content=\"1 minut\" \/>\n<!-- \/ Yoast SEO Premium plugin. -->","yoast_head_json":{"title":"Kompetensf\u00f6retagens mest l\u00e4sta nyheter 2021","description":"Kompetensf\u00f6retagens mest l\u00e4sta nyheter 2021 toppas av samlingssidan f\u00f6r medlemsf\u00f6retagens bidrag i coronakrisen.","robots":{"index":"index","follow":"follow","max-snippet":"max-snippet:-1","max-image-preview":"max-image-preview:large","max-video-preview":"max-video-preview:-1"},"canonical":"https:\/\/www.kompetensforetagen.se\/2022\/01\/kompetensforetagens-mest-lasta-nyheter-2021\/","og_locale":"sv_SE","og_type":"article","og_title":"Kompetensf\u00f6retagens mest l\u00e4sta nyheter 2021","og_description":"Kompetensf\u00f6retagens mest l\u00e4sta nyheter 2021 toppas av samlingssidan f\u00f6r medlemsf\u00f6retagens bidrag i coronakrisen.","og_url":"https:\/\/www.kompetensforetagen.se\/2022\/01\/kompetensforetagens-mest-lasta-nyheter-2021\/","og_site_name":"Kompetensf\u00f6retagen","article_published_time":"2022-01-13T09:59:29+00:00","article_modified_time":"2023-10-24T12:21:10+00:00","og_image":[{"width":1640,"height":924,"url":"https:\/\/www.kompetensforetagen.se\/app\/uploads\/sites\/5\/2021\/08\/bloggbild.png","type":"image\/png"}],"author":"Shashika Sellgren","twitter_card":"summary_large_image","twitter_misc":{"Skriven av":"Shashika Sellgren","Ber\u00e4knad l\u00e4stid":"1 minut"},"schema":{"@context":"https:\/\/schema.org","@graph":[{"@type":"Article","@id":"https:\/\/www.kompetensforetagen.se\/2022\/01\/kompetensforetagens-mest-lasta-nyheter-2021\/#article","isPartOf":{"@id":"https:\/\/www.kompetensforetagen.se\/2022\/01\/kompetensforetagens-mest-lasta-nyheter-2021\/"},"author":{"name":"Shashika Sellgren","@id":"https:\/\/www.kompetensforetagen.se\/#\/schema\/person\/38c6b37b81c530c93246c3d1993d5662"},"headline":"Kompetens&shy;f\u00f6retagens mest l\u00e4sta nyheter 2021","datePublished":"2022-01-13T09:59:29+00:00","dateModified":"2023-10-24T12:21:10+00:00","mainEntityOfPage":{"@id":"https:\/\/www.kompetensforetagen.se\/2022\/01\/kompetensforetagens-mest-lasta-nyheter-2021\/"},"wordCount":227,"publisher":{"@id":"https:\/\/www.kompetensforetagen.se\/#organization"},"image":{"@id":"https:\/\/www.kompetensforetagen.se\/2022\/01\/kompetensforetagens-mest-lasta-nyheter-2021\/#primaryimage"},"thumbnailUrl":"https:\/\/www.kompetensforetagen.se\/app\/uploads\/sites\/5\/2021\/08\/bloggbild.png","inLanguage":"sv-SE"},{"@type":"WebPage","@id":"https:\/\/www.kompetensforetagen.se\/2022\/01\/kompetensforetagens-mest-lasta-nyheter-2021\/","url":"https:\/\/www.kompetensforetagen.se\/2022\/01\/kompetensforetagens-mest-lasta-nyheter-2021\/","name":"Kompetensf\u00f6retagens mest l\u00e4sta nyheter 2021","isPartOf":{"@id":"https:\/\/www.kompetensforetagen.se\/#website"},"primaryImageOfPage":{"@id":"https:\/\/www.kompetensforetagen.se\/2022\/01\/kompetensforetagens-mest-lasta-nyheter-2021\/#primaryimage"},"image":{"@id":"https:\/\/www.kompetensforetagen.se\/2022\/01\/kompetensforetagens-mest-lasta-nyheter-2021\/#primaryimage"},"thumbnailUrl":"https:\/\/www.kompetensforetagen.se\/app\/uploads\/sites\/5\/2021\/08\/bloggbild.png","datePublished":"2022-01-13T09:59:29+00:00","dateModified":"2023-10-24T12:21:10+00:00","description":"Kompetensf\u00f6retagens mest l\u00e4sta nyheter 2021 toppas av samlingssidan f\u00f6r medlemsf\u00f6retagens bidrag i coronakrisen.","breadcrumb":{"@id":"https:\/\/www.kompetensforetagen.se\/2022\/01\/kompetensforetagens-mest-lasta-nyheter-2021\/#breadcrumb"},"inLanguage":"sv-SE","potentialAction":[{"@type":"ReadAction","target":["https:\/\/www.kompetensforetagen.se\/2022\/01\/kompetensforetagens-mest-lasta-nyheter-2021\/"]}]},{"@type":"ImageObject","inLanguage":"sv-SE","@id":"https:\/\/www.kompetensforetagen.se\/2022\/01\/kompetensforetagens-mest-lasta-nyheter-2021\/#primaryimage","url":"https:\/\/www.kompetensforetagen.se\/app\/uploads\/sites\/5\/2021\/08\/bloggbild.png","contentUrl":"https:\/\/www.kompetensforetagen.se\/app\/uploads\/sites\/5\/2021\/08\/bloggbild.png","width":1640,"height":924,"caption":"Grafik: Svart och vit bild som visar en macbook air en Iphone en anteckningsbok och en kopp espresso"},{"@type":"BreadcrumbList","@id":"https:\/\/www.kompetensforetagen.se\/2022\/01\/kompetensforetagens-mest-lasta-nyheter-2021\/#breadcrumb","itemListElement":[{"@type":"ListItem","position":1,"name":"Home","item":"https:\/\/www.kompetensforetagen.se\/"},{"@type":"ListItem","position":2,"name":"Kompetens&shy;f\u00f6retagens mest l\u00e4sta nyheter 2021"}]},{"@type":"WebSite","@id":"https:\/\/www.kompetensforetagen.se\/#website","url":"https:\/\/www.kompetensforetagen.se\/","name":"Kompetensf\u00f6retagen","description":"R\u00e4tt person p\u00e5 r\u00e4tt plats kan f\u00f6r\u00e4ndra v\u00e4rlden","publisher":{"@id":"https:\/\/www.kompetensforetagen.se\/#organization"},"potentialAction":[{"@type":"SearchAction","target":{"@type":"EntryPoint","urlTemplate":"https:\/\/www.kompetensforetagen.se\/?s={search_term_string}"},"query-input":{"@type":"PropertyValueSpecification","valueRequired":true,"valueName":"search_term_string"}}],"inLanguage":"sv-SE"},{"@type":"Organization","@id":"https:\/\/www.kompetensforetagen.se\/#organization","name":"Kompetensf\u00f6retagen","url":"https:\/\/www.kompetensforetagen.se\/","logo":{"@type":"ImageObject","inLanguage":"sv-SE","@id":"https:\/\/www.kompetensforetagen.se\/#\/schema\/logo\/image\/","url":"https:\/\/www.kompetensforetagen.se\/app\/uploads\/sites\/5\/2022\/10\/logga_svart.png","contentUrl":"https:\/\/www.kompetensforetagen.se\/app\/uploads\/sites\/5\/2022\/10\/logga_svart.png","width":752,"height":64,"caption":"Kompetensf\u00f6retagen"},"image":{"@id":"https:\/\/www.kompetensforetagen.se\/#\/schema\/logo\/image\/"},"sameAs":["https:\/\/www.linkedin.com\/company\/10540032\/"]},{"@type":"Person","@id":"https:\/\/www.kompetensforetagen.se\/#\/schema\/person\/38c6b37b81c530c93246c3d1993d5662","name":"Shashika Sellgren","image":{"@type":"ImageObject","inLanguage":"sv-SE","@id":"https:\/\/www.kompetensforetagen.se\/#\/schema\/person\/image\/","url":"https:\/\/secure.gravatar.com\/avatar\/b225c479880df9eb82d1501dd105dd8040f27c8563f3d4bf5dd62ce0a1630abd?s=96&d=mm&r=g","contentUrl":"https:\/\/secure.gravatar.com\/avatar\/b225c479880df9eb82d1501dd105dd8040f27c8563f3d4bf5dd62ce0a1630abd?s=96&d=mm&r=g","caption":"Shashika Sellgren"},"url":"https:\/\/www.kompetensforetagen.se\/person\/shashikasellgren\/"}]}},"_links":{"self":[{"href":"https:\/\/www.kompetensforetagen.se\/api\/wp\/v2\/posts\/8756","targetHints":{"allow":["GET"]}}],"collection":[{"href":"https:\/\/www.kompetensforetagen.se\/api\/wp\/v2\/posts"}],"about":[{"href":"https:\/\/www.kompetensforetagen.se\/api\/wp\/v2\/types\/post"}],"author":[{"embeddable":true,"href":"https:\/\/www.kompetensforetagen.se\/api\/wp\/v2\/users\/6058"}],"replies":[{"embeddable":true,"href":"https:\/\/www.kompetensforetagen.se\/api\/wp\/v2\/comments?post=8756"}],"version-history":[{"count":3,"href":"https:\/\/www.kompetensforetagen.se\/api\/wp\/v2\/posts\/8756\/revisions"}],"predecessor-version":[{"id":15443,"href":"https:\/\/www.kompetensforetagen.se\/api\/wp\/v2\/posts\/8756\/revisions\/15443"}],"wp:featuredmedia":[{"embeddable":true,"href":"https:\/\/www.kompetensforetagen.se\/api\/wp\/v2\/media\/7728"}],"wp:attachment":[{"href":"https:\/\/www.kompetensforetagen.se\/api\/wp\/v2\/media?parent=8756"}],"wp:term":[{"taxonomy":"category","embeddable":true,"href":"https:\/\/www.kompetensforetagen.se\/api\/wp\/v2\/categories?post=8756"},{"taxonomy":"post_tag","embeddable":true,"href":"https:\/\/www.kompetensforetagen.se\/api\/wp\/v2\/tags?post=8756"},{"taxonomy":"type","embeddable":true,"href":"https:\/\/www.kompetensforetagen.se\/api\/wp\/v2\/article_type?post=8756"},{"taxonomy":"agreement","embeddable":true,"href":"https:\/\/www.kompetensforetagen.se\/api\/wp\/v2\/agreement?post=8756"},{"taxonomy":"for-members","embeddable":true,"href":"https:\/\/www.kompetensforetagen.se\/api\/wp\/v2\/for-members?post=8756"}],"curies":[{"name":"wp","href":"https:\/\/api.w.org\/{rel}","templated":true}]}}