{"id":8724,"date":"2022-01-12T10:28:25","date_gmt":"2022-01-12T09:28:25","guid":{"rendered":"https:\/\/www.kompetensforetagen.se\/?p=8724"},"modified":"2023-10-24T14:22:16","modified_gmt":"2023-10-24T12:22:16","slug":"bemanningsbranschen-viktig-vag-till-jobb-for-unga","status":"publish","type":"post","link":"https:\/\/www.kompetensforetagen.se\/2022\/01\/bemanningsbranschen-viktig-vag-till-jobb-for-unga\/","title":{"rendered":"Bemannings&shy;branschen viktig v\u00e4g till jobb f\u00f6r unga"},"content":{"rendered":"\n<p><span data-contrast=\"auto\">Enligt nya siffror fr\u00e5n SCB* \u00e4r det tydligt att bemanningsbranschen \u00e4r en <\/span><span data-contrast=\"auto\">viktig v\u00e4g till jobb f\u00f6r unga<\/span><span data-contrast=\"auto\">. Det \u00e4r mer \u00e4n dubbelt s\u00e5 m\u00e5nga under 30 \u00e5r som jobbar d\u00e4r (43 %) j\u00e4mf\u00f6rt med arbetsmarknaden som helhet (20 %). <\/span><span data-ccp-props=\"{&quot;201341983&quot;:0,&quot;335559739&quot;:160,&quot;335559740&quot;:259}\">&nbsp;<\/span><\/p>\n\n\n\n<p><span data-contrast=\"auto\">Att s\u00e5 m\u00e5nga unga f\u00e5r jobb i bemanningsbranschen beror till stor del p\u00e5 att bemanningsf\u00f6retagen ofta m\u00f6ter nya arbetss\u00f6kande. Den som har lite eller ingen erfarenhet av arbetsmarknaden, liksom f\u00f6r m\u00e5nga unga, blir ofta inte ens aktuell f\u00f6r m\u00e5nga arbetsgivare. Den satsningen g\u00f6r ist\u00e4llet bemanningsf\u00f6retagen. De ser l\u00e4ngre \u00e4n till upparbetad erfarenhet. Bemanningsf\u00f6retagen ser potential utifr\u00e5n vem man \u00e4r och g\u00f6r. En kanske har varit ungdomstr\u00e4nare, l\u00e4xhj\u00e4lp, gillar att meka eller driver en egen webbplats. Kompetensen finns i helheten.<\/span><span data-ccp-props=\"{&quot;201341983&quot;:0,&quot;335559739&quot;:160,&quot;335559740&quot;:259}\">&nbsp;<\/span><\/p>\n\n\n\n<h3 class=\"wp-block-heading\"><b><span data-contrast=\"auto\">Trygga jobb<\/span><\/b><span data-ccp-props=\"{&quot;201341983&quot;:0,&quot;335559739&quot;:160,&quot;335559740&quot;:259}\">&nbsp;<\/span><\/h3>\n\n\n\n<p><span data-contrast=\"auto\">Bemanningsbranschen st\u00e5r f\u00f6r trygga jobb. Kompetensf\u00f6retagens auktoriserade medlemsf\u00f6retag har kollektivavtal, pensioner, viktiga f\u00f6rs\u00e4kringar och andra f\u00f6rm\u00e5ner och m\u00f6jligheter. P\u00e5 LO-avtalet \u00e4r tillsvidareanst\u00e4llning p\u00e5 heltid norm. <a href=\"https:\/\/www.ungdomsbarometern.se\/trygghet-allt-viktigare-nar-unga-ska-ut-i-arbetslivet-storsta-orosmomentet-ar-att-fa-en-dalig-chef\/\" target=\"_blank\" rel=\"noopener\">Just trygghet \u00e4r viktigt f\u00f6r unga, enligt en m\u00e4tning gjord av Ungdomsbarometern (2021).&nbsp;<\/a>&nbsp;<\/span><\/p>\n\n\n\n<blockquote class=\"wp-block-quote is-layout-flow wp-block-quote-is-layout-flow\">\n<p><span data-contrast=\"auto\">Bemanningsf\u00f6retagen ser potential utifr\u00e5n vem man \u00e4r och g\u00f6r<\/span><\/p>\n<\/blockquote>\n\n\n\n<p><span data-contrast=\"auto\"><a href=\"https:\/\/www.kompetensforetagen.se\/2021\/09\/konsultundersokningen-2021-bemanningsbranschen-skapar-insteg-och-framsteg-pa-arbetsmarknaden\/\" target=\"_blank\" rel=\"noopener\">N\u00e4r Kompetensf\u00f6retagen m\u00e4ter konsulternas trivsel<\/a> s\u00e4ger sex av tio under 30 \u00e5r att konsultyrket var ett s\u00e4tt att f\u00e5 jobb. Sju av tio rekommenderar det, \u00e5tta av tio k\u00e4nner sig uppskattade av kollegorna och tv\u00e5 av tre tror att jobbet som konsult kommer att leda till andra jobb i framtiden.&nbsp;<\/span><span data-ccp-props=\"{&quot;201341983&quot;:0,&quot;335559739&quot;:160,&quot;335559740&quot;:259}\">&nbsp;<\/span><\/p>\n\n\n\n<h3 class=\"wp-block-heading\"><b><span data-contrast=\"auto\">Viktig v\u00e4g till jobb f\u00f6r unga<\/span><\/b><span data-ccp-props=\"{&quot;201341983&quot;:0,&quot;335559739&quot;:160,&quot;335559740&quot;:259}\">&nbsp;<\/span><\/h3>\n\n\n\n<p><span data-contrast=\"auto\">Ungdomsarbetsl\u00f6sheten \u00e4r ett orosmoln som inte kommer att bl\u00e5sa bort i f\u00f6rstone. Coronapandemin p\u00e5g\u00e5r fortfarande, och skapar oro p\u00e5 arbetsmarknaden. Risken \u00e4r att tr\u00f6skeln till arbetsmarknaden blir f\u00f6r h\u00f6g f\u00f6r dem som inte haft ett arbete innan. D\u00e4rf\u00f6r beh\u00f6vs bemanningsbranschen. Den fungerar b\u00e5de som insteg till arbetsmarknaden och brygga till andra jobb. De konsulter som inte g\u00e5r vidare till anst\u00e4llning hos kund, som m\u00e5nga g\u00f6r, f\u00e5r en f\u00f6rsta rad p\u00e5 sitt cv, erfarenhet och b\u00f6rjar bygga sitt n\u00e4tverk.&nbsp;<\/span><span data-ccp-props=\"{&quot;201341983&quot;:0,&quot;335559739&quot;:160,&quot;335559740&quot;:259}\">&nbsp;<\/span><\/p>\n\n\n\n<p>*Senaste statistiken g\u00e4ller f\u00f6r 2020.<\/p>\n","protected":false},"excerpt":{"rendered":"<p>Enligt nya siffror fr\u00e5n SCB* \u00e4r det tydligt att bemanningsbranschen \u00e4r en viktig v\u00e4g till jobb f\u00f6r unga. Det \u00e4r mer \u00e4n dubbelt s\u00e5 m\u00e5nga under 30 \u00e5r som jobbar d\u00e4r (43 %) j\u00e4mf\u00f6rt med &hellip;<\/p>\n","protected":false},"author":6058,"featured_media":8052,"comment_status":"closed","ping_status":"closed","sticky":false,"template":"","format":"standard","meta":{"_acf_changed":false,"footnotes":""},"categories":[1],"tags":[],"article_type":[8],"agreement":[],"for-members":[],"class_list":["post-8724","post","type-post","status-publish","format-standard","has-post-thumbnail","hentry","category-okategoriserade","type-aktuellt"],"acf":[],"yoast_head":"<!-- This site is optimized with the Yoast SEO Premium plugin v26.8 (Yoast SEO v26.8) - https:\/\/yoast.com\/product\/yoast-seo-premium-wordpress\/ -->\n<title>Bemanningsbranschen viktig v\u00e4g till jobb f\u00f6r unga<\/title>\n<meta name=\"description\" content=\"Enligt nya siffror fr\u00e5n SCB \u00e4r det tydligt att bemanningsbranschen \u00e4r en\u00a0viktig v\u00e4g till jobb f\u00f6r unga - 43 procent \u00e4r under 30 \u00e5r.\" \/>\n<meta name=\"robots\" content=\"index, follow, max-snippet:-1, max-image-preview:large, max-video-preview:-1\" \/>\n<link rel=\"canonical\" href=\"https:\/\/www.kompetensforetagen.se\/2022\/01\/bemanningsbranschen-viktig-vag-till-jobb-for-unga\/\" \/>\n<meta property=\"og:locale\" content=\"sv_SE\" \/>\n<meta property=\"og:type\" content=\"article\" \/>\n<meta property=\"og:title\" content=\"Bemanningsbranschen viktig v\u00e4g till jobb f\u00f6r unga\" \/>\n<meta property=\"og:description\" content=\"Enligt nya siffror fr\u00e5n SCB \u00e4r det tydligt att bemanningsbranschen \u00e4r en\u00a0viktig v\u00e4g till jobb f\u00f6r unga - 43 procent \u00e4r under 30 \u00e5r.\" \/>\n<meta property=\"og:url\" content=\"https:\/\/www.kompetensforetagen.se\/2022\/01\/bemanningsbranschen-viktig-vag-till-jobb-for-unga\/\" \/>\n<meta property=\"og:site_name\" content=\"Kompetensf\u00f6retagen\" \/>\n<meta property=\"article:published_time\" content=\"2022-01-12T09:28:25+00:00\" \/>\n<meta property=\"article:modified_time\" content=\"2023-10-24T12:22:16+00:00\" \/>\n<meta property=\"og:image\" content=\"https:\/\/www.kompetensforetagen.se\/app\/uploads\/sites\/5\/2021\/09\/namnlos-design-22-1180x837.png\" \/>\n\t<meta property=\"og:image:width\" content=\"1180\" \/>\n\t<meta property=\"og:image:height\" content=\"837\" \/>\n\t<meta property=\"og:image:type\" content=\"image\/png\" \/>\n<meta name=\"author\" content=\"Shashika Sellgren\" \/>\n<meta name=\"twitter:card\" content=\"summary_large_image\" \/>\n<meta name=\"twitter:label1\" content=\"Skriven av\" \/>\n\t<meta name=\"twitter:data1\" content=\"Shashika Sellgren\" \/>\n\t<meta name=\"twitter:label2\" content=\"Ber\u00e4knad l\u00e4stid\" \/>\n\t<meta name=\"twitter:data2\" content=\"2 minuter\" \/>\n<!-- \/ Yoast SEO Premium plugin. -->","yoast_head_json":{"title":"Bemanningsbranschen viktig v\u00e4g till jobb f\u00f6r unga","description":"Enligt nya siffror fr\u00e5n SCB \u00e4r det tydligt att bemanningsbranschen \u00e4r en\u00a0viktig v\u00e4g till jobb f\u00f6r unga - 43 procent \u00e4r under 30 \u00e5r.","robots":{"index":"index","follow":"follow","max-snippet":"max-snippet:-1","max-image-preview":"max-image-preview:large","max-video-preview":"max-video-preview:-1"},"canonical":"https:\/\/www.kompetensforetagen.se\/2022\/01\/bemanningsbranschen-viktig-vag-till-jobb-for-unga\/","og_locale":"sv_SE","og_type":"article","og_title":"Bemanningsbranschen viktig v\u00e4g till jobb f\u00f6r unga","og_description":"Enligt nya siffror fr\u00e5n SCB \u00e4r det tydligt att bemanningsbranschen \u00e4r en\u00a0viktig v\u00e4g till jobb f\u00f6r unga - 43 procent \u00e4r under 30 \u00e5r.","og_url":"https:\/\/www.kompetensforetagen.se\/2022\/01\/bemanningsbranschen-viktig-vag-till-jobb-for-unga\/","og_site_name":"Kompetensf\u00f6retagen","article_published_time":"2022-01-12T09:28:25+00:00","article_modified_time":"2023-10-24T12:22:16+00:00","og_image":[{"width":1180,"height":837,"url":"https:\/\/www.kompetensforetagen.se\/app\/uploads\/sites\/5\/2021\/09\/namnlos-design-22-1180x837.png","type":"image\/png"}],"author":"Shashika Sellgren","twitter_card":"summary_large_image","twitter_misc":{"Skriven av":"Shashika Sellgren","Ber\u00e4knad l\u00e4stid":"2 minuter"},"schema":{"@context":"https:\/\/schema.org","@graph":[{"@type":"Article","@id":"https:\/\/www.kompetensforetagen.se\/2022\/01\/bemanningsbranschen-viktig-vag-till-jobb-for-unga\/#article","isPartOf":{"@id":"https:\/\/www.kompetensforetagen.se\/2022\/01\/bemanningsbranschen-viktig-vag-till-jobb-for-unga\/"},"author":{"name":"Shashika Sellgren","@id":"https:\/\/www.kompetensforetagen.se\/#\/schema\/person\/38c6b37b81c530c93246c3d1993d5662"},"headline":"Bemannings&shy;branschen viktig v\u00e4g till jobb f\u00f6r unga","datePublished":"2022-01-12T09:28:25+00:00","dateModified":"2023-10-24T12:22:16+00:00","mainEntityOfPage":{"@id":"https:\/\/www.kompetensforetagen.se\/2022\/01\/bemanningsbranschen-viktig-vag-till-jobb-for-unga\/"},"wordCount":390,"publisher":{"@id":"https:\/\/www.kompetensforetagen.se\/#organization"},"image":{"@id":"https:\/\/www.kompetensforetagen.se\/2022\/01\/bemanningsbranschen-viktig-vag-till-jobb-for-unga\/#primaryimage"},"thumbnailUrl":"https:\/\/www.kompetensforetagen.se\/app\/uploads\/sites\/5\/2021\/09\/namnlos-design-22.png","inLanguage":"sv-SE"},{"@type":"WebPage","@id":"https:\/\/www.kompetensforetagen.se\/2022\/01\/bemanningsbranschen-viktig-vag-till-jobb-for-unga\/","url":"https:\/\/www.kompetensforetagen.se\/2022\/01\/bemanningsbranschen-viktig-vag-till-jobb-for-unga\/","name":"Bemanningsbranschen viktig v\u00e4g till jobb f\u00f6r unga","isPartOf":{"@id":"https:\/\/www.kompetensforetagen.se\/#website"},"primaryImageOfPage":{"@id":"https:\/\/www.kompetensforetagen.se\/2022\/01\/bemanningsbranschen-viktig-vag-till-jobb-for-unga\/#primaryimage"},"image":{"@id":"https:\/\/www.kompetensforetagen.se\/2022\/01\/bemanningsbranschen-viktig-vag-till-jobb-for-unga\/#primaryimage"},"thumbnailUrl":"https:\/\/www.kompetensforetagen.se\/app\/uploads\/sites\/5\/2021\/09\/namnlos-design-22.png","datePublished":"2022-01-12T09:28:25+00:00","dateModified":"2023-10-24T12:22:16+00:00","description":"Enligt nya siffror fr\u00e5n SCB \u00e4r det tydligt att bemanningsbranschen \u00e4r en\u00a0viktig v\u00e4g till jobb f\u00f6r unga - 43 procent \u00e4r under 30 \u00e5r.","breadcrumb":{"@id":"https:\/\/www.kompetensforetagen.se\/2022\/01\/bemanningsbranschen-viktig-vag-till-jobb-for-unga\/#breadcrumb"},"inLanguage":"sv-SE","potentialAction":[{"@type":"ReadAction","target":["https:\/\/www.kompetensforetagen.se\/2022\/01\/bemanningsbranschen-viktig-vag-till-jobb-for-unga\/"]}]},{"@type":"ImageObject","inLanguage":"sv-SE","@id":"https:\/\/www.kompetensforetagen.se\/2022\/01\/bemanningsbranschen-viktig-vag-till-jobb-for-unga\/#primaryimage","url":"https:\/\/www.kompetensforetagen.se\/app\/uploads\/sites\/5\/2021\/09\/namnlos-design-22.png","contentUrl":"https:\/\/www.kompetensforetagen.se\/app\/uploads\/sites\/5\/2021\/09\/namnlos-design-22.png","width":1748,"height":1240,"caption":"Kvinna g\u00f6r v-tecknet fotograferad bakifr\u00e5n p\u00e5 en h\u00f6jd"},{"@type":"BreadcrumbList","@id":"https:\/\/www.kompetensforetagen.se\/2022\/01\/bemanningsbranschen-viktig-vag-till-jobb-for-unga\/#breadcrumb","itemListElement":[{"@type":"ListItem","position":1,"name":"Home","item":"https:\/\/www.kompetensforetagen.se\/"},{"@type":"ListItem","position":2,"name":"Bemannings&shy;branschen viktig v\u00e4g till jobb f\u00f6r unga"}]},{"@type":"WebSite","@id":"https:\/\/www.kompetensforetagen.se\/#website","url":"https:\/\/www.kompetensforetagen.se\/","name":"Kompetensf\u00f6retagen","description":"R\u00e4tt person p\u00e5 r\u00e4tt plats kan f\u00f6r\u00e4ndra v\u00e4rlden","publisher":{"@id":"https:\/\/www.kompetensforetagen.se\/#organization"},"potentialAction":[{"@type":"SearchAction","target":{"@type":"EntryPoint","urlTemplate":"https:\/\/www.kompetensforetagen.se\/?s={search_term_string}"},"query-input":{"@type":"PropertyValueSpecification","valueRequired":true,"valueName":"search_term_string"}}],"inLanguage":"sv-SE"},{"@type":"Organization","@id":"https:\/\/www.kompetensforetagen.se\/#organization","name":"Kompetensf\u00f6retagen","url":"https:\/\/www.kompetensforetagen.se\/","logo":{"@type":"ImageObject","inLanguage":"sv-SE","@id":"https:\/\/www.kompetensforetagen.se\/#\/schema\/logo\/image\/","url":"https:\/\/www.kompetensforetagen.se\/app\/uploads\/sites\/5\/2022\/10\/logga_svart.png","contentUrl":"https:\/\/www.kompetensforetagen.se\/app\/uploads\/sites\/5\/2022\/10\/logga_svart.png","width":752,"height":64,"caption":"Kompetensf\u00f6retagen"},"image":{"@id":"https:\/\/www.kompetensforetagen.se\/#\/schema\/logo\/image\/"},"sameAs":["https:\/\/www.linkedin.com\/company\/10540032\/"]},{"@type":"Person","@id":"https:\/\/www.kompetensforetagen.se\/#\/schema\/person\/38c6b37b81c530c93246c3d1993d5662","name":"Shashika Sellgren","image":{"@type":"ImageObject","inLanguage":"sv-SE","@id":"https:\/\/www.kompetensforetagen.se\/#\/schema\/person\/image\/","url":"https:\/\/secure.gravatar.com\/avatar\/b225c479880df9eb82d1501dd105dd8040f27c8563f3d4bf5dd62ce0a1630abd?s=96&d=mm&r=g","contentUrl":"https:\/\/secure.gravatar.com\/avatar\/b225c479880df9eb82d1501dd105dd8040f27c8563f3d4bf5dd62ce0a1630abd?s=96&d=mm&r=g","caption":"Shashika Sellgren"},"url":"https:\/\/www.kompetensforetagen.se\/person\/shashikasellgren\/"}]}},"_links":{"self":[{"href":"https:\/\/www.kompetensforetagen.se\/api\/wp\/v2\/posts\/8724","targetHints":{"allow":["GET"]}}],"collection":[{"href":"https:\/\/www.kompetensforetagen.se\/api\/wp\/v2\/posts"}],"about":[{"href":"https:\/\/www.kompetensforetagen.se\/api\/wp\/v2\/types\/post"}],"author":[{"embeddable":true,"href":"https:\/\/www.kompetensforetagen.se\/api\/wp\/v2\/users\/6058"}],"replies":[{"embeddable":true,"href":"https:\/\/www.kompetensforetagen.se\/api\/wp\/v2\/comments?post=8724"}],"version-history":[{"count":3,"href":"https:\/\/www.kompetensforetagen.se\/api\/wp\/v2\/posts\/8724\/revisions"}],"predecessor-version":[{"id":15445,"href":"https:\/\/www.kompetensforetagen.se\/api\/wp\/v2\/posts\/8724\/revisions\/15445"}],"wp:featuredmedia":[{"embeddable":true,"href":"https:\/\/www.kompetensforetagen.se\/api\/wp\/v2\/media\/8052"}],"wp:attachment":[{"href":"https:\/\/www.kompetensforetagen.se\/api\/wp\/v2\/media?parent=8724"}],"wp:term":[{"taxonomy":"category","embeddable":true,"href":"https:\/\/www.kompetensforetagen.se\/api\/wp\/v2\/categories?post=8724"},{"taxonomy":"post_tag","embeddable":true,"href":"https:\/\/www.kompetensforetagen.se\/api\/wp\/v2\/tags?post=8724"},{"taxonomy":"type","embeddable":true,"href":"https:\/\/www.kompetensforetagen.se\/api\/wp\/v2\/article_type?post=8724"},{"taxonomy":"agreement","embeddable":true,"href":"https:\/\/www.kompetensforetagen.se\/api\/wp\/v2\/agreement?post=8724"},{"taxonomy":"for-members","embeddable":true,"href":"https:\/\/www.kompetensforetagen.se\/api\/wp\/v2\/for-members?post=8724"}],"curies":[{"name":"wp","href":"https:\/\/api.w.org\/{rel}","templated":true}]}}