{"id":8711,"date":"2025-02-10T20:31:22","date_gmt":"2025-02-10T19:31:22","guid":{"rendered":"https:\/\/www.kompetensforetagen.se\/?p=8711"},"modified":"2025-02-11T16:04:14","modified_gmt":"2025-02-11T15:04:14","slug":"sa-raknas-din-lon-nar-du-jobbar-som-konsult","status":"publish","type":"post","link":"https:\/\/www.kompetensforetagen.se\/2025\/02\/sa-raknas-din-lon-nar-du-jobbar-som-konsult\/","title":{"rendered":"S\u00e5 r\u00e4knas din l\u00f6n n\u00e4r du jobbar som konsult"},"content":{"rendered":"\n<p>Vad tj\u00e4nar man som konsult? Hur din l\u00f6n n\u00e4r du jobbar som konsult r\u00e4knas ut skiljer sig \u00e5t beroende p\u00e5 om du \u00e4r arbetare eller tj\u00e4nsteman. I <a href=\"https:\/\/www.kompetensforetagen.se\/medlemskap\/kollektivavtal\/\" target=\"_blank\" rel=\"noopener\">bemanningsavtalet<\/a> som g\u00e4ller f\u00f6r ditt yrke best\u00e4ms hur l\u00f6nen ska se ut, och det kan du l\u00e4sa mer om h\u00e4r.<\/p>\n\n\n\n\n\n<h3 class=\"wp-block-heading\" id=\"h-lon-for-tjansteman-pa-bemanningsavtalet-nbsp\"><b><span data-contrast=\"auto\">L\u00f6n f\u00f6r tj\u00e4nstem\u00e4n p\u00e5 bemanningsavtalet<\/span><\/b><span data-ccp-props=\"{&quot;201341983&quot;:0,&quot;335559739&quot;:160,&quot;335559740&quot;:259}\">&nbsp;<\/span><\/h3>\n\n\n\n<p><span data-contrast=\"auto\">Om du \u00e4r <a href=\"https:\/\/sv.wikipedia.org\/wiki\/Tj%C3%A4nsteman\" target=\"_blank\" rel=\"noopener\">tj\u00e4nsteman<\/a> har du en garanterad l\u00f6n f\u00f6r minst 133 timmar per m\u00e5nad, eller 150 timmar per m\u00e5nad efter 18 m\u00e5naders sammanh\u00e4ngande anst\u00e4llning. Om du arbetar fler timmar \u00e4n s\u00e5 f\u00e5r du det som kallas prestationsl\u00f6n f\u00f6r dessa timmar.&nbsp;Sen tillkommer givetvis&nbsp;ers\u00e4ttning om du jobbat \u00f6vertid eller haft&nbsp;s\u00e5 kallad&nbsp;f\u00f6rskjuten arbetstid.&nbsp;&nbsp;<\/span><\/p>\n\n\n\n\n\n<h3 class=\"wp-block-heading\" id=\"h-bemanningsavtalet-med-lo-nbsp-nbsp-lon-enligt-gfl-nbsp\"><b><span data-contrast=\"auto\">Bemanningsavtalet med LO<\/span><\/b><span data-contrast=\"auto\">&nbsp;\u2013&nbsp;<\/span><b><span data-contrast=\"auto\">l\u00f6n enligt GFL<\/span><\/b><span data-ccp-props=\"{&quot;201341983&quot;:0,&quot;335559739&quot;:160,&quot;335559740&quot;:259}\">&nbsp;<\/span><\/h3>\n\n\n\n<p><span data-contrast=\"auto\">Om du jobbar p\u00e5 LO-avtalet (arbetare) och \u00e4r utbokad p\u00e5 uppdrag har du r\u00e4tt till l\u00f6n motsvarade n\u00e5got som kallas <a href=\"https:\/\/www.kompetensforetagen.se\/gfl\/\" target=\"_blank\" rel=\"noopener\">GFL<\/a>, genomsnittligt f\u00f6rtj\u00e4nstl\u00e4ge, hos den j\u00e4mf\u00f6rbara gruppen hos kunden. Det inneb\u00e4r att din l\u00f6n f\u00f6ljer kundf\u00f6retagens l\u00f6nel\u00e4ge och du tj\u00e4nar i snitt lika mycket som de anst\u00e4llda p\u00e5 kundf\u00f6retaget som har arbetsuppgifter som motsvarar dina.\u00a0D\u00e5 spelar det ingen roll om de som din l\u00f6n\u00a0ber\u00e4knas efter \u00e4r \u00e4ldre eller har l\u00e5ng arbetslivserfarenhet. Det betyder att du kan tj\u00e4na mer \u00e4n om du varit direktanst\u00e4lld hos kundf\u00f6retaget.\u00a0\u00a0\u00a0<\/span><\/p>\n\n\n\n\n\n<h3 class=\"wp-block-heading\" id=\"h-ob-ersattning-nbsp-och-bonus-nbsp\"><b><span data-contrast=\"auto\">OB-ers\u00e4ttning&nbsp;och bonus<\/span><\/b><span data-ccp-props=\"{&quot;201341983&quot;:0,&quot;335559739&quot;:160,&quot;335559740&quot;:259}\">&nbsp;<\/span><\/h3>\n\n\n\n<p><span data-contrast=\"auto\">Om du jobbar p\u00e5 LO-avtalet ska du ers\u00e4ttas p\u00e5 samma s\u00e4tt som kundens personal. Det inneb\u00e4r att du som konsult har r\u00e4tt till den OB- och \u00f6vertidsers\u00e4ttning som f\u00f6ljer av kundens kollektivavtal. Enligt LO-avtalet ska \u00e4ven s\u00e5 kallade r\u00f6rliga\u00a0l\u00f6nedelar, bonusar, tas med n\u00e4r din GFL r\u00e4knas ut. Det kan vara bra att veta att bonusen m\u00e5ste ha delats ut de senaste tolv m\u00e5naderna f\u00f6r att r\u00e4knas in i din GFL.\u00a0\u00a0<\/span><\/p>\n\n\n\n\n\n\n\n<h3 class=\"wp-block-heading\" id=\"h-lonen-paverkas-av-hur-manga-timmar-du-jobbar-nbsp-nbsp\"><b><span data-contrast=\"auto\">L\u00f6nen p\u00e5verkas av hur m\u00e5nga timmar du jobbar<\/span><\/b><span data-contrast=\"auto\">&nbsp;&nbsp;<\/span><\/h3>\n\n\n\n<p><span data-contrast=\"auto\">Som bemanningskonsult kan du f\u00e5 olika mycket i l\u00f6n olika m\u00e5nader. Det beror bland annat hur l\u00e5ng m\u00e5naden \u00e4r och om det \u00e4r m\u00e5nga timmar du jobbar. L\u00f6nen kan ocks\u00e5 p\u00e5verkas av efterfr\u00e5gan fr\u00e5n&nbsp;kundf\u00f6retagen.&nbsp;Ordinarie arbetstid \u00e4r 40 timmar per vecka men kan vara kortare om kunden har kortare ordinarie arbetstid.&nbsp;<\/span><\/p>\n\n\n\n\n\n<h3 class=\"wp-block-heading\" id=\"h-helglon-nbsp\"><b><span data-contrast=\"auto\">Helgl\u00f6n<\/span><\/b><span data-ccp-props=\"{&quot;201341983&quot;:0,&quot;335559739&quot;:160,&quot;335559740&quot;:259}\">&nbsp;<\/span><\/h3>\n\n\n\n<p><span data-contrast=\"auto\">Du som \u00e4r tillsvidareanst\u00e4lld och har timl\u00f6n eller har en tidsbegr\u00e4nsad anst\u00e4llning i mer \u00e4n tre m\u00e5nader har r\u00e4tt till helgl\u00f6n. Den betalas ut f\u00f6r vissa helgdagar enligt reglerna i kollektivavtalet.\u00a0<\/span>Detta g\u00e4ller enbart om du jobbar p\u00e5 LO-avtalet.<\/p>\n\n\n\n\n\n<h3 class=\"wp-block-heading\" id=\"h-nar-du-inte-har-uppdrag-inkomstgaranti\"><b><span data-contrast=\"auto\">N\u00e4r\u00a0du inte har uppdrag\u00a0\u2013inkomstgaranti<\/span><\/b><span data-ccp-props=\"{&quot;201341983&quot;:0,&quot;335559739&quot;:160,&quot;335559740&quot;:259}\">\u00a0<\/span><\/h3>\n\n\n\n<p>Vad h\u00e4nder om du inte har ett uppdrag, f\u00e5r du n\u00e5gon l\u00f6n d\u00e5? Jo, du f\u00e5r en ers\u00e4ttning per timme som kallas garantiers\u00e4ttning.<\/p>\n\n\n\n<p>Om du arbetar p\u00e5 LO-avtalet ber\u00e4knas garanti med utg\u00e5ngspunkt fr\u00e5n den faktiska arbetstiden i en kalenderm\u00e5nad och kan max betalas ut f\u00f6r 8 timmar per dygn.<\/p>\n\n\n\n<p>F\u00f6r tj\u00e4nstem\u00e4n till\u00e4mpas prestationsl\u00f6nesystemet. Prestationsl\u00f6nesystemet inneb\u00e4r att man har en garanterad m\u00e5nadsl\u00f6n om 133 timmar de f\u00f6rsta 18 m\u00e5naderna i sammanh\u00e4ngande anst\u00e4llning och fr\u00e5n och med anst\u00e4llningsm\u00e5nad 19 g\u00e4ller garanterad m\u00e5nadsl\u00f6n om 150 timmar. Uthyrda tj\u00e4nstem\u00e4n \u00e4r garanterade l\u00f6n f\u00f6r 133\/150 timmar oavsett om personen varit utbokad eller inte.<\/p>\n\n\n\n\n\n<p><span data-ccp-props=\"{&quot;201341983&quot;:0,&quot;335559739&quot;:160,&quot;335559740&quot;:259}\">&nbsp;<\/span><\/p>\n","protected":false},"excerpt":{"rendered":"<p>Vad tj\u00e4nar man som konsult? Hur din l\u00f6n n\u00e4r du jobbar som konsult r\u00e4knas ut skiljer sig \u00e5t beroende p\u00e5 om du \u00e4r arbetare eller tj\u00e4nsteman. I bemanningsavtalet som g\u00e4ller f\u00f6r ditt yrke best\u00e4ms hur &hellip;<\/p>\n","protected":false},"author":6058,"featured_media":8712,"comment_status":"closed","ping_status":"closed","sticky":false,"template":"","format":"standard","meta":{"_acf_changed":false,"footnotes":""},"categories":[7,204],"tags":[],"article_type":[],"agreement":[],"for-members":[],"class_list":["post-8711","post","type-post","status-publish","format-standard","has-post-thumbnail","hentry","category-inhyrning","category-konsult"],"acf":[],"yoast_head":"<!-- This site is optimized with the Yoast SEO Premium plugin v26.8 (Yoast SEO v26.8) - https:\/\/yoast.com\/product\/yoast-seo-premium-wordpress\/ -->\n<title>S\u00e5 r\u00e4knas din l\u00f6n n\u00e4r du jobbar som konsult<\/title>\n<meta name=\"description\" content=\"Vad tj\u00e4nar man som konsult? Din l\u00f6n n\u00e4r du jobbar som konsult best\u00e4ms i bemanningsavtalet som g\u00e4ller f\u00f6r ditt yrke. L\u00e4s om det h\u00e4r.\" \/>\n<meta name=\"robots\" content=\"index, follow, max-snippet:-1, max-image-preview:large, max-video-preview:-1\" \/>\n<link rel=\"canonical\" href=\"https:\/\/www.kompetensforetagen.se\/2025\/02\/sa-raknas-din-lon-nar-du-jobbar-som-konsult\/\" \/>\n<meta property=\"og:locale\" content=\"sv_SE\" \/>\n<meta property=\"og:type\" content=\"article\" \/>\n<meta property=\"og:title\" content=\"S\u00e5 r\u00e4knas din l\u00f6n n\u00e4r du jobbar som konsult\" \/>\n<meta property=\"og:description\" content=\"Vad tj\u00e4nar man som konsult? Din l\u00f6n n\u00e4r du jobbar som konsult best\u00e4ms i bemanningsavtalet som g\u00e4ller f\u00f6r ditt yrke. L\u00e4s om det h\u00e4r.\" \/>\n<meta property=\"og:url\" content=\"https:\/\/www.kompetensforetagen.se\/2025\/02\/sa-raknas-din-lon-nar-du-jobbar-som-konsult\/\" \/>\n<meta property=\"og:site_name\" content=\"Kompetensf\u00f6retagen\" \/>\n<meta property=\"article:published_time\" content=\"2025-02-10T19:31:22+00:00\" \/>\n<meta property=\"article:modified_time\" content=\"2025-02-11T15:04:14+00:00\" \/>\n<meta property=\"og:image\" content=\"https:\/\/www.kompetensforetagen.se\/app\/uploads\/sites\/5\/2022\/01\/namnlos-design-7-1180x837.png\" \/>\n\t<meta property=\"og:image:width\" content=\"1180\" \/>\n\t<meta property=\"og:image:height\" content=\"837\" \/>\n\t<meta property=\"og:image:type\" content=\"image\/png\" \/>\n<meta name=\"author\" content=\"Shashika Sellgren\" \/>\n<meta name=\"twitter:card\" content=\"summary_large_image\" \/>\n<meta name=\"twitter:label1\" content=\"Skriven av\" \/>\n\t<meta name=\"twitter:data1\" content=\"Shashika Sellgren\" \/>\n\t<meta name=\"twitter:label2\" content=\"Ber\u00e4knad l\u00e4stid\" \/>\n\t<meta name=\"twitter:data2\" content=\"3 minuter\" \/>\n<!-- \/ Yoast SEO Premium plugin. -->","yoast_head_json":{"title":"S\u00e5 r\u00e4knas din l\u00f6n n\u00e4r du jobbar som konsult","description":"Vad tj\u00e4nar man som konsult? Din l\u00f6n n\u00e4r du jobbar som konsult best\u00e4ms i bemanningsavtalet som g\u00e4ller f\u00f6r ditt yrke. L\u00e4s om det h\u00e4r.","robots":{"index":"index","follow":"follow","max-snippet":"max-snippet:-1","max-image-preview":"max-image-preview:large","max-video-preview":"max-video-preview:-1"},"canonical":"https:\/\/www.kompetensforetagen.se\/2025\/02\/sa-raknas-din-lon-nar-du-jobbar-som-konsult\/","og_locale":"sv_SE","og_type":"article","og_title":"S\u00e5 r\u00e4knas din l\u00f6n n\u00e4r du jobbar som konsult","og_description":"Vad tj\u00e4nar man som konsult? Din l\u00f6n n\u00e4r du jobbar som konsult best\u00e4ms i bemanningsavtalet som g\u00e4ller f\u00f6r ditt yrke. L\u00e4s om det h\u00e4r.","og_url":"https:\/\/www.kompetensforetagen.se\/2025\/02\/sa-raknas-din-lon-nar-du-jobbar-som-konsult\/","og_site_name":"Kompetensf\u00f6retagen","article_published_time":"2025-02-10T19:31:22+00:00","article_modified_time":"2025-02-11T15:04:14+00:00","og_image":[{"width":1180,"height":837,"url":"https:\/\/www.kompetensforetagen.se\/app\/uploads\/sites\/5\/2022\/01\/namnlos-design-7-1180x837.png","type":"image\/png"}],"author":"Shashika Sellgren","twitter_card":"summary_large_image","twitter_misc":{"Skriven av":"Shashika Sellgren","Ber\u00e4knad l\u00e4stid":"3 minuter"},"schema":{"@context":"https:\/\/schema.org","@graph":[{"@type":"Article","@id":"https:\/\/www.kompetensforetagen.se\/2025\/02\/sa-raknas-din-lon-nar-du-jobbar-som-konsult\/#article","isPartOf":{"@id":"https:\/\/www.kompetensforetagen.se\/2025\/02\/sa-raknas-din-lon-nar-du-jobbar-som-konsult\/"},"author":{"name":"Shashika Sellgren","@id":"https:\/\/www.kompetensforetagen.se\/#\/schema\/person\/38c6b37b81c530c93246c3d1993d5662"},"headline":"S\u00e5 r\u00e4knas din l\u00f6n n\u00e4r du jobbar som konsult","datePublished":"2025-02-10T19:31:22+00:00","dateModified":"2025-02-11T15:04:14+00:00","mainEntityOfPage":{"@id":"https:\/\/www.kompetensforetagen.se\/2025\/02\/sa-raknas-din-lon-nar-du-jobbar-som-konsult\/"},"wordCount":625,"publisher":{"@id":"https:\/\/www.kompetensforetagen.se\/#organization"},"image":{"@id":"https:\/\/www.kompetensforetagen.se\/2025\/02\/sa-raknas-din-lon-nar-du-jobbar-som-konsult\/#primaryimage"},"thumbnailUrl":"https:\/\/www.kompetensforetagen.se\/app\/uploads\/sites\/5\/2022\/01\/namnlos-design-7.png","articleSection":["Inhyrning","Konsult"],"inLanguage":"sv-SE"},{"@type":"WebPage","@id":"https:\/\/www.kompetensforetagen.se\/2025\/02\/sa-raknas-din-lon-nar-du-jobbar-som-konsult\/","url":"https:\/\/www.kompetensforetagen.se\/2025\/02\/sa-raknas-din-lon-nar-du-jobbar-som-konsult\/","name":"S\u00e5 r\u00e4knas din l\u00f6n n\u00e4r du jobbar som konsult","isPartOf":{"@id":"https:\/\/www.kompetensforetagen.se\/#website"},"primaryImageOfPage":{"@id":"https:\/\/www.kompetensforetagen.se\/2025\/02\/sa-raknas-din-lon-nar-du-jobbar-som-konsult\/#primaryimage"},"image":{"@id":"https:\/\/www.kompetensforetagen.se\/2025\/02\/sa-raknas-din-lon-nar-du-jobbar-som-konsult\/#primaryimage"},"thumbnailUrl":"https:\/\/www.kompetensforetagen.se\/app\/uploads\/sites\/5\/2022\/01\/namnlos-design-7.png","datePublished":"2025-02-10T19:31:22+00:00","dateModified":"2025-02-11T15:04:14+00:00","description":"Vad tj\u00e4nar man som konsult? Din l\u00f6n n\u00e4r du jobbar som konsult best\u00e4ms i bemanningsavtalet som g\u00e4ller f\u00f6r ditt yrke. L\u00e4s om det h\u00e4r.","breadcrumb":{"@id":"https:\/\/www.kompetensforetagen.se\/2025\/02\/sa-raknas-din-lon-nar-du-jobbar-som-konsult\/#breadcrumb"},"inLanguage":"sv-SE","potentialAction":[{"@type":"ReadAction","target":["https:\/\/www.kompetensforetagen.se\/2025\/02\/sa-raknas-din-lon-nar-du-jobbar-som-konsult\/"]}]},{"@type":"ImageObject","inLanguage":"sv-SE","@id":"https:\/\/www.kompetensforetagen.se\/2025\/02\/sa-raknas-din-lon-nar-du-jobbar-som-konsult\/#primaryimage","url":"https:\/\/www.kompetensforetagen.se\/app\/uploads\/sites\/5\/2022\/01\/namnlos-design-7.png","contentUrl":"https:\/\/www.kompetensforetagen.se\/app\/uploads\/sites\/5\/2022\/01\/namnlos-design-7.png","width":1748,"height":1240,"caption":"Spargris och minir\u00e4knare st\u00e5r p\u00e5 dokument med matematiska formler"},{"@type":"BreadcrumbList","@id":"https:\/\/www.kompetensforetagen.se\/2025\/02\/sa-raknas-din-lon-nar-du-jobbar-som-konsult\/#breadcrumb","itemListElement":[{"@type":"ListItem","position":1,"name":"Home","item":"https:\/\/www.kompetensforetagen.se\/"},{"@type":"ListItem","position":2,"name":"S\u00e5 r\u00e4knas din l\u00f6n n\u00e4r du jobbar som konsult"}]},{"@type":"WebSite","@id":"https:\/\/www.kompetensforetagen.se\/#website","url":"https:\/\/www.kompetensforetagen.se\/","name":"Kompetensf\u00f6retagen","description":"R\u00e4tt person p\u00e5 r\u00e4tt plats kan f\u00f6r\u00e4ndra v\u00e4rlden","publisher":{"@id":"https:\/\/www.kompetensforetagen.se\/#organization"},"potentialAction":[{"@type":"SearchAction","target":{"@type":"EntryPoint","urlTemplate":"https:\/\/www.kompetensforetagen.se\/?s={search_term_string}"},"query-input":{"@type":"PropertyValueSpecification","valueRequired":true,"valueName":"search_term_string"}}],"inLanguage":"sv-SE"},{"@type":"Organization","@id":"https:\/\/www.kompetensforetagen.se\/#organization","name":"Kompetensf\u00f6retagen","url":"https:\/\/www.kompetensforetagen.se\/","logo":{"@type":"ImageObject","inLanguage":"sv-SE","@id":"https:\/\/www.kompetensforetagen.se\/#\/schema\/logo\/image\/","url":"https:\/\/www.kompetensforetagen.se\/app\/uploads\/sites\/5\/2022\/10\/logga_svart.png","contentUrl":"https:\/\/www.kompetensforetagen.se\/app\/uploads\/sites\/5\/2022\/10\/logga_svart.png","width":752,"height":64,"caption":"Kompetensf\u00f6retagen"},"image":{"@id":"https:\/\/www.kompetensforetagen.se\/#\/schema\/logo\/image\/"},"sameAs":["https:\/\/www.linkedin.com\/company\/10540032\/"]},{"@type":"Person","@id":"https:\/\/www.kompetensforetagen.se\/#\/schema\/person\/38c6b37b81c530c93246c3d1993d5662","name":"Shashika Sellgren","image":{"@type":"ImageObject","inLanguage":"sv-SE","@id":"https:\/\/www.kompetensforetagen.se\/#\/schema\/person\/image\/","url":"https:\/\/secure.gravatar.com\/avatar\/b225c479880df9eb82d1501dd105dd8040f27c8563f3d4bf5dd62ce0a1630abd?s=96&d=mm&r=g","contentUrl":"https:\/\/secure.gravatar.com\/avatar\/b225c479880df9eb82d1501dd105dd8040f27c8563f3d4bf5dd62ce0a1630abd?s=96&d=mm&r=g","caption":"Shashika Sellgren"},"url":"https:\/\/www.kompetensforetagen.se\/person\/shashikasellgren\/"}]}},"_links":{"self":[{"href":"https:\/\/www.kompetensforetagen.se\/api\/wp\/v2\/posts\/8711","targetHints":{"allow":["GET"]}}],"collection":[{"href":"https:\/\/www.kompetensforetagen.se\/api\/wp\/v2\/posts"}],"about":[{"href":"https:\/\/www.kompetensforetagen.se\/api\/wp\/v2\/types\/post"}],"author":[{"embeddable":true,"href":"https:\/\/www.kompetensforetagen.se\/api\/wp\/v2\/users\/6058"}],"replies":[{"embeddable":true,"href":"https:\/\/www.kompetensforetagen.se\/api\/wp\/v2\/comments?post=8711"}],"version-history":[{"count":3,"href":"https:\/\/www.kompetensforetagen.se\/api\/wp\/v2\/posts\/8711\/revisions"}],"predecessor-version":[{"id":19350,"href":"https:\/\/www.kompetensforetagen.se\/api\/wp\/v2\/posts\/8711\/revisions\/19350"}],"wp:featuredmedia":[{"embeddable":true,"href":"https:\/\/www.kompetensforetagen.se\/api\/wp\/v2\/media\/8712"}],"wp:attachment":[{"href":"https:\/\/www.kompetensforetagen.se\/api\/wp\/v2\/media?parent=8711"}],"wp:term":[{"taxonomy":"category","embeddable":true,"href":"https:\/\/www.kompetensforetagen.se\/api\/wp\/v2\/categories?post=8711"},{"taxonomy":"post_tag","embeddable":true,"href":"https:\/\/www.kompetensforetagen.se\/api\/wp\/v2\/tags?post=8711"},{"taxonomy":"type","embeddable":true,"href":"https:\/\/www.kompetensforetagen.se\/api\/wp\/v2\/article_type?post=8711"},{"taxonomy":"agreement","embeddable":true,"href":"https:\/\/www.kompetensforetagen.se\/api\/wp\/v2\/agreement?post=8711"},{"taxonomy":"for-members","embeddable":true,"href":"https:\/\/www.kompetensforetagen.se\/api\/wp\/v2\/for-members?post=8711"}],"curies":[{"name":"wp","href":"https:\/\/api.w.org\/{rel}","templated":true}]}}