{"id":8506,"date":"2021-12-09T10:08:55","date_gmt":"2021-12-09T09:08:55","guid":{"rendered":"https:\/\/www.kompetensforetagen.se\/?p=8506"},"modified":"2023-07-13T10:13:44","modified_gmt":"2023-07-13T08:13:44","slug":"bemanningsforetag-stottar-kompetensforsorjningen","status":"publish","type":"post","link":"https:\/\/www.kompetensforetagen.se\/2021\/12\/bemanningsforetag-stottar-kompetensforsorjningen\/","title":{"rendered":"Bemannings&shy;f\u00f6retag st\u00f6ttar kompetens&shy;f\u00f6rs\u00f6rjningen"},"content":{"rendered":"\n<p><span data-contrast=\"auto\">Kompetensf\u00f6retagen har via Svenskt N\u00e4ringslivs F\u00f6retagarpanel l\u00e5tit unders\u00f6ka privata verksamheters behov av att hyra in personal.&nbsp;I unders\u00f6kningen angav&nbsp;<\/span><span data-contrast=\"auto\">88 procent att det var mycket eller ganska viktigt att kunna hyra in medarbetare.&nbsp;<\/span><span data-ccp-props=\"{&quot;201341983&quot;:0,&quot;335559739&quot;:160,&quot;335559740&quot;:259}\">&nbsp;<\/span><\/p>\n\n\n\n<p><span data-contrast=\"auto\">O<\/span><span data-contrast=\"auto\">m kundf\u00f6retagen inte kunde komplettera kompetensf\u00f6rs\u00f6rjningen genom att hyra in medarbetare, skulle alternativen i stor utstr\u00e4ckning best\u00e5 i att tacka nej till ordrar (23 procent) eller senarel\u00e4gga arbetet (22 procent). En tredjedel av kundf\u00f6retagen skulle \u00f6ka belastningen bland den ordinarie personalen genom till exempel \u00f6vertid om det blev sv\u00e5rare att hyra in.<\/span><span data-ccp-props=\"{&quot;201341983&quot;:0,&quot;335559739&quot;:160,&quot;335559740&quot;:259}\">&nbsp;<\/span><\/p>\n\n\n\n<h3 class=\"wp-block-heading\"><span class=\"TextRun SCXW263015472 BCX0\" lang=\"SV-SE\" xml:lang=\"SV-SE\" data-contrast=\"auto\"><span class=\"NormalTextRun SCXW263015472 BCX0\">Of\u00f6ruts\u00e4gbara behov av medarbetare<\/span><\/span><span class=\"EOP SCXW263015472 BCX0\" data-ccp-props=\"{&quot;201341983&quot;:0,&quot;335559739&quot;:160,&quot;335559740&quot;:259}\">&nbsp;<\/span><\/h3>\n\n\n\n<p><span class=\"TextRun SCXW70191 BCX0\" lang=\"SV-SE\" xml:lang=\"SV-SE\" data-contrast=\"auto\"><span class=\"NormalTextRun SCXW70191 BCX0\">Yttre orsaker har i alla tider skapat f\u00f6r\u00e4ndringar&nbsp;<\/span><span class=\"NormalTextRun SCXW70191 BCX0\">i behoven av medarbetare,<\/span><span class=\"NormalTextRun SCXW70191 BCX0\">&nbsp;och&nbsp;<\/span><span class=\"NormalTextRun SCXW70191 BCX0\">med digitalisering och d<\/span><span class=\"NormalTextRun SCXW70191 BCX0\">en globala konkurrensen<\/span><span class=\"NormalTextRun SCXW70191 BCX0\"> blir dessa behov allt mer of\u00f6ruts\u00e4gbara<\/span><span class=\"NormalTextRun SCXW70191 BCX0\">.&nbsp;<\/span><span class=\"NormalTextRun SCXW70191 BCX0\">Variationerna kan bero p\u00e5 \u00e5rsti<\/span><span class=\"NormalTextRun SCXW70191 BCX0\">den, h\u00f6gtider, konjunktur eller f\u00f6r\u00e4ndrade konsumtionsvanor.<\/span><span class=\"NormalTextRun SCXW70191 BCX0\">&nbsp;<\/span><span class=\"NormalTextRun SCXW70191 BCX0\">T<\/span><span class=\"NormalTextRun SCXW70191 BCX0\">uristindustrin har ofta st\u00f6rre behov p\u00e5 sommaren och<a href=\"https:\/\/www.mynewsdesk.com\/se\/hui-research\/pressreleases\/rekord-i-sikte-naer-vi-aater-firar-tillsammans-3141761\" target=\"_blank\" rel=\"noopener\"> transporterna av gods \u00f6kar inf\u00f6r julhandeln<\/a>.&nbsp;<\/span><span class=\"NormalTextRun SCXW70191 BCX0\">Sen tillkommer semestrar, sjukdom och annan typ av fr\u00e5nvaro bland den ordinarie personalen.&nbsp;<\/span><\/span><span class=\"EOP SCXW70191 BCX0\" data-ccp-props=\"{&quot;201341983&quot;:0,&quot;335559739&quot;:160,&quot;335559740&quot;:259}\">&nbsp;<\/span><\/p>\n\n\n\n<h3 class=\"wp-block-heading\"><b><span data-contrast=\"auto\">Bemanningsf\u00f6retag&nbsp;st\u00f6ttar&nbsp;kompetensf\u00f6rs\u00f6rjningen<\/span><\/b><span data-ccp-props=\"{&quot;201341983&quot;:0,&quot;335559739&quot;:160,&quot;335559740&quot;:259}\">&nbsp;<\/span><\/h3>\n\n\n\n<p><span data-contrast=\"auto\">F\u00e5\u00a0verksamheter,\u00a0varken privata eller\u00a0offentliga, kan vara rustade \u00e5ret runt f\u00f6r att klara arbetstoppar\u00a0eller\u00a0andra typer av kompetensbrist.\u00a0M\u00f6jligheten att hyra in\u00a0medarbetare\u00a0l\u00f6ser ocks\u00e5 mer komplexa problem som sv\u00e5righeterna att <a href=\"https:\/\/www.kompetensforetagen.se\/2020\/12\/tatare-dialog-for-att-losa-utmaningar-i-vardens-kompetensforsorjning\/\" target=\"_blank\" rel=\"noopener\">klara v\u00e5rden i glesbygden<\/a>, <a href=\"https:\/\/www.kompetensforetagen.se\/2021\/01\/snabb-omstallning-till-tillverkning-av-handspritflaskor\/\" target=\"_blank\" rel=\"noopener\">industrier som snabbt beh\u00f6ver ny kompetens<\/a>,<a href=\"https:\/\/www.kompetensforetagen.se\/2021\/03\/rekryteringslosningar-med-kvalitet-i-fokus-hjalper-myndigheter-under-pandemin\/\" target=\"_blank\" rel=\"noopener\"> myndigheter som f\u00e5r nya arbetsuppgifter<\/a>, eller n\u00e4r ny infrastruktur ska sj\u00f6s\u00e4ttas och sk\u00f6tas. N\u00e4r bemanningsf\u00f6retag\u00a0st\u00f6ttar kompetensf\u00f6rs\u00f6rjningen, kan de inhyrande verksamheterna fokusera p\u00e5 sin k\u00e4rnkompetens och g\u00f6ra det de \u00e4r allra b\u00e4st p\u00e5.\u00a0<\/span><\/p>\n\n\n\n<figure class=\"wp-block-image aligncenter\"><img loading=\"lazy\" decoding=\"async\" width=\"580\" height=\"411\" src=\"https:\/\/www.almega.se\/app\/uploads\/sites\/5\/2021\/12\/hur-viktig-ar-mojligheterna-att-vid-behov-kunna-anvanda-konsulter-eller-inhyrda-medarbetare-for-er-verksamhet-580x411.png\" alt=\"\" class=\"wp-image-8511\" srcset=\"https:\/\/www.kompetensforetagen.se\/app\/uploads\/sites\/5\/2021\/12\/hur-viktig-ar-mojligheterna-att-vid-behov-kunna-anvanda-konsulter-eller-inhyrda-medarbetare-for-er-verksamhet-580x411.png 580w, https:\/\/www.kompetensforetagen.se\/app\/uploads\/sites\/5\/2021\/12\/hur-viktig-ar-mojligheterna-att-vid-behov-kunna-anvanda-konsulter-eller-inhyrda-medarbetare-for-er-verksamhet-1180x837.png 1180w, https:\/\/www.kompetensforetagen.se\/app\/uploads\/sites\/5\/2021\/12\/hur-viktig-ar-mojligheterna-att-vid-behov-kunna-anvanda-konsulter-eller-inhyrda-medarbetare-for-er-verksamhet-380x270.png 380w, https:\/\/www.kompetensforetagen.se\/app\/uploads\/sites\/5\/2021\/12\/hur-viktig-ar-mojligheterna-att-vid-behov-kunna-anvanda-konsulter-eller-inhyrda-medarbetare-for-er-verksamhet-768x545.png 768w, https:\/\/www.kompetensforetagen.se\/app\/uploads\/sites\/5\/2021\/12\/hur-viktig-ar-mojligheterna-att-vid-behov-kunna-anvanda-konsulter-eller-inhyrda-medarbetare-for-er-verksamhet-1536x1090.png 1536w, https:\/\/www.kompetensforetagen.se\/app\/uploads\/sites\/5\/2021\/12\/hur-viktig-ar-mojligheterna-att-vid-behov-kunna-anvanda-konsulter-eller-inhyrda-medarbetare-for-er-verksamhet.png 1748w\" sizes=\"auto, (max-width: 580px) 100vw, 580px\" \/><\/figure>\n\n\n\n<figure class=\"wp-block-table\"><table class=\"has-secondary-background-color has-background\"><tbody><tr><td>FAKTA OM UNDERS\u00d6KNINGEN\u00a0<br>Unders\u00f6kningen utf\u00f6rdes i Svenskt N\u00e4ringslivs F\u00f6retagarpanel 13\u201330 april 2021 och besvarades av 1\u202f118 kundf\u00f6retag. Av dem svarade 88 procent att det var mycket eller ganska viktigt att kunna hyra in medarbetare. Som viktigaste orsaker angavs f\u00f6r att erh\u00e5lla r\u00e4tt kompetens (37 procent) och f\u00f6r bemanning inom tidsbest\u00e4mda projekt (32 procent). Den orsak som var minst viktig var i syfte att eventuellt rekrytera de inhyrda (8 procent).<\/td><\/tr><\/tbody><\/table><\/figure>\n\n\n\n<p><span data-ccp-props=\"{&quot;201341983&quot;:0,&quot;335559739&quot;:160,&quot;335559740&quot;:259}\">&nbsp;<\/span><\/p>\n","protected":false},"excerpt":{"rendered":"<p>Kompetensf\u00f6retagen har via Svenskt N\u00e4ringslivs F\u00f6retagarpanel l\u00e5tit unders\u00f6ka privata verksamheters behov av att hyra in personal.&nbsp;I unders\u00f6kningen angav&nbsp;88 procent att det var mycket eller ganska viktigt att kunna hyra in medarbetare.&nbsp;&nbsp; Om kundf\u00f6retagen inte kunde &hellip;<\/p>\n","protected":false},"author":6058,"featured_media":8509,"comment_status":"closed","ping_status":"closed","sticky":false,"template":"","format":"standard","meta":{"_acf_changed":false,"footnotes":""},"categories":[7,15],"tags":[],"article_type":[8],"agreement":[],"for-members":[],"class_list":["post-8506","post","type-post","status-publish","format-standard","has-post-thumbnail","hentry","category-inhyrning","category-statistik","type-aktuellt"],"acf":[],"yoast_head":"<!-- This site is optimized with the Yoast SEO Premium plugin v26.8 (Yoast SEO v26.8) - https:\/\/yoast.com\/product\/yoast-seo-premium-wordpress\/ -->\n<title>Bemanningsf\u00f6retag st\u00f6ttar kompetensf\u00f6rs\u00f6rjningen<\/title>\n<meta name=\"description\" content=\"N\u00e4r bemanningsf\u00f6retag\u00a0st\u00f6ttar kompetensf\u00f6rs\u00f6rjningen, kan de inhyrande verksamheterna fokusera p\u00e5 sin k\u00e4rnkompetens.\" \/>\n<meta name=\"robots\" content=\"index, follow, max-snippet:-1, max-image-preview:large, max-video-preview:-1\" \/>\n<link rel=\"canonical\" href=\"https:\/\/www.kompetensforetagen.se\/2021\/12\/bemanningsforetag-stottar-kompetensforsorjningen\/\" \/>\n<meta property=\"og:locale\" content=\"sv_SE\" \/>\n<meta property=\"og:type\" content=\"article\" \/>\n<meta property=\"og:title\" content=\"Bemanningsf\u00f6retag st\u00f6ttar kompetensf\u00f6rs\u00f6rjningen\" \/>\n<meta property=\"og:description\" content=\"N\u00e4r bemanningsf\u00f6retag\u00a0st\u00f6ttar kompetensf\u00f6rs\u00f6rjningen, kan de inhyrande verksamheterna fokusera p\u00e5 sin k\u00e4rnkompetens.\" \/>\n<meta property=\"og:url\" content=\"https:\/\/www.kompetensforetagen.se\/2021\/12\/bemanningsforetag-stottar-kompetensforsorjningen\/\" \/>\n<meta property=\"og:site_name\" content=\"Kompetensf\u00f6retagen\" \/>\n<meta property=\"article:published_time\" content=\"2021-12-09T09:08:55+00:00\" \/>\n<meta property=\"article:modified_time\" content=\"2023-07-13T08:13:44+00:00\" \/>\n<meta property=\"og:image\" content=\"https:\/\/www.kompetensforetagen.se\/app\/uploads\/sites\/5\/2021\/12\/namnlos-design-6-e1639040914444.png\" \/>\n\t<meta property=\"og:image:width\" content=\"1120\" \/>\n\t<meta property=\"og:image:height\" content=\"630\" \/>\n\t<meta property=\"og:image:type\" content=\"image\/png\" \/>\n<meta name=\"author\" content=\"Shashika Sellgren\" \/>\n<meta name=\"twitter:card\" content=\"summary_large_image\" \/>\n<meta name=\"twitter:label1\" content=\"Skriven av\" \/>\n\t<meta name=\"twitter:data1\" content=\"Shashika Sellgren\" \/>\n\t<meta name=\"twitter:label2\" content=\"Ber\u00e4knad l\u00e4stid\" \/>\n\t<meta name=\"twitter:data2\" content=\"2 minuter\" \/>\n<!-- \/ Yoast SEO Premium plugin. -->","yoast_head_json":{"title":"Bemanningsf\u00f6retag st\u00f6ttar kompetensf\u00f6rs\u00f6rjningen","description":"N\u00e4r bemanningsf\u00f6retag\u00a0st\u00f6ttar kompetensf\u00f6rs\u00f6rjningen, kan de inhyrande verksamheterna fokusera p\u00e5 sin k\u00e4rnkompetens.","robots":{"index":"index","follow":"follow","max-snippet":"max-snippet:-1","max-image-preview":"max-image-preview:large","max-video-preview":"max-video-preview:-1"},"canonical":"https:\/\/www.kompetensforetagen.se\/2021\/12\/bemanningsforetag-stottar-kompetensforsorjningen\/","og_locale":"sv_SE","og_type":"article","og_title":"Bemanningsf\u00f6retag st\u00f6ttar kompetensf\u00f6rs\u00f6rjningen","og_description":"N\u00e4r bemanningsf\u00f6retag\u00a0st\u00f6ttar kompetensf\u00f6rs\u00f6rjningen, kan de inhyrande verksamheterna fokusera p\u00e5 sin k\u00e4rnkompetens.","og_url":"https:\/\/www.kompetensforetagen.se\/2021\/12\/bemanningsforetag-stottar-kompetensforsorjningen\/","og_site_name":"Kompetensf\u00f6retagen","article_published_time":"2021-12-09T09:08:55+00:00","article_modified_time":"2023-07-13T08:13:44+00:00","og_image":[{"width":1120,"height":630,"url":"https:\/\/www.kompetensforetagen.se\/app\/uploads\/sites\/5\/2021\/12\/namnlos-design-6-e1639040914444.png","type":"image\/png"}],"author":"Shashika Sellgren","twitter_card":"summary_large_image","twitter_misc":{"Skriven av":"Shashika Sellgren","Ber\u00e4knad l\u00e4stid":"2 minuter"},"schema":{"@context":"https:\/\/schema.org","@graph":[{"@type":"Article","@id":"https:\/\/www.kompetensforetagen.se\/2021\/12\/bemanningsforetag-stottar-kompetensforsorjningen\/#article","isPartOf":{"@id":"https:\/\/www.kompetensforetagen.se\/2021\/12\/bemanningsforetag-stottar-kompetensforsorjningen\/"},"author":{"name":"Shashika Sellgren","@id":"https:\/\/www.kompetensforetagen.se\/#\/schema\/person\/38c6b37b81c530c93246c3d1993d5662"},"headline":"Bemannings&shy;f\u00f6retag st\u00f6ttar kompetens&shy;f\u00f6rs\u00f6rjningen","datePublished":"2021-12-09T09:08:55+00:00","dateModified":"2023-07-13T08:13:44+00:00","mainEntityOfPage":{"@id":"https:\/\/www.kompetensforetagen.se\/2021\/12\/bemanningsforetag-stottar-kompetensforsorjningen\/"},"wordCount":377,"publisher":{"@id":"https:\/\/www.kompetensforetagen.se\/#organization"},"image":{"@id":"https:\/\/www.kompetensforetagen.se\/2021\/12\/bemanningsforetag-stottar-kompetensforsorjningen\/#primaryimage"},"thumbnailUrl":"https:\/\/www.kompetensforetagen.se\/app\/uploads\/sites\/5\/2021\/12\/namnlos-design-6-e1639040914444.png","articleSection":["Inhyrning","Statistik"],"inLanguage":"sv-SE"},{"@type":"WebPage","@id":"https:\/\/www.kompetensforetagen.se\/2021\/12\/bemanningsforetag-stottar-kompetensforsorjningen\/","url":"https:\/\/www.kompetensforetagen.se\/2021\/12\/bemanningsforetag-stottar-kompetensforsorjningen\/","name":"Bemanningsf\u00f6retag st\u00f6ttar kompetensf\u00f6rs\u00f6rjningen","isPartOf":{"@id":"https:\/\/www.kompetensforetagen.se\/#website"},"primaryImageOfPage":{"@id":"https:\/\/www.kompetensforetagen.se\/2021\/12\/bemanningsforetag-stottar-kompetensforsorjningen\/#primaryimage"},"image":{"@id":"https:\/\/www.kompetensforetagen.se\/2021\/12\/bemanningsforetag-stottar-kompetensforsorjningen\/#primaryimage"},"thumbnailUrl":"https:\/\/www.kompetensforetagen.se\/app\/uploads\/sites\/5\/2021\/12\/namnlos-design-6-e1639040914444.png","datePublished":"2021-12-09T09:08:55+00:00","dateModified":"2023-07-13T08:13:44+00:00","description":"N\u00e4r bemanningsf\u00f6retag\u00a0st\u00f6ttar kompetensf\u00f6rs\u00f6rjningen, kan de inhyrande verksamheterna fokusera p\u00e5 sin k\u00e4rnkompetens.","breadcrumb":{"@id":"https:\/\/www.kompetensforetagen.se\/2021\/12\/bemanningsforetag-stottar-kompetensforsorjningen\/#breadcrumb"},"inLanguage":"sv-SE","potentialAction":[{"@type":"ReadAction","target":["https:\/\/www.kompetensforetagen.se\/2021\/12\/bemanningsforetag-stottar-kompetensforsorjningen\/"]}]},{"@type":"ImageObject","inLanguage":"sv-SE","@id":"https:\/\/www.kompetensforetagen.se\/2021\/12\/bemanningsforetag-stottar-kompetensforsorjningen\/#primaryimage","url":"https:\/\/www.kompetensforetagen.se\/app\/uploads\/sites\/5\/2021\/12\/namnlos-design-6-e1639040914444.png","contentUrl":"https:\/\/www.kompetensforetagen.se\/app\/uploads\/sites\/5\/2021\/12\/namnlos-design-6-e1639040914444.png","width":1120,"height":630,"caption":"Grafik: Bemanningsf\u00f6retag st\u00f6ttar kompetensf\u00f6rs\u00f6rjningen"},{"@type":"BreadcrumbList","@id":"https:\/\/www.kompetensforetagen.se\/2021\/12\/bemanningsforetag-stottar-kompetensforsorjningen\/#breadcrumb","itemListElement":[{"@type":"ListItem","position":1,"name":"Home","item":"https:\/\/www.kompetensforetagen.se\/"},{"@type":"ListItem","position":2,"name":"Bemannings&shy;f\u00f6retag st\u00f6ttar kompetens&shy;f\u00f6rs\u00f6rjningen"}]},{"@type":"WebSite","@id":"https:\/\/www.kompetensforetagen.se\/#website","url":"https:\/\/www.kompetensforetagen.se\/","name":"Kompetensf\u00f6retagen","description":"R\u00e4tt person p\u00e5 r\u00e4tt plats kan f\u00f6r\u00e4ndra v\u00e4rlden","publisher":{"@id":"https:\/\/www.kompetensforetagen.se\/#organization"},"potentialAction":[{"@type":"SearchAction","target":{"@type":"EntryPoint","urlTemplate":"https:\/\/www.kompetensforetagen.se\/?s={search_term_string}"},"query-input":{"@type":"PropertyValueSpecification","valueRequired":true,"valueName":"search_term_string"}}],"inLanguage":"sv-SE"},{"@type":"Organization","@id":"https:\/\/www.kompetensforetagen.se\/#organization","name":"Kompetensf\u00f6retagen","url":"https:\/\/www.kompetensforetagen.se\/","logo":{"@type":"ImageObject","inLanguage":"sv-SE","@id":"https:\/\/www.kompetensforetagen.se\/#\/schema\/logo\/image\/","url":"https:\/\/www.kompetensforetagen.se\/app\/uploads\/sites\/5\/2022\/10\/logga_svart.png","contentUrl":"https:\/\/www.kompetensforetagen.se\/app\/uploads\/sites\/5\/2022\/10\/logga_svart.png","width":752,"height":64,"caption":"Kompetensf\u00f6retagen"},"image":{"@id":"https:\/\/www.kompetensforetagen.se\/#\/schema\/logo\/image\/"},"sameAs":["https:\/\/www.linkedin.com\/company\/10540032\/"]},{"@type":"Person","@id":"https:\/\/www.kompetensforetagen.se\/#\/schema\/person\/38c6b37b81c530c93246c3d1993d5662","name":"Shashika Sellgren","image":{"@type":"ImageObject","inLanguage":"sv-SE","@id":"https:\/\/www.kompetensforetagen.se\/#\/schema\/person\/image\/","url":"https:\/\/secure.gravatar.com\/avatar\/b225c479880df9eb82d1501dd105dd8040f27c8563f3d4bf5dd62ce0a1630abd?s=96&d=mm&r=g","contentUrl":"https:\/\/secure.gravatar.com\/avatar\/b225c479880df9eb82d1501dd105dd8040f27c8563f3d4bf5dd62ce0a1630abd?s=96&d=mm&r=g","caption":"Shashika Sellgren"},"url":"https:\/\/www.kompetensforetagen.se\/person\/shashikasellgren\/"}]}},"_links":{"self":[{"href":"https:\/\/www.kompetensforetagen.se\/api\/wp\/v2\/posts\/8506","targetHints":{"allow":["GET"]}}],"collection":[{"href":"https:\/\/www.kompetensforetagen.se\/api\/wp\/v2\/posts"}],"about":[{"href":"https:\/\/www.kompetensforetagen.se\/api\/wp\/v2\/types\/post"}],"author":[{"embeddable":true,"href":"https:\/\/www.kompetensforetagen.se\/api\/wp\/v2\/users\/6058"}],"replies":[{"embeddable":true,"href":"https:\/\/www.kompetensforetagen.se\/api\/wp\/v2\/comments?post=8506"}],"version-history":[{"count":1,"href":"https:\/\/www.kompetensforetagen.se\/api\/wp\/v2\/posts\/8506\/revisions"}],"predecessor-version":[{"id":14567,"href":"https:\/\/www.kompetensforetagen.se\/api\/wp\/v2\/posts\/8506\/revisions\/14567"}],"wp:featuredmedia":[{"embeddable":true,"href":"https:\/\/www.kompetensforetagen.se\/api\/wp\/v2\/media\/8509"}],"wp:attachment":[{"href":"https:\/\/www.kompetensforetagen.se\/api\/wp\/v2\/media?parent=8506"}],"wp:term":[{"taxonomy":"category","embeddable":true,"href":"https:\/\/www.kompetensforetagen.se\/api\/wp\/v2\/categories?post=8506"},{"taxonomy":"post_tag","embeddable":true,"href":"https:\/\/www.kompetensforetagen.se\/api\/wp\/v2\/tags?post=8506"},{"taxonomy":"type","embeddable":true,"href":"https:\/\/www.kompetensforetagen.se\/api\/wp\/v2\/article_type?post=8506"},{"taxonomy":"agreement","embeddable":true,"href":"https:\/\/www.kompetensforetagen.se\/api\/wp\/v2\/agreement?post=8506"},{"taxonomy":"for-members","embeddable":true,"href":"https:\/\/www.kompetensforetagen.se\/api\/wp\/v2\/for-members?post=8506"}],"curies":[{"name":"wp","href":"https:\/\/api.w.org\/{rel}","templated":true}]}}