{"id":8451,"date":"2021-11-26T13:40:31","date_gmt":"2021-11-26T12:40:31","guid":{"rendered":"https:\/\/www.kompetensforetagen.se\/?p=8451"},"modified":"2023-07-13T10:08:32","modified_gmt":"2023-07-13T08:08:32","slug":"replik-i-dagens-industri-lat-de-arbetslosa-ta-del-av-de-tjanster-som-erbjuds","status":"publish","type":"post","link":"https:\/\/www.kompetensforetagen.se\/2021\/11\/replik-i-dagens-industri-lat-de-arbetslosa-ta-del-av-de-tjanster-som-erbjuds\/","title":{"rendered":"Replik i Dagens Industri: L\u00e5t de arbetsl\u00f6sa ta del av de tj\u00e4nster som erbjuds"},"content":{"rendered":"\n<p><em><a href=\"https:\/\/www.di.se\/debatt\/replik-lat-de-arbetslosa-ta-del-av-de-tjanster-som-erbjuds\/\" target=\"_blank\" rel=\"noreferrer noopener\">Publicerad i Dagens Industri den 26 november 2021&nbsp;<\/a><\/em><\/p>\n\n\n\n<p>Det st\u00f6rsta problemet i arbetsmarknadspolitiken \u00e4r att alldeles f\u00f6r f\u00e5 arbetsl\u00f6sa f\u00e5r chansen att bli matchade eller utbildade till det v\u00e4xande antalet lediga jobb. I dagsl\u00e4get deltar bara cirka 50&nbsp;000 arbetsl\u00f6sa i Arbetsf\u00f6rmedlingens matchningstj\u00e4nster. Det \u00e4r 40&nbsp;000 f\u00e4rre \u00e4n vad myndigheten sj\u00e4lv f\u00f6ruts\u00e5g i b\u00f6rjan av \u00e5ret.<\/p>\n\n\n\n<p>Arbetsf\u00f6rmedlingen m\u00e5ste skyndsamt sl\u00e4ppa in fler arbetss\u00f6kande i matchningstj\u00e4nsterna. Sex av tio som deltar f\u00e5r ett jobb. Det \u00e4r orimligt att alla inte f\u00e5r samma chans att komma ut i arbete. Arbetsmarknadspolitiken kan inte vara ett lotteri d\u00e4r bostadsort och kulturen p\u00e5 arbetsf\u00f6rmedlingskontoret avg\u00f6r grad av st\u00f6dinsatser.<\/p>\n\n\n\n<p>N\u00e4r den statliga arbetsmarknadspolitiken inte fungerar f\u00e5r kommunerna \u00f6kade kostnader. P\u00e5 den punkten \u00e4r vi helt eniga med Anders Knape, Carola Gunnarsson och Anders Henriksson fr\u00e5n SKR (<a href=\"https:\/\/www.di.se\/debatt\/debatt-arbetsmarknadspolitiken-missar-de-lokala-behoven\/\">Dagens Industri 23 november<\/a>). Vi som f\u00f6retr\u00e4dare f\u00f6r frist\u00e5ende matchnings- och utbildningsakt\u00f6rer och hela tj\u00e4nstesektorn med skriande rekryteringsbehov, kan inte se kritiken som annat \u00e4n riktad mot Arbetsf\u00f6rmedlingens bristande genomf\u00f6rande av reformeringen s\u00e5 h\u00e4r l\u00e5ngt och att s\u00e5 f\u00e5 arbetsl\u00f6sa f\u00e5r ta del av arbetsmarknadspolitiska insatser.<\/p>\n\n\n\n<p>Det finns frist\u00e5ende jobbf\u00f6rmedlare av Arbetsf\u00f6rmedlingens upphandlade tj\u00e4nster i hela landet. F\u00f6r ett och ett halvt \u00e5r sedan konstaterade Riksrevisionen att 99 procent av den arbetsf\u00f6ra befolkningen i Sverige bor i ett s\u00e5 kallat leveransomr\u00e5de d\u00e4r det finns etablerade frist\u00e5ende jobbf\u00f6rmedlare. Sedan dess har antalet deltagare i matchningstj\u00e4nster \u00f6kat och d\u00e4r den nya matchningstj\u00e4nsten Rusta och matcha \u00e4r etablerad finns gott om frist\u00e5ende leverant\u00f6rer.<\/p>\n\n\n\n<p>N\u00e4r antalet deltagare i <a href=\"https:\/\/www.kompetensforetagen.se\/stom-stod-och-matchning\/\">st\u00f6d och matchning<\/a> var l\u00e4gre fanns till exempel inga leverant\u00f6rer i Torsby. I dag finns det fyra frist\u00e5ende jobbf\u00f6rmedlare i den v\u00e4rml\u00e4ndska kommunen. Om bara Arbetsf\u00f6rmedlingen f\u00f6rm\u00e5r att anvisa arbetss\u00f6kande till de upphandlade arbetsf\u00f6rmedlingstj\u00e4nsterna kommer det att finnas gott om leverant\u00f6rer i hela landet som tillgodoser det lokala, regionala och nationella behovet av kompetensmatchning. Samarbetet mellan Arbetsf\u00f6rmedlingen, de frist\u00e5ende leverant\u00f6rerna och kommunerna beh\u00f6ver st\u00e4rkas och institutionaliseras.<\/p>\n\n\n\n<p>P\u00e5 en punkt delar vi SKR:s kritik mot reformens genomf\u00f6rande s\u00e5 h\u00e4r l\u00e5ngt. Arbetsf\u00f6rmedlingen har hittills inte styrt upp den lokala och regionala samverkan mellan myndigheten, leverant\u00f6rerna och kommunerna tillr\u00e4ckligt v\u00e4l. Det \u00e4r viktigt att den strategiska och operativa samverkan, inte minst runt individer med f\u00f6rs\u00f6rjningsst\u00f6d, etableras och genomf\u00f6rs p\u00e5 ett likv\u00e4rdigt i hela landet. Kommunerna har intresse av att arbetsl\u00f6sa med ekonomiskt bist\u00e5nd f\u00e5r ta del av \u00e4ndam\u00e5lsenliga insatser och kommunerna ansvarar f\u00f6r stora delar av vuxenutbildningen. Av samma anledningar vill ocks\u00e5 de frist\u00e5ende jobbf\u00f6rmedlarna att lokal samverkan med kommunerna och Arbetsf\u00f6rmedlingen snabbt etableras. Det \u00f6kar helt enkelt chanserna f\u00f6r de arbetss\u00f6kande att snabbare f\u00e5 jobb eller p\u00e5b\u00f6rja utbildning.<\/p>\n\n\n\n<p>Samtidigt m\u00e5ste vi lyfta blicken och se att en stor reform av Arbetsf\u00f6rmedlingen g\u00e5r i r\u00e4tt riktning. Matchningen leder faktiskt till jobb och studier \u2013 precis som det var t\u00e4nkt. Det finns arbetss\u00f6kande, det finns upphandlade frist\u00e5ende jobbf\u00f6rmedlare, och det finns arbetsgivare som vill anst\u00e4lla. Nu g\u00e4ller det bara att s\u00e5 m\u00e5nga arbetss\u00f6kande som m\u00f6jligt f\u00e5r ta del av matchningstj\u00e4nster eller utbildningsinsatser f\u00f6r att snabbt komma i jobb.<\/p>\n\n\n\n<p><strong>Andreas \u00c5str\u00f6m<\/strong>, n\u00e4ringspolitisk chef Almega<\/p>\n\n\n\n<p><strong>Patrik Eidfelt<\/strong>, f\u00f6rbundsdirekt\u00f6r Kompetensf\u00f6retagen<\/p>\n\n\n\n<p><strong>Fredric Sk\u00e4lstad<\/strong>, branschchef Almega Utbildningsf\u00f6retagen<\/p>\n","protected":false},"excerpt":{"rendered":"<p>Publicerad i Dagens Industri den 26 november 2021&nbsp; Det st\u00f6rsta problemet i arbetsmarknadspolitiken \u00e4r att alldeles f\u00f6r f\u00e5 arbetsl\u00f6sa f\u00e5r chansen att bli matchade eller utbildade till det v\u00e4xande antalet lediga jobb. I dagsl\u00e4get deltar &hellip;<\/p>\n","protected":false},"author":6058,"featured_media":6412,"comment_status":"closed","ping_status":"closed","sticky":false,"template":"","format":"standard","meta":{"_acf_changed":false,"footnotes":""},"categories":[192,190],"tags":[],"article_type":[8,32],"agreement":[],"for-members":[],"class_list":["post-8451","post","type-post","status-publish","format-standard","has-post-thumbnail","hentry","category-arbetsformedlingen","category-debattartikel","type-aktuellt","type-debattartiklar"],"acf":[],"yoast_head":"<!-- This site is optimized with the Yoast SEO Premium plugin v26.8 (Yoast SEO v26.8) - https:\/\/yoast.com\/product\/yoast-seo-premium-wordpress\/ -->\n<title>Replik: L\u00e5t de arbetsl\u00f6sa ta del av de tj\u00e4nster som erbjuds<\/title>\n<meta name=\"description\" content=\"Arbetsf\u00f6rmedlingen m\u00e5ste skyndsamt l\u00e5ta fler arbetss\u00f6kande del av de tj\u00e4nster som erbjuds inom Arbetsf\u00f6remedlingsreformen.\" \/>\n<meta name=\"robots\" content=\"index, follow, max-snippet:-1, max-image-preview:large, max-video-preview:-1\" \/>\n<link rel=\"canonical\" href=\"https:\/\/www.kompetensforetagen.se\/2021\/11\/replik-i-dagens-industri-lat-de-arbetslosa-ta-del-av-de-tjanster-som-erbjuds\/\" \/>\n<meta property=\"og:locale\" content=\"sv_SE\" \/>\n<meta property=\"og:type\" content=\"article\" \/>\n<meta property=\"og:title\" content=\"Replik i Dagens Industri: L\u00e5t de arbetsl\u00f6sa ta del av de tj\u00e4nster som erbjuds\" \/>\n<meta property=\"og:description\" content=\"Arbetsf\u00f6rmedlingen m\u00e5ste skyndsamt l\u00e5ta fler arbetss\u00f6kande del av de tj\u00e4nster som erbjuds inom Arbetsf\u00f6remedlingsreformen.\" \/>\n<meta property=\"og:url\" content=\"https:\/\/www.kompetensforetagen.se\/2021\/11\/replik-i-dagens-industri-lat-de-arbetslosa-ta-del-av-de-tjanster-som-erbjuds\/\" \/>\n<meta property=\"og:site_name\" content=\"Kompetensf\u00f6retagen\" \/>\n<meta property=\"article:published_time\" content=\"2021-11-26T12:40:31+00:00\" \/>\n<meta property=\"article:modified_time\" content=\"2023-07-13T08:08:32+00:00\" \/>\n<meta property=\"og:image\" content=\"https:\/\/www.kompetensforetagen.se\/app\/uploads\/sites\/5\/2021\/02\/gettyimages-1136195363-scaled.jpg\" \/>\n\t<meta property=\"og:image:width\" content=\"2560\" \/>\n\t<meta property=\"og:image:height\" content=\"1707\" \/>\n\t<meta property=\"og:image:type\" content=\"image\/jpeg\" \/>\n<meta name=\"author\" content=\"Shashika Sellgren\" \/>\n<meta name=\"twitter:card\" content=\"summary_large_image\" \/>\n<meta name=\"twitter:label1\" content=\"Skriven av\" \/>\n\t<meta name=\"twitter:data1\" content=\"Shashika Sellgren\" \/>\n\t<meta name=\"twitter:label2\" content=\"Ber\u00e4knad l\u00e4stid\" \/>\n\t<meta name=\"twitter:data2\" content=\"3 minuter\" \/>\n<!-- \/ Yoast SEO Premium plugin. -->","yoast_head_json":{"title":"Replik: L\u00e5t de arbetsl\u00f6sa ta del av de tj\u00e4nster som erbjuds","description":"Arbetsf\u00f6rmedlingen m\u00e5ste skyndsamt l\u00e5ta fler arbetss\u00f6kande del av de tj\u00e4nster som erbjuds inom Arbetsf\u00f6remedlingsreformen.","robots":{"index":"index","follow":"follow","max-snippet":"max-snippet:-1","max-image-preview":"max-image-preview:large","max-video-preview":"max-video-preview:-1"},"canonical":"https:\/\/www.kompetensforetagen.se\/2021\/11\/replik-i-dagens-industri-lat-de-arbetslosa-ta-del-av-de-tjanster-som-erbjuds\/","og_locale":"sv_SE","og_type":"article","og_title":"Replik i Dagens Industri: L\u00e5t de arbetsl\u00f6sa ta del av de tj\u00e4nster som erbjuds","og_description":"Arbetsf\u00f6rmedlingen m\u00e5ste skyndsamt l\u00e5ta fler arbetss\u00f6kande del av de tj\u00e4nster som erbjuds inom Arbetsf\u00f6remedlingsreformen.","og_url":"https:\/\/www.kompetensforetagen.se\/2021\/11\/replik-i-dagens-industri-lat-de-arbetslosa-ta-del-av-de-tjanster-som-erbjuds\/","og_site_name":"Kompetensf\u00f6retagen","article_published_time":"2021-11-26T12:40:31+00:00","article_modified_time":"2023-07-13T08:08:32+00:00","og_image":[{"width":2560,"height":1707,"url":"https:\/\/www.kompetensforetagen.se\/app\/uploads\/sites\/5\/2021\/02\/gettyimages-1136195363-scaled.jpg","type":"image\/jpeg"}],"author":"Shashika Sellgren","twitter_card":"summary_large_image","twitter_misc":{"Skriven av":"Shashika Sellgren","Ber\u00e4knad l\u00e4stid":"3 minuter"},"schema":{"@context":"https:\/\/schema.org","@graph":[{"@type":"Article","@id":"https:\/\/www.kompetensforetagen.se\/2021\/11\/replik-i-dagens-industri-lat-de-arbetslosa-ta-del-av-de-tjanster-som-erbjuds\/#article","isPartOf":{"@id":"https:\/\/www.kompetensforetagen.se\/2021\/11\/replik-i-dagens-industri-lat-de-arbetslosa-ta-del-av-de-tjanster-som-erbjuds\/"},"author":{"name":"Shashika Sellgren","@id":"https:\/\/www.kompetensforetagen.se\/#\/schema\/person\/38c6b37b81c530c93246c3d1993d5662"},"headline":"Replik i Dagens Industri: L\u00e5t de arbetsl\u00f6sa ta del av de tj\u00e4nster som erbjuds","datePublished":"2021-11-26T12:40:31+00:00","dateModified":"2023-07-13T08:08:32+00:00","mainEntityOfPage":{"@id":"https:\/\/www.kompetensforetagen.se\/2021\/11\/replik-i-dagens-industri-lat-de-arbetslosa-ta-del-av-de-tjanster-som-erbjuds\/"},"wordCount":637,"publisher":{"@id":"https:\/\/www.kompetensforetagen.se\/#organization"},"image":{"@id":"https:\/\/www.kompetensforetagen.se\/2021\/11\/replik-i-dagens-industri-lat-de-arbetslosa-ta-del-av-de-tjanster-som-erbjuds\/#primaryimage"},"thumbnailUrl":"https:\/\/www.kompetensforetagen.se\/app\/uploads\/sites\/5\/2021\/02\/gettyimages-1136195363-scaled.jpg","articleSection":["Arbetsf\u00f6rmedlingen","Debattartikel"],"inLanguage":"sv-SE"},{"@type":"WebPage","@id":"https:\/\/www.kompetensforetagen.se\/2021\/11\/replik-i-dagens-industri-lat-de-arbetslosa-ta-del-av-de-tjanster-som-erbjuds\/","url":"https:\/\/www.kompetensforetagen.se\/2021\/11\/replik-i-dagens-industri-lat-de-arbetslosa-ta-del-av-de-tjanster-som-erbjuds\/","name":"Replik: L\u00e5t de arbetsl\u00f6sa ta del av de tj\u00e4nster som erbjuds","isPartOf":{"@id":"https:\/\/www.kompetensforetagen.se\/#website"},"primaryImageOfPage":{"@id":"https:\/\/www.kompetensforetagen.se\/2021\/11\/replik-i-dagens-industri-lat-de-arbetslosa-ta-del-av-de-tjanster-som-erbjuds\/#primaryimage"},"image":{"@id":"https:\/\/www.kompetensforetagen.se\/2021\/11\/replik-i-dagens-industri-lat-de-arbetslosa-ta-del-av-de-tjanster-som-erbjuds\/#primaryimage"},"thumbnailUrl":"https:\/\/www.kompetensforetagen.se\/app\/uploads\/sites\/5\/2021\/02\/gettyimages-1136195363-scaled.jpg","datePublished":"2021-11-26T12:40:31+00:00","dateModified":"2023-07-13T08:08:32+00:00","description":"Arbetsf\u00f6rmedlingen m\u00e5ste skyndsamt l\u00e5ta fler arbetss\u00f6kande del av de tj\u00e4nster som erbjuds inom Arbetsf\u00f6remedlingsreformen.","breadcrumb":{"@id":"https:\/\/www.kompetensforetagen.se\/2021\/11\/replik-i-dagens-industri-lat-de-arbetslosa-ta-del-av-de-tjanster-som-erbjuds\/#breadcrumb"},"inLanguage":"sv-SE","potentialAction":[{"@type":"ReadAction","target":["https:\/\/www.kompetensforetagen.se\/2021\/11\/replik-i-dagens-industri-lat-de-arbetslosa-ta-del-av-de-tjanster-som-erbjuds\/"]}]},{"@type":"ImageObject","inLanguage":"sv-SE","@id":"https:\/\/www.kompetensforetagen.se\/2021\/11\/replik-i-dagens-industri-lat-de-arbetslosa-ta-del-av-de-tjanster-som-erbjuds\/#primaryimage","url":"https:\/\/www.kompetensforetagen.se\/app\/uploads\/sites\/5\/2021\/02\/gettyimages-1136195363-scaled.jpg","contentUrl":"https:\/\/www.kompetensforetagen.se\/app\/uploads\/sites\/5\/2021\/02\/gettyimages-1136195363-scaled.jpg","width":2560,"height":1707,"caption":"Tre personer sitter framf\u00f6r en dator, en man ser bekymrad ut och gestikulerar"},{"@type":"BreadcrumbList","@id":"https:\/\/www.kompetensforetagen.se\/2021\/11\/replik-i-dagens-industri-lat-de-arbetslosa-ta-del-av-de-tjanster-som-erbjuds\/#breadcrumb","itemListElement":[{"@type":"ListItem","position":1,"name":"Home","item":"https:\/\/www.kompetensforetagen.se\/"},{"@type":"ListItem","position":2,"name":"Replik i Dagens Industri: L\u00e5t de arbetsl\u00f6sa ta del av de tj\u00e4nster som erbjuds"}]},{"@type":"WebSite","@id":"https:\/\/www.kompetensforetagen.se\/#website","url":"https:\/\/www.kompetensforetagen.se\/","name":"Kompetensf\u00f6retagen","description":"R\u00e4tt person p\u00e5 r\u00e4tt plats kan f\u00f6r\u00e4ndra v\u00e4rlden","publisher":{"@id":"https:\/\/www.kompetensforetagen.se\/#organization"},"potentialAction":[{"@type":"SearchAction","target":{"@type":"EntryPoint","urlTemplate":"https:\/\/www.kompetensforetagen.se\/?s={search_term_string}"},"query-input":{"@type":"PropertyValueSpecification","valueRequired":true,"valueName":"search_term_string"}}],"inLanguage":"sv-SE"},{"@type":"Organization","@id":"https:\/\/www.kompetensforetagen.se\/#organization","name":"Kompetensf\u00f6retagen","url":"https:\/\/www.kompetensforetagen.se\/","logo":{"@type":"ImageObject","inLanguage":"sv-SE","@id":"https:\/\/www.kompetensforetagen.se\/#\/schema\/logo\/image\/","url":"https:\/\/www.kompetensforetagen.se\/app\/uploads\/sites\/5\/2022\/10\/logga_svart.png","contentUrl":"https:\/\/www.kompetensforetagen.se\/app\/uploads\/sites\/5\/2022\/10\/logga_svart.png","width":752,"height":64,"caption":"Kompetensf\u00f6retagen"},"image":{"@id":"https:\/\/www.kompetensforetagen.se\/#\/schema\/logo\/image\/"},"sameAs":["https:\/\/www.linkedin.com\/company\/10540032\/"]},{"@type":"Person","@id":"https:\/\/www.kompetensforetagen.se\/#\/schema\/person\/38c6b37b81c530c93246c3d1993d5662","name":"Shashika Sellgren","image":{"@type":"ImageObject","inLanguage":"sv-SE","@id":"https:\/\/www.kompetensforetagen.se\/#\/schema\/person\/image\/","url":"https:\/\/secure.gravatar.com\/avatar\/b225c479880df9eb82d1501dd105dd8040f27c8563f3d4bf5dd62ce0a1630abd?s=96&d=mm&r=g","contentUrl":"https:\/\/secure.gravatar.com\/avatar\/b225c479880df9eb82d1501dd105dd8040f27c8563f3d4bf5dd62ce0a1630abd?s=96&d=mm&r=g","caption":"Shashika Sellgren"},"url":"https:\/\/www.kompetensforetagen.se\/person\/shashikasellgren\/"}]}},"_links":{"self":[{"href":"https:\/\/www.kompetensforetagen.se\/api\/wp\/v2\/posts\/8451","targetHints":{"allow":["GET"]}}],"collection":[{"href":"https:\/\/www.kompetensforetagen.se\/api\/wp\/v2\/posts"}],"about":[{"href":"https:\/\/www.kompetensforetagen.se\/api\/wp\/v2\/types\/post"}],"author":[{"embeddable":true,"href":"https:\/\/www.kompetensforetagen.se\/api\/wp\/v2\/users\/6058"}],"replies":[{"embeddable":true,"href":"https:\/\/www.kompetensforetagen.se\/api\/wp\/v2\/comments?post=8451"}],"version-history":[{"count":1,"href":"https:\/\/www.kompetensforetagen.se\/api\/wp\/v2\/posts\/8451\/revisions"}],"predecessor-version":[{"id":14561,"href":"https:\/\/www.kompetensforetagen.se\/api\/wp\/v2\/posts\/8451\/revisions\/14561"}],"wp:featuredmedia":[{"embeddable":true,"href":"https:\/\/www.kompetensforetagen.se\/api\/wp\/v2\/media\/6412"}],"wp:attachment":[{"href":"https:\/\/www.kompetensforetagen.se\/api\/wp\/v2\/media?parent=8451"}],"wp:term":[{"taxonomy":"category","embeddable":true,"href":"https:\/\/www.kompetensforetagen.se\/api\/wp\/v2\/categories?post=8451"},{"taxonomy":"post_tag","embeddable":true,"href":"https:\/\/www.kompetensforetagen.se\/api\/wp\/v2\/tags?post=8451"},{"taxonomy":"type","embeddable":true,"href":"https:\/\/www.kompetensforetagen.se\/api\/wp\/v2\/article_type?post=8451"},{"taxonomy":"agreement","embeddable":true,"href":"https:\/\/www.kompetensforetagen.se\/api\/wp\/v2\/agreement?post=8451"},{"taxonomy":"for-members","embeddable":true,"href":"https:\/\/www.kompetensforetagen.se\/api\/wp\/v2\/for-members?post=8451"}],"curies":[{"name":"wp","href":"https:\/\/api.w.org\/{rel}","templated":true}]}}