{"id":8433,"date":"2021-11-25T09:34:45","date_gmt":"2021-11-25T08:34:45","guid":{"rendered":"https:\/\/www.kompetensforetagen.se\/?p=8433"},"modified":"2024-01-15T13:57:46","modified_gmt":"2024-01-15T12:57:46","slug":"kompetensforetag-en-extern-hr-partner-i-tiden","status":"publish","type":"post","link":"https:\/\/www.kompetensforetagen.se\/2021\/11\/kompetensforetag-en-extern-hr-partner-i-tiden\/","title":{"rendered":"Kompetens&shy;f\u00f6retag &#8211; en extern HR-partner i tiden"},"content":{"rendered":"\n<p><span data-contrast=\"auto\">Att snabbt kunna hantera f\u00f6r\u00e4ndring \u00e4r ett m\u00e5ste&nbsp;f\u00f6r b\u00e5da offentliga och privata verksamheter.&nbsp;I&nbsp;v\u00e5ra medlemsf\u00f6retag&nbsp;finner de den&nbsp;externa&nbsp;hj\u00e4lp&nbsp;som beh\u00f6vs&nbsp;f\u00f6r att <a href=\"https:\/\/www.kompetensforetagen.se\/bemanning\/\" target=\"_blank\" rel=\"noopener\">bemanna<\/a>, <a href=\"https:\/\/www.kompetensforetagen.se\/rekrytering\/\">rekrytera<\/a>&nbsp;eller&nbsp;<a href=\"https:\/\/www.kompetensforetagen.se\/omstallning\/\" target=\"_blank\" rel=\"noopener\">st\u00e4lla om medarbetare<\/a>.&nbsp; <\/span><span data-ccp-props=\"{&quot;201341983&quot;:0,&quot;335559739&quot;:160,&quot;335559740&quot;:259}\">&nbsp;<\/span><\/p>\n\n\n\n<p><span data-contrast=\"auto\">Stora arbetsgivare kan ha en intern organisation som klarar den typen av utmaningar, men det \u00e4r f\u00e5 som har spetskompetens inom alla omr\u00e5den. Att anlita experter \u00e4r det ingen som funderar \u00f6ver n\u00e4r det ska&nbsp;dras ny el i en byggnad&nbsp;eller&nbsp;ett nytt IT-system&nbsp;ska byggas. Att anlita experter i HR-fr\u00e5gor borde vara lika sj\u00e4lvklart.&nbsp;<\/span><span data-ccp-props=\"{&quot;201341983&quot;:0,&quot;335559739&quot;:160,&quot;335559740&quot;:259}\">&nbsp;<\/span><\/p>\n\n\n\n<p><span data-contrast=\"auto\">I l\u00e4gen&nbsp;n\u00e4r det&nbsp;\u00e4r&nbsp;sv\u00e5rt f\u00f6r arbetsgivaren att f\u00f6rutse hur l\u00e4nge kompetensen kommer att beh\u00f6vas, eller hur m\u00e5nga personer det r\u00f6r sig om \u00f6ver tid.&nbsp;N\u00e4r man vet att kostnaden f\u00f6r att rekrytera f\u00f6r&nbsp;f\u00e5&nbsp;eller f\u00f6r m\u00e5nga&nbsp;blir h\u00f6g&nbsp;vid&nbsp;en felbed\u00f6mning.&nbsp;N\u00e4r det saknas en specialist f\u00f6r ett visst projekt.&nbsp;&nbsp;<\/span><\/p>\n\n\n\n<blockquote class=\"wp-block-quote is-layout-flow wp-block-quote-is-layout-flow\">\n<p><span data-contrast=\"auto\">Att anlita experter \u00e4r det ingen som funderar \u00f6ver n\u00e4r det ska&nbsp;dras ny el i en byggnad<\/span><\/p>\n<\/blockquote>\n\n\n\n<p><span data-contrast=\"auto\">Kompetensf\u00f6retag \u00e4r helt enkelt en extern HR-partner i tiden. V\u00e5ra medlemsf\u00f6retag hj\u00e4lper till med kompetensprofilen och hanterar rekryteringen av personal till de nya arbetsuppgifterna. D\u00e5 kan kunden i sin tur fokusera p\u00e5 k\u00e4rnverksamheten och g\u00f6ra det de \u00e4r b\u00e4st p\u00e5. Ist\u00e4llet f\u00f6r att jaga vikarier, se till att operationsteamet \u00e4r fulltaligt eller st\u00e4lla om sina medarbetare.<\/span><span data-ccp-props=\"{&quot;201341983&quot;:0,&quot;335559739&quot;:160,&quot;335559740&quot;:259}\">&nbsp;<\/span><\/p>\n\n\n\n<p><span data-contrast=\"auto\">Medlemsf\u00f6retagen rycker till exempel ut n\u00e4r myndigheter f\u00e5r nya arbetsuppgifter eller n\u00e4r ny infrastruktur ska sj\u00f6s\u00e4ttas och sk\u00f6tas. Under <a href=\"https:\/\/www.kompetensforetagen.se\/kompetensforetag-stottar-i-coronakrisen\/\" target=\"_blank\" rel=\"noopener\">coronapandemin har flera medlemsf\u00f6retag hj\u00e4lpt till<\/a> med att till exempel <a href=\"https:\/\/www.kompetensforetagen.se\/2021\/01\/saneringstjanst-mojliggjorde-corona-varden-i-stockholm\/\" target=\"_blank\" rel=\"noopener\">sanera<\/a>&nbsp;och&nbsp;<a href=\"https:\/\/www.kompetensforetagen.se\/2021\/01\/snabb-volymrekrytering-for-tillverkning-av-skyddsklader-och-skyddsutrustning\/\" target=\"_blank\" rel=\"noopener\">tillverka&nbsp;sjukv\u00e5rdsutrustning<\/a>&nbsp;eller <a href=\"https:\/\/www.kompetensforetagen.se\/2021\/01\/snabb-omstallning-till-tillverkning-av-handspritflaskor\/\" target=\"_blank\" rel=\"noopener\">andra viktiga produkter<\/a>, st\u00e4llt om dem som f\u00f6rlorat sina jobb p\u00e5 grund av pandemin och <a href=\"https:\/\/www.kompetensforetagen.se\/2021\/03\/academic-work-skapade-e-learningprogram-for-utbildning-om-trygg-arbetsmiljo\/\" target=\"_blank\" rel=\"noopener\">skapat e-learningprogram f\u00f6r utbildning om s\u00e4ker arbetsmilj\u00f6.<\/a> Ytterligare <a href=\"https:\/\/www.kompetensforetagen.se\/2021\/03\/rekryteringslosningar-med-kvalitet-i-fokus-hjalper-myndigheter-under-pandemin\/\" target=\"_blank\" rel=\"noopener\">ett medlemsf\u00f6retag st\u00f6ttade b\u00e5de Tillv\u00e4xtverket och L\u00e4nsstyrelsen i Stockholms l\u00e4n med rekrytering<\/a> i stora volymer f\u00f6r att de skulle klara det \u00f6kade arbetstrycket. &nbsp;<\/span><\/p>\n\n\n\n<blockquote class=\"wp-block-quote is-layout-flow wp-block-quote-is-layout-flow\">\n<p><span data-contrast=\"auto\">M\u00e5nga av framtidens yrken k\u00e4nner vi \u00e4nnu inte till<\/span><\/p>\n<\/blockquote>\n\n\n\n<p><span data-contrast=\"auto\">Hela v\u00e4rlden befinner sig i en of\u00f6ruts\u00e4gbar tid, med os\u00e4kerhet kring syssels\u00e4ttning, samh\u00e4llsekonomi och konjunktur. L\u00e5ngtidsarbetsl\u00f6shet och kompetensbrist \u00e4r tv\u00e5 stora hot. Arbetsmarknaden blir alltmer specialiserad och f\u00f6rm\u00e5gan att hitta r\u00e4tt kompetens i r\u00e4tt tid blir avg\u00f6rande f\u00f6r f\u00f6retagens \u2013 och Sveriges &#8211; konkurrenskraft. M\u00e5nga av framtidens yrken k\u00e4nner vi \u00e4nnu inte till. D\u00e4remot vet vi att kompetenskraven har \u00f6kat kontinuerligt och det livsl\u00e5ga l\u00e4randet \u00e4r h\u00e4r f\u00f6r att stanna. Allt detta st\u00e4ller nya krav p\u00e5 arbetsmarknadens former och funktioner. Kompetensbranschen har utvecklats som ett svar p\u00e5 m\u00e5nga av de kraven. Den hj\u00e4lper verksamheter att hitta och erbjuda den kompetens som kr\u00e4vs, och individen till r\u00e4tt och tryggt arbete. V\u00e5ra medlemsf\u00f6retag kommer att vara avg\u00f6rande f\u00f6r arbetsmarknadens utmaningar &#8211; ofta i rollen av extern HR-partner.&nbsp; <\/span><span data-ccp-props=\"{&quot;201341983&quot;:0,&quot;335559739&quot;:160,&quot;335559740&quot;:259}\">&nbsp;<\/span><\/p>\n\n\n\n<p>\/\/Patrik<\/p>\n","protected":false},"excerpt":{"rendered":"<p>Att snabbt kunna hantera f\u00f6r\u00e4ndring \u00e4r ett m\u00e5ste&nbsp;f\u00f6r b\u00e5da offentliga och privata verksamheter.&nbsp;I&nbsp;v\u00e5ra medlemsf\u00f6retag&nbsp;finner de den&nbsp;externa&nbsp;hj\u00e4lp&nbsp;som beh\u00f6vs&nbsp;f\u00f6r att bemanna, rekrytera&nbsp;eller&nbsp;st\u00e4lla om medarbetare.&nbsp; &nbsp; Stora arbetsgivare kan ha en intern organisation som klarar den typen av &hellip;<\/p>\n","protected":false},"author":6058,"featured_media":8438,"comment_status":"closed","ping_status":"closed","sticky":false,"template":"","format":"standard","meta":{"_acf_changed":false,"footnotes":""},"categories":[10],"tags":[],"article_type":[8],"agreement":[],"for-members":[],"class_list":["post-8433","post","type-post","status-publish","format-standard","has-post-thumbnail","hentry","category-arbetsmarknad","type-aktuellt"],"acf":[],"yoast_head":"<!-- This site is optimized with the Yoast SEO Premium plugin v26.8 (Yoast SEO v26.8) - https:\/\/yoast.com\/product\/yoast-seo-premium-wordpress\/ -->\n<title>En extern HR-partner i tiden l Kompetensf\u00f6retagen<\/title>\n<meta name=\"description\" content=\"Att snabbt hantera f\u00f6r\u00e4ndring \u00e4r ett m\u00e5ste. Att anlita en extern HR-partner borde vara sj\u00e4lvklart, d\u00e5 man tar in experter i andra delar.\" \/>\n<meta name=\"robots\" content=\"index, follow, max-snippet:-1, max-image-preview:large, max-video-preview:-1\" \/>\n<link rel=\"canonical\" href=\"https:\/\/www.kompetensforetagen.se\/2021\/11\/kompetensforetag-en-extern-hr-partner-i-tiden\/\" \/>\n<meta property=\"og:locale\" content=\"sv_SE\" \/>\n<meta property=\"og:type\" content=\"article\" \/>\n<meta property=\"og:title\" content=\"Kompetensf\u00f6retag - en extern HR-partner i tiden\" \/>\n<meta property=\"og:description\" content=\"Att snabbt hantera f\u00f6r\u00e4ndring \u00e4r ett m\u00e5ste. Att anlita en extern HR-partner borde vara sj\u00e4lvklart, d\u00e5 man tar in experter i andra delar.\" \/>\n<meta property=\"og:url\" content=\"https:\/\/www.kompetensforetagen.se\/2021\/11\/kompetensforetag-en-extern-hr-partner-i-tiden\/\" \/>\n<meta property=\"og:site_name\" content=\"Kompetensf\u00f6retagen\" \/>\n<meta property=\"article:published_time\" content=\"2021-11-25T08:34:45+00:00\" \/>\n<meta property=\"article:modified_time\" content=\"2024-01-15T12:57:46+00:00\" \/>\n<meta property=\"og:image\" content=\"https:\/\/www.kompetensforetagen.se\/app\/uploads\/sites\/5\/2021\/11\/dsc9593-scaled-e1637829845714.jpg\" \/>\n\t<meta property=\"og:image:width\" content=\"843\" \/>\n\t<meta property=\"og:image:height\" content=\"630\" \/>\n\t<meta property=\"og:image:type\" content=\"image\/jpeg\" \/>\n<meta name=\"author\" content=\"Shashika Sellgren\" \/>\n<meta name=\"twitter:card\" content=\"summary_large_image\" \/>\n<meta name=\"twitter:label1\" content=\"Skriven av\" \/>\n\t<meta name=\"twitter:data1\" content=\"Shashika Sellgren\" \/>\n\t<meta name=\"twitter:label2\" content=\"Ber\u00e4knad l\u00e4stid\" \/>\n\t<meta name=\"twitter:data2\" content=\"3 minuter\" \/>\n<!-- \/ Yoast SEO Premium plugin. -->","yoast_head_json":{"title":"En extern HR-partner i tiden l Kompetensf\u00f6retagen","description":"Att snabbt hantera f\u00f6r\u00e4ndring \u00e4r ett m\u00e5ste. Att anlita en extern HR-partner borde vara sj\u00e4lvklart, d\u00e5 man tar in experter i andra delar.","robots":{"index":"index","follow":"follow","max-snippet":"max-snippet:-1","max-image-preview":"max-image-preview:large","max-video-preview":"max-video-preview:-1"},"canonical":"https:\/\/www.kompetensforetagen.se\/2021\/11\/kompetensforetag-en-extern-hr-partner-i-tiden\/","og_locale":"sv_SE","og_type":"article","og_title":"Kompetensf\u00f6retag - en extern HR-partner i tiden","og_description":"Att snabbt hantera f\u00f6r\u00e4ndring \u00e4r ett m\u00e5ste. Att anlita en extern HR-partner borde vara sj\u00e4lvklart, d\u00e5 man tar in experter i andra delar.","og_url":"https:\/\/www.kompetensforetagen.se\/2021\/11\/kompetensforetag-en-extern-hr-partner-i-tiden\/","og_site_name":"Kompetensf\u00f6retagen","article_published_time":"2021-11-25T08:34:45+00:00","article_modified_time":"2024-01-15T12:57:46+00:00","og_image":[{"width":843,"height":630,"url":"https:\/\/www.kompetensforetagen.se\/app\/uploads\/sites\/5\/2021\/11\/dsc9593-scaled-e1637829845714.jpg","type":"image\/jpeg"}],"author":"Shashika Sellgren","twitter_card":"summary_large_image","twitter_misc":{"Skriven av":"Shashika Sellgren","Ber\u00e4knad l\u00e4stid":"3 minuter"},"schema":{"@context":"https:\/\/schema.org","@graph":[{"@type":"Article","@id":"https:\/\/www.kompetensforetagen.se\/2021\/11\/kompetensforetag-en-extern-hr-partner-i-tiden\/#article","isPartOf":{"@id":"https:\/\/www.kompetensforetagen.se\/2021\/11\/kompetensforetag-en-extern-hr-partner-i-tiden\/"},"author":{"name":"Shashika Sellgren","@id":"https:\/\/www.kompetensforetagen.se\/#\/schema\/person\/38c6b37b81c530c93246c3d1993d5662"},"headline":"Kompetens&shy;f\u00f6retag &#8211; en extern HR-partner i tiden","datePublished":"2021-11-25T08:34:45+00:00","dateModified":"2024-01-15T12:57:46+00:00","mainEntityOfPage":{"@id":"https:\/\/www.kompetensforetagen.se\/2021\/11\/kompetensforetag-en-extern-hr-partner-i-tiden\/"},"wordCount":574,"publisher":{"@id":"https:\/\/www.kompetensforetagen.se\/#organization"},"image":{"@id":"https:\/\/www.kompetensforetagen.se\/2021\/11\/kompetensforetag-en-extern-hr-partner-i-tiden\/#primaryimage"},"thumbnailUrl":"https:\/\/www.kompetensforetagen.se\/app\/uploads\/sites\/5\/2021\/11\/dsc9593-scaled-e1637829845714.jpg","articleSection":["Arbetsmarknad"],"inLanguage":"sv-SE"},{"@type":"WebPage","@id":"https:\/\/www.kompetensforetagen.se\/2021\/11\/kompetensforetag-en-extern-hr-partner-i-tiden\/","url":"https:\/\/www.kompetensforetagen.se\/2021\/11\/kompetensforetag-en-extern-hr-partner-i-tiden\/","name":"En extern HR-partner i tiden l Kompetensf\u00f6retagen","isPartOf":{"@id":"https:\/\/www.kompetensforetagen.se\/#website"},"primaryImageOfPage":{"@id":"https:\/\/www.kompetensforetagen.se\/2021\/11\/kompetensforetag-en-extern-hr-partner-i-tiden\/#primaryimage"},"image":{"@id":"https:\/\/www.kompetensforetagen.se\/2021\/11\/kompetensforetag-en-extern-hr-partner-i-tiden\/#primaryimage"},"thumbnailUrl":"https:\/\/www.kompetensforetagen.se\/app\/uploads\/sites\/5\/2021\/11\/dsc9593-scaled-e1637829845714.jpg","datePublished":"2021-11-25T08:34:45+00:00","dateModified":"2024-01-15T12:57:46+00:00","description":"Att snabbt hantera f\u00f6r\u00e4ndring \u00e4r ett m\u00e5ste. Att anlita en extern HR-partner borde vara sj\u00e4lvklart, d\u00e5 man tar in experter i andra delar.","breadcrumb":{"@id":"https:\/\/www.kompetensforetagen.se\/2021\/11\/kompetensforetag-en-extern-hr-partner-i-tiden\/#breadcrumb"},"inLanguage":"sv-SE","potentialAction":[{"@type":"ReadAction","target":["https:\/\/www.kompetensforetagen.se\/2021\/11\/kompetensforetag-en-extern-hr-partner-i-tiden\/"]}]},{"@type":"ImageObject","inLanguage":"sv-SE","@id":"https:\/\/www.kompetensforetagen.se\/2021\/11\/kompetensforetag-en-extern-hr-partner-i-tiden\/#primaryimage","url":"https:\/\/www.kompetensforetagen.se\/app\/uploads\/sites\/5\/2021\/11\/dsc9593-scaled-e1637829845714.jpg","contentUrl":"https:\/\/www.kompetensforetagen.se\/app\/uploads\/sites\/5\/2021\/11\/dsc9593-scaled-e1637829845714.jpg","width":843,"height":630,"caption":"Kompetensf\u00f6retagens f\u00f6rbundsdirekt\u00f6r Patrik Eidfelt"},{"@type":"BreadcrumbList","@id":"https:\/\/www.kompetensforetagen.se\/2021\/11\/kompetensforetag-en-extern-hr-partner-i-tiden\/#breadcrumb","itemListElement":[{"@type":"ListItem","position":1,"name":"Home","item":"https:\/\/www.kompetensforetagen.se\/"},{"@type":"ListItem","position":2,"name":"Kompetens&shy;f\u00f6retag &#8211; en extern HR-partner i tiden"}]},{"@type":"WebSite","@id":"https:\/\/www.kompetensforetagen.se\/#website","url":"https:\/\/www.kompetensforetagen.se\/","name":"Kompetensf\u00f6retagen","description":"R\u00e4tt person p\u00e5 r\u00e4tt plats kan f\u00f6r\u00e4ndra v\u00e4rlden","publisher":{"@id":"https:\/\/www.kompetensforetagen.se\/#organization"},"potentialAction":[{"@type":"SearchAction","target":{"@type":"EntryPoint","urlTemplate":"https:\/\/www.kompetensforetagen.se\/?s={search_term_string}"},"query-input":{"@type":"PropertyValueSpecification","valueRequired":true,"valueName":"search_term_string"}}],"inLanguage":"sv-SE"},{"@type":"Organization","@id":"https:\/\/www.kompetensforetagen.se\/#organization","name":"Kompetensf\u00f6retagen","url":"https:\/\/www.kompetensforetagen.se\/","logo":{"@type":"ImageObject","inLanguage":"sv-SE","@id":"https:\/\/www.kompetensforetagen.se\/#\/schema\/logo\/image\/","url":"https:\/\/www.kompetensforetagen.se\/app\/uploads\/sites\/5\/2022\/10\/logga_svart.png","contentUrl":"https:\/\/www.kompetensforetagen.se\/app\/uploads\/sites\/5\/2022\/10\/logga_svart.png","width":752,"height":64,"caption":"Kompetensf\u00f6retagen"},"image":{"@id":"https:\/\/www.kompetensforetagen.se\/#\/schema\/logo\/image\/"},"sameAs":["https:\/\/www.linkedin.com\/company\/10540032\/"]},{"@type":"Person","@id":"https:\/\/www.kompetensforetagen.se\/#\/schema\/person\/38c6b37b81c530c93246c3d1993d5662","name":"Shashika Sellgren","image":{"@type":"ImageObject","inLanguage":"sv-SE","@id":"https:\/\/www.kompetensforetagen.se\/#\/schema\/person\/image\/","url":"https:\/\/secure.gravatar.com\/avatar\/b225c479880df9eb82d1501dd105dd8040f27c8563f3d4bf5dd62ce0a1630abd?s=96&d=mm&r=g","contentUrl":"https:\/\/secure.gravatar.com\/avatar\/b225c479880df9eb82d1501dd105dd8040f27c8563f3d4bf5dd62ce0a1630abd?s=96&d=mm&r=g","caption":"Shashika Sellgren"},"url":"https:\/\/www.kompetensforetagen.se\/person\/shashikasellgren\/"}]}},"_links":{"self":[{"href":"https:\/\/www.kompetensforetagen.se\/api\/wp\/v2\/posts\/8433","targetHints":{"allow":["GET"]}}],"collection":[{"href":"https:\/\/www.kompetensforetagen.se\/api\/wp\/v2\/posts"}],"about":[{"href":"https:\/\/www.kompetensforetagen.se\/api\/wp\/v2\/types\/post"}],"author":[{"embeddable":true,"href":"https:\/\/www.kompetensforetagen.se\/api\/wp\/v2\/users\/6058"}],"replies":[{"embeddable":true,"href":"https:\/\/www.kompetensforetagen.se\/api\/wp\/v2\/comments?post=8433"}],"version-history":[{"count":2,"href":"https:\/\/www.kompetensforetagen.se\/api\/wp\/v2\/posts\/8433\/revisions"}],"predecessor-version":[{"id":16481,"href":"https:\/\/www.kompetensforetagen.se\/api\/wp\/v2\/posts\/8433\/revisions\/16481"}],"wp:featuredmedia":[{"embeddable":true,"href":"https:\/\/www.kompetensforetagen.se\/api\/wp\/v2\/media\/8438"}],"wp:attachment":[{"href":"https:\/\/www.kompetensforetagen.se\/api\/wp\/v2\/media?parent=8433"}],"wp:term":[{"taxonomy":"category","embeddable":true,"href":"https:\/\/www.kompetensforetagen.se\/api\/wp\/v2\/categories?post=8433"},{"taxonomy":"post_tag","embeddable":true,"href":"https:\/\/www.kompetensforetagen.se\/api\/wp\/v2\/tags?post=8433"},{"taxonomy":"type","embeddable":true,"href":"https:\/\/www.kompetensforetagen.se\/api\/wp\/v2\/article_type?post=8433"},{"taxonomy":"agreement","embeddable":true,"href":"https:\/\/www.kompetensforetagen.se\/api\/wp\/v2\/agreement?post=8433"},{"taxonomy":"for-members","embeddable":true,"href":"https:\/\/www.kompetensforetagen.se\/api\/wp\/v2\/for-members?post=8433"}],"curies":[{"name":"wp","href":"https:\/\/api.w.org\/{rel}","templated":true}]}}