{"id":8413,"date":"2021-11-23T10:35:47","date_gmt":"2021-11-23T09:35:47","guid":{"rendered":"https:\/\/www.kompetensforetagen.se\/?p=8413"},"modified":"2023-07-13T10:01:13","modified_gmt":"2023-07-13T08:01:13","slug":"internationell-utblick-europeiska-branschorganisationens-fokus","status":"publish","type":"post","link":"https:\/\/www.kompetensforetagen.se\/2021\/11\/internationell-utblick-europeiska-branschorganisationens-fokus\/","title":{"rendered":"Internationell utblick\u2013 europeiska bransch&shy;organisationens fokus"},"content":{"rendered":"\n<p>Kompetensf\u00f6retagen \u00e4r medlemmar i den <a href=\"https:\/\/weceurope.org\/\" target=\"_blank\" rel=\"noopener\">internationella organisationen WEC<\/a>. WEC arbetar f\u00f6r att \u00f6ka k\u00e4nnedomen om den positiva roll som kompetensbranschen spelar f\u00f6r att skapa syssels\u00e4ttning och v\u00e4lst\u00e5nd. Organisationen \u00e4r ocks\u00e5 en viktig part i fr\u00e5gor som r\u00f6r till exempel <a href=\"https:\/\/www.kompetensforetagen.se\/2021\/12\/bemanningsdirektivet-och-uthyrningslagen\/\" target=\"_blank\" rel=\"noopener\">Bemanningsdirektivet<\/a>, utveckling av branschen och samlar dessutom in stora m\u00e4ngder <a href=\"https:\/\/www.kompetensforetagen.se\/kompetensforetagens-rapporter-och-statistik\/kompetensforetagens-rapporter-och-statistik-2-2-2-2\/\" target=\"_blank\" rel=\"noopener\">data f\u00f6r att beskriva den.<\/a><\/p>\n\n\n\n<p>Under \u00e5ret har, f\u00f6rutom coronapandemins effekter, tre fr\u00e5gor f\u00e5tt mycket uppm\u00e4rksamhet. H\u00e4r kommer d\u00e4rf\u00f6r en internationell utblick.<\/p>\n\n\n\n<h3 class=\"wp-block-heading\">Minimil\u00f6ner<\/h3>\n\n\n\n<p>WEC och nio andra europeiska arbetsgivarorganisationer har uttryckt oro \u00f6ver konsekvenserna av f\u00f6rslaget till <a href=\"https:\/\/eur-lex.europa.eu\/legal-content\/EN\/TXT\/PDF\/?uri=CELEX:52020PC0682&amp;from=EN\" target=\"_blank\" rel=\"noopener\">direktivet om minimil\u00f6ner<\/a>. I ett gemensamt uttalande p\u00e5pekar man att europeiska kommissionens f\u00f6rslag inte respekterar tv\u00e5 grundl\u00e4ggande principer: arbetsgivarnas sj\u00e4lvst\u00e4ndiga roll i kollektivavtalsf\u00f6rhandlingar och medlemsstaternas r\u00e4tt att fastst\u00e4lla minimil\u00f6ner enligt nationell lag och praxis.<\/p>\n\n\n\n<p>Samtliga EU-l\u00e4nder har best\u00e4mmelser kring minimil\u00f6ner, satta utifr\u00e5n tv\u00e5 utg\u00e5ngspunkter. Majoriteten av medlemsl\u00e4nderna har lagstadgade minimil\u00f6ner som \u00e4r reglerade genom f\u00f6reskrifter eller lagstiftning. I sex l\u00e4nder regleras minimil\u00f6nerna enligt kollektivavtal, d\u00e4ribland Sverige. Minimil\u00f6nen ska enligt Europeiska kommissionens f\u00f6rslag vara 60 procent av medianl\u00f6nen vilket f\u00f6r svenskt vidkommande skulle inneb\u00e4ra en minimil\u00f6n p\u00e5 19&nbsp;440kr\/m\u00e5n ber\u00e4knat p\u00e5 2020 \u00e5rs l\u00f6nel\u00e4ge eller 50 procent av medell\u00f6nen vilket f\u00f6r svenskt vidkommande inneb\u00e4r 18&nbsp;050kr\/m\u00e5n enligt 2020 \u00e5rs l\u00f6nel\u00e4ge. De flesta av Almegas avtal som inneh\u00e5ller regleringar om l\u00e4gstal\u00f6ner har niv\u00e5er som \u00f6verstiger dessa niv\u00e5er.<\/p>\n\n\n\n<p>Enligt ett beslut i november 2021 <a href=\"https:\/\/omni.se\/eu-nobbar-sverige-far-inte-undantag-om-minimiloner\/a\/G36eEJ\" target=\"_blank\" rel=\"noopener\">kommer inte Sverige att f\u00e5 dispens f\u00f6r att avst\u00e5 EU-direktivet om lagstadgade minimil\u00f6ner.<\/a> En utveckling d\u00e4r EU g\u00e5r in med regleringar av det h\u00e4r slaget underminerar hela systemet med svenska kollektivavtal, i synnerhet l\u00f6neavtalen.<\/p>\n\n\n\n<h3 class=\"wp-block-heading\">Giggarbete<\/h3>\n\n\n\n<p>Europeiska kommissionen kommer i december med ett f\u00f6rslag om arbetsvillkor i digitala plattformar \u2013 \u201dgiggarbete\u201d. F\u00f6rslaget g\u00e5r ut p\u00e5 att reglera anst\u00e4llningsf\u00f6rh\u00e5llande och anst\u00e4llningsvillkor f\u00f6r den som utf\u00f6r uppdrag f\u00f6rmedlade av digitala plattformar. Kommissionen har menat att den som utf\u00f6r arbete f\u00f6rmedlat av plattformar ska kunna ses som anst\u00e4lld av plattformen. Till exempel ska den som k\u00f6r ut varor f\u00f6r \u00dcber kunna klassas som anst\u00e4lld av \u00dcber med allt vad det inneb\u00e4r arbetsr\u00e4ttsligt.<\/p>\n\n\n\n<p>Kommissionens utg\u00e5ngspunkt \u00e4r i denna process att de personer som har en svag st\u00e4llning p\u00e5 arbetsmarknaden som st\u00e5r utan val, utf\u00f6r enkla och l\u00e5gt betalda tj\u00e4nster via f\u00f6rmedlingsplattformar. Det g\u00e5r att ha olika uppfattningar om villkoren f\u00f6r dem som utf\u00f6r dessa tj\u00e4nster och det varierar mellan olika l\u00e4nder. <a href=\"https:\/\/weceurope.org\/news-post\/world-employment-confederation-europe-sets-position-on-working-conditions-in-platform-work\/\" target=\"_blank\" rel=\"noopener\">WEC framh\u00e5ller vikten av att en korrekt klassificering av arbetstagare som arbetar via plattformar genomf\u00f6rs f\u00f6r att s\u00e4kra r\u00e4ttvisa arbetsf\u00f6rh\u00e5llanden och socialt skydd f\u00f6r olika former av arbete<\/a>.<\/p>\n\n\n\n<h3 class=\"wp-block-heading\">Legal taskforce<\/h3>\n\n\n\n<p>WEC har satt samman en r\u00e4ttslig arbetsgrupp med syfte att \u00f6vervaka, bed\u00f6ma och diskutera EU-domstolens r\u00e4ttspraxis och dess inverkan p\u00e5 branschens reglering. Kompetensf\u00f6retagen finns representerade i arbetsgruppen f\u00f6r att bevaka r\u00e4ttsutvecklingen p\u00e5 s\u00e5v\u00e4l den svenska som p\u00e5 den europeiska marknaden.<\/p>\n","protected":false},"excerpt":{"rendered":"<p>Kompetensf\u00f6retagen \u00e4r medlemmar i den internationella organisationen WEC. WEC arbetar f\u00f6r att \u00f6ka k\u00e4nnedomen om den positiva roll som kompetensbranschen spelar f\u00f6r att skapa syssels\u00e4ttning och v\u00e4lst\u00e5nd. Organisationen \u00e4r ocks\u00e5 en viktig part i fr\u00e5gor &hellip;<\/p>\n","protected":false},"author":6358,"featured_media":69,"comment_status":"closed","ping_status":"closed","sticky":false,"template":"","format":"standard","meta":{"_acf_changed":false,"footnotes":""},"categories":[189],"tags":[],"article_type":[8],"agreement":[],"for-members":[],"class_list":["post-8413","post","type-post","status-publish","format-standard","has-post-thumbnail","hentry","category-internationellt","type-aktuellt"],"acf":[],"yoast_head":"<!-- This site is optimized with the Yoast SEO Premium plugin v26.8 (Yoast SEO v26.8) - https:\/\/yoast.com\/product\/yoast-seo-premium-wordpress\/ -->\n<title>Internationell utblick \u2013 europeiska branschorganisationens fokus<\/title>\n<meta name=\"description\" content=\"En internationell utblick s\u00e4ger att den europeiska branschorganisationen WEC har fokus p\u00e5 bl a minimil\u00f6ner och giggarbete.\" \/>\n<meta name=\"robots\" content=\"index, follow, max-snippet:-1, max-image-preview:large, max-video-preview:-1\" \/>\n<link rel=\"canonical\" href=\"https:\/\/www.kompetensforetagen.se\/2021\/11\/internationell-utblick-europeiska-branschorganisationens-fokus\/\" \/>\n<meta property=\"og:locale\" content=\"sv_SE\" \/>\n<meta property=\"og:type\" content=\"article\" \/>\n<meta property=\"og:title\" content=\"Internationell utblick\u2013 europeiska branschorganisationens fokus\" \/>\n<meta property=\"og:description\" content=\"En internationell utblick s\u00e4ger att den europeiska branschorganisationen WEC har fokus p\u00e5 bl a minimil\u00f6ner och giggarbete.\" \/>\n<meta property=\"og:url\" content=\"https:\/\/www.kompetensforetagen.se\/2021\/11\/internationell-utblick-europeiska-branschorganisationens-fokus\/\" \/>\n<meta property=\"og:site_name\" content=\"Kompetensf\u00f6retagen\" \/>\n<meta property=\"article:published_time\" content=\"2021-11-23T09:35:47+00:00\" \/>\n<meta property=\"article:modified_time\" content=\"2023-07-13T08:01:13+00:00\" \/>\n<meta property=\"og:image\" content=\"https:\/\/www.kompetensforetagen.se\/app\/uploads\/sites\/5\/2018\/02\/nils-nedel-386683-unsplash-1180x788.jpg\" \/>\n\t<meta property=\"og:image:width\" content=\"1180\" \/>\n\t<meta property=\"og:image:height\" content=\"788\" \/>\n\t<meta property=\"og:image:type\" content=\"image\/jpeg\" \/>\n<meta name=\"twitter:card\" content=\"summary_large_image\" \/>\n<meta name=\"twitter:label1\" content=\"Skriven av\" \/>\n\t<meta name=\"twitter:data1\" content=\"\" \/>\n\t<meta name=\"twitter:label2\" content=\"Ber\u00e4knad l\u00e4stid\" \/>\n\t<meta name=\"twitter:data2\" content=\"3 minuter\" \/>\n<!-- \/ Yoast SEO Premium plugin. -->","yoast_head_json":{"title":"Internationell utblick \u2013 europeiska branschorganisationens fokus","description":"En internationell utblick s\u00e4ger att den europeiska branschorganisationen WEC har fokus p\u00e5 bl a minimil\u00f6ner och giggarbete.","robots":{"index":"index","follow":"follow","max-snippet":"max-snippet:-1","max-image-preview":"max-image-preview:large","max-video-preview":"max-video-preview:-1"},"canonical":"https:\/\/www.kompetensforetagen.se\/2021\/11\/internationell-utblick-europeiska-branschorganisationens-fokus\/","og_locale":"sv_SE","og_type":"article","og_title":"Internationell utblick\u2013 europeiska branschorganisationens fokus","og_description":"En internationell utblick s\u00e4ger att den europeiska branschorganisationen WEC har fokus p\u00e5 bl a minimil\u00f6ner och giggarbete.","og_url":"https:\/\/www.kompetensforetagen.se\/2021\/11\/internationell-utblick-europeiska-branschorganisationens-fokus\/","og_site_name":"Kompetensf\u00f6retagen","article_published_time":"2021-11-23T09:35:47+00:00","article_modified_time":"2023-07-13T08:01:13+00:00","og_image":[{"width":1180,"height":788,"url":"https:\/\/www.kompetensforetagen.se\/app\/uploads\/sites\/5\/2018\/02\/nils-nedel-386683-unsplash-1180x788.jpg","type":"image\/jpeg"}],"twitter_card":"summary_large_image","twitter_misc":{"Skriven av":"","Ber\u00e4knad l\u00e4stid":"3 minuter"},"schema":{"@context":"https:\/\/schema.org","@graph":[{"@type":"Article","@id":"https:\/\/www.kompetensforetagen.se\/2021\/11\/internationell-utblick-europeiska-branschorganisationens-fokus\/#article","isPartOf":{"@id":"https:\/\/www.kompetensforetagen.se\/2021\/11\/internationell-utblick-europeiska-branschorganisationens-fokus\/"},"author":{"name":"","@id":""},"headline":"Internationell utblick\u2013 europeiska bransch&shy;organisationens fokus","datePublished":"2021-11-23T09:35:47+00:00","dateModified":"2023-07-13T08:01:13+00:00","mainEntityOfPage":{"@id":"https:\/\/www.kompetensforetagen.se\/2021\/11\/internationell-utblick-europeiska-branschorganisationens-fokus\/"},"wordCount":558,"publisher":{"@id":"https:\/\/www.kompetensforetagen.se\/#organization"},"image":{"@id":"https:\/\/www.kompetensforetagen.se\/2021\/11\/internationell-utblick-europeiska-branschorganisationens-fokus\/#primaryimage"},"thumbnailUrl":"https:\/\/www.kompetensforetagen.se\/app\/uploads\/sites\/5\/2018\/02\/nils-nedel-386683-unsplash.jpg","articleSection":["Internationellt"],"inLanguage":"sv-SE"},{"@type":"WebPage","@id":"https:\/\/www.kompetensforetagen.se\/2021\/11\/internationell-utblick-europeiska-branschorganisationens-fokus\/","url":"https:\/\/www.kompetensforetagen.se\/2021\/11\/internationell-utblick-europeiska-branschorganisationens-fokus\/","name":"Internationell utblick \u2013 europeiska branschorganisationens fokus","isPartOf":{"@id":"https:\/\/www.kompetensforetagen.se\/#website"},"primaryImageOfPage":{"@id":"https:\/\/www.kompetensforetagen.se\/2021\/11\/internationell-utblick-europeiska-branschorganisationens-fokus\/#primaryimage"},"image":{"@id":"https:\/\/www.kompetensforetagen.se\/2021\/11\/internationell-utblick-europeiska-branschorganisationens-fokus\/#primaryimage"},"thumbnailUrl":"https:\/\/www.kompetensforetagen.se\/app\/uploads\/sites\/5\/2018\/02\/nils-nedel-386683-unsplash.jpg","datePublished":"2021-11-23T09:35:47+00:00","dateModified":"2023-07-13T08:01:13+00:00","description":"En internationell utblick s\u00e4ger att den europeiska branschorganisationen WEC har fokus p\u00e5 bl a minimil\u00f6ner och giggarbete.","breadcrumb":{"@id":"https:\/\/www.kompetensforetagen.se\/2021\/11\/internationell-utblick-europeiska-branschorganisationens-fokus\/#breadcrumb"},"inLanguage":"sv-SE","potentialAction":[{"@type":"ReadAction","target":["https:\/\/www.kompetensforetagen.se\/2021\/11\/internationell-utblick-europeiska-branschorganisationens-fokus\/"]}]},{"@type":"ImageObject","inLanguage":"sv-SE","@id":"https:\/\/www.kompetensforetagen.se\/2021\/11\/internationell-utblick-europeiska-branschorganisationens-fokus\/#primaryimage","url":"https:\/\/www.kompetensforetagen.se\/app\/uploads\/sites\/5\/2018\/02\/nils-nedel-386683-unsplash.jpg","contentUrl":"https:\/\/www.kompetensforetagen.se\/app\/uploads\/sites\/5\/2018\/02\/nils-nedel-386683-unsplash.jpg","width":5976,"height":3992,"caption":"Modern teknik och tidrapportering f\u00f6r konsulter i arbete."},{"@type":"BreadcrumbList","@id":"https:\/\/www.kompetensforetagen.se\/2021\/11\/internationell-utblick-europeiska-branschorganisationens-fokus\/#breadcrumb","itemListElement":[{"@type":"ListItem","position":1,"name":"Home","item":"https:\/\/www.kompetensforetagen.se\/"},{"@type":"ListItem","position":2,"name":"Internationell utblick\u2013 europeiska bransch&shy;organisationens fokus"}]},{"@type":"WebSite","@id":"https:\/\/www.kompetensforetagen.se\/#website","url":"https:\/\/www.kompetensforetagen.se\/","name":"Kompetensf\u00f6retagen","description":"R\u00e4tt person p\u00e5 r\u00e4tt plats kan f\u00f6r\u00e4ndra v\u00e4rlden","publisher":{"@id":"https:\/\/www.kompetensforetagen.se\/#organization"},"potentialAction":[{"@type":"SearchAction","target":{"@type":"EntryPoint","urlTemplate":"https:\/\/www.kompetensforetagen.se\/?s={search_term_string}"},"query-input":{"@type":"PropertyValueSpecification","valueRequired":true,"valueName":"search_term_string"}}],"inLanguage":"sv-SE"},{"@type":"Organization","@id":"https:\/\/www.kompetensforetagen.se\/#organization","name":"Kompetensf\u00f6retagen","url":"https:\/\/www.kompetensforetagen.se\/","logo":{"@type":"ImageObject","inLanguage":"sv-SE","@id":"https:\/\/www.kompetensforetagen.se\/#\/schema\/logo\/image\/","url":"https:\/\/www.kompetensforetagen.se\/app\/uploads\/sites\/5\/2022\/10\/logga_svart.png","contentUrl":"https:\/\/www.kompetensforetagen.se\/app\/uploads\/sites\/5\/2022\/10\/logga_svart.png","width":752,"height":64,"caption":"Kompetensf\u00f6retagen"},"image":{"@id":"https:\/\/www.kompetensforetagen.se\/#\/schema\/logo\/image\/"},"sameAs":["https:\/\/www.linkedin.com\/company\/10540032\/"]},{"@type":"Person","@id":"","url":"https:\/\/www.kompetensforetagen.se\/person\/"}]}},"_links":{"self":[{"href":"https:\/\/www.kompetensforetagen.se\/api\/wp\/v2\/posts\/8413","targetHints":{"allow":["GET"]}}],"collection":[{"href":"https:\/\/www.kompetensforetagen.se\/api\/wp\/v2\/posts"}],"about":[{"href":"https:\/\/www.kompetensforetagen.se\/api\/wp\/v2\/types\/post"}],"author":[{"embeddable":true,"href":"https:\/\/www.kompetensforetagen.se\/api\/wp\/v2\/users\/6358"}],"replies":[{"embeddable":true,"href":"https:\/\/www.kompetensforetagen.se\/api\/wp\/v2\/comments?post=8413"}],"version-history":[{"count":1,"href":"https:\/\/www.kompetensforetagen.se\/api\/wp\/v2\/posts\/8413\/revisions"}],"predecessor-version":[{"id":14556,"href":"https:\/\/www.kompetensforetagen.se\/api\/wp\/v2\/posts\/8413\/revisions\/14556"}],"wp:featuredmedia":[{"embeddable":true,"href":"https:\/\/www.kompetensforetagen.se\/api\/wp\/v2\/media\/69"}],"wp:attachment":[{"href":"https:\/\/www.kompetensforetagen.se\/api\/wp\/v2\/media?parent=8413"}],"wp:term":[{"taxonomy":"category","embeddable":true,"href":"https:\/\/www.kompetensforetagen.se\/api\/wp\/v2\/categories?post=8413"},{"taxonomy":"post_tag","embeddable":true,"href":"https:\/\/www.kompetensforetagen.se\/api\/wp\/v2\/tags?post=8413"},{"taxonomy":"type","embeddable":true,"href":"https:\/\/www.kompetensforetagen.se\/api\/wp\/v2\/article_type?post=8413"},{"taxonomy":"agreement","embeddable":true,"href":"https:\/\/www.kompetensforetagen.se\/api\/wp\/v2\/agreement?post=8413"},{"taxonomy":"for-members","embeddable":true,"href":"https:\/\/www.kompetensforetagen.se\/api\/wp\/v2\/for-members?post=8413"}],"curies":[{"name":"wp","href":"https:\/\/api.w.org\/{rel}","templated":true}]}}