{"id":8397,"date":"2021-11-19T08:45:24","date_gmt":"2021-11-19T07:45:24","guid":{"rendered":"https:\/\/www.kompetensforetagen.se\/?p=8397"},"modified":"2023-11-27T15:04:48","modified_gmt":"2023-11-27T14:04:48","slug":"kvartalsrapport-q3-fortsatt-positiva-signaler-for-branschen","status":"publish","type":"post","link":"https:\/\/www.kompetensforetagen.se\/2021\/11\/kvartalsrapport-q3-fortsatt-positiva-signaler-for-branschen\/","title":{"rendered":"Kvartals&shy;rapport Q3 &#8211; fortsatt positiva signaler f\u00f6r branschen"},"content":{"rendered":"\n<p>\u00c4ven det tredje kvartalet 2021 visar p\u00e5 positiva siffror f\u00f6r kompetensbranschen. Oms\u00e4ttningen i Kompetensf\u00f6retagens medlemsf\u00f6retag uppgick till 7,2 miljarder kronor, vilket \u00e4r en \u00f6kning med 33,4 procent j\u00e4mf\u00f6rt med samma period 2020.<\/p>\n\n\n\n<h3 class=\"wp-block-heading\">Rekrytering \u00f6kar mest<\/h3>\n\n\n\n<p>B\u00e4st gick det f\u00f6r tj\u00e4nsteomr\u00e5det Rekrytering, som \u00f6kade med 64,2 procent fr\u00e5n f\u00f6reg\u00e5ende \u00e5r. Att rekryteringen i svenska verksamheter \u00f6kar \u00e4r gl\u00e4djande, och en signal om fortsatt \u00e5terh\u00e4mtning i ekonomin. Det betyder ocks\u00e5 att tj\u00e4nsteomr\u00e5det utg\u00f6r tre procent av branschen, liksom f\u00f6rra kvartalet.&nbsp; Tj\u00e4nsteomr\u00e5det Omst\u00e4llning \u00e4ger 2,7 procent av kompetensbranschen. Detta tredje kvartal \u00f6kade oms\u00e4ttningen med 38,4 procent f\u00f6r omst\u00e4llningsverksamheterna j\u00e4mf\u00f6rt med samma period f\u00f6rra \u00e5ret. Minst \u00f6kade det st\u00f6rsta tj\u00e4nsteomr\u00e5det, Bemanning, med 32,5 procent. Bemanning \u00e4r \u00e4ndock det st\u00f6rsta tj\u00e4nsteomr\u00e5det klart st\u00f6rst med en oms\u00e4ttningsandel p\u00e5 94 procent av den totala oms\u00e4ttningen i branschen.<\/p>\n\n\n\n<p>Samtidigt med denna positiva branschutveckling och starka och positiva signaler om ekonomins utveckling, n\u00e5s vi av oroande rapporter om \u00f6kad smittspridning. H\u00e4r hoppas jag att den stabila \u00e5terh\u00e4mtning som vi har sett hittills i \u00e5r h\u00e5ller i sig, och att vi slipper en ny period av os\u00e4kerhet och nedst\u00e4ngningar.<\/p>\n\n\n\n<p><a href=\"https:\/\/www.almega.se\/app\/uploads\/sites\/5\/2021\/11\/kvartalsrapport_2021_q3_02.pdf\" target=\"_blank\" rel=\"noopener\">L\u00e4s kvartalsrapporten f\u00f6r Q3 2021<\/a><\/p>\n","protected":false},"excerpt":{"rendered":"<p>\u00c4ven det tredje kvartalet 2021 visar p\u00e5 positiva siffror f\u00f6r kompetensbranschen. Oms\u00e4ttningen i Kompetensf\u00f6retagens medlemsf\u00f6retag uppgick till 7,2 miljarder kronor, vilket \u00e4r en \u00f6kning med 33,4 procent j\u00e4mf\u00f6rt med samma period 2020. Rekrytering \u00f6kar mest &hellip;<\/p>\n","protected":false},"author":6358,"featured_media":8402,"comment_status":"closed","ping_status":"closed","sticky":false,"template":"","format":"standard","meta":{"_acf_changed":false,"footnotes":""},"categories":[15],"tags":[],"article_type":[8],"agreement":[],"for-members":[],"class_list":["post-8397","post","type-post","status-publish","format-standard","has-post-thumbnail","hentry","category-statistik","type-aktuellt"],"acf":[],"yoast_head":"<!-- This site is optimized with the Yoast SEO Premium plugin v26.8 (Yoast SEO v26.8) - https:\/\/yoast.com\/product\/yoast-seo-premium-wordpress\/ -->\n<title>Kvartalsrapport Q3 - fortsatt positiva signaler f\u00f6r branschen<\/title>\n<meta name=\"description\" content=\"Q3 redovisar fortsatt positiva signaler f\u00f6r branschen, d\u00e4r rekrytering \u00f6kar mest. Omst\u00e4llning \u00f6kade med med 38,4 procent och Bemanning med 32,5.\" \/>\n<meta name=\"robots\" content=\"index, follow, max-snippet:-1, max-image-preview:large, max-video-preview:-1\" \/>\n<link rel=\"canonical\" href=\"https:\/\/www.kompetensforetagen.se\/2021\/11\/kvartalsrapport-q3-fortsatt-positiva-signaler-for-branschen\/\" \/>\n<meta property=\"og:locale\" content=\"sv_SE\" \/>\n<meta property=\"og:type\" content=\"article\" \/>\n<meta property=\"og:title\" content=\"Kvartalsrapport Q3 - fortsatt positiva signaler f\u00f6r branschen\" \/>\n<meta property=\"og:description\" content=\"Q3 redovisar fortsatt positiva signaler f\u00f6r branschen, d\u00e4r rekrytering \u00f6kar mest. Omst\u00e4llning \u00f6kade med med 38,4 procent och Bemanning med 32,5.\" \/>\n<meta property=\"og:url\" content=\"https:\/\/www.kompetensforetagen.se\/2021\/11\/kvartalsrapport-q3-fortsatt-positiva-signaler-for-branschen\/\" \/>\n<meta property=\"og:site_name\" content=\"Kompetensf\u00f6retagen\" \/>\n<meta property=\"article:published_time\" content=\"2021-11-19T07:45:24+00:00\" \/>\n<meta property=\"article:modified_time\" content=\"2023-11-27T14:04:48+00:00\" \/>\n<meta property=\"og:image\" content=\"https:\/\/www.kompetensforetagen.se\/app\/uploads\/sites\/5\/2021\/11\/omslag-q3.png\" \/>\n\t<meta property=\"og:image:width\" content=\"977\" \/>\n\t<meta property=\"og:image:height\" content=\"694\" \/>\n\t<meta property=\"og:image:type\" content=\"image\/png\" \/>\n<meta name=\"twitter:card\" content=\"summary_large_image\" \/>\n<meta name=\"twitter:label1\" content=\"Skriven av\" \/>\n\t<meta name=\"twitter:data1\" content=\"\" \/>\n\t<meta name=\"twitter:label2\" content=\"Ber\u00e4knad l\u00e4stid\" \/>\n\t<meta name=\"twitter:data2\" content=\"1 minut\" \/>\n<!-- \/ Yoast SEO Premium plugin. -->","yoast_head_json":{"title":"Kvartalsrapport Q3 - fortsatt positiva signaler f\u00f6r branschen","description":"Q3 redovisar fortsatt positiva signaler f\u00f6r branschen, d\u00e4r rekrytering \u00f6kar mest. Omst\u00e4llning \u00f6kade med med 38,4 procent och Bemanning med 32,5.","robots":{"index":"index","follow":"follow","max-snippet":"max-snippet:-1","max-image-preview":"max-image-preview:large","max-video-preview":"max-video-preview:-1"},"canonical":"https:\/\/www.kompetensforetagen.se\/2021\/11\/kvartalsrapport-q3-fortsatt-positiva-signaler-for-branschen\/","og_locale":"sv_SE","og_type":"article","og_title":"Kvartalsrapport Q3 - fortsatt positiva signaler f\u00f6r branschen","og_description":"Q3 redovisar fortsatt positiva signaler f\u00f6r branschen, d\u00e4r rekrytering \u00f6kar mest. Omst\u00e4llning \u00f6kade med med 38,4 procent och Bemanning med 32,5.","og_url":"https:\/\/www.kompetensforetagen.se\/2021\/11\/kvartalsrapport-q3-fortsatt-positiva-signaler-for-branschen\/","og_site_name":"Kompetensf\u00f6retagen","article_published_time":"2021-11-19T07:45:24+00:00","article_modified_time":"2023-11-27T14:04:48+00:00","og_image":[{"width":977,"height":694,"url":"https:\/\/www.kompetensforetagen.se\/app\/uploads\/sites\/5\/2021\/11\/omslag-q3.png","type":"image\/png"}],"twitter_card":"summary_large_image","twitter_misc":{"Skriven av":"","Ber\u00e4knad l\u00e4stid":"1 minut"},"schema":{"@context":"https:\/\/schema.org","@graph":[{"@type":"Article","@id":"https:\/\/www.kompetensforetagen.se\/2021\/11\/kvartalsrapport-q3-fortsatt-positiva-signaler-for-branschen\/#article","isPartOf":{"@id":"https:\/\/www.kompetensforetagen.se\/2021\/11\/kvartalsrapport-q3-fortsatt-positiva-signaler-for-branschen\/"},"author":{"name":"","@id":""},"headline":"Kvartals&shy;rapport Q3 &#8211; fortsatt positiva signaler f\u00f6r branschen","datePublished":"2021-11-19T07:45:24+00:00","dateModified":"2023-11-27T14:04:48+00:00","mainEntityOfPage":{"@id":"https:\/\/www.kompetensforetagen.se\/2021\/11\/kvartalsrapport-q3-fortsatt-positiva-signaler-for-branschen\/"},"wordCount":229,"publisher":{"@id":"https:\/\/www.kompetensforetagen.se\/#organization"},"image":{"@id":"https:\/\/www.kompetensforetagen.se\/2021\/11\/kvartalsrapport-q3-fortsatt-positiva-signaler-for-branschen\/#primaryimage"},"thumbnailUrl":"https:\/\/www.kompetensforetagen.se\/app\/uploads\/sites\/5\/2021\/11\/omslag-q3.png","articleSection":["Statistik"],"inLanguage":"sv-SE"},{"@type":"WebPage","@id":"https:\/\/www.kompetensforetagen.se\/2021\/11\/kvartalsrapport-q3-fortsatt-positiva-signaler-for-branschen\/","url":"https:\/\/www.kompetensforetagen.se\/2021\/11\/kvartalsrapport-q3-fortsatt-positiva-signaler-for-branschen\/","name":"Kvartalsrapport Q3 - fortsatt positiva signaler f\u00f6r branschen","isPartOf":{"@id":"https:\/\/www.kompetensforetagen.se\/#website"},"primaryImageOfPage":{"@id":"https:\/\/www.kompetensforetagen.se\/2021\/11\/kvartalsrapport-q3-fortsatt-positiva-signaler-for-branschen\/#primaryimage"},"image":{"@id":"https:\/\/www.kompetensforetagen.se\/2021\/11\/kvartalsrapport-q3-fortsatt-positiva-signaler-for-branschen\/#primaryimage"},"thumbnailUrl":"https:\/\/www.kompetensforetagen.se\/app\/uploads\/sites\/5\/2021\/11\/omslag-q3.png","datePublished":"2021-11-19T07:45:24+00:00","dateModified":"2023-11-27T14:04:48+00:00","description":"Q3 redovisar fortsatt positiva signaler f\u00f6r branschen, d\u00e4r rekrytering \u00f6kar mest. Omst\u00e4llning \u00f6kade med med 38,4 procent och Bemanning med 32,5.","breadcrumb":{"@id":"https:\/\/www.kompetensforetagen.se\/2021\/11\/kvartalsrapport-q3-fortsatt-positiva-signaler-for-branschen\/#breadcrumb"},"inLanguage":"sv-SE","potentialAction":[{"@type":"ReadAction","target":["https:\/\/www.kompetensforetagen.se\/2021\/11\/kvartalsrapport-q3-fortsatt-positiva-signaler-for-branschen\/"]}]},{"@type":"ImageObject","inLanguage":"sv-SE","@id":"https:\/\/www.kompetensforetagen.se\/2021\/11\/kvartalsrapport-q3-fortsatt-positiva-signaler-for-branschen\/#primaryimage","url":"https:\/\/www.kompetensforetagen.se\/app\/uploads\/sites\/5\/2021\/11\/omslag-q3.png","contentUrl":"https:\/\/www.kompetensforetagen.se\/app\/uploads\/sites\/5\/2021\/11\/omslag-q3.png","width":977,"height":694,"caption":"Framsida Kompetensf\u00f6retagens kvartalsrapport Q3 2021"},{"@type":"BreadcrumbList","@id":"https:\/\/www.kompetensforetagen.se\/2021\/11\/kvartalsrapport-q3-fortsatt-positiva-signaler-for-branschen\/#breadcrumb","itemListElement":[{"@type":"ListItem","position":1,"name":"Home","item":"https:\/\/www.kompetensforetagen.se\/"},{"@type":"ListItem","position":2,"name":"Kvartals&shy;rapport Q3 &#8211; fortsatt positiva signaler f\u00f6r branschen"}]},{"@type":"WebSite","@id":"https:\/\/www.kompetensforetagen.se\/#website","url":"https:\/\/www.kompetensforetagen.se\/","name":"Kompetensf\u00f6retagen","description":"R\u00e4tt person p\u00e5 r\u00e4tt plats kan f\u00f6r\u00e4ndra v\u00e4rlden","publisher":{"@id":"https:\/\/www.kompetensforetagen.se\/#organization"},"potentialAction":[{"@type":"SearchAction","target":{"@type":"EntryPoint","urlTemplate":"https:\/\/www.kompetensforetagen.se\/?s={search_term_string}"},"query-input":{"@type":"PropertyValueSpecification","valueRequired":true,"valueName":"search_term_string"}}],"inLanguage":"sv-SE"},{"@type":"Organization","@id":"https:\/\/www.kompetensforetagen.se\/#organization","name":"Kompetensf\u00f6retagen","url":"https:\/\/www.kompetensforetagen.se\/","logo":{"@type":"ImageObject","inLanguage":"sv-SE","@id":"https:\/\/www.kompetensforetagen.se\/#\/schema\/logo\/image\/","url":"https:\/\/www.kompetensforetagen.se\/app\/uploads\/sites\/5\/2022\/10\/logga_svart.png","contentUrl":"https:\/\/www.kompetensforetagen.se\/app\/uploads\/sites\/5\/2022\/10\/logga_svart.png","width":752,"height":64,"caption":"Kompetensf\u00f6retagen"},"image":{"@id":"https:\/\/www.kompetensforetagen.se\/#\/schema\/logo\/image\/"},"sameAs":["https:\/\/www.linkedin.com\/company\/10540032\/"]},{"@type":"Person","@id":"","url":"https:\/\/www.kompetensforetagen.se\/person\/"}]}},"_links":{"self":[{"href":"https:\/\/www.kompetensforetagen.se\/api\/wp\/v2\/posts\/8397","targetHints":{"allow":["GET"]}}],"collection":[{"href":"https:\/\/www.kompetensforetagen.se\/api\/wp\/v2\/posts"}],"about":[{"href":"https:\/\/www.kompetensforetagen.se\/api\/wp\/v2\/types\/post"}],"author":[{"embeddable":true,"href":"https:\/\/www.kompetensforetagen.se\/api\/wp\/v2\/users\/6358"}],"replies":[{"embeddable":true,"href":"https:\/\/www.kompetensforetagen.se\/api\/wp\/v2\/comments?post=8397"}],"version-history":[{"count":1,"href":"https:\/\/www.kompetensforetagen.se\/api\/wp\/v2\/posts\/8397\/revisions"}],"predecessor-version":[{"id":14345,"href":"https:\/\/www.kompetensforetagen.se\/api\/wp\/v2\/posts\/8397\/revisions\/14345"}],"wp:featuredmedia":[{"embeddable":true,"href":"https:\/\/www.kompetensforetagen.se\/api\/wp\/v2\/media\/8402"}],"wp:attachment":[{"href":"https:\/\/www.kompetensforetagen.se\/api\/wp\/v2\/media?parent=8397"}],"wp:term":[{"taxonomy":"category","embeddable":true,"href":"https:\/\/www.kompetensforetagen.se\/api\/wp\/v2\/categories?post=8397"},{"taxonomy":"post_tag","embeddable":true,"href":"https:\/\/www.kompetensforetagen.se\/api\/wp\/v2\/tags?post=8397"},{"taxonomy":"type","embeddable":true,"href":"https:\/\/www.kompetensforetagen.se\/api\/wp\/v2\/article_type?post=8397"},{"taxonomy":"agreement","embeddable":true,"href":"https:\/\/www.kompetensforetagen.se\/api\/wp\/v2\/agreement?post=8397"},{"taxonomy":"for-members","embeddable":true,"href":"https:\/\/www.kompetensforetagen.se\/api\/wp\/v2\/for-members?post=8397"}],"curies":[{"name":"wp","href":"https:\/\/api.w.org\/{rel}","templated":true}]}}