{"id":8361,"date":"2021-11-16T15:37:40","date_gmt":"2021-11-16T14:37:40","guid":{"rendered":"https:\/\/www.kompetensforetagen.se\/?p=8361"},"modified":"2023-07-13T09:50:55","modified_gmt":"2023-07-13T07:50:55","slug":"anstallningsformer-for-konsulter","status":"publish","type":"post","link":"https:\/\/www.kompetensforetagen.se\/2021\/11\/anstallningsformer-for-konsulter\/","title":{"rendered":"Anst\u00e4llningsformer f\u00f6r konsulter"},"content":{"rendered":"\n<p><span data-contrast=\"auto\">Vad finns det f\u00f6r anst\u00e4llningsformer f\u00f6r konsulter? N\u00e4r du jobbar f\u00f6r ett bemanningsf\u00f6retag kan du vara tillsvidareanst\u00e4lld eller ha en visstidsanst\u00e4llning. Tillsvidareanst\u00e4llning \u00e4r den vanligaste anst\u00e4llningsformen, och \u00e4r detsamma som fast anst\u00e4llning. Visstidsanst\u00e4llningar \u00e4r som namnet s\u00e4ger begr\u00e4nsat i tid, och finns i flera olika former som du kan l\u00e4sa mer om h\u00e4r. <\/span><span data-ccp-props=\"{&quot;201341983&quot;:0,&quot;335559739&quot;:160,&quot;335559740&quot;:259}\">&nbsp;<\/span><\/p>\n\n\n\n<p><span data-contrast=\"none\">Jobbar du med arbetsuppgifter som hantverkaryrken, eller producerar eller hanterar varor, g\u00e5r du sannolikt p\u00e5 det s\u00e5 kallade bemanningsavtalet f\u00f6r arbetare, eller LO-avtalet<\/span><i><span data-contrast=\"none\">.&nbsp;<\/span><\/i><span data-contrast=\"none\">Om du jobbar p\u00e5 kontor \u00e4r det troligen tj\u00e4nstemannaavtalet som g\u00e4ller f\u00f6r dig.<\/span><span data-contrast=\"auto\">&nbsp;Dessutom har vi avtal som g\u00e4ller f\u00f6r l\u00e4rare&nbsp;och&nbsp;v\u00e5rdpersonal&nbsp;\u2013 b\u00e5de sjuksk\u00f6terskor och l\u00e4kare.<\/span><span data-ccp-props=\"{&quot;201341983&quot;:0,&quot;335559739&quot;:160,&quot;335559740&quot;:259}\">&nbsp;<\/span><\/p>\n\n\n\n<h3 class=\"wp-block-heading\"><b><span data-contrast=\"auto\">Visstidsanst\u00e4llning<\/span><\/b><span data-ccp-props=\"{&quot;201341983&quot;:0,&quot;335559739&quot;:160,&quot;335559740&quot;:259}\">&nbsp;<\/span><\/h3>\n\n\n\n<p><span data-contrast=\"auto\">Om du vill ha lite extra pengar p\u00e5 kontot kan du ta jobb som bemanningskonsult.&nbsp;Det kan&nbsp;till exempel&nbsp;vara om du \u00e4r student, pension\u00e4r&nbsp;eller har en&nbsp;annan huvudsaklig syssels\u00e4ttning.&nbsp;Annan huvudsaklig syssels\u00e4ttning kan vara att du driver eget f\u00f6retag,&nbsp;har en annan anst\u00e4llning, \u00e4r elitidrottare eller yrkesmusiker.&nbsp;<\/span><span data-ccp-props=\"{&quot;201341983&quot;:0,&quot;335559739&quot;:160,&quot;335559740&quot;:259}\">&nbsp;<\/span><\/p>\n\n\n\n<p><span data-contrast=\"auto\">Med de h\u00e4r olika f\u00f6ruts\u00e4ttningarna&nbsp;kan&nbsp;du&nbsp;antingen jobba lite&nbsp;d\u00e5 och d\u00e5, n\u00e4r det funkar f\u00f6r dig, eller f\u00f6r en viss period.&nbsp;<\/span><span data-ccp-props=\"{&quot;201341983&quot;:0,&quot;335559739&quot;:160,&quot;335559740&quot;:259}\">&nbsp;<\/span><\/p>\n\n\n\n<h3 class=\"wp-block-heading\"><b><span data-contrast=\"auto\">Visstidsanst\u00e4llning p\u00e5&nbsp;bemanningsavtalet med LO&nbsp;<\/span><\/b><span data-ccp-props=\"{&quot;201341983&quot;:0,&quot;335559739&quot;:160,&quot;335559740&quot;:259}\">&nbsp;<\/span><\/h3>\n\n\n\n<p><span data-contrast=\"auto\">P\u00e5 LO-avtalet \u00e4r&nbsp;visstidsanst\u00e4llningar&nbsp;begr\u00e4nsade&nbsp;till&nbsp;en period&nbsp;p\u00e5&nbsp;sex m\u00e5nader, om du inte \u00e4r student, pension\u00e4r&nbsp;eller har en annan huvudsaklig syssels\u00e4ttning.&nbsp;<\/span><span data-ccp-props=\"{&quot;201341983&quot;:0,&quot;335559739&quot;:160,&quot;335559740&quot;:259}\">&nbsp;<\/span><\/p>\n\n\n\n<h3 class=\"wp-block-heading\"><b><span data-contrast=\"auto\">Visstidsanst\u00e4llning f\u00f6r tj\u00e4nstem\u00e4n&nbsp;<\/span><\/b><span data-ccp-props=\"{&quot;201341983&quot;:0,&quot;335559739&quot;:160,&quot;335559740&quot;:259}\">&nbsp;<\/span><\/h3>\n\n\n\n<p><span data-contrast=\"auto\">Som tj\u00e4nsteman kan&nbsp;du&nbsp;ha en visstidsanst\u00e4llning&nbsp;i vissa specifika situationer&nbsp;som till exempel&nbsp;vikariat&nbsp;eller&nbsp;om du \u00e4r&nbsp;student, pension\u00e4r eller ha en s\u00e5 kallad \u201dannan huvudsaklig syssels\u00e4ttning\u201d.&nbsp;<\/span><span data-ccp-props=\"{&quot;201341983&quot;:0,&quot;335559739&quot;:160,&quot;335559740&quot;:259}\">&nbsp;<\/span><\/p>\n\n\n\n<h3 class=\"wp-block-heading\"><b><span data-contrast=\"auto\">\u00d6vriga visstidsanst\u00e4llningar&nbsp;<\/span><\/b><span data-ccp-props=\"{&quot;201341983&quot;:0,&quot;335559739&quot;:160,&quot;335559740&quot;:259}\">&nbsp;<\/span><\/h3>\n\n\n\n<p><span data-contrast=\"auto\">F\u00f6r l\u00e4rare, l\u00e4kare och sjuksk\u00f6terskor&nbsp;g\u00e4ller&nbsp;s\u00e4rskilda regler efter deras respektive kollektivavtal.&nbsp;Den vanligaste&nbsp;visstidsformen f\u00f6r dessa yrkesomr\u00e5den&nbsp;\u00e4r allm\u00e4n visstid&nbsp;<\/span><span data-ccp-props=\"{&quot;201341983&quot;:0,&quot;335559739&quot;:160,&quot;335559740&quot;:259}\">&nbsp;<\/span><\/p>\n\n\n\n<p><em>L\u00e4nkar:<\/em><\/p>\n\n\n\n<p><a href=\"https:\/\/www.mi.se\/ordlista\/\" target=\"_blank\" rel=\"noopener\"><span data-contrast=\"auto\">Medlingsinstitutets ordlista<\/span><span data-ccp-props=\"{&quot;201341983&quot;:0,&quot;335559739&quot;:160,&quot;335559740&quot;:259}\">&nbsp;<\/span><\/a><\/p>\n\n\n\n<p><a href=\"https:\/\/www.kompetensforetagen.se\/medlemskap\/kollektivavtal\/\" target=\"_blank\" rel=\"noopener\"><span data-contrast=\"auto\">V\u00e5ra kollektivavtal<\/span><\/a><\/p>\n","protected":false},"excerpt":{"rendered":"<p>Vad finns det f\u00f6r anst\u00e4llningsformer f\u00f6r konsulter? N\u00e4r du jobbar f\u00f6r ett bemanningsf\u00f6retag kan du vara tillsvidareanst\u00e4lld eller ha en visstidsanst\u00e4llning. Tillsvidareanst\u00e4llning \u00e4r den vanligaste anst\u00e4llningsformen, och \u00e4r detsamma som fast anst\u00e4llning. Visstidsanst\u00e4llningar \u00e4r som &hellip;<\/p>\n","protected":false},"author":6058,"featured_media":8012,"comment_status":"closed","ping_status":"closed","sticky":false,"template":"","format":"standard","meta":{"_acf_changed":false,"footnotes":""},"categories":[7,204,1],"tags":[],"article_type":[],"agreement":[],"for-members":[],"class_list":["post-8361","post","type-post","status-publish","format-standard","has-post-thumbnail","hentry","category-inhyrning","category-konsult","category-okategoriserade"],"acf":[],"yoast_head":"<!-- This site is optimized with the Yoast SEO Premium plugin v26.8 (Yoast SEO v26.8) - https:\/\/yoast.com\/product\/yoast-seo-premium-wordpress\/ -->\n<title>Anst\u00e4llningsformer f\u00f6r konsulter I Kompetensf\u00f6retagen<\/title>\n<meta name=\"description\" content=\"N\u00e4r du jobbar som konsult kan\u00a0du\u00a0vara tillsvidareanst\u00e4lld eller ha en\u00a0visstidsanst\u00e4llning. H\u00e4r hittar du skillnaderna p\u00e5 anst\u00e4llningsformer f\u00f6r konsulter.\" \/>\n<meta name=\"robots\" content=\"index, follow, max-snippet:-1, max-image-preview:large, max-video-preview:-1\" \/>\n<link rel=\"canonical\" href=\"https:\/\/www.kompetensforetagen.se\/2021\/11\/anstallningsformer-for-konsulter\/\" \/>\n<meta property=\"og:locale\" content=\"sv_SE\" \/>\n<meta property=\"og:type\" content=\"article\" \/>\n<meta property=\"og:title\" content=\"Anst\u00e4llningsformer f\u00f6r konsulter\" \/>\n<meta property=\"og:description\" content=\"N\u00e4r du jobbar som konsult kan\u00a0du\u00a0vara tillsvidareanst\u00e4lld eller ha en\u00a0visstidsanst\u00e4llning. H\u00e4r hittar du skillnaderna p\u00e5 anst\u00e4llningsformer f\u00f6r konsulter.\" \/>\n<meta property=\"og:url\" content=\"https:\/\/www.kompetensforetagen.se\/2021\/11\/anstallningsformer-for-konsulter\/\" \/>\n<meta property=\"og:site_name\" content=\"Kompetensf\u00f6retagen\" \/>\n<meta property=\"article:published_time\" content=\"2021-11-16T14:37:40+00:00\" \/>\n<meta property=\"article:modified_time\" content=\"2023-07-13T07:50:55+00:00\" \/>\n<meta property=\"og:image\" content=\"https:\/\/www.kompetensforetagen.se\/app\/uploads\/sites\/5\/2021\/09\/namnlos-design-21-e1632397509759.png\" \/>\n\t<meta property=\"og:image:width\" content=\"891\" \/>\n\t<meta property=\"og:image:height\" content=\"630\" \/>\n\t<meta property=\"og:image:type\" content=\"image\/png\" \/>\n<meta name=\"author\" content=\"Shashika Sellgren\" \/>\n<meta name=\"twitter:card\" content=\"summary_large_image\" \/>\n<meta name=\"twitter:label1\" content=\"Skriven av\" \/>\n\t<meta name=\"twitter:data1\" content=\"Shashika Sellgren\" \/>\n\t<meta name=\"twitter:label2\" content=\"Ber\u00e4knad l\u00e4stid\" \/>\n\t<meta name=\"twitter:data2\" content=\"2 minuter\" \/>\n<!-- \/ Yoast SEO Premium plugin. -->","yoast_head_json":{"title":"Anst\u00e4llningsformer f\u00f6r konsulter I Kompetensf\u00f6retagen","description":"N\u00e4r du jobbar som konsult kan\u00a0du\u00a0vara tillsvidareanst\u00e4lld eller ha en\u00a0visstidsanst\u00e4llning. H\u00e4r hittar du skillnaderna p\u00e5 anst\u00e4llningsformer f\u00f6r konsulter.","robots":{"index":"index","follow":"follow","max-snippet":"max-snippet:-1","max-image-preview":"max-image-preview:large","max-video-preview":"max-video-preview:-1"},"canonical":"https:\/\/www.kompetensforetagen.se\/2021\/11\/anstallningsformer-for-konsulter\/","og_locale":"sv_SE","og_type":"article","og_title":"Anst\u00e4llningsformer f\u00f6r konsulter","og_description":"N\u00e4r du jobbar som konsult kan\u00a0du\u00a0vara tillsvidareanst\u00e4lld eller ha en\u00a0visstidsanst\u00e4llning. H\u00e4r hittar du skillnaderna p\u00e5 anst\u00e4llningsformer f\u00f6r konsulter.","og_url":"https:\/\/www.kompetensforetagen.se\/2021\/11\/anstallningsformer-for-konsulter\/","og_site_name":"Kompetensf\u00f6retagen","article_published_time":"2021-11-16T14:37:40+00:00","article_modified_time":"2023-07-13T07:50:55+00:00","og_image":[{"width":891,"height":630,"url":"https:\/\/www.kompetensforetagen.se\/app\/uploads\/sites\/5\/2021\/09\/namnlos-design-21-e1632397509759.png","type":"image\/png"}],"author":"Shashika Sellgren","twitter_card":"summary_large_image","twitter_misc":{"Skriven av":"Shashika Sellgren","Ber\u00e4knad l\u00e4stid":"2 minuter"},"schema":{"@context":"https:\/\/schema.org","@graph":[{"@type":"Article","@id":"https:\/\/www.kompetensforetagen.se\/2021\/11\/anstallningsformer-for-konsulter\/#article","isPartOf":{"@id":"https:\/\/www.kompetensforetagen.se\/2021\/11\/anstallningsformer-for-konsulter\/"},"author":{"name":"Shashika Sellgren","@id":"https:\/\/www.kompetensforetagen.se\/#\/schema\/person\/38c6b37b81c530c93246c3d1993d5662"},"headline":"Anst\u00e4llningsformer f\u00f6r konsulter","datePublished":"2021-11-16T14:37:40+00:00","dateModified":"2023-07-13T07:50:55+00:00","mainEntityOfPage":{"@id":"https:\/\/www.kompetensforetagen.se\/2021\/11\/anstallningsformer-for-konsulter\/"},"wordCount":392,"publisher":{"@id":"https:\/\/www.kompetensforetagen.se\/#organization"},"image":{"@id":"https:\/\/www.kompetensforetagen.se\/2021\/11\/anstallningsformer-for-konsulter\/#primaryimage"},"thumbnailUrl":"https:\/\/www.kompetensforetagen.se\/app\/uploads\/sites\/5\/2021\/09\/namnlos-design-21-e1632397509759.png","articleSection":["Inhyrning","Konsult"],"inLanguage":"sv-SE"},{"@type":"WebPage","@id":"https:\/\/www.kompetensforetagen.se\/2021\/11\/anstallningsformer-for-konsulter\/","url":"https:\/\/www.kompetensforetagen.se\/2021\/11\/anstallningsformer-for-konsulter\/","name":"Anst\u00e4llningsformer f\u00f6r konsulter I Kompetensf\u00f6retagen","isPartOf":{"@id":"https:\/\/www.kompetensforetagen.se\/#website"},"primaryImageOfPage":{"@id":"https:\/\/www.kompetensforetagen.se\/2021\/11\/anstallningsformer-for-konsulter\/#primaryimage"},"image":{"@id":"https:\/\/www.kompetensforetagen.se\/2021\/11\/anstallningsformer-for-konsulter\/#primaryimage"},"thumbnailUrl":"https:\/\/www.kompetensforetagen.se\/app\/uploads\/sites\/5\/2021\/09\/namnlos-design-21-e1632397509759.png","datePublished":"2021-11-16T14:37:40+00:00","dateModified":"2023-07-13T07:50:55+00:00","description":"N\u00e4r du jobbar som konsult kan\u00a0du\u00a0vara tillsvidareanst\u00e4lld eller ha en\u00a0visstidsanst\u00e4llning. H\u00e4r hittar du skillnaderna p\u00e5 anst\u00e4llningsformer f\u00f6r konsulter.","breadcrumb":{"@id":"https:\/\/www.kompetensforetagen.se\/2021\/11\/anstallningsformer-for-konsulter\/#breadcrumb"},"inLanguage":"sv-SE","potentialAction":[{"@type":"ReadAction","target":["https:\/\/www.kompetensforetagen.se\/2021\/11\/anstallningsformer-for-konsulter\/"]}]},{"@type":"ImageObject","inLanguage":"sv-SE","@id":"https:\/\/www.kompetensforetagen.se\/2021\/11\/anstallningsformer-for-konsulter\/#primaryimage","url":"https:\/\/www.kompetensforetagen.se\/app\/uploads\/sites\/5\/2021\/09\/namnlos-design-21-e1632397509759.png","contentUrl":"https:\/\/www.kompetensforetagen.se\/app\/uploads\/sites\/5\/2021\/09\/namnlos-design-21-e1632397509759.png","width":891,"height":630,"caption":"Informationsgrafik fr\u00e5n Kompetensf\u00f6retagen g\u00e4llande Konsultunders\u00f6kningen 2021."},{"@type":"BreadcrumbList","@id":"https:\/\/www.kompetensforetagen.se\/2021\/11\/anstallningsformer-for-konsulter\/#breadcrumb","itemListElement":[{"@type":"ListItem","position":1,"name":"Home","item":"https:\/\/www.kompetensforetagen.se\/"},{"@type":"ListItem","position":2,"name":"Anst\u00e4llningsformer f\u00f6r konsulter"}]},{"@type":"WebSite","@id":"https:\/\/www.kompetensforetagen.se\/#website","url":"https:\/\/www.kompetensforetagen.se\/","name":"Kompetensf\u00f6retagen","description":"R\u00e4tt person p\u00e5 r\u00e4tt plats kan f\u00f6r\u00e4ndra v\u00e4rlden","publisher":{"@id":"https:\/\/www.kompetensforetagen.se\/#organization"},"potentialAction":[{"@type":"SearchAction","target":{"@type":"EntryPoint","urlTemplate":"https:\/\/www.kompetensforetagen.se\/?s={search_term_string}"},"query-input":{"@type":"PropertyValueSpecification","valueRequired":true,"valueName":"search_term_string"}}],"inLanguage":"sv-SE"},{"@type":"Organization","@id":"https:\/\/www.kompetensforetagen.se\/#organization","name":"Kompetensf\u00f6retagen","url":"https:\/\/www.kompetensforetagen.se\/","logo":{"@type":"ImageObject","inLanguage":"sv-SE","@id":"https:\/\/www.kompetensforetagen.se\/#\/schema\/logo\/image\/","url":"https:\/\/www.kompetensforetagen.se\/app\/uploads\/sites\/5\/2022\/10\/logga_svart.png","contentUrl":"https:\/\/www.kompetensforetagen.se\/app\/uploads\/sites\/5\/2022\/10\/logga_svart.png","width":752,"height":64,"caption":"Kompetensf\u00f6retagen"},"image":{"@id":"https:\/\/www.kompetensforetagen.se\/#\/schema\/logo\/image\/"},"sameAs":["https:\/\/www.linkedin.com\/company\/10540032\/"]},{"@type":"Person","@id":"https:\/\/www.kompetensforetagen.se\/#\/schema\/person\/38c6b37b81c530c93246c3d1993d5662","name":"Shashika Sellgren","image":{"@type":"ImageObject","inLanguage":"sv-SE","@id":"https:\/\/www.kompetensforetagen.se\/#\/schema\/person\/image\/","url":"https:\/\/secure.gravatar.com\/avatar\/b225c479880df9eb82d1501dd105dd8040f27c8563f3d4bf5dd62ce0a1630abd?s=96&d=mm&r=g","contentUrl":"https:\/\/secure.gravatar.com\/avatar\/b225c479880df9eb82d1501dd105dd8040f27c8563f3d4bf5dd62ce0a1630abd?s=96&d=mm&r=g","caption":"Shashika Sellgren"},"url":"https:\/\/www.kompetensforetagen.se\/person\/shashikasellgren\/"}]}},"_links":{"self":[{"href":"https:\/\/www.kompetensforetagen.se\/api\/wp\/v2\/posts\/8361","targetHints":{"allow":["GET"]}}],"collection":[{"href":"https:\/\/www.kompetensforetagen.se\/api\/wp\/v2\/posts"}],"about":[{"href":"https:\/\/www.kompetensforetagen.se\/api\/wp\/v2\/types\/post"}],"author":[{"embeddable":true,"href":"https:\/\/www.kompetensforetagen.se\/api\/wp\/v2\/users\/6058"}],"replies":[{"embeddable":true,"href":"https:\/\/www.kompetensforetagen.se\/api\/wp\/v2\/comments?post=8361"}],"version-history":[{"count":1,"href":"https:\/\/www.kompetensforetagen.se\/api\/wp\/v2\/posts\/8361\/revisions"}],"predecessor-version":[{"id":14554,"href":"https:\/\/www.kompetensforetagen.se\/api\/wp\/v2\/posts\/8361\/revisions\/14554"}],"wp:featuredmedia":[{"embeddable":true,"href":"https:\/\/www.kompetensforetagen.se\/api\/wp\/v2\/media\/8012"}],"wp:attachment":[{"href":"https:\/\/www.kompetensforetagen.se\/api\/wp\/v2\/media?parent=8361"}],"wp:term":[{"taxonomy":"category","embeddable":true,"href":"https:\/\/www.kompetensforetagen.se\/api\/wp\/v2\/categories?post=8361"},{"taxonomy":"post_tag","embeddable":true,"href":"https:\/\/www.kompetensforetagen.se\/api\/wp\/v2\/tags?post=8361"},{"taxonomy":"type","embeddable":true,"href":"https:\/\/www.kompetensforetagen.se\/api\/wp\/v2\/article_type?post=8361"},{"taxonomy":"agreement","embeddable":true,"href":"https:\/\/www.kompetensforetagen.se\/api\/wp\/v2\/agreement?post=8361"},{"taxonomy":"for-members","embeddable":true,"href":"https:\/\/www.kompetensforetagen.se\/api\/wp\/v2\/for-members?post=8361"}],"curies":[{"name":"wp","href":"https:\/\/api.w.org\/{rel}","templated":true}]}}