{"id":8334,"date":"2021-11-15T11:04:43","date_gmt":"2021-11-15T10:04:43","guid":{"rendered":"https:\/\/www.kompetensforetagen.se\/?p=8334"},"modified":"2023-04-21T16:05:15","modified_gmt":"2023-04-21T14:05:15","slug":"remissyttrande-vissa-lagforslag-med-anledning-av-en-reformerad-arbetsmarknadspolitisk-verksamhet-ds-202127","status":"publish","type":"post","link":"https:\/\/www.kompetensforetagen.se\/2021\/11\/remissyttrande-vissa-lagforslag-med-anledning-av-en-reformerad-arbetsmarknadspolitisk-verksamhet-ds-202127\/","title":{"rendered":"Remissyttrande Vissa lagf\u00f6rslag med anledning av en reformerad arbetsmarknadspolitisk verksamhet, Ds 2021:27"},"content":{"rendered":"\n<p>Kompetensf\u00f6retagen har l\u00e4mnat sitt remissyttrande till promemorian <a href=\"https:\/\/www.kompetensforetagen.se\/remisser\/vissa-lagforslag-med-anledning-av-en-reformerad-arbetsmarknadspolitisk-verksamhet-ds-202127\/\" target=\"_blank\" rel=\"noopener\">Vissa lagf\u00f6rslag med anledning av en reformerad arbetsmarknadspolitisk verksamhet, Ds 2021:27 .&nbsp;<\/a><\/p>\n\n\n\n<p>Kompetensf\u00f6retagen st\u00e4ller sig i allt v\u00e4sentligt bakom f\u00f6rslagen i promemorian men vill framf\u00f6ra f\u00f6r\u00e4ndringsf\u00f6rslag i vissa delar som kommer vara av v\u00e4sentlig betydelse f\u00f6r ett effektivt genomf\u00f6rande av reformen. Ut\u00f6ver nedan ansluter sig Kompetensf\u00f6retagen till Svenskt N\u00e4ringslivs och Almegas yttranden.<\/p>\n\n\n\n<ul class=\"wp-block-list\">\n<li>I \u00e4ndringen av Lagen (2000:625) om den arbetsmarknadspolitiska verksamheten f\u00f6resl\u00e5s det att leverant\u00f6rerna ska vara skyldiga att l\u00e4mna de uppgifter som Arbetsf\u00f6rmedlingen beh\u00f6ver i den arbetsmarknadspolitiska verksamheten. Kompetensf\u00f6retagen vill tydligg\u00f6ra att information b\u00f6r vara relevant f\u00f6r verksamheten f\u00f6r att informationen ska g\u00e5 att kr\u00e4vas in. Det finns annars en risk att myndigheten f\u00e5r en obegr\u00e4nsad r\u00e4tt att ta del av all information och att det d\u00e4rigenom belastar b\u00e5de individ, leverant\u00f6r och myndigheten, med on\u00f6dig administrativ b\u00f6rda.<br><\/li>\n\n\n\n<li>Arbetsf\u00f6rmedlingen som myndighet har p\u00e5b\u00f6rjat sin process mot f\u00f6r\u00e4ndring. Viktiga steg p\u00e5 v\u00e4gen har handlat om att f\u00f6rh\u00e5lla sig till att frist\u00e5ende leverant\u00f6rer utf\u00f6r en majoritet av uppdraget att matcha de arbetsl\u00f6sa individerna p\u00e5 arbetsmarknaden. N\u00e4sta steg beh\u00f6ver tillse att Arbetsf\u00f6rmedlingen g\u00e5r fr\u00e5n att vara best\u00e4llare till att agera som partner med de frist\u00e5ende leverant\u00f6rerna. Myndighetens olika delar beh\u00f6ver p\u00e5 ett mer ingripande s\u00e4tt inse att leverant\u00f6rerna kommer att utf\u00f6ra uppdragen och d\u00e4rmed ges tekniskt st\u00f6d och delaktighet i myndighetens processer. Kompetensf\u00f6retagen f\u00f6resl\u00e5r d\u00e4rf\u00f6r att myndighetens samverkan inom leverant\u00f6rsforum fastst\u00e4lls.<br><\/li>\n\n\n\n<li>Det saknas i Promemorian en tydlig begr\u00e4nsning av Arbetsf\u00f6rmedlingens uppdrag, det \u00e4r olyckligt d\u00e5 det skulle kunna \u00f6ppna upp f\u00f6r myndigheten att kunna agera i en vidare definition.<br><\/li>\n\n\n\n<li>Arbetsf\u00f6rmedlingens uppdrag beh\u00f6ver f\u00f6rst\u00e4rkas inom myndighetsut\u00f6vningen, upphandlingen, uppf\u00f6ljningen och kontrollen av f\u00f6rmedlingsinsatserna.<br><\/li>\n\n\n\n<li>Kommuner ska inte fungera som leverant\u00f6rer av arbetsmarknadspolitiska insatser \u00e5t Arbetsf\u00f6rmedlingen i konkurrens med privata akt\u00f6rer. H\u00e4r efterfr\u00e5gar Kompetensf\u00f6retagen tydlighet fr\u00e5n regeringen. Utvecklingen av digitala tj\u00e4nster och ett distansoberoende st\u00f6d till individer som har utvecklats under pandemin \u00e4r erfarenheter som beh\u00f6ver tas tillvara. Samtidigt b\u00f6r man beakta den regionmodell som Arbetsf\u00f6rmedlingen har valt i uppbyggnaden av STOM och d\u00e4refter KROM. Dessa delar p\u00e5verkar vad som kan betraktas som vita fl\u00e4ckar och m\u00f6jligheterna f\u00f6r de arbetsl\u00f6sa att n\u00e5s av en m\u00e5ngfald av leverant\u00f6rer.<\/li>\n<\/ul>\n\n\n\n<p><a href=\"https:\/\/www.kompetensforetagen.se\/remisser\/vissa-lagforslag-med-anledning-av-en-reformerad-arbetsmarknadspolitisk-verksamhet-ds-202127\/\" target=\"_blank\" rel=\"noopener\">Hela remissyttrandet finns att l\u00e4sa h\u00e4r.&nbsp;<\/a><\/p>\n","protected":false},"excerpt":{"rendered":"<p>Kompetensf\u00f6retagen har l\u00e4mnat sitt remissyttrande till promemorian Vissa lagf\u00f6rslag med anledning av en reformerad arbetsmarknadspolitisk verksamhet, Ds 2021:27 .&nbsp; Kompetensf\u00f6retagen st\u00e4ller sig i allt v\u00e4sentligt bakom f\u00f6rslagen i promemorian men vill framf\u00f6ra f\u00f6r\u00e4ndringsf\u00f6rslag i vissa &hellip;<\/p>\n","protected":false},"author":6058,"featured_media":6427,"comment_status":"closed","ping_status":"closed","sticky":false,"template":"","format":"standard","meta":{"_acf_changed":false,"footnotes":""},"categories":[192,10],"tags":[],"article_type":[8,221],"agreement":[],"for-members":[],"class_list":["post-8334","post","type-post","status-publish","format-standard","has-post-thumbnail","hentry","category-arbetsformedlingen","category-arbetsmarknad","type-aktuellt","type-remisser"],"acf":[],"yoast_head":"<!-- This site is optimized with the Yoast SEO Premium plugin v26.8 (Yoast SEO v26.8) - https:\/\/yoast.com\/product\/yoast-seo-premium-wordpress\/ -->\n<title>Remissyttrande Ds 2021:27 I Kompetensf\u00f6retagen<\/title>\n<meta name=\"description\" content=\"Kompetensf\u00f6retagen har l\u00e4mnat sitt remissyttrande till Vissa lagf\u00f6rslag med anledning av en reformerad arbetsmarknadspolitisk verksamhet.\" \/>\n<meta name=\"robots\" content=\"index, follow, max-snippet:-1, max-image-preview:large, max-video-preview:-1\" \/>\n<link rel=\"canonical\" href=\"https:\/\/www.kompetensforetagen.se\/2021\/11\/remissyttrande-vissa-lagforslag-med-anledning-av-en-reformerad-arbetsmarknadspolitisk-verksamhet-ds-202127\/\" \/>\n<meta property=\"og:locale\" content=\"sv_SE\" \/>\n<meta property=\"og:type\" content=\"article\" \/>\n<meta property=\"og:title\" content=\"Remissyttrande Vissa lagf\u00f6rslag med anledning av en reformerad arbetsmarknadspolitisk verksamhet, Ds 2021:27\" \/>\n<meta property=\"og:description\" content=\"Kompetensf\u00f6retagen har l\u00e4mnat sitt remissyttrande till Vissa lagf\u00f6rslag med anledning av en reformerad arbetsmarknadspolitisk verksamhet.\" \/>\n<meta property=\"og:url\" content=\"https:\/\/www.kompetensforetagen.se\/2021\/11\/remissyttrande-vissa-lagforslag-med-anledning-av-en-reformerad-arbetsmarknadspolitisk-verksamhet-ds-202127\/\" \/>\n<meta property=\"og:site_name\" content=\"Kompetensf\u00f6retagen\" \/>\n<meta property=\"article:published_time\" content=\"2021-11-15T10:04:43+00:00\" \/>\n<meta property=\"article:modified_time\" content=\"2023-04-21T14:05:15+00:00\" \/>\n<meta property=\"og:image\" content=\"https:\/\/www.kompetensforetagen.se\/app\/uploads\/sites\/5\/2021\/02\/business-962359_1920.jpg\" \/>\n\t<meta property=\"og:image:width\" content=\"1920\" \/>\n\t<meta property=\"og:image:height\" content=\"1440\" \/>\n\t<meta property=\"og:image:type\" content=\"image\/jpeg\" \/>\n<meta name=\"author\" content=\"Shashika Sellgren\" \/>\n<meta name=\"twitter:card\" content=\"summary_large_image\" \/>\n<meta name=\"twitter:label1\" content=\"Skriven av\" \/>\n\t<meta name=\"twitter:data1\" content=\"Shashika Sellgren\" \/>\n\t<meta name=\"twitter:label2\" content=\"Ber\u00e4knad l\u00e4stid\" \/>\n\t<meta name=\"twitter:data2\" content=\"2 minuter\" \/>\n<!-- \/ Yoast SEO Premium plugin. -->","yoast_head_json":{"title":"Remissyttrande Ds 2021:27 I Kompetensf\u00f6retagen","description":"Kompetensf\u00f6retagen har l\u00e4mnat sitt remissyttrande till Vissa lagf\u00f6rslag med anledning av en reformerad arbetsmarknadspolitisk verksamhet.","robots":{"index":"index","follow":"follow","max-snippet":"max-snippet:-1","max-image-preview":"max-image-preview:large","max-video-preview":"max-video-preview:-1"},"canonical":"https:\/\/www.kompetensforetagen.se\/2021\/11\/remissyttrande-vissa-lagforslag-med-anledning-av-en-reformerad-arbetsmarknadspolitisk-verksamhet-ds-202127\/","og_locale":"sv_SE","og_type":"article","og_title":"Remissyttrande Vissa lagf\u00f6rslag med anledning av en reformerad arbetsmarknadspolitisk verksamhet, Ds 2021:27","og_description":"Kompetensf\u00f6retagen har l\u00e4mnat sitt remissyttrande till Vissa lagf\u00f6rslag med anledning av en reformerad arbetsmarknadspolitisk verksamhet.","og_url":"https:\/\/www.kompetensforetagen.se\/2021\/11\/remissyttrande-vissa-lagforslag-med-anledning-av-en-reformerad-arbetsmarknadspolitisk-verksamhet-ds-202127\/","og_site_name":"Kompetensf\u00f6retagen","article_published_time":"2021-11-15T10:04:43+00:00","article_modified_time":"2023-04-21T14:05:15+00:00","og_image":[{"width":1920,"height":1440,"url":"https:\/\/www.kompetensforetagen.se\/app\/uploads\/sites\/5\/2021\/02\/business-962359_1920.jpg","type":"image\/jpeg"}],"author":"Shashika Sellgren","twitter_card":"summary_large_image","twitter_misc":{"Skriven av":"Shashika Sellgren","Ber\u00e4knad l\u00e4stid":"2 minuter"},"schema":{"@context":"https:\/\/schema.org","@graph":[{"@type":"Article","@id":"https:\/\/www.kompetensforetagen.se\/2021\/11\/remissyttrande-vissa-lagforslag-med-anledning-av-en-reformerad-arbetsmarknadspolitisk-verksamhet-ds-202127\/#article","isPartOf":{"@id":"https:\/\/www.kompetensforetagen.se\/2021\/11\/remissyttrande-vissa-lagforslag-med-anledning-av-en-reformerad-arbetsmarknadspolitisk-verksamhet-ds-202127\/"},"author":{"name":"Shashika Sellgren","@id":"https:\/\/www.kompetensforetagen.se\/#\/schema\/person\/38c6b37b81c530c93246c3d1993d5662"},"headline":"Remissyttrande Vissa lagf\u00f6rslag med anledning av en reformerad arbetsmarknadspolitisk verksamhet, Ds 2021:27","datePublished":"2021-11-15T10:04:43+00:00","dateModified":"2023-04-21T14:05:15+00:00","mainEntityOfPage":{"@id":"https:\/\/www.kompetensforetagen.se\/2021\/11\/remissyttrande-vissa-lagforslag-med-anledning-av-en-reformerad-arbetsmarknadspolitisk-verksamhet-ds-202127\/"},"wordCount":467,"publisher":{"@id":"https:\/\/www.kompetensforetagen.se\/#organization"},"image":{"@id":"https:\/\/www.kompetensforetagen.se\/2021\/11\/remissyttrande-vissa-lagforslag-med-anledning-av-en-reformerad-arbetsmarknadspolitisk-verksamhet-ds-202127\/#primaryimage"},"thumbnailUrl":"https:\/\/www.kompetensforetagen.se\/app\/uploads\/sites\/5\/2021\/02\/business-962359_1920.jpg","articleSection":["Arbetsf\u00f6rmedlingen","Arbetsmarknad"],"inLanguage":"sv-SE"},{"@type":"WebPage","@id":"https:\/\/www.kompetensforetagen.se\/2021\/11\/remissyttrande-vissa-lagforslag-med-anledning-av-en-reformerad-arbetsmarknadspolitisk-verksamhet-ds-202127\/","url":"https:\/\/www.kompetensforetagen.se\/2021\/11\/remissyttrande-vissa-lagforslag-med-anledning-av-en-reformerad-arbetsmarknadspolitisk-verksamhet-ds-202127\/","name":"Remissyttrande Ds 2021:27 I Kompetensf\u00f6retagen","isPartOf":{"@id":"https:\/\/www.kompetensforetagen.se\/#website"},"primaryImageOfPage":{"@id":"https:\/\/www.kompetensforetagen.se\/2021\/11\/remissyttrande-vissa-lagforslag-med-anledning-av-en-reformerad-arbetsmarknadspolitisk-verksamhet-ds-202127\/#primaryimage"},"image":{"@id":"https:\/\/www.kompetensforetagen.se\/2021\/11\/remissyttrande-vissa-lagforslag-med-anledning-av-en-reformerad-arbetsmarknadspolitisk-verksamhet-ds-202127\/#primaryimage"},"thumbnailUrl":"https:\/\/www.kompetensforetagen.se\/app\/uploads\/sites\/5\/2021\/02\/business-962359_1920.jpg","datePublished":"2021-11-15T10:04:43+00:00","dateModified":"2023-04-21T14:05:15+00:00","description":"Kompetensf\u00f6retagen har l\u00e4mnat sitt remissyttrande till Vissa lagf\u00f6rslag med anledning av en reformerad arbetsmarknadspolitisk verksamhet.","breadcrumb":{"@id":"https:\/\/www.kompetensforetagen.se\/2021\/11\/remissyttrande-vissa-lagforslag-med-anledning-av-en-reformerad-arbetsmarknadspolitisk-verksamhet-ds-202127\/#breadcrumb"},"inLanguage":"sv-SE","potentialAction":[{"@type":"ReadAction","target":["https:\/\/www.kompetensforetagen.se\/2021\/11\/remissyttrande-vissa-lagforslag-med-anledning-av-en-reformerad-arbetsmarknadspolitisk-verksamhet-ds-202127\/"]}]},{"@type":"ImageObject","inLanguage":"sv-SE","@id":"https:\/\/www.kompetensforetagen.se\/2021\/11\/remissyttrande-vissa-lagforslag-med-anledning-av-en-reformerad-arbetsmarknadspolitisk-verksamhet-ds-202127\/#primaryimage","url":"https:\/\/www.kompetensforetagen.se\/app\/uploads\/sites\/5\/2021\/02\/business-962359_1920.jpg","contentUrl":"https:\/\/www.kompetensforetagen.se\/app\/uploads\/sites\/5\/2021\/02\/business-962359_1920.jpg","width":1920,"height":1440,"caption":"Strategisk r\u00e5dgivning och aff\u00e4rsutveckling inom rekryteringsbranschen."},{"@type":"BreadcrumbList","@id":"https:\/\/www.kompetensforetagen.se\/2021\/11\/remissyttrande-vissa-lagforslag-med-anledning-av-en-reformerad-arbetsmarknadspolitisk-verksamhet-ds-202127\/#breadcrumb","itemListElement":[{"@type":"ListItem","position":1,"name":"Home","item":"https:\/\/www.kompetensforetagen.se\/"},{"@type":"ListItem","position":2,"name":"Remissyttrande Vissa lagf\u00f6rslag med anledning av en reformerad arbetsmarknadspolitisk verksamhet, Ds 2021:27"}]},{"@type":"WebSite","@id":"https:\/\/www.kompetensforetagen.se\/#website","url":"https:\/\/www.kompetensforetagen.se\/","name":"Kompetensf\u00f6retagen","description":"R\u00e4tt person p\u00e5 r\u00e4tt plats kan f\u00f6r\u00e4ndra v\u00e4rlden","publisher":{"@id":"https:\/\/www.kompetensforetagen.se\/#organization"},"potentialAction":[{"@type":"SearchAction","target":{"@type":"EntryPoint","urlTemplate":"https:\/\/www.kompetensforetagen.se\/?s={search_term_string}"},"query-input":{"@type":"PropertyValueSpecification","valueRequired":true,"valueName":"search_term_string"}}],"inLanguage":"sv-SE"},{"@type":"Organization","@id":"https:\/\/www.kompetensforetagen.se\/#organization","name":"Kompetensf\u00f6retagen","url":"https:\/\/www.kompetensforetagen.se\/","logo":{"@type":"ImageObject","inLanguage":"sv-SE","@id":"https:\/\/www.kompetensforetagen.se\/#\/schema\/logo\/image\/","url":"https:\/\/www.kompetensforetagen.se\/app\/uploads\/sites\/5\/2022\/10\/logga_svart.png","contentUrl":"https:\/\/www.kompetensforetagen.se\/app\/uploads\/sites\/5\/2022\/10\/logga_svart.png","width":752,"height":64,"caption":"Kompetensf\u00f6retagen"},"image":{"@id":"https:\/\/www.kompetensforetagen.se\/#\/schema\/logo\/image\/"},"sameAs":["https:\/\/www.linkedin.com\/company\/10540032\/"]},{"@type":"Person","@id":"https:\/\/www.kompetensforetagen.se\/#\/schema\/person\/38c6b37b81c530c93246c3d1993d5662","name":"Shashika Sellgren","image":{"@type":"ImageObject","inLanguage":"sv-SE","@id":"https:\/\/www.kompetensforetagen.se\/#\/schema\/person\/image\/","url":"https:\/\/secure.gravatar.com\/avatar\/b225c479880df9eb82d1501dd105dd8040f27c8563f3d4bf5dd62ce0a1630abd?s=96&d=mm&r=g","contentUrl":"https:\/\/secure.gravatar.com\/avatar\/b225c479880df9eb82d1501dd105dd8040f27c8563f3d4bf5dd62ce0a1630abd?s=96&d=mm&r=g","caption":"Shashika Sellgren"},"url":"https:\/\/www.kompetensforetagen.se\/person\/shashikasellgren\/"}]}},"_links":{"self":[{"href":"https:\/\/www.kompetensforetagen.se\/api\/wp\/v2\/posts\/8334","targetHints":{"allow":["GET"]}}],"collection":[{"href":"https:\/\/www.kompetensforetagen.se\/api\/wp\/v2\/posts"}],"about":[{"href":"https:\/\/www.kompetensforetagen.se\/api\/wp\/v2\/types\/post"}],"author":[{"embeddable":true,"href":"https:\/\/www.kompetensforetagen.se\/api\/wp\/v2\/users\/6058"}],"replies":[{"embeddable":true,"href":"https:\/\/www.kompetensforetagen.se\/api\/wp\/v2\/comments?post=8334"}],"version-history":[{"count":1,"href":"https:\/\/www.kompetensforetagen.se\/api\/wp\/v2\/posts\/8334\/revisions"}],"predecessor-version":[{"id":13258,"href":"https:\/\/www.kompetensforetagen.se\/api\/wp\/v2\/posts\/8334\/revisions\/13258"}],"wp:featuredmedia":[{"embeddable":true,"href":"https:\/\/www.kompetensforetagen.se\/api\/wp\/v2\/media\/6427"}],"wp:attachment":[{"href":"https:\/\/www.kompetensforetagen.se\/api\/wp\/v2\/media?parent=8334"}],"wp:term":[{"taxonomy":"category","embeddable":true,"href":"https:\/\/www.kompetensforetagen.se\/api\/wp\/v2\/categories?post=8334"},{"taxonomy":"post_tag","embeddable":true,"href":"https:\/\/www.kompetensforetagen.se\/api\/wp\/v2\/tags?post=8334"},{"taxonomy":"type","embeddable":true,"href":"https:\/\/www.kompetensforetagen.se\/api\/wp\/v2\/article_type?post=8334"},{"taxonomy":"agreement","embeddable":true,"href":"https:\/\/www.kompetensforetagen.se\/api\/wp\/v2\/agreement?post=8334"},{"taxonomy":"for-members","embeddable":true,"href":"https:\/\/www.kompetensforetagen.se\/api\/wp\/v2\/for-members?post=8334"}],"curies":[{"name":"wp","href":"https:\/\/api.w.org\/{rel}","templated":true}]}}