{"id":8326,"date":"2021-11-12T15:22:42","date_gmt":"2021-11-12T14:22:42","guid":{"rendered":"https:\/\/www.kompetensforetagen.se\/?p=8326"},"modified":"2023-04-21T16:03:56","modified_gmt":"2023-04-21T14:03:56","slug":"om-du-vill-sluta-som-konsult","status":"publish","type":"post","link":"https:\/\/www.kompetensforetagen.se\/2021\/11\/om-du-vill-sluta-som-konsult\/","title":{"rendered":"Om du vill sluta som konsult"},"content":{"rendered":"\n<p><span data-contrast=\"auto\">Det kan s\u00e5klart h\u00e4nda att du vill g\u00e5 vidare fr\u00e5n din anst\u00e4llning och sluta som konsult av n\u00e5gon anledning. Vad beh\u00f6ver du t\u00e4nka p\u00e5 om du vill sluta som konsult? \u00a0<\/span><\/p>\n\n\n\n\n\n<h3 class=\"wp-block-heading\"><b><span data-contrast=\"auto\">Du vill s\u00e4ga upp dig<\/span><\/b><span data-ccp-props=\"{&quot;201341983&quot;:0,&quot;335559739&quot;:160,&quot;335559740&quot;:259}\">&nbsp;<\/span><\/h3>\n\n\n\n<p><span data-contrast=\"auto\">Om du har beslutat s\u00e4ga upp din anst\u00e4llning \u00e4r det viktigt att du tittar p\u00e5 vad som st\u00e5r i ditt anst\u00e4llningsavtal om upps\u00e4gningstid. St\u00e5r det inget s\u00e4rskilt d\u00e4r f\u00e5r du titta i <a href=\"https:\/\/www.kompetensforetagen.se\/medlemskap\/kollektivavtal\/\" target=\"_blank\" rel=\"noopener\">kollektivavtalet<\/a>. Din upps\u00e4gning ska du l\u00e4mna till bemanningsf\u00f6retaget. Kanske har du redan ett nytt jobb som du fokuserar p\u00e5, men t\u00e4nk p\u00e5 att sk\u00f6ta din upps\u00e4gning och ditt jobb under upps\u00e4gningstiden p\u00e5 ett bra s\u00e4tt! &nbsp;<\/span><\/p>\n\n\n\n\n\n<h3 class=\"wp-block-heading\"><b><span data-contrast=\"auto\">Du&nbsp;blir&nbsp;uppsagd&nbsp;<\/span><\/b><span data-ccp-props=\"{&quot;201341983&quot;:0,&quot;335559739&quot;:160,&quot;335559740&quot;:259}\">&nbsp;<\/span><\/h3>\n\n\n\n<p><span data-contrast=\"auto\">Det h\u00e4nder ibland att bemanningsf\u00f6retaget inte har fler uppdrag \u00e5t dig, och d\u00e4rf\u00f6r beh\u00f6ver s\u00e4ga upp dig. Precis som n\u00e4r du sj\u00e4lv s\u00e4ger upp dig s\u00e5 ska bemanningsf\u00f6retaget f\u00f6lja lagar och avtal vad g\u00e4ller upps\u00e4gningstid och annat som g\u00e4ller vid en upps\u00e4gning. <\/span><\/p>\n\n\n\n\n\n<h3 class=\"wp-block-heading\"><b><span data-contrast=\"auto\">Kundf\u00f6retaget\u00a0erbjuder\u00a0<\/span><\/b><br><b><span data-contrast=\"auto\">en anst\u00e4llning\u00a0<\/span><\/b><span data-ccp-props=\"{&quot;201341983&quot;:0,&quot;335559739&quot;:160,&quot;335559740&quot;:259}\">\u00a0<\/span><\/h3>\n\n\n\n<p><span data-contrast=\"auto\">M\u00e5nga konsulter g\u00e5r vidare till anst\u00e4llning hos kundf\u00f6retagen.&nbsp;Om du&nbsp;f\u00e5r ett erbjudande men&nbsp;inte \u00e4r intresserad \u00e4r det bara att artigt tacka nej. Skulle du vara intresserad av att ta jobbet s\u00e5 blir nog din arbetsgivare glad f\u00f6r din skull,&nbsp;\u00e4ven om det \u00e4r tr\u00e5kigt att f\u00f6rlora en duktig medarbetare. Det \u00e4r&nbsp;allts\u00e5 helt&nbsp;till\u00e5tet att ta anst\u00e4llning p\u00e5 ett kundf\u00f6retag, men det \u00e4r viktigt att du meddelar&nbsp;bemanningsf\u00f6retaget&nbsp;och f\u00f6ljer&nbsp;reglerna&nbsp;om upps\u00e4gningstid.&nbsp;<\/span><\/p>\n\n\n\n\n\n<h3 class=\"wp-block-heading\"><span data-ccp-props=\"{&quot;201341983&quot;:0,&quot;335559739&quot;:160,&quot;335559740&quot;:259}\">\u00a0<\/span><\/h3>\n","protected":false},"excerpt":{"rendered":"<p>Det kan s\u00e5klart h\u00e4nda att du vill g\u00e5 vidare fr\u00e5n din anst\u00e4llning och sluta som konsult av n\u00e5gon anledning. Vad beh\u00f6ver du t\u00e4nka p\u00e5 om du vill sluta som konsult? \u00a0 Du vill s\u00e4ga upp &hellip;<\/p>\n","protected":false},"author":6058,"featured_media":8327,"comment_status":"closed","ping_status":"closed","sticky":false,"template":"","format":"standard","meta":{"_acf_changed":false,"footnotes":""},"categories":[7,204],"tags":[],"article_type":[210],"agreement":[],"for-members":[],"class_list":["post-8326","post","type-post","status-publish","format-standard","has-post-thumbnail","hentry","category-inhyrning","category-konsult","type-fakta"],"acf":[],"yoast_head":"<!-- This site is optimized with the Yoast SEO Premium plugin v26.8 (Yoast SEO v26.8) - https:\/\/yoast.com\/product\/yoast-seo-premium-wordpress\/ -->\n<title>Om du vill sluta som konsult<\/title>\n<meta name=\"description\" content=\"Det kan s\u00e5klart h\u00e4nda att du vill g\u00e5 vidare fr\u00e5n din anst\u00e4llning av n\u00e5gon anledning och sluta som konsult. Vad beh\u00f6ver du t\u00e4nka p\u00e5 d\u00e5?\u00a0\u00a0\" \/>\n<meta name=\"robots\" content=\"index, follow, max-snippet:-1, max-image-preview:large, max-video-preview:-1\" \/>\n<link rel=\"canonical\" href=\"https:\/\/www.kompetensforetagen.se\/2021\/11\/om-du-vill-sluta-som-konsult\/\" \/>\n<meta property=\"og:locale\" content=\"sv_SE\" \/>\n<meta property=\"og:type\" content=\"article\" \/>\n<meta property=\"og:title\" content=\"Om du vill sluta som konsult\" \/>\n<meta property=\"og:description\" content=\"Det kan s\u00e5klart h\u00e4nda att du vill g\u00e5 vidare fr\u00e5n din anst\u00e4llning av n\u00e5gon anledning och sluta som konsult. Vad beh\u00f6ver du t\u00e4nka p\u00e5 d\u00e5?\u00a0\u00a0\" \/>\n<meta property=\"og:url\" content=\"https:\/\/www.kompetensforetagen.se\/2021\/11\/om-du-vill-sluta-som-konsult\/\" \/>\n<meta property=\"og:site_name\" content=\"Kompetensf\u00f6retagen\" \/>\n<meta property=\"article:published_time\" content=\"2021-11-12T14:22:42+00:00\" \/>\n<meta property=\"article:modified_time\" content=\"2023-04-21T14:03:56+00:00\" \/>\n<meta property=\"og:image\" content=\"https:\/\/www.kompetensforetagen.se\/app\/uploads\/sites\/5\/2021\/11\/namnlos-design-3-e1636726918141.png\" \/>\n\t<meta property=\"og:image:width\" content=\"1118\" \/>\n\t<meta property=\"og:image:height\" content=\"630\" \/>\n\t<meta property=\"og:image:type\" content=\"image\/png\" \/>\n<meta name=\"author\" content=\"Shashika Sellgren\" \/>\n<meta name=\"twitter:card\" content=\"summary_large_image\" \/>\n<meta name=\"twitter:label1\" content=\"Skriven av\" \/>\n\t<meta name=\"twitter:data1\" content=\"Shashika Sellgren\" \/>\n\t<meta name=\"twitter:label2\" content=\"Ber\u00e4knad l\u00e4stid\" \/>\n\t<meta name=\"twitter:data2\" content=\"2 minuter\" \/>\n<!-- \/ Yoast SEO Premium plugin. -->","yoast_head_json":{"title":"Om du vill sluta som konsult","description":"Det kan s\u00e5klart h\u00e4nda att du vill g\u00e5 vidare fr\u00e5n din anst\u00e4llning av n\u00e5gon anledning och sluta som konsult. Vad beh\u00f6ver du t\u00e4nka p\u00e5 d\u00e5?\u00a0\u00a0","robots":{"index":"index","follow":"follow","max-snippet":"max-snippet:-1","max-image-preview":"max-image-preview:large","max-video-preview":"max-video-preview:-1"},"canonical":"https:\/\/www.kompetensforetagen.se\/2021\/11\/om-du-vill-sluta-som-konsult\/","og_locale":"sv_SE","og_type":"article","og_title":"Om du vill sluta som konsult","og_description":"Det kan s\u00e5klart h\u00e4nda att du vill g\u00e5 vidare fr\u00e5n din anst\u00e4llning av n\u00e5gon anledning och sluta som konsult. Vad beh\u00f6ver du t\u00e4nka p\u00e5 d\u00e5?\u00a0\u00a0","og_url":"https:\/\/www.kompetensforetagen.se\/2021\/11\/om-du-vill-sluta-som-konsult\/","og_site_name":"Kompetensf\u00f6retagen","article_published_time":"2021-11-12T14:22:42+00:00","article_modified_time":"2023-04-21T14:03:56+00:00","og_image":[{"width":1118,"height":630,"url":"https:\/\/www.kompetensforetagen.se\/app\/uploads\/sites\/5\/2021\/11\/namnlos-design-3-e1636726918141.png","type":"image\/png"}],"author":"Shashika Sellgren","twitter_card":"summary_large_image","twitter_misc":{"Skriven av":"Shashika Sellgren","Ber\u00e4knad l\u00e4stid":"2 minuter"},"schema":{"@context":"https:\/\/schema.org","@graph":[{"@type":"Article","@id":"https:\/\/www.kompetensforetagen.se\/2021\/11\/om-du-vill-sluta-som-konsult\/#article","isPartOf":{"@id":"https:\/\/www.kompetensforetagen.se\/2021\/11\/om-du-vill-sluta-som-konsult\/"},"author":{"name":"Shashika Sellgren","@id":"https:\/\/www.kompetensforetagen.se\/#\/schema\/person\/38c6b37b81c530c93246c3d1993d5662"},"headline":"Om du vill sluta som konsult","datePublished":"2021-11-12T14:22:42+00:00","dateModified":"2023-04-21T14:03:56+00:00","mainEntityOfPage":{"@id":"https:\/\/www.kompetensforetagen.se\/2021\/11\/om-du-vill-sluta-som-konsult\/"},"wordCount":305,"publisher":{"@id":"https:\/\/www.kompetensforetagen.se\/#organization"},"image":{"@id":"https:\/\/www.kompetensforetagen.se\/2021\/11\/om-du-vill-sluta-som-konsult\/#primaryimage"},"thumbnailUrl":"https:\/\/www.kompetensforetagen.se\/app\/uploads\/sites\/5\/2021\/11\/namnlos-design-3-e1636726918141.png","articleSection":["Inhyrning","Konsult"],"inLanguage":"sv-SE"},{"@type":"WebPage","@id":"https:\/\/www.kompetensforetagen.se\/2021\/11\/om-du-vill-sluta-som-konsult\/","url":"https:\/\/www.kompetensforetagen.se\/2021\/11\/om-du-vill-sluta-som-konsult\/","name":"Om du vill sluta som konsult","isPartOf":{"@id":"https:\/\/www.kompetensforetagen.se\/#website"},"primaryImageOfPage":{"@id":"https:\/\/www.kompetensforetagen.se\/2021\/11\/om-du-vill-sluta-som-konsult\/#primaryimage"},"image":{"@id":"https:\/\/www.kompetensforetagen.se\/2021\/11\/om-du-vill-sluta-som-konsult\/#primaryimage"},"thumbnailUrl":"https:\/\/www.kompetensforetagen.se\/app\/uploads\/sites\/5\/2021\/11\/namnlos-design-3-e1636726918141.png","datePublished":"2021-11-12T14:22:42+00:00","dateModified":"2023-04-21T14:03:56+00:00","description":"Det kan s\u00e5klart h\u00e4nda att du vill g\u00e5 vidare fr\u00e5n din anst\u00e4llning av n\u00e5gon anledning och sluta som konsult. Vad beh\u00f6ver du t\u00e4nka p\u00e5 d\u00e5?\u00a0\u00a0","breadcrumb":{"@id":"https:\/\/www.kompetensforetagen.se\/2021\/11\/om-du-vill-sluta-som-konsult\/#breadcrumb"},"inLanguage":"sv-SE","potentialAction":[{"@type":"ReadAction","target":["https:\/\/www.kompetensforetagen.se\/2021\/11\/om-du-vill-sluta-som-konsult\/"]}]},{"@type":"ImageObject","inLanguage":"sv-SE","@id":"https:\/\/www.kompetensforetagen.se\/2021\/11\/om-du-vill-sluta-som-konsult\/#primaryimage","url":"https:\/\/www.kompetensforetagen.se\/app\/uploads\/sites\/5\/2021\/11\/namnlos-design-3-e1636726918141.png","contentUrl":"https:\/\/www.kompetensforetagen.se\/app\/uploads\/sites\/5\/2021\/11\/namnlos-design-3-e1636726918141.png","width":1118,"height":630,"caption":"Informationsbild g\u00e4llande arbetsmarknadspolitiska fr\u00e5gor."},{"@type":"BreadcrumbList","@id":"https:\/\/www.kompetensforetagen.se\/2021\/11\/om-du-vill-sluta-som-konsult\/#breadcrumb","itemListElement":[{"@type":"ListItem","position":1,"name":"Home","item":"https:\/\/www.kompetensforetagen.se\/"},{"@type":"ListItem","position":2,"name":"Om du vill sluta som konsult"}]},{"@type":"WebSite","@id":"https:\/\/www.kompetensforetagen.se\/#website","url":"https:\/\/www.kompetensforetagen.se\/","name":"Kompetensf\u00f6retagen","description":"R\u00e4tt person p\u00e5 r\u00e4tt plats kan f\u00f6r\u00e4ndra v\u00e4rlden","publisher":{"@id":"https:\/\/www.kompetensforetagen.se\/#organization"},"potentialAction":[{"@type":"SearchAction","target":{"@type":"EntryPoint","urlTemplate":"https:\/\/www.kompetensforetagen.se\/?s={search_term_string}"},"query-input":{"@type":"PropertyValueSpecification","valueRequired":true,"valueName":"search_term_string"}}],"inLanguage":"sv-SE"},{"@type":"Organization","@id":"https:\/\/www.kompetensforetagen.se\/#organization","name":"Kompetensf\u00f6retagen","url":"https:\/\/www.kompetensforetagen.se\/","logo":{"@type":"ImageObject","inLanguage":"sv-SE","@id":"https:\/\/www.kompetensforetagen.se\/#\/schema\/logo\/image\/","url":"https:\/\/www.kompetensforetagen.se\/app\/uploads\/sites\/5\/2022\/10\/logga_svart.png","contentUrl":"https:\/\/www.kompetensforetagen.se\/app\/uploads\/sites\/5\/2022\/10\/logga_svart.png","width":752,"height":64,"caption":"Kompetensf\u00f6retagen"},"image":{"@id":"https:\/\/www.kompetensforetagen.se\/#\/schema\/logo\/image\/"},"sameAs":["https:\/\/www.linkedin.com\/company\/10540032\/"]},{"@type":"Person","@id":"https:\/\/www.kompetensforetagen.se\/#\/schema\/person\/38c6b37b81c530c93246c3d1993d5662","name":"Shashika Sellgren","image":{"@type":"ImageObject","inLanguage":"sv-SE","@id":"https:\/\/www.kompetensforetagen.se\/#\/schema\/person\/image\/","url":"https:\/\/secure.gravatar.com\/avatar\/b225c479880df9eb82d1501dd105dd8040f27c8563f3d4bf5dd62ce0a1630abd?s=96&d=mm&r=g","contentUrl":"https:\/\/secure.gravatar.com\/avatar\/b225c479880df9eb82d1501dd105dd8040f27c8563f3d4bf5dd62ce0a1630abd?s=96&d=mm&r=g","caption":"Shashika Sellgren"},"url":"https:\/\/www.kompetensforetagen.se\/person\/shashikasellgren\/"}]}},"_links":{"self":[{"href":"https:\/\/www.kompetensforetagen.se\/api\/wp\/v2\/posts\/8326","targetHints":{"allow":["GET"]}}],"collection":[{"href":"https:\/\/www.kompetensforetagen.se\/api\/wp\/v2\/posts"}],"about":[{"href":"https:\/\/www.kompetensforetagen.se\/api\/wp\/v2\/types\/post"}],"author":[{"embeddable":true,"href":"https:\/\/www.kompetensforetagen.se\/api\/wp\/v2\/users\/6058"}],"replies":[{"embeddable":true,"href":"https:\/\/www.kompetensforetagen.se\/api\/wp\/v2\/comments?post=8326"}],"version-history":[{"count":2,"href":"https:\/\/www.kompetensforetagen.se\/api\/wp\/v2\/posts\/8326\/revisions"}],"predecessor-version":[{"id":13256,"href":"https:\/\/www.kompetensforetagen.se\/api\/wp\/v2\/posts\/8326\/revisions\/13256"}],"wp:featuredmedia":[{"embeddable":true,"href":"https:\/\/www.kompetensforetagen.se\/api\/wp\/v2\/media\/8327"}],"wp:attachment":[{"href":"https:\/\/www.kompetensforetagen.se\/api\/wp\/v2\/media?parent=8326"}],"wp:term":[{"taxonomy":"category","embeddable":true,"href":"https:\/\/www.kompetensforetagen.se\/api\/wp\/v2\/categories?post=8326"},{"taxonomy":"post_tag","embeddable":true,"href":"https:\/\/www.kompetensforetagen.se\/api\/wp\/v2\/tags?post=8326"},{"taxonomy":"type","embeddable":true,"href":"https:\/\/www.kompetensforetagen.se\/api\/wp\/v2\/article_type?post=8326"},{"taxonomy":"agreement","embeddable":true,"href":"https:\/\/www.kompetensforetagen.se\/api\/wp\/v2\/agreement?post=8326"},{"taxonomy":"for-members","embeddable":true,"href":"https:\/\/www.kompetensforetagen.se\/api\/wp\/v2\/for-members?post=8326"}],"curies":[{"name":"wp","href":"https:\/\/api.w.org\/{rel}","templated":true}]}}