{"id":8319,"date":"2021-11-12T14:40:20","date_gmt":"2021-11-12T13:40:20","guid":{"rendered":"https:\/\/www.kompetensforetagen.se\/?p=8319"},"modified":"2023-12-01T16:34:05","modified_gmt":"2023-12-01T15:34:05","slug":"ledighet-forsakringar-och-andra-formaner-for-konsulter","status":"publish","type":"post","link":"https:\/\/www.kompetensforetagen.se\/2021\/11\/ledighet-forsakringar-och-andra-formaner-for-konsulter\/","title":{"rendered":"Ledighet, f\u00f6rs\u00e4kringar och andra f\u00f6rm\u00e5ner f\u00f6r konsulter"},"content":{"rendered":"\n\n\n\n<p>Kan konsulter vabba? Sj\u00e4lvklart. Den som jobbar som konsult har r\u00e4tt till tj\u00e4nstledighet, f\u00f6r\u00e4ldraledighet,\u00a0 f\u00f6rs\u00e4kringar och andra f\u00f6rm\u00e5ner och m\u00f6jligheter. H\u00e4r kan du l\u00e4sa mer om vad som g\u00e4ller och hur det funkar.<\/p>\n\n\n\n\n\n<p><\/p>\n\n\n\n\n<a class='Share__link Share__link--url copy-text' href='#' rel='nofollow' data-text='semester' title='Dela url' data-confirmation='L\u00e4nken kopierades till urklipp'><svg class='icon icon--link'  width='18' height='18' viewBox='0 0 18 18' fill='none' xmlns='http:\/\/www.w3.org\/2000\/svg'>\n            <path d='M10.4142 0.514721L6.87868 4.05025L8.29289 5.46447L11.1213 2.63604L15.364 6.87868L12.5355 9.70711L13.9497 11.1213L17.4853 7.58579C17.8763 7.19476 17.8763 6.5626 17.4853 6.17158L11.8284 0.514721C11.4374 0.123691 10.8052 0.123691 10.4142 0.514721Z' fill='black'\/>\n            <path d='M9.7071 12.5355L6.87868 15.364L2.63604 11.1213L5.46446 8.2929L4.05025 6.87868L0.514716 10.4142C0.123686 10.8052 0.123686 11.4374 0.514716 11.8284L6.17157 17.4853C6.5626 17.8763 7.19475 17.8763 7.58578 17.4853L11.1213 13.9497L9.7071 12.5355Z' fill='black'\/>\n            <path d='M6.17157 11.8284C6.5626 12.2195 7.19475 12.2195 7.58578 11.8284L11.8284 7.58579C12.2195 7.19476 12.2195 6.56261 11.8284 6.17158C11.4374 5.78055 10.8052 5.78055 10.4142 6.17158L6.17157 10.4142C5.78054 10.8052 5.78054 11.4374 6.17157 11.8284Z' fill='black'\/>\n            <\/svg> <\/a>\n<h2 class=\"wp-block-heading\"><b><span data-contrast=\"none\">Semester<\/span><\/b><\/h2>\n\n\n\n<p><span data-contrast=\"none\">Enligt<a href=\"https:\/\/www.riksdagen.se\/sv\/dokument-lagar\/dokument\/svensk-forfattningssamling\/semesterlag-1977480_sfs-1977-480\" target=\"_blank\" rel=\"noopener\"> semesterlagen<\/a> och kollektivavtalet har du r\u00e4tt till 25 dagars semester per \u00e5r.&nbsp;&nbsp;Semesterl\u00f6nen ber\u00e4knas p\u00e5&nbsp;hur mycket l\u00f6n du tj\u00e4nat in. N\u00e4r din anst\u00e4llning b\u00f6rjade har allts\u00e5 betydelse f\u00f6r om du&nbsp;f\u00e5r betald semester.&nbsp;Du&nbsp;har&nbsp;allts\u00e5&nbsp;i regel&nbsp;inte&nbsp;r\u00e4tt till&nbsp;betald semester om din anst\u00e4llning b\u00f6rjat samma \u00e5r.&nbsp;Skulle din anst\u00e4llning av n\u00e5gon anledning upph\u00f6ra&nbsp;betalas&nbsp;semesterpengarna ut tillsammans med&nbsp;slutl\u00f6nen.<\/span><\/p>\n\n\n\n\n<a class='Share__link Share__link--url copy-text' href='#' rel='nofollow' data-text='foraldralon-och-foraldrapenning&nbsp;' title='Dela url' data-confirmation='L\u00e4nken kopierades till urklipp'><svg class='icon icon--link'  width='18' height='18' viewBox='0 0 18 18' fill='none' xmlns='http:\/\/www.w3.org\/2000\/svg'>\n            <path d='M10.4142 0.514721L6.87868 4.05025L8.29289 5.46447L11.1213 2.63604L15.364 6.87868L12.5355 9.70711L13.9497 11.1213L17.4853 7.58579C17.8763 7.19476 17.8763 6.5626 17.4853 6.17158L11.8284 0.514721C11.4374 0.123691 10.8052 0.123691 10.4142 0.514721Z' fill='black'\/>\n            <path d='M9.7071 12.5355L6.87868 15.364L2.63604 11.1213L5.46446 8.2929L4.05025 6.87868L0.514716 10.4142C0.123686 10.8052 0.123686 11.4374 0.514716 11.8284L6.17157 17.4853C6.5626 17.8763 7.19475 17.8763 7.58578 17.4853L11.1213 13.9497L9.7071 12.5355Z' fill='black'\/>\n            <path d='M6.17157 11.8284C6.5626 12.2195 7.19475 12.2195 7.58578 11.8284L11.8284 7.58579C12.2195 7.19476 12.2195 6.56261 11.8284 6.17158C11.4374 5.78055 10.8052 5.78055 10.4142 6.17158L6.17157 10.4142C5.78054 10.8052 5.78054 11.4374 6.17157 11.8284Z' fill='black'\/>\n            <\/svg> <\/a>\n<h2 class=\"wp-block-heading\"><b><span data-contrast=\"none\">F\u00f6r\u00e4ldral\u00f6n och f\u00f6r\u00e4ldrapenning<\/span><\/b><span data-ccp-props=\"{&quot;201341983&quot;:0,&quot;335559739&quot;:160,&quot;335559740&quot;:259}\">&nbsp;<\/span><\/h2>\n\n\n\n<p><span data-contrast=\"none\">Under tiden du \u00e4r f\u00f6r\u00e4ldraledig&nbsp;har du r\u00e4tt till f\u00f6r\u00e4ldrapenning fr\u00e5n F\u00f6rs\u00e4kringskassan som alla andra.&nbsp;I&nbsp;<a href=\"https:\/\/www.kompetensforetagen.se\/medlemskap\/kollektivavtal\/\" target=\"_blank\" rel=\"noopener\">Kompetensf\u00f6retagens kollektivavtal<\/a> finns dessutom m\u00f6jlighet till f\u00f6r\u00e4ldraf\u00f6rm\u00e5ner som kan ge extra pengar.&nbsp;Kolla med din arbetsgivare vad du kan f\u00e5!<\/span><\/p>\n\n\n\n\n\n\n<a class='Share__link Share__link--url copy-text' href='#' rel='nofollow' data-text='tjanstledighet' title='Dela url' data-confirmation='L\u00e4nken kopierades till urklipp'><svg class='icon icon--link'  width='18' height='18' viewBox='0 0 18 18' fill='none' xmlns='http:\/\/www.w3.org\/2000\/svg'>\n            <path d='M10.4142 0.514721L6.87868 4.05025L8.29289 5.46447L11.1213 2.63604L15.364 6.87868L12.5355 9.70711L13.9497 11.1213L17.4853 7.58579C17.8763 7.19476 17.8763 6.5626 17.4853 6.17158L11.8284 0.514721C11.4374 0.123691 10.8052 0.123691 10.4142 0.514721Z' fill='black'\/>\n            <path d='M9.7071 12.5355L6.87868 15.364L2.63604 11.1213L5.46446 8.2929L4.05025 6.87868L0.514716 10.4142C0.123686 10.8052 0.123686 11.4374 0.514716 11.8284L6.17157 17.4853C6.5626 17.8763 7.19475 17.8763 7.58578 17.4853L11.1213 13.9497L9.7071 12.5355Z' fill='black'\/>\n            <path d='M6.17157 11.8284C6.5626 12.2195 7.19475 12.2195 7.58578 11.8284L11.8284 7.58579C12.2195 7.19476 12.2195 6.56261 11.8284 6.17158C11.4374 5.78055 10.8052 5.78055 10.4142 6.17158L6.17157 10.4142C5.78054 10.8052 5.78054 11.4374 6.17157 11.8284Z' fill='black'\/>\n            <\/svg> <\/a>\n<h2 class=\"wp-block-heading\"><b><span data-contrast=\"none\">Tj\u00e4nstledighet<\/span><\/b><\/h2>\n\n\n\n<p><span data-contrast=\"none\">Du har enligt lag r\u00e4tt att vara tj\u00e4nstledig till exempel f\u00f6r studier. Du kan \u00e4ven komma \u00f6verens med din arbetsgivare om annan typ av tj\u00e4nstledighet \u00e4n den som \u00e4r reglerad i lag. Under s\u00e5dan tj\u00e4nstledighet f\u00e5r du ingen l\u00f6n.\u00a0<\/span><\/p>\n\n\n<a class='Share__link Share__link--url copy-text' href='#' rel='nofollow' data-text='pension-och-forsakringar' title='Dela url' data-confirmation='L\u00e4nken kopierades till urklipp'><svg class='icon icon--link'  width='18' height='18' viewBox='0 0 18 18' fill='none' xmlns='http:\/\/www.w3.org\/2000\/svg'>\n            <path d='M10.4142 0.514721L6.87868 4.05025L8.29289 5.46447L11.1213 2.63604L15.364 6.87868L12.5355 9.70711L13.9497 11.1213L17.4853 7.58579C17.8763 7.19476 17.8763 6.5626 17.4853 6.17158L11.8284 0.514721C11.4374 0.123691 10.8052 0.123691 10.4142 0.514721Z' fill='black'\/>\n            <path d='M9.7071 12.5355L6.87868 15.364L2.63604 11.1213L5.46446 8.2929L4.05025 6.87868L0.514716 10.4142C0.123686 10.8052 0.123686 11.4374 0.514716 11.8284L6.17157 17.4853C6.5626 17.8763 7.19475 17.8763 7.58578 17.4853L11.1213 13.9497L9.7071 12.5355Z' fill='black'\/>\n            <path d='M6.17157 11.8284C6.5626 12.2195 7.19475 12.2195 7.58578 11.8284L11.8284 7.58579C12.2195 7.19476 12.2195 6.56261 11.8284 6.17158C11.4374 5.78055 10.8052 5.78055 10.4142 6.17158L6.17157 10.4142C5.78054 10.8052 5.78054 11.4374 6.17157 11.8284Z' fill='black'\/>\n            <\/svg> <\/a>\n<h2 class=\"wp-block-heading\"><b><span data-contrast=\"none\">Pension och f\u00f6rs\u00e4kringar<\/span><\/b><\/h2>\n\n\n\n<p><span data-contrast=\"none\">Du \u00e4r sj\u00e4lvklart f\u00f6rs\u00e4krad p\u00e5 jobbet! Enligt kollektivavtalet har du pensionsf\u00f6rs\u00e4kring, tj\u00e4nstegrupplivf\u00f6rs\u00e4kring, arbetsskadef\u00f6rs\u00e4kring, sjukf\u00f6rs\u00e4kring och omst\u00e4llningsf\u00f6rs\u00e4kringar. Fr\u00e5ga din arbetsgivare om du undrar n\u00e5got! <\/span><span data-ccp-props=\"{&quot;201341983&quot;:0,&quot;335559739&quot;:160,&quot;335559740&quot;:259}\">&nbsp;<\/span><\/p>\n\n\n\n<p>L\u00e4s mer p\u00e5<a href=\"https:\/\/www.avtalat.se\/\" target=\"_blank\" rel=\"noopener\"> avtalat.se<\/a> och <a href=\"https:\/\/www.afaforsakring.se\/\" target=\"_blank\" rel=\"noopener\">AFA<\/a><\/p>\n\n\n<a class='Share__link Share__link--url copy-text' href='#' rel='nofollow' data-text='ledighet-med-lon' title='Dela url' data-confirmation='L\u00e4nken kopierades till urklipp'><svg class='icon icon--link'  width='18' height='18' viewBox='0 0 18 18' fill='none' xmlns='http:\/\/www.w3.org\/2000\/svg'>\n            <path d='M10.4142 0.514721L6.87868 4.05025L8.29289 5.46447L11.1213 2.63604L15.364 6.87868L12.5355 9.70711L13.9497 11.1213L17.4853 7.58579C17.8763 7.19476 17.8763 6.5626 17.4853 6.17158L11.8284 0.514721C11.4374 0.123691 10.8052 0.123691 10.4142 0.514721Z' fill='black'\/>\n            <path d='M9.7071 12.5355L6.87868 15.364L2.63604 11.1213L5.46446 8.2929L4.05025 6.87868L0.514716 10.4142C0.123686 10.8052 0.123686 11.4374 0.514716 11.8284L6.17157 17.4853C6.5626 17.8763 7.19475 17.8763 7.58578 17.4853L11.1213 13.9497L9.7071 12.5355Z' fill='black'\/>\n            <path d='M6.17157 11.8284C6.5626 12.2195 7.19475 12.2195 7.58578 11.8284L11.8284 7.58579C12.2195 7.19476 12.2195 6.56261 11.8284 6.17158C11.4374 5.78055 10.8052 5.78055 10.4142 6.17158L6.17157 10.4142C5.78054 10.8052 5.78054 11.4374 6.17157 11.8284Z' fill='black'\/>\n            <\/svg> <\/a>\n<h2 class=\"wp-block-heading\"><b><span data-contrast=\"none\">Ledighet med l\u00f6n<\/span><\/b><\/h2>\n\n\n\n<p><span data-contrast=\"none\">Det finns tillf\u00e4llen n\u00e4r du kan ta en kort ledighet, h\u00f6gst en dag, med l\u00f6n. Detta kallas f\u00f6r permission.&nbsp;&nbsp;&nbsp;Det kan vara till exempel n\u00e4r du sj\u00e4lv fyller 50, om du ska gifta dig eller en n\u00e4ra anh\u00f6rig pl\u00f6tsligt blir sjuk.&nbsp;&nbsp;Vilka permissionsregler som g\u00e4ller f\u00f6r dig st\u00e5r i kollektivavtalet.&nbsp;<\/span><\/p>\n\n\n\n\n<a class='Share__link Share__link--url copy-text' href='#' rel='nofollow' data-text='sjukdom-och-vard-av-barn' title='Dela url' data-confirmation='L\u00e4nken kopierades till urklipp'><svg class='icon icon--link'  width='18' height='18' viewBox='0 0 18 18' fill='none' xmlns='http:\/\/www.w3.org\/2000\/svg'>\n            <path d='M10.4142 0.514721L6.87868 4.05025L8.29289 5.46447L11.1213 2.63604L15.364 6.87868L12.5355 9.70711L13.9497 11.1213L17.4853 7.58579C17.8763 7.19476 17.8763 6.5626 17.4853 6.17158L11.8284 0.514721C11.4374 0.123691 10.8052 0.123691 10.4142 0.514721Z' fill='black'\/>\n            <path d='M9.7071 12.5355L6.87868 15.364L2.63604 11.1213L5.46446 8.2929L4.05025 6.87868L0.514716 10.4142C0.123686 10.8052 0.123686 11.4374 0.514716 11.8284L6.17157 17.4853C6.5626 17.8763 7.19475 17.8763 7.58578 17.4853L11.1213 13.9497L9.7071 12.5355Z' fill='black'\/>\n            <path d='M6.17157 11.8284C6.5626 12.2195 7.19475 12.2195 7.58578 11.8284L11.8284 7.58579C12.2195 7.19476 12.2195 6.56261 11.8284 6.17158C11.4374 5.78055 10.8052 5.78055 10.4142 6.17158L6.17157 10.4142C5.78054 10.8052 5.78054 11.4374 6.17157 11.8284Z' fill='black'\/>\n            <\/svg> <\/a>\n<h2 class=\"wp-block-heading\"><b><span data-contrast=\"none\">Sjukdom och v\u00e5rd av barn<\/span><\/b><\/h2>\n\n\n\n<p><span data-contrast=\"none\">Om du blir sjuk f\u00e5r du i regel sjukl\u00f6n fr\u00e5n din arbetsgivare de f\u00f6rsta tv\u00e5 veckorna. <a href=\"https:\/\/www.riksdagen.se\/sv\/dokument-lagar\/dokument\/svensk-forfattningssamling\/lag-19911047-om-sjuklon_sfs-1991-1047\" target=\"_blank\" rel=\"noopener\">H\u00e4r kan du l\u00e4sa mer om sjukl\u00f6nelagen<\/a>. Det \u00e4r viktigt att du meddelar att du \u00e4r sjuk s\u00e5 snabbt som m\u00f6jligt. Kolla med bemanningsf\u00f6retaget vem du ska v\u00e4nda dig till! Oftast ska du ocks\u00e5 informera kundf\u00f6retaget om att du \u00e4r sjuk. Ta reda p\u00e5 vad som g\u00e4ller med ditt bemanningsf\u00f6retag. S\u00e5 fort du vet n\u00e4r du kan \u00e5terg\u00e5 till arbetet ska du meddela \u00e4ven det. <\/span><span data-ccp-props=\"{&quot;201341983&quot;:0,&quot;335559739&quot;:160,&quot;335559740&quot;:259}\">&nbsp;<\/span><\/p>\n\n\n\n<p><span data-contrast=\"none\">Om du \u00e4r sjuk mer \u00e4n en vecka beh\u00f6vs ett sjukintyg fr\u00e5n din l\u00e4kare.&nbsp;Observera att detta inte g\u00e4ller under p\u00e5g\u00e5ende pandemi!&nbsp;\u00c4r du sjuk l\u00e4ngre \u00e4n tv\u00e5 veckor f\u00e5r du ers\u00e4ttning fr\u00e5n F\u00f6rs\u00e4kringskassan.&nbsp;I vissa kollektivavtal finns ocks\u00e5 s\u00e4rskilda sjukl\u00f6nef\u00f6rm\u00e5ner. Kolla med&nbsp;din arbetsgivare hur det ligger till!&nbsp;<\/span><span data-ccp-props=\"{&quot;201341983&quot;:0,&quot;335559739&quot;:160,&quot;335559740&quot;:259}\">&nbsp;<\/span><\/p>\n\n\n\n<p><span data-contrast=\"none\">Om du&nbsp;beh\u00f6ver&nbsp;vabba&nbsp;ska du anm\u00e4la&nbsp;det&nbsp;till din arbetsgivare&nbsp;s\u00e5 snart som m\u00f6jligt. Kolla med ditt bemanningsf\u00f6retag&nbsp;vilka rutiner som g\u00e4ller&nbsp;s\u00e5 du till exempel vet vem vilka du ska informera.&nbsp;<\/span><\/p>\n\n\n\n\n\n\n<p><span data-ccp-props=\"{&quot;201341983&quot;:0,&quot;335559739&quot;:160,&quot;335559740&quot;:259}\">\u00a0<\/span><\/p>\n","protected":false},"excerpt":{"rendered":"<p>Kan konsulter vabba? Sj\u00e4lvklart. Den som jobbar som konsult har r\u00e4tt till tj\u00e4nstledighet, f\u00f6r\u00e4ldraledighet,\u00a0 f\u00f6rs\u00e4kringar och andra f\u00f6rm\u00e5ner och m\u00f6jligheter. H\u00e4r kan du l\u00e4sa mer om vad som g\u00e4ller och hur det funkar. Semester Enligt &hellip;<\/p>\n","protected":false},"author":6058,"featured_media":8323,"comment_status":"closed","ping_status":"closed","sticky":false,"template":"","format":"standard","meta":{"_acf_changed":false,"footnotes":""},"categories":[7,204],"tags":[],"article_type":[],"agreement":[],"for-members":[],"class_list":["post-8319","post","type-post","status-publish","format-standard","has-post-thumbnail","hentry","category-inhyrning","category-konsult"],"acf":[],"yoast_head":"<!-- This site is optimized with the Yoast SEO Premium plugin v26.8 (Yoast SEO v26.8) - https:\/\/yoast.com\/product\/yoast-seo-premium-wordpress\/ -->\n<title>Ledighet, f\u00f6rs\u00e4kringar och andra f\u00f6rm\u00e5ner f\u00f6r konsulter<\/title>\n<meta name=\"description\" content=\"Den som jobbar som konsult har f\u00f6rs\u00e4kringar, r\u00e4tt till tj\u00e4nstledighet, f\u00f6r\u00e4ldraledighet och andra f\u00f6rm\u00e5ner och m\u00f6jligheter.\" \/>\n<meta name=\"robots\" content=\"index, follow, max-snippet:-1, max-image-preview:large, max-video-preview:-1\" \/>\n<link rel=\"canonical\" href=\"https:\/\/www.kompetensforetagen.se\/2021\/11\/ledighet-forsakringar-och-andra-formaner-for-konsulter\/\" \/>\n<meta property=\"og:locale\" content=\"sv_SE\" \/>\n<meta property=\"og:type\" content=\"article\" \/>\n<meta property=\"og:title\" content=\"Ledighet, f\u00f6rs\u00e4kringar och andra f\u00f6rm\u00e5ner f\u00f6r konsulter\" \/>\n<meta property=\"og:description\" content=\"Den som jobbar som konsult har f\u00f6rs\u00e4kringar, r\u00e4tt till tj\u00e4nstledighet, f\u00f6r\u00e4ldraledighet och andra f\u00f6rm\u00e5ner och m\u00f6jligheter.\" \/>\n<meta property=\"og:url\" content=\"https:\/\/www.kompetensforetagen.se\/2021\/11\/ledighet-forsakringar-och-andra-formaner-for-konsulter\/\" \/>\n<meta property=\"og:site_name\" content=\"Kompetensf\u00f6retagen\" \/>\n<meta property=\"article:published_time\" content=\"2021-11-12T13:40:20+00:00\" \/>\n<meta property=\"article:modified_time\" content=\"2023-12-01T15:34:05+00:00\" \/>\n<meta property=\"og:image\" content=\"https:\/\/www.kompetensforetagen.se\/app\/uploads\/sites\/5\/2021\/11\/namnlos-design-2-e1636724386148.png\" \/>\n\t<meta property=\"og:image:width\" content=\"891\" \/>\n\t<meta property=\"og:image:height\" content=\"630\" \/>\n\t<meta property=\"og:image:type\" content=\"image\/png\" \/>\n<meta name=\"author\" content=\"Shashika Sellgren\" \/>\n<meta name=\"twitter:card\" content=\"summary_large_image\" \/>\n<meta name=\"twitter:label1\" content=\"Skriven av\" \/>\n\t<meta name=\"twitter:data1\" content=\"Shashika Sellgren\" \/>\n\t<meta name=\"twitter:label2\" content=\"Ber\u00e4knad l\u00e4stid\" \/>\n\t<meta name=\"twitter:data2\" content=\"3 minuter\" \/>\n<!-- \/ Yoast SEO Premium plugin. -->","yoast_head_json":{"title":"Ledighet, f\u00f6rs\u00e4kringar och andra f\u00f6rm\u00e5ner f\u00f6r konsulter","description":"Den som jobbar som konsult har f\u00f6rs\u00e4kringar, r\u00e4tt till tj\u00e4nstledighet, f\u00f6r\u00e4ldraledighet och andra f\u00f6rm\u00e5ner och m\u00f6jligheter.","robots":{"index":"index","follow":"follow","max-snippet":"max-snippet:-1","max-image-preview":"max-image-preview:large","max-video-preview":"max-video-preview:-1"},"canonical":"https:\/\/www.kompetensforetagen.se\/2021\/11\/ledighet-forsakringar-och-andra-formaner-for-konsulter\/","og_locale":"sv_SE","og_type":"article","og_title":"Ledighet, f\u00f6rs\u00e4kringar och andra f\u00f6rm\u00e5ner f\u00f6r konsulter","og_description":"Den som jobbar som konsult har f\u00f6rs\u00e4kringar, r\u00e4tt till tj\u00e4nstledighet, f\u00f6r\u00e4ldraledighet och andra f\u00f6rm\u00e5ner och m\u00f6jligheter.","og_url":"https:\/\/www.kompetensforetagen.se\/2021\/11\/ledighet-forsakringar-och-andra-formaner-for-konsulter\/","og_site_name":"Kompetensf\u00f6retagen","article_published_time":"2021-11-12T13:40:20+00:00","article_modified_time":"2023-12-01T15:34:05+00:00","og_image":[{"width":891,"height":630,"url":"https:\/\/www.kompetensforetagen.se\/app\/uploads\/sites\/5\/2021\/11\/namnlos-design-2-e1636724386148.png","type":"image\/png"}],"author":"Shashika Sellgren","twitter_card":"summary_large_image","twitter_misc":{"Skriven av":"Shashika Sellgren","Ber\u00e4knad l\u00e4stid":"3 minuter"},"schema":{"@context":"https:\/\/schema.org","@graph":[{"@type":"Article","@id":"https:\/\/www.kompetensforetagen.se\/2021\/11\/ledighet-forsakringar-och-andra-formaner-for-konsulter\/#article","isPartOf":{"@id":"https:\/\/www.kompetensforetagen.se\/2021\/11\/ledighet-forsakringar-och-andra-formaner-for-konsulter\/"},"author":{"name":"Shashika Sellgren","@id":"https:\/\/www.kompetensforetagen.se\/#\/schema\/person\/38c6b37b81c530c93246c3d1993d5662"},"headline":"Ledighet, f\u00f6rs\u00e4kringar och andra f\u00f6rm\u00e5ner f\u00f6r konsulter","datePublished":"2021-11-12T13:40:20+00:00","dateModified":"2023-12-01T15:34:05+00:00","mainEntityOfPage":{"@id":"https:\/\/www.kompetensforetagen.se\/2021\/11\/ledighet-forsakringar-och-andra-formaner-for-konsulter\/"},"wordCount":612,"publisher":{"@id":"https:\/\/www.kompetensforetagen.se\/#organization"},"image":{"@id":"https:\/\/www.kompetensforetagen.se\/2021\/11\/ledighet-forsakringar-och-andra-formaner-for-konsulter\/#primaryimage"},"thumbnailUrl":"https:\/\/www.kompetensforetagen.se\/app\/uploads\/sites\/5\/2021\/11\/namnlos-design-2-e1636724386148.png","articleSection":["Inhyrning","Konsult"],"inLanguage":"sv-SE"},{"@type":"WebPage","@id":"https:\/\/www.kompetensforetagen.se\/2021\/11\/ledighet-forsakringar-och-andra-formaner-for-konsulter\/","url":"https:\/\/www.kompetensforetagen.se\/2021\/11\/ledighet-forsakringar-och-andra-formaner-for-konsulter\/","name":"Ledighet, f\u00f6rs\u00e4kringar och andra f\u00f6rm\u00e5ner f\u00f6r konsulter","isPartOf":{"@id":"https:\/\/www.kompetensforetagen.se\/#website"},"primaryImageOfPage":{"@id":"https:\/\/www.kompetensforetagen.se\/2021\/11\/ledighet-forsakringar-och-andra-formaner-for-konsulter\/#primaryimage"},"image":{"@id":"https:\/\/www.kompetensforetagen.se\/2021\/11\/ledighet-forsakringar-och-andra-formaner-for-konsulter\/#primaryimage"},"thumbnailUrl":"https:\/\/www.kompetensforetagen.se\/app\/uploads\/sites\/5\/2021\/11\/namnlos-design-2-e1636724386148.png","datePublished":"2021-11-12T13:40:20+00:00","dateModified":"2023-12-01T15:34:05+00:00","description":"Den som jobbar som konsult har f\u00f6rs\u00e4kringar, r\u00e4tt till tj\u00e4nstledighet, f\u00f6r\u00e4ldraledighet och andra f\u00f6rm\u00e5ner och m\u00f6jligheter.","breadcrumb":{"@id":"https:\/\/www.kompetensforetagen.se\/2021\/11\/ledighet-forsakringar-och-andra-formaner-for-konsulter\/#breadcrumb"},"inLanguage":"sv-SE","potentialAction":[{"@type":"ReadAction","target":["https:\/\/www.kompetensforetagen.se\/2021\/11\/ledighet-forsakringar-och-andra-formaner-for-konsulter\/"]}]},{"@type":"ImageObject","inLanguage":"sv-SE","@id":"https:\/\/www.kompetensforetagen.se\/2021\/11\/ledighet-forsakringar-och-andra-formaner-for-konsulter\/#primaryimage","url":"https:\/\/www.kompetensforetagen.se\/app\/uploads\/sites\/5\/2021\/11\/namnlos-design-2-e1636724386148.png","contentUrl":"https:\/\/www.kompetensforetagen.se\/app\/uploads\/sites\/5\/2021\/11\/namnlos-design-2-e1636724386148.png","width":891,"height":630,"caption":"Grafik som lyfter fram f\u00f6rdelarna med auktorisation."},{"@type":"BreadcrumbList","@id":"https:\/\/www.kompetensforetagen.se\/2021\/11\/ledighet-forsakringar-och-andra-formaner-for-konsulter\/#breadcrumb","itemListElement":[{"@type":"ListItem","position":1,"name":"Home","item":"https:\/\/www.kompetensforetagen.se\/"},{"@type":"ListItem","position":2,"name":"Ledighet, f\u00f6rs\u00e4kringar och andra f\u00f6rm\u00e5ner f\u00f6r konsulter"}]},{"@type":"WebSite","@id":"https:\/\/www.kompetensforetagen.se\/#website","url":"https:\/\/www.kompetensforetagen.se\/","name":"Kompetensf\u00f6retagen","description":"R\u00e4tt person p\u00e5 r\u00e4tt plats kan f\u00f6r\u00e4ndra v\u00e4rlden","publisher":{"@id":"https:\/\/www.kompetensforetagen.se\/#organization"},"potentialAction":[{"@type":"SearchAction","target":{"@type":"EntryPoint","urlTemplate":"https:\/\/www.kompetensforetagen.se\/?s={search_term_string}"},"query-input":{"@type":"PropertyValueSpecification","valueRequired":true,"valueName":"search_term_string"}}],"inLanguage":"sv-SE"},{"@type":"Organization","@id":"https:\/\/www.kompetensforetagen.se\/#organization","name":"Kompetensf\u00f6retagen","url":"https:\/\/www.kompetensforetagen.se\/","logo":{"@type":"ImageObject","inLanguage":"sv-SE","@id":"https:\/\/www.kompetensforetagen.se\/#\/schema\/logo\/image\/","url":"https:\/\/www.kompetensforetagen.se\/app\/uploads\/sites\/5\/2022\/10\/logga_svart.png","contentUrl":"https:\/\/www.kompetensforetagen.se\/app\/uploads\/sites\/5\/2022\/10\/logga_svart.png","width":752,"height":64,"caption":"Kompetensf\u00f6retagen"},"image":{"@id":"https:\/\/www.kompetensforetagen.se\/#\/schema\/logo\/image\/"},"sameAs":["https:\/\/www.linkedin.com\/company\/10540032\/"]},{"@type":"Person","@id":"https:\/\/www.kompetensforetagen.se\/#\/schema\/person\/38c6b37b81c530c93246c3d1993d5662","name":"Shashika Sellgren","image":{"@type":"ImageObject","inLanguage":"sv-SE","@id":"https:\/\/www.kompetensforetagen.se\/#\/schema\/person\/image\/","url":"https:\/\/secure.gravatar.com\/avatar\/b225c479880df9eb82d1501dd105dd8040f27c8563f3d4bf5dd62ce0a1630abd?s=96&d=mm&r=g","contentUrl":"https:\/\/secure.gravatar.com\/avatar\/b225c479880df9eb82d1501dd105dd8040f27c8563f3d4bf5dd62ce0a1630abd?s=96&d=mm&r=g","caption":"Shashika Sellgren"},"url":"https:\/\/www.kompetensforetagen.se\/person\/shashikasellgren\/"}]}},"_links":{"self":[{"href":"https:\/\/www.kompetensforetagen.se\/api\/wp\/v2\/posts\/8319","targetHints":{"allow":["GET"]}}],"collection":[{"href":"https:\/\/www.kompetensforetagen.se\/api\/wp\/v2\/posts"}],"about":[{"href":"https:\/\/www.kompetensforetagen.se\/api\/wp\/v2\/types\/post"}],"author":[{"embeddable":true,"href":"https:\/\/www.kompetensforetagen.se\/api\/wp\/v2\/users\/6058"}],"replies":[{"embeddable":true,"href":"https:\/\/www.kompetensforetagen.se\/api\/wp\/v2\/comments?post=8319"}],"version-history":[{"count":1,"href":"https:\/\/www.kompetensforetagen.se\/api\/wp\/v2\/posts\/8319\/revisions"}],"predecessor-version":[{"id":16055,"href":"https:\/\/www.kompetensforetagen.se\/api\/wp\/v2\/posts\/8319\/revisions\/16055"}],"wp:featuredmedia":[{"embeddable":true,"href":"https:\/\/www.kompetensforetagen.se\/api\/wp\/v2\/media\/8323"}],"wp:attachment":[{"href":"https:\/\/www.kompetensforetagen.se\/api\/wp\/v2\/media?parent=8319"}],"wp:term":[{"taxonomy":"category","embeddable":true,"href":"https:\/\/www.kompetensforetagen.se\/api\/wp\/v2\/categories?post=8319"},{"taxonomy":"post_tag","embeddable":true,"href":"https:\/\/www.kompetensforetagen.se\/api\/wp\/v2\/tags?post=8319"},{"taxonomy":"type","embeddable":true,"href":"https:\/\/www.kompetensforetagen.se\/api\/wp\/v2\/article_type?post=8319"},{"taxonomy":"agreement","embeddable":true,"href":"https:\/\/www.kompetensforetagen.se\/api\/wp\/v2\/agreement?post=8319"},{"taxonomy":"for-members","embeddable":true,"href":"https:\/\/www.kompetensforetagen.se\/api\/wp\/v2\/for-members?post=8319"}],"curies":[{"name":"wp","href":"https:\/\/api.w.org\/{rel}","templated":true}]}}